{"id":28568,"date":"2026-04-30T11:05:03","date_gmt":"2026-04-30T11:05:03","guid":{"rendered":"https:\/\/www.press7.tv\/?p=28568"},"modified":"2026-04-30T11:05:03","modified_gmt":"2026-04-30T11:05:03","slug":"shpate-prej-ari-perle-ne-guaske-te-arit-disa-nga-dhuratat-qe-ka-pranuar-kreu-i-kuvendit-afrim-gashi","status":"publish","type":"post","link":"https:\/\/www.press7.tv\/?p=28568","title":{"rendered":"\u201cShpat\u00eb prej ari, perl\u00eb n\u00eb guask\u00eb t\u00eb arit\u2026\u201d, disa nga dhuratat q\u00eb ka pranuar kreu i Kuvendit, Afrim Gashi"},"content":{"rendered":"\n    <div class=\"xs_social_share_widget xs_share_url before_content \t\tmain_content  wslu-style-2 wslu-share-box-shaped wslu-fill-colored wslu-share-m-5 wslu-none wslu-share-vertical wslu-theme-font-no wslu-main_content\">\n\n\t\t\n        <ul>\n\t\t\t        <\/ul>\n    <\/div> \n<p>Komisioni Shtet\u00ebror p\u00ebr Parandalimin e Korrupsionit (KSHPK) ka publikuar Katalogun e dhuratave p\u00ebr personat e zgjedhur dhe t\u00eb em\u00ebruar p\u00ebr vitin 2025, n\u00eb p\u00ebrputhje me detyrimet ligjore dhe parimet e transparenc\u00ebs dhe llogaridh\u00ebnies n\u00eb sektorin publik, p\u00ebrcjell TV21. Katalogu mund\u00ebson qasje publike n\u00eb t\u00eb dh\u00ebnat p\u00ebr dhuratat e deklaruara dhe kontribuon n\u00eb rritjen e hapjes s\u00eb institucioneve, si dhe n\u00eb forcimin e besimit t\u00eb qytetar\u00ebve n\u00eb pun\u00ebn e tyre.<\/p>\n<p>\u201cPublikimi i katalogut p\u00ebrb\u00ebn nj\u00eb pjes\u00eb t\u00eb r\u00ebnd\u00ebsishme t\u00eb sistemit t\u00eb integritetit institucional, duke pasur parasysh se deklarimi i dhuratave \u00ebsht\u00eb nj\u00eb nga mekanizmat kryesor\u00eb p\u00ebr parandalimin e konfliktit t\u00eb interesit dhe p\u00ebr forcimin e sjelljes etike t\u00eb bart\u00ebsve t\u00eb funksioneve publike\u201d, thuhet n\u00eb njoftimin e KSHPK-s\u00eb.<\/p>\n<p>Antikorrupsioni thekson se deklarimi n\u00eb koh\u00eb dhe i plot\u00eb i dhuratave nga zyrtar\u00ebt \u00ebsht\u00eb nj\u00eb tregues i r\u00ebnd\u00ebsish\u00ebm i integritetit dhe p\u00ebrgjegj\u00ebsis\u00eb s\u00eb tyre, si dhe i zbatimit t\u00eb q\u00ebndruesh\u00ebm t\u00eb korniz\u00ebs ligjore.<\/p>\n<p>N\u00eb pjes\u00ebn e deklarimeve p\u00ebr dhurata nga zyrtar\u00ebt publik\u00eb jan\u00eb gjithsej 55 raste, ku m\u00eb s\u00eb shumti ka raportuar kreu i Revizionit, Maksim Acevski, dhe kryetari i Kuvendit Afrim Gashi.<\/p>\n<p>Acevski ka deklaruar kryesisht suvenire si: korniz\u00eb me veshje popullore, monedh\u00eb dekorative, anije dekorative, suvenir qeramike, vazo dekorative prej xhami etj.<\/p>\n<p>Gashi ka deklaruar si dhurata objektin \u201cK\u00ebshilli Shura\u201d, nj\u00eb shpat\u00eb t\u00eb art\u00eb n\u00eb korniz\u00eb, nj\u00eb perl\u00eb t\u00eb vendosur n\u00eb guask\u00eb t\u00eb art\u00eb, vazo porcelani t\u00eb pikturuar me dor\u00eb, skulptur\u00eb \u201cKoka e Kalit\u201d, monedha ari dhe argjendi etj.<\/p>\n<p>N\u00eb pjes\u00ebn e deklarimeve nga t\u00eb pun\u00ebsuarit jan\u00eb raportuar 12 raste. Nj\u00eb udh\u00ebheq\u00ebs sektori n\u00eb Drejtorin\u00eb p\u00ebr Zonat e Zhvillimit Teknologjik Industrial ka deklaruar si dhurat\u00eb ver\u00eb \u201cKARTAL VRANEC\u201d 0.75 l, fletore dhe mauspad me logo t\u00eb dhuruesit, nd\u00ebrsa nj\u00eb k\u00ebshilltar n\u00eb Avokat i Popullit ka deklaruar nj\u00eb lib\u00ebr me vler\u00eb 300 denar\u00eb.<\/p>\n<p>Arkivi Shtet\u00ebror i Republik\u00ebs s\u00eb Maqedonis\u00eb s\u00eb Veriut ka deklaruar tre kondicioner\u00eb me vler\u00eb 68 mij\u00eb denar\u00eb, nd\u00ebrsa Qendra Komb\u00ebtare e Kultur\u00ebs \u201cV\u00ebllez\u00ebrit Milladinov\u201d n\u00eb Strug\u00eb ka deklaruar nj\u00eb objekt dekorativ prej akriliku n\u00eb dru me vler\u00eb 9.000 denar\u00eb.<\/p>\n<p>Kujtojm\u00eb se n\u00eb Katalog, t\u00eb gjitha dhuratat jan\u00eb deklaruar si pron\u00eb shtet\u00ebrore.<\/p>\n","protected":false},"excerpt":{"rendered":"<p>Komisioni Shtet\u00ebror p\u00ebr Parandalimin e Korrupsionit (KSHPK) ka publikuar Katalogun e dhuratave p\u00ebr personat e zgjedhur dhe t\u00eb em\u00ebruar p\u00ebr vitin 2025, n\u00eb p\u00ebrputhje me detyrimet ligjore dhe parimet e transparenc\u00ebs dhe llogaridh\u00ebnies n\u00eb sektorin publik, p\u00ebrcjell TV21. Katalogu mund\u00ebson qasje publike n\u00eb t\u00eb dh\u00ebnat p\u00ebr dhuratat e deklaruara dhe kontribuon n\u00eb rritjen e hapjes [&hellip;]<\/p>\n","protected":false},"author":8,"featured_media":28569,"comment_status":"closed","ping_status":"closed","sticky":false,"template":"","format":"standard","meta":{"footnotes":""},"categories":[214],"tags":[],"class_list":["post-28568","post","type-post","status-publish","format-standard","has-post-thumbnail","hentry","category-maqedoni"],"yoast_head":"<!-- This site is optimized with the Yoast SEO plugin v25.1 - https:\/\/yoast.com\/wordpress\/plugins\/seo\/ -->\n<title>\u201cShpat\u00eb prej ari, perl\u00eb n\u00eb guask\u00eb t\u00eb arit\u2026\u201d, disa nga dhuratat q\u00eb ka pranuar kreu i Kuvendit, Afrim Gashi - press7.tv<\/title>\n<meta name=\"robots\" content=\"index, follow, max-snippet:-1, max-image-preview:large, max-video-preview:-1\" \/>\n<link rel=\"canonical\" href=\"https:\/\/www.press7.tv\/?p=28568\" \/>\n<meta property=\"og:locale\" content=\"en_US\" \/>\n<meta property=\"og:type\" content=\"article\" \/>\n<meta property=\"og:title\" content=\"\u201cShpat\u00eb prej ari, perl\u00eb n\u00eb guask\u00eb t\u00eb arit\u2026\u201d, disa nga dhuratat q\u00eb ka pranuar kreu i Kuvendit, Afrim Gashi - press7.tv\" \/>\n<meta property=\"og:description\" content=\"Komisioni Shtet\u00ebror p\u00ebr Parandalimin e Korrupsionit (KSHPK) ka publikuar Katalogun e dhuratave p\u00ebr personat e zgjedhur dhe t\u00eb em\u00ebruar p\u00ebr vitin 2025, n\u00eb p\u00ebrputhje me detyrimet ligjore dhe parimet e transparenc\u00ebs dhe llogaridh\u00ebnies n\u00eb sektorin publik, p\u00ebrcjell TV21. Katalogu mund\u00ebson qasje publike n\u00eb t\u00eb dh\u00ebnat p\u00ebr dhuratat e deklaruara dhe kontribuon n\u00eb rritjen e hapjes [&hellip;]\" \/>\n<meta property=\"og:url\" content=\"https:\/\/www.press7.tv\/?p=28568\" \/>\n<meta property=\"og:site_name\" content=\"press7.tv\" \/>\n<meta property=\"article:publisher\" content=\"https:\/\/www.facebook.com\/press7.tv\" \/>\n<meta property=\"article:published_time\" content=\"2026-04-30T11:05:03+00:00\" \/>\n<meta property=\"og:image\" content=\"https:\/\/www.press7.tv\/wp-content\/uploads\/2026\/04\/Afrim-Gashi-696x414-1.avif\" \/>\n\t<meta property=\"og:image:width\" content=\"696\" \/>\n\t<meta property=\"og:image:height\" content=\"414\" \/>\n\t<meta property=\"og:image:type\" content=\"image\/png\" \/>\n<meta name=\"author\" content=\"gazetar2\" \/>\n<meta name=\"twitter:card\" content=\"summary_large_image\" \/>\n<meta name=\"twitter:label1\" content=\"Written by\" \/>\n\t<meta name=\"twitter:data1\" content=\"gazetar2\" \/>\n\t<meta name=\"twitter:label2\" content=\"Est. reading time\" \/>\n\t<meta name=\"twitter:data2\" content=\"1 minute\" \/>\n<script type=\"application\/ld+json\" class=\"yoast-schema-graph\">{\"@context\":\"https:\/\/schema.org\",\"@graph\":[{\"@type\":\"Article\",\"@id\":\"https:\/\/www.press7.tv\/?p=28568#article\",\"isPartOf\":{\"@id\":\"https:\/\/www.press7.tv\/?p=28568\"},\"author\":{\"name\":\"gazetar2\",\"@id\":\"https:\/\/www.news33.tv\/#\/schema\/person\/5a04a38a23ccdba82f9bd665cd8f9efa\"},\"headline\":\"\u201cShpat\u00eb prej ari, perl\u00eb n\u00eb guask\u00eb t\u00eb arit\u2026\u201d, disa nga dhuratat q\u00eb ka pranuar kreu i Kuvendit, Afrim Gashi\",\"datePublished\":\"2026-04-30T11:05:03+00:00\",\"mainEntityOfPage\":{\"@id\":\"https:\/\/www.press7.tv\/?p=28568\"},\"wordCount\":403,\"publisher\":{\"@id\":\"https:\/\/www.news33.tv\/#organization\"},\"image\":{\"@id\":\"https:\/\/www.press7.tv\/?p=28568#primaryimage\"},\"thumbnailUrl\":\"https:\/\/www.press7.tv\/wp-content\/uploads\/2026\/04\/Afrim-Gashi-696x414-1.avif\",\"articleSection\":[\"Maqedoni\"],\"inLanguage\":\"en-US\"},{\"@type\":\"WebPage\",\"@id\":\"https:\/\/www.press7.tv\/?p=28568\",\"url\":\"https:\/\/www.press7.tv\/?p=28568\",\"name\":\"\u201cShpat\u00eb prej ari, perl\u00eb n\u00eb guask\u00eb t\u00eb arit\u2026\u201d, disa nga dhuratat q\u00eb ka pranuar kreu i Kuvendit, Afrim Gashi - press7.tv\",\"isPartOf\":{\"@id\":\"https:\/\/www.news33.tv\/#website\"},\"primaryImageOfPage\":{\"@id\":\"https:\/\/www.press7.tv\/?p=28568#primaryimage\"},\"image\":{\"@id\":\"https:\/\/www.press7.tv\/?p=28568#primaryimage\"},\"thumbnailUrl\":\"https:\/\/www.press7.tv\/wp-content\/uploads\/2026\/04\/Afrim-Gashi-696x414-1.avif\",\"datePublished\":\"2026-04-30T11:05:03+00:00\",\"breadcrumb\":{\"@id\":\"https:\/\/www.press7.tv\/?p=28568#breadcrumb\"},\"inLanguage\":\"en-US\",\"potentialAction\":[{\"@type\":\"ReadAction\",\"target\":[\"https:\/\/www.press7.tv\/?p=28568\"]}]},{\"@type\":\"ImageObject\",\"inLanguage\":\"en-US\",\"@id\":\"https:\/\/www.press7.tv\/?p=28568#primaryimage\",\"url\":\"https:\/\/www.press7.tv\/wp-content\/uploads\/2026\/04\/Afrim-Gashi-696x414-1.avif\",\"contentUrl\":\"https:\/\/www.press7.tv\/wp-content\/uploads\/2026\/04\/Afrim-Gashi-696x414-1.avif\",\"width\":696,\"height\":414},{\"@type\":\"BreadcrumbList\",\"@id\":\"https:\/\/www.press7.tv\/?p=28568#breadcrumb\",\"itemListElement\":[{\"@type\":\"ListItem\",\"position\":1,\"name\":\"Home\",\"item\":\"https:\/\/www.press7.tv\/\"},{\"@type\":\"ListItem\",\"position\":2,\"name\":\"\u201cShpat\u00eb prej ari, perl\u00eb n\u00eb guask\u00eb t\u00eb arit\u2026\u201d, disa nga dhuratat q\u00eb ka pranuar kreu i Kuvendit, Afrim Gashi\"}]},{\"@type\":\"WebSite\",\"@id\":\"https:\/\/www.news33.tv\/#website\",\"url\":\"https:\/\/www.news33.tv\/\",\"name\":\"News33.tv Media\",\"description\":\"Media\",\"publisher\":{\"@id\":\"https:\/\/www.news33.tv\/#organization\"},\"potentialAction\":[{\"@type\":\"SearchAction\",\"target\":{\"@type\":\"EntryPoint\",\"urlTemplate\":\"https:\/\/www.news33.tv\/?s={search_term_string}\"},\"query-input\":{\"@type\":\"PropertyValueSpecification\",\"valueRequired\":true,\"valueName\":\"search_term_string\"}}],\"inLanguage\":\"en-US\"},{\"@type\":\"Organization\",\"@id\":\"https:\/\/www.news33.tv\/#organization\",\"name\":\"News33.tv Media\",\"url\":\"https:\/\/www.news33.tv\/\",\"logo\":{\"@type\":\"ImageObject\",\"inLanguage\":\"en-US\",\"@id\":\"https:\/\/www.news33.tv\/#\/schema\/logo\/image\/\",\"url\":\"https:\/\/www.press7.tv\/wp-content\/uploads\/2024\/02\/logo-news33-black.png\",\"contentUrl\":\"https:\/\/www.press7.tv\/wp-content\/uploads\/2024\/02\/logo-news33-black.png\",\"width\":180,\"height\":37,\"caption\":\"News33.tv Media\"},\"image\":{\"@id\":\"https:\/\/www.news33.tv\/#\/schema\/logo\/image\/\"},\"sameAs\":[\"https:\/\/www.facebook.com\/press7.tv\"]},{\"@type\":\"Person\",\"@id\":\"https:\/\/www.news33.tv\/#\/schema\/person\/5a04a38a23ccdba82f9bd665cd8f9efa\",\"name\":\"gazetar2\",\"image\":{\"@type\":\"ImageObject\",\"inLanguage\":\"en-US\",\"@id\":\"https:\/\/www.news33.tv\/#\/schema\/person\/image\/\",\"url\":\"https:\/\/www.press7.tv\/wp-content\/litespeed\/avatar\/41975e402c3049d9ddb03adca8f7a883.jpg?ver=1777169572\",\"contentUrl\":\"https:\/\/www.press7.tv\/wp-content\/litespeed\/avatar\/41975e402c3049d9ddb03adca8f7a883.jpg?ver=1777169572\",\"caption\":\"gazetar2\"},\"url\":\"https:\/\/www.press7.tv\/?author=8\"}]}<\/script>\n<!-- \/ Yoast SEO plugin. -->","yoast_head_json":{"title":"\u201cShpat\u00eb prej ari, perl\u00eb n\u00eb guask\u00eb t\u00eb arit\u2026\u201d, disa nga dhuratat q\u00eb ka pranuar kreu i Kuvendit, Afrim Gashi - press7.tv","robots":{"index":"index","follow":"follow","max-snippet":"max-snippet:-1","max-image-preview":"max-image-preview:large","max-video-preview":"max-video-preview:-1"},"canonical":"https:\/\/www.press7.tv\/?p=28568","og_locale":"en_US","og_type":"article","og_title":"\u201cShpat\u00eb prej ari, perl\u00eb n\u00eb guask\u00eb t\u00eb arit\u2026\u201d, disa nga dhuratat q\u00eb ka pranuar kreu i Kuvendit, Afrim Gashi - press7.tv","og_description":"Komisioni Shtet\u00ebror p\u00ebr Parandalimin e Korrupsionit (KSHPK) ka publikuar Katalogun e dhuratave p\u00ebr personat e zgjedhur dhe t\u00eb em\u00ebruar p\u00ebr vitin 2025, n\u00eb p\u00ebrputhje me detyrimet ligjore dhe parimet e transparenc\u00ebs dhe llogaridh\u00ebnies n\u00eb sektorin publik, p\u00ebrcjell TV21. Katalogu mund\u00ebson qasje publike n\u00eb t\u00eb dh\u00ebnat p\u00ebr dhuratat e deklaruara dhe kontribuon n\u00eb rritjen e hapjes [&hellip;]","og_url":"https:\/\/www.press7.tv\/?p=28568","og_site_name":"press7.tv","article_publisher":"https:\/\/www.facebook.com\/press7.tv","article_published_time":"2026-04-30T11:05:03+00:00","og_image":[{"width":696,"height":414,"url":"https:\/\/www.press7.tv\/wp-content\/uploads\/2026\/04\/Afrim-Gashi-696x414-1.avif","type":"image\/png"}],"author":"gazetar2","twitter_card":"summary_large_image","twitter_misc":{"Written by":"gazetar2","Est. reading time":"1 minute"},"schema":{"@context":"https:\/\/schema.org","@graph":[{"@type":"Article","@id":"https:\/\/www.press7.tv\/?p=28568#article","isPartOf":{"@id":"https:\/\/www.press7.tv\/?p=28568"},"author":{"name":"gazetar2","@id":"https:\/\/www.news33.tv\/#\/schema\/person\/5a04a38a23ccdba82f9bd665cd8f9efa"},"headline":"\u201cShpat\u00eb prej ari, perl\u00eb n\u00eb guask\u00eb t\u00eb arit\u2026\u201d, disa nga dhuratat q\u00eb ka pranuar kreu i Kuvendit, Afrim Gashi","datePublished":"2026-04-30T11:05:03+00:00","mainEntityOfPage":{"@id":"https:\/\/www.press7.tv\/?p=28568"},"wordCount":403,"publisher":{"@id":"https:\/\/www.news33.tv\/#organization"},"image":{"@id":"https:\/\/www.press7.tv\/?p=28568#primaryimage"},"thumbnailUrl":"https:\/\/www.press7.tv\/wp-content\/uploads\/2026\/04\/Afrim-Gashi-696x414-1.avif","articleSection":["Maqedoni"],"inLanguage":"en-US"},{"@type":"WebPage","@id":"https:\/\/www.press7.tv\/?p=28568","url":"https:\/\/www.press7.tv\/?p=28568","name":"\u201cShpat\u00eb prej ari, perl\u00eb n\u00eb guask\u00eb t\u00eb arit\u2026\u201d, disa nga dhuratat q\u00eb ka pranuar kreu i Kuvendit, Afrim Gashi - press7.tv","isPartOf":{"@id":"https:\/\/www.news33.tv\/#website"},"primaryImageOfPage":{"@id":"https:\/\/www.press7.tv\/?p=28568#primaryimage"},"image":{"@id":"https:\/\/www.press7.tv\/?p=28568#primaryimage"},"thumbnailUrl":"https:\/\/www.press7.tv\/wp-content\/uploads\/2026\/04\/Afrim-Gashi-696x414-1.avif","datePublished":"2026-04-30T11:05:03+00:00","breadcrumb":{"@id":"https:\/\/www.press7.tv\/?p=28568#breadcrumb"},"inLanguage":"en-US","potentialAction":[{"@type":"ReadAction","target":["https:\/\/www.press7.tv\/?p=28568"]}]},{"@type":"ImageObject","inLanguage":"en-US","@id":"https:\/\/www.press7.tv\/?p=28568#primaryimage","url":"https:\/\/www.press7.tv\/wp-content\/uploads\/2026\/04\/Afrim-Gashi-696x414-1.avif","contentUrl":"https:\/\/www.press7.tv\/wp-content\/uploads\/2026\/04\/Afrim-Gashi-696x414-1.avif","width":696,"height":414},{"@type":"BreadcrumbList","@id":"https:\/\/www.press7.tv\/?p=28568#breadcrumb","itemListElement":[{"@type":"ListItem","position":1,"name":"Home","item":"https:\/\/www.press7.tv\/"},{"@type":"ListItem","position":2,"name":"\u201cShpat\u00eb prej ari, perl\u00eb n\u00eb guask\u00eb t\u00eb arit\u2026\u201d, disa nga dhuratat q\u00eb ka pranuar kreu i Kuvendit, Afrim Gashi"}]},{"@type":"WebSite","@id":"https:\/\/www.news33.tv\/#website","url":"https:\/\/www.news33.tv\/","name":"News33.tv Media","description":"Media","publisher":{"@id":"https:\/\/www.news33.tv\/#organization"},"potentialAction":[{"@type":"SearchAction","target":{"@type":"EntryPoint","urlTemplate":"https:\/\/www.news33.tv\/?s={search_term_string}"},"query-input":{"@type":"PropertyValueSpecification","valueRequired":true,"valueName":"search_term_string"}}],"inLanguage":"en-US"},{"@type":"Organization","@id":"https:\/\/www.news33.tv\/#organization","name":"News33.tv Media","url":"https:\/\/www.news33.tv\/","logo":{"@type":"ImageObject","inLanguage":"en-US","@id":"https:\/\/www.news33.tv\/#\/schema\/logo\/image\/","url":"https:\/\/www.press7.tv\/wp-content\/uploads\/2024\/02\/logo-news33-black.png","contentUrl":"https:\/\/www.press7.tv\/wp-content\/uploads\/2024\/02\/logo-news33-black.png","width":180,"height":37,"caption":"News33.tv Media"},"image":{"@id":"https:\/\/www.news33.tv\/#\/schema\/logo\/image\/"},"sameAs":["https:\/\/www.facebook.com\/press7.tv"]},{"@type":"Person","@id":"https:\/\/www.news33.tv\/#\/schema\/person\/5a04a38a23ccdba82f9bd665cd8f9efa","name":"gazetar2","image":{"@type":"ImageObject","inLanguage":"en-US","@id":"https:\/\/www.news33.tv\/#\/schema\/person\/image\/","url":"https:\/\/www.press7.tv\/wp-content\/litespeed\/avatar\/41975e402c3049d9ddb03adca8f7a883.jpg?ver=1777169572","contentUrl":"https:\/\/www.press7.tv\/wp-content\/litespeed\/avatar\/41975e402c3049d9ddb03adca8f7a883.jpg?ver=1777169572","caption":"gazetar2"},"url":"https:\/\/www.press7.tv\/?author=8"}]}},"amp_enabled":true,"_links":{"self":[{"href":"https:\/\/www.press7.tv\/index.php?rest_route=\/wp\/v2\/posts\/28568","targetHints":{"allow":["GET"]}}],"collection":[{"href":"https:\/\/www.press7.tv\/index.php?rest_route=\/wp\/v2\/posts"}],"about":[{"href":"https:\/\/www.press7.tv\/index.php?rest_route=\/wp\/v2\/types\/post"}],"author":[{"embeddable":true,"href":"https:\/\/www.press7.tv\/index.php?rest_route=\/wp\/v2\/users\/8"}],"replies":[{"embeddable":true,"href":"https:\/\/www.press7.tv\/index.php?rest_route=%2Fwp%2Fv2%2Fcomments&post=28568"}],"version-history":[{"count":1,"href":"https:\/\/www.press7.tv\/index.php?rest_route=\/wp\/v2\/posts\/28568\/revisions"}],"predecessor-version":[{"id":28570,"href":"https:\/\/www.press7.tv\/index.php?rest_route=\/wp\/v2\/posts\/28568\/revisions\/28570"}],"wp:featuredmedia":[{"embeddable":true,"href":"https:\/\/www.press7.tv\/index.php?rest_route=\/wp\/v2\/media\/28569"}],"wp:attachment":[{"href":"https:\/\/www.press7.tv\/index.php?rest_route=%2Fwp%2Fv2%2Fmedia&parent=28568"}],"wp:term":[{"taxonomy":"category","embeddable":true,"href":"https:\/\/www.press7.tv\/index.php?rest_route=%2Fwp%2Fv2%2Fcategories&post=28568"},{"taxonomy":"post_tag","embeddable":true,"href":"https:\/\/www.press7.tv\/index.php?rest_route=%2Fwp%2Fv2%2Ftags&post=28568"}],"curies":[{"name":"wp","href":"https:\/\/api.w.org\/{rel}","templated":true}]}}