{"id":28566,"date":"2026-04-30T12:24:07","date_gmt":"2026-04-30T12:24:07","guid":{"rendered":"https:\/\/www.press7.tv\/?p=28566"},"modified":"2026-04-30T12:25:09","modified_gmt":"2026-04-30T12:25:09","slug":"kamberi-bllokimi-i-donacioneve-nga-kosova-nga-halkbank-akt-diskriminues-ndaj-shqiptareve-ne-serbi","status":"publish","type":"post","link":"https:\/\/www.press7.tv\/?p=28566","title":{"rendered":"Kamberi: Bllokimi i donacioneve nga Kosova, nga HalkBank, akt diskriminues ndaj shqiptar\u00ebve n\u00eb Serbi"},"content":{"rendered":"\n    <div class=\"xs_social_share_widget xs_share_url before_content \t\tmain_content  wslu-style-2 wslu-share-box-shaped wslu-fill-colored wslu-share-m-5 wslu-none wslu-share-vertical wslu-theme-font-no wslu-main_content\">\n\n\t\t\n        <ul>\n\t\t\t        <\/ul>\n    <\/div> \n<p>Deputeti shqiptar n\u00eb Kuvendin e Serbis\u00eb Shaip Kamberi ka reaguar ashp\u00ebr ndaj veprimeve t\u00eb HalkBank, duke e akuzuar bank\u00ebn p\u00ebr refuzimin e donacioneve nga Kosova p\u00ebr K\u00ebshilli Komb\u00ebtar Shqiptar pa transparenc\u00eb dhe pa baz\u00eb ligjore.<\/p>\n<p>Sipas tij, ky veprim nuk \u00ebsht\u00eb thjesht bankar, por p\u00ebrb\u00ebn nj\u00eb akt me p\u00ebrmbajtje politike dhe diskriminuese ndaj shqiptar\u00ebve n\u00eb Serbia, duke penguar funksionimin e institucioneve t\u00eb tyre legjitime.<\/p>\n<p>Kamberi thekson se refuzimi i k\u00ebtyre fondeve prek drejtp\u00ebrdrejt sektor\u00eb t\u00eb r\u00ebnd\u00ebsish\u00ebm si arsimi, mediat, shoq\u00ebria civile dhe bujq\u00ebsia, si dhe rrezikon t\u00eb izoloj\u00eb institucionalisht shqiptar\u00ebt e Lugin\u00ebs s\u00eb Preshev\u00ebs.<\/p>\n<p>Ai ngriti shqet\u00ebsimin edhe p\u00ebr heshtjen e institucioneve nd\u00ebrkomb\u00ebtare si Bashkimi Evropian, OSBE dhe K\u00ebshilli i Evrop\u00ebs, duke k\u00ebrkuar transparenc\u00eb t\u00eb plot\u00eb nga banka dhe nd\u00ebrprerjen e menj\u00ebhershme t\u00eb praktikave q\u00eb i cil\u00ebson si diskriminuese.<\/p>\n","protected":false},"excerpt":{"rendered":"<p>Deputeti shqiptar n\u00eb Kuvendin e Serbis\u00eb Shaip Kamberi ka reaguar ashp\u00ebr ndaj veprimeve t\u00eb HalkBank, duke e akuzuar bank\u00ebn p\u00ebr refuzimin e donacioneve nga Kosova p\u00ebr K\u00ebshilli Komb\u00ebtar Shqiptar pa transparenc\u00eb dhe pa baz\u00eb ligjore. Sipas tij, ky veprim nuk \u00ebsht\u00eb thjesht bankar, por p\u00ebrb\u00ebn nj\u00eb akt me p\u00ebrmbajtje politike dhe diskriminuese ndaj shqiptar\u00ebve n\u00eb [&hellip;]<\/p>\n","protected":false},"author":8,"featured_media":28577,"comment_status":"closed","ping_status":"closed","sticky":false,"template":"","format":"standard","meta":{"footnotes":""},"categories":[219],"tags":[],"class_list":["post-28566","post","type-post","status-publish","format-standard","has-post-thumbnail","hentry","category-rajon"],"yoast_head":"<!-- This site is optimized with the Yoast SEO plugin v25.1 - https:\/\/yoast.com\/wordpress\/plugins\/seo\/ -->\n<title>Kamberi: Bllokimi i donacioneve nga Kosova, nga HalkBank, akt diskriminues ndaj shqiptar\u00ebve n\u00eb Serbi - press7.tv<\/title>\n<meta name=\"robots\" content=\"index, follow, max-snippet:-1, max-image-preview:large, max-video-preview:-1\" \/>\n<link rel=\"canonical\" href=\"https:\/\/www.press7.tv\/?p=28566\" \/>\n<meta property=\"og:locale\" content=\"en_US\" \/>\n<meta property=\"og:type\" content=\"article\" \/>\n<meta property=\"og:title\" content=\"Kamberi: Bllokimi i donacioneve nga Kosova, nga HalkBank, akt diskriminues ndaj shqiptar\u00ebve n\u00eb Serbi - press7.tv\" \/>\n<meta property=\"og:description\" content=\"Deputeti shqiptar n\u00eb Kuvendin e Serbis\u00eb Shaip Kamberi ka reaguar ashp\u00ebr ndaj veprimeve t\u00eb HalkBank, duke e akuzuar bank\u00ebn p\u00ebr refuzimin e donacioneve nga Kosova p\u00ebr K\u00ebshilli Komb\u00ebtar Shqiptar pa transparenc\u00eb dhe pa baz\u00eb ligjore. Sipas tij, ky veprim nuk \u00ebsht\u00eb thjesht bankar, por p\u00ebrb\u00ebn nj\u00eb akt me p\u00ebrmbajtje politike dhe diskriminuese ndaj shqiptar\u00ebve n\u00eb [&hellip;]\" \/>\n<meta property=\"og:url\" content=\"https:\/\/www.press7.tv\/?p=28566\" \/>\n<meta property=\"og:site_name\" content=\"press7.tv\" \/>\n<meta property=\"article:publisher\" content=\"https:\/\/www.facebook.com\/press7.tv\" \/>\n<meta property=\"article:published_time\" content=\"2026-04-30T12:24:07+00:00\" \/>\n<meta property=\"article:modified_time\" content=\"2026-04-30T12:25:09+00:00\" \/>\n<meta property=\"og:image\" content=\"https:\/\/www.press7.tv\/wp-content\/uploads\/2026\/04\/IMG_0323.avif\" \/>\n\t<meta property=\"og:image:width\" content=\"899\" \/>\n\t<meta property=\"og:image:height\" content=\"500\" \/>\n\t<meta property=\"og:image:type\" content=\"image\/jpeg\" \/>\n<meta name=\"author\" content=\"gazetar2\" \/>\n<meta name=\"twitter:card\" content=\"summary_large_image\" \/>\n<meta name=\"twitter:label1\" content=\"Written by\" \/>\n\t<meta name=\"twitter:data1\" content=\"gazetar2\" \/>\n\t<meta name=\"twitter:label2\" content=\"Est. reading time\" \/>\n\t<meta name=\"twitter:data2\" content=\"1 minute\" \/>\n<script type=\"application\/ld+json\" class=\"yoast-schema-graph\">{\"@context\":\"https:\/\/schema.org\",\"@graph\":[{\"@type\":\"Article\",\"@id\":\"https:\/\/www.press7.tv\/?p=28566#article\",\"isPartOf\":{\"@id\":\"https:\/\/www.press7.tv\/?p=28566\"},\"author\":{\"name\":\"gazetar2\",\"@id\":\"https:\/\/www.news33.tv\/#\/schema\/person\/5a04a38a23ccdba82f9bd665cd8f9efa\"},\"headline\":\"Kamberi: Bllokimi i donacioneve nga Kosova, nga HalkBank, akt diskriminues ndaj shqiptar\u00ebve n\u00eb Serbi\",\"datePublished\":\"2026-04-30T12:24:07+00:00\",\"dateModified\":\"2026-04-30T12:25:09+00:00\",\"mainEntityOfPage\":{\"@id\":\"https:\/\/www.press7.tv\/?p=28566\"},\"wordCount\":174,\"publisher\":{\"@id\":\"https:\/\/www.news33.tv\/#organization\"},\"image\":{\"@id\":\"https:\/\/www.press7.tv\/?p=28566#primaryimage\"},\"thumbnailUrl\":\"https:\/\/www.press7.tv\/wp-content\/uploads\/2026\/04\/IMG_0323.avif\",\"articleSection\":[\"Rajon\"],\"inLanguage\":\"en-US\"},{\"@type\":\"WebPage\",\"@id\":\"https:\/\/www.press7.tv\/?p=28566\",\"url\":\"https:\/\/www.press7.tv\/?p=28566\",\"name\":\"Kamberi: Bllokimi i donacioneve nga Kosova, nga HalkBank, akt diskriminues ndaj shqiptar\u00ebve n\u00eb Serbi - press7.tv\",\"isPartOf\":{\"@id\":\"https:\/\/www.news33.tv\/#website\"},\"primaryImageOfPage\":{\"@id\":\"https:\/\/www.press7.tv\/?p=28566#primaryimage\"},\"image\":{\"@id\":\"https:\/\/www.press7.tv\/?p=28566#primaryimage\"},\"thumbnailUrl\":\"https:\/\/www.press7.tv\/wp-content\/uploads\/2026\/04\/IMG_0323.avif\",\"datePublished\":\"2026-04-30T12:24:07+00:00\",\"dateModified\":\"2026-04-30T12:25:09+00:00\",\"breadcrumb\":{\"@id\":\"https:\/\/www.press7.tv\/?p=28566#breadcrumb\"},\"inLanguage\":\"en-US\",\"potentialAction\":[{\"@type\":\"ReadAction\",\"target\":[\"https:\/\/www.press7.tv\/?p=28566\"]}]},{\"@type\":\"ImageObject\",\"inLanguage\":\"en-US\",\"@id\":\"https:\/\/www.press7.tv\/?p=28566#primaryimage\",\"url\":\"https:\/\/www.press7.tv\/wp-content\/uploads\/2026\/04\/IMG_0323.avif\",\"contentUrl\":\"https:\/\/www.press7.tv\/wp-content\/uploads\/2026\/04\/IMG_0323.avif\",\"width\":899,\"height\":500},{\"@type\":\"BreadcrumbList\",\"@id\":\"https:\/\/www.press7.tv\/?p=28566#breadcrumb\",\"itemListElement\":[{\"@type\":\"ListItem\",\"position\":1,\"name\":\"Home\",\"item\":\"https:\/\/www.press7.tv\/\"},{\"@type\":\"ListItem\",\"position\":2,\"name\":\"Kamberi: Bllokimi i donacioneve nga Kosova, nga HalkBank, akt diskriminues ndaj shqiptar\u00ebve n\u00eb Serbi\"}]},{\"@type\":\"WebSite\",\"@id\":\"https:\/\/www.news33.tv\/#website\",\"url\":\"https:\/\/www.news33.tv\/\",\"name\":\"News33.tv Media\",\"description\":\"Media\",\"publisher\":{\"@id\":\"https:\/\/www.news33.tv\/#organization\"},\"potentialAction\":[{\"@type\":\"SearchAction\",\"target\":{\"@type\":\"EntryPoint\",\"urlTemplate\":\"https:\/\/www.news33.tv\/?s={search_term_string}\"},\"query-input\":{\"@type\":\"PropertyValueSpecification\",\"valueRequired\":true,\"valueName\":\"search_term_string\"}}],\"inLanguage\":\"en-US\"},{\"@type\":\"Organization\",\"@id\":\"https:\/\/www.news33.tv\/#organization\",\"name\":\"News33.tv Media\",\"url\":\"https:\/\/www.news33.tv\/\",\"logo\":{\"@type\":\"ImageObject\",\"inLanguage\":\"en-US\",\"@id\":\"https:\/\/www.news33.tv\/#\/schema\/logo\/image\/\",\"url\":\"https:\/\/www.press7.tv\/wp-content\/uploads\/2024\/02\/logo-news33-black.png\",\"contentUrl\":\"https:\/\/www.press7.tv\/wp-content\/uploads\/2024\/02\/logo-news33-black.png\",\"width\":180,\"height\":37,\"caption\":\"News33.tv Media\"},\"image\":{\"@id\":\"https:\/\/www.news33.tv\/#\/schema\/logo\/image\/\"},\"sameAs\":[\"https:\/\/www.facebook.com\/press7.tv\"]},{\"@type\":\"Person\",\"@id\":\"https:\/\/www.news33.tv\/#\/schema\/person\/5a04a38a23ccdba82f9bd665cd8f9efa\",\"name\":\"gazetar2\",\"image\":{\"@type\":\"ImageObject\",\"inLanguage\":\"en-US\",\"@id\":\"https:\/\/www.news33.tv\/#\/schema\/person\/image\/\",\"url\":\"https:\/\/www.press7.tv\/wp-content\/litespeed\/avatar\/41975e402c3049d9ddb03adca8f7a883.jpg?ver=1777169572\",\"contentUrl\":\"https:\/\/www.press7.tv\/wp-content\/litespeed\/avatar\/41975e402c3049d9ddb03adca8f7a883.jpg?ver=1777169572\",\"caption\":\"gazetar2\"},\"url\":\"https:\/\/www.press7.tv\/?author=8\"}]}<\/script>\n<!-- \/ Yoast SEO plugin. -->","yoast_head_json":{"title":"Kamberi: Bllokimi i donacioneve nga Kosova, nga HalkBank, akt diskriminues ndaj shqiptar\u00ebve n\u00eb Serbi - press7.tv","robots":{"index":"index","follow":"follow","max-snippet":"max-snippet:-1","max-image-preview":"max-image-preview:large","max-video-preview":"max-video-preview:-1"},"canonical":"https:\/\/www.press7.tv\/?p=28566","og_locale":"en_US","og_type":"article","og_title":"Kamberi: Bllokimi i donacioneve nga Kosova, nga HalkBank, akt diskriminues ndaj shqiptar\u00ebve n\u00eb Serbi - press7.tv","og_description":"Deputeti shqiptar n\u00eb Kuvendin e Serbis\u00eb Shaip Kamberi ka reaguar ashp\u00ebr ndaj veprimeve t\u00eb HalkBank, duke e akuzuar bank\u00ebn p\u00ebr refuzimin e donacioneve nga Kosova p\u00ebr K\u00ebshilli Komb\u00ebtar Shqiptar pa transparenc\u00eb dhe pa baz\u00eb ligjore. Sipas tij, ky veprim nuk \u00ebsht\u00eb thjesht bankar, por p\u00ebrb\u00ebn nj\u00eb akt me p\u00ebrmbajtje politike dhe diskriminuese ndaj shqiptar\u00ebve n\u00eb [&hellip;]","og_url":"https:\/\/www.press7.tv\/?p=28566","og_site_name":"press7.tv","article_publisher":"https:\/\/www.facebook.com\/press7.tv","article_published_time":"2026-04-30T12:24:07+00:00","article_modified_time":"2026-04-30T12:25:09+00:00","og_image":[{"width":899,"height":500,"url":"https:\/\/www.press7.tv\/wp-content\/uploads\/2026\/04\/IMG_0323.avif","type":"image\/jpeg"}],"author":"gazetar2","twitter_card":"summary_large_image","twitter_misc":{"Written by":"gazetar2","Est. reading time":"1 minute"},"schema":{"@context":"https:\/\/schema.org","@graph":[{"@type":"Article","@id":"https:\/\/www.press7.tv\/?p=28566#article","isPartOf":{"@id":"https:\/\/www.press7.tv\/?p=28566"},"author":{"name":"gazetar2","@id":"https:\/\/www.news33.tv\/#\/schema\/person\/5a04a38a23ccdba82f9bd665cd8f9efa"},"headline":"Kamberi: Bllokimi i donacioneve nga Kosova, nga HalkBank, akt diskriminues ndaj shqiptar\u00ebve n\u00eb Serbi","datePublished":"2026-04-30T12:24:07+00:00","dateModified":"2026-04-30T12:25:09+00:00","mainEntityOfPage":{"@id":"https:\/\/www.press7.tv\/?p=28566"},"wordCount":174,"publisher":{"@id":"https:\/\/www.news33.tv\/#organization"},"image":{"@id":"https:\/\/www.press7.tv\/?p=28566#primaryimage"},"thumbnailUrl":"https:\/\/www.press7.tv\/wp-content\/uploads\/2026\/04\/IMG_0323.avif","articleSection":["Rajon"],"inLanguage":"en-US"},{"@type":"WebPage","@id":"https:\/\/www.press7.tv\/?p=28566","url":"https:\/\/www.press7.tv\/?p=28566","name":"Kamberi: Bllokimi i donacioneve nga Kosova, nga HalkBank, akt diskriminues ndaj shqiptar\u00ebve n\u00eb Serbi - press7.tv","isPartOf":{"@id":"https:\/\/www.news33.tv\/#website"},"primaryImageOfPage":{"@id":"https:\/\/www.press7.tv\/?p=28566#primaryimage"},"image":{"@id":"https:\/\/www.press7.tv\/?p=28566#primaryimage"},"thumbnailUrl":"https:\/\/www.press7.tv\/wp-content\/uploads\/2026\/04\/IMG_0323.avif","datePublished":"2026-04-30T12:24:07+00:00","dateModified":"2026-04-30T12:25:09+00:00","breadcrumb":{"@id":"https:\/\/www.press7.tv\/?p=28566#breadcrumb"},"inLanguage":"en-US","potentialAction":[{"@type":"ReadAction","target":["https:\/\/www.press7.tv\/?p=28566"]}]},{"@type":"ImageObject","inLanguage":"en-US","@id":"https:\/\/www.press7.tv\/?p=28566#primaryimage","url":"https:\/\/www.press7.tv\/wp-content\/uploads\/2026\/04\/IMG_0323.avif","contentUrl":"https:\/\/www.press7.tv\/wp-content\/uploads\/2026\/04\/IMG_0323.avif","width":899,"height":500},{"@type":"BreadcrumbList","@id":"https:\/\/www.press7.tv\/?p=28566#breadcrumb","itemListElement":[{"@type":"ListItem","position":1,"name":"Home","item":"https:\/\/www.press7.tv\/"},{"@type":"ListItem","position":2,"name":"Kamberi: Bllokimi i donacioneve nga Kosova, nga HalkBank, akt diskriminues ndaj shqiptar\u00ebve n\u00eb Serbi"}]},{"@type":"WebSite","@id":"https:\/\/www.news33.tv\/#website","url":"https:\/\/www.news33.tv\/","name":"News33.tv Media","description":"Media","publisher":{"@id":"https:\/\/www.news33.tv\/#organization"},"potentialAction":[{"@type":"SearchAction","target":{"@type":"EntryPoint","urlTemplate":"https:\/\/www.news33.tv\/?s={search_term_string}"},"query-input":{"@type":"PropertyValueSpecification","valueRequired":true,"valueName":"search_term_string"}}],"inLanguage":"en-US"},{"@type":"Organization","@id":"https:\/\/www.news33.tv\/#organization","name":"News33.tv Media","url":"https:\/\/www.news33.tv\/","logo":{"@type":"ImageObject","inLanguage":"en-US","@id":"https:\/\/www.news33.tv\/#\/schema\/logo\/image\/","url":"https:\/\/www.press7.tv\/wp-content\/uploads\/2024\/02\/logo-news33-black.png","contentUrl":"https:\/\/www.press7.tv\/wp-content\/uploads\/2024\/02\/logo-news33-black.png","width":180,"height":37,"caption":"News33.tv Media"},"image":{"@id":"https:\/\/www.news33.tv\/#\/schema\/logo\/image\/"},"sameAs":["https:\/\/www.facebook.com\/press7.tv"]},{"@type":"Person","@id":"https:\/\/www.news33.tv\/#\/schema\/person\/5a04a38a23ccdba82f9bd665cd8f9efa","name":"gazetar2","image":{"@type":"ImageObject","inLanguage":"en-US","@id":"https:\/\/www.news33.tv\/#\/schema\/person\/image\/","url":"https:\/\/www.press7.tv\/wp-content\/litespeed\/avatar\/41975e402c3049d9ddb03adca8f7a883.jpg?ver=1777169572","contentUrl":"https:\/\/www.press7.tv\/wp-content\/litespeed\/avatar\/41975e402c3049d9ddb03adca8f7a883.jpg?ver=1777169572","caption":"gazetar2"},"url":"https:\/\/www.press7.tv\/?author=8"}]}},"amp_enabled":true,"_links":{"self":[{"href":"https:\/\/www.press7.tv\/index.php?rest_route=\/wp\/v2\/posts\/28566","targetHints":{"allow":["GET"]}}],"collection":[{"href":"https:\/\/www.press7.tv\/index.php?rest_route=\/wp\/v2\/posts"}],"about":[{"href":"https:\/\/www.press7.tv\/index.php?rest_route=\/wp\/v2\/types\/post"}],"author":[{"embeddable":true,"href":"https:\/\/www.press7.tv\/index.php?rest_route=\/wp\/v2\/users\/8"}],"replies":[{"embeddable":true,"href":"https:\/\/www.press7.tv\/index.php?rest_route=%2Fwp%2Fv2%2Fcomments&post=28566"}],"version-history":[{"count":1,"href":"https:\/\/www.press7.tv\/index.php?rest_route=\/wp\/v2\/posts\/28566\/revisions"}],"predecessor-version":[{"id":28576,"href":"https:\/\/www.press7.tv\/index.php?rest_route=\/wp\/v2\/posts\/28566\/revisions\/28576"}],"wp:featuredmedia":[{"embeddable":true,"href":"https:\/\/www.press7.tv\/index.php?rest_route=\/wp\/v2\/media\/28577"}],"wp:attachment":[{"href":"https:\/\/www.press7.tv\/index.php?rest_route=%2Fwp%2Fv2%2Fmedia&parent=28566"}],"wp:term":[{"taxonomy":"category","embeddable":true,"href":"https:\/\/www.press7.tv\/index.php?rest_route=%2Fwp%2Fv2%2Fcategories&post=28566"},{"taxonomy":"post_tag","embeddable":true,"href":"https:\/\/www.press7.tv\/index.php?rest_route=%2Fwp%2Fv2%2Ftags&post=28566"}],"curies":[{"name":"wp","href":"https:\/\/api.w.org\/{rel}","templated":true}]}}