{"id":28560,"date":"2026-04-30T10:06:36","date_gmt":"2026-04-30T10:06:36","guid":{"rendered":"https:\/\/www.press7.tv\/?p=28560"},"modified":"2026-04-30T10:06:36","modified_gmt":"2026-04-30T10:06:36","slug":"do-te-luftoj-per-shqiperine-dhe-per-shqiptaret-prenga-me-fjale-te-medha-para-mecit-jetik-me-joshuan","status":"publish","type":"post","link":"https:\/\/www.press7.tv\/?p=28560","title":{"rendered":"\u201cDo t\u00eb luftoj p\u00ebr Shqip\u00ebrin\u00eb dhe p\u00ebr shqiptar\u00ebt\u201d, Prenga me fjal\u00eb t\u00eb m\u00ebdha para me\u00e7it jetik me Joshuan"},"content":{"rendered":"\n    <div class=\"xs_social_share_widget xs_share_url before_content \t\tmain_content  wslu-style-2 wslu-share-box-shaped wslu-fill-colored wslu-share-m-5 wslu-none wslu-share-vertical wslu-theme-font-no wslu-main_content\">\n\n\t\t\n        <ul>\n\t\t\t        <\/ul>\n    <\/div> \n<p>Boksieri shqiptar Joshua Prenga ka dh\u00ebn\u00eb nj\u00eb mesazh t\u00eb fuqish\u00ebm dhe plot emocion n\u00eb prag t\u00eb p\u00ebrballjes s\u00eb tij t\u00eb r\u00ebnd\u00ebsishme, duke e cil\u00ebsuar k\u00ebt\u00eb duel si shum\u00eb m\u00eb tep\u00ebr sesa nj\u00eb ndeshje sportive.<\/p>\n<p>N\u00eb nj\u00eb reagim publik, Prenga theksoi se \u00e7do her\u00eb q\u00eb ngjitet n\u00eb ring, ai p\u00ebrfaq\u00ebson Shqip\u00ebrin\u00eb dhe gjith\u00eb shqiptar\u00ebt, duke e konsideruar k\u00ebt\u00eb p\u00ebrgjegj\u00ebsi si nj\u00eb motiv shtes\u00eb p\u00ebr t\u00eb dh\u00ebn\u00eb maksimumin.<\/p>\n<p>\u201c\u00c7do her\u00eb q\u00eb ngjitem n\u00eb ring, mbaj me vete Shqip\u00ebrin\u00eb. Kjo \u00ebsht\u00eb m\u00eb shum\u00eb se nj\u00eb ndeshje\u2014\u00ebsht\u00eb krenari, q\u00ebllim dhe p\u00ebrgjegj\u00ebsi. Luftoj p\u00ebr vendin tim, p\u00ebr njer\u00ebzit e mi dhe p\u00ebr gjith\u00e7ka q\u00eb p\u00ebrfaq\u00ebsoj,\u201d u shpreh ai.<\/p>\n<p>Boksieri nuk harroi t\u00eb fal\u00ebnderoj\u00eb edhe bashk\u00ebpun\u00ebtor\u00ebt dhe organizator\u00ebt q\u00eb b\u00ebn\u00eb t\u00eb mundur k\u00ebt\u00eb p\u00ebrballje, duke e cil\u00ebsuar si nj\u00eb hap t\u00eb r\u00ebnd\u00ebsish\u00ebm n\u00eb karrier\u00ebn e tij.<\/p>\n<p>Faleminderit p\u00ebr mund\u00ebsin\u00eb. Ky \u00ebsht\u00eb vet\u00ebm fillimi,\u201d shtoi Prenga, duke l\u00ebn\u00eb t\u00eb kuptohet se synimet e tij jan\u00eb shum\u00eb m\u00eb t\u00eb m\u00ebdha.<\/p>\n","protected":false},"excerpt":{"rendered":"<p>Boksieri shqiptar Joshua Prenga ka dh\u00ebn\u00eb nj\u00eb mesazh t\u00eb fuqish\u00ebm dhe plot emocion n\u00eb prag t\u00eb p\u00ebrballjes s\u00eb tij t\u00eb r\u00ebnd\u00ebsishme, duke e cil\u00ebsuar k\u00ebt\u00eb duel si shum\u00eb m\u00eb tep\u00ebr sesa nj\u00eb ndeshje sportive. N\u00eb nj\u00eb reagim publik, Prenga theksoi se \u00e7do her\u00eb q\u00eb ngjitet n\u00eb ring, ai p\u00ebrfaq\u00ebson Shqip\u00ebrin\u00eb dhe gjith\u00eb shqiptar\u00ebt, duke e [&hellip;]<\/p>\n","protected":false},"author":8,"featured_media":28561,"comment_status":"closed","ping_status":"closed","sticky":false,"template":"","format":"standard","meta":{"footnotes":""},"categories":[226],"tags":[],"class_list":["post-28560","post","type-post","status-publish","format-standard","has-post-thumbnail","hentry","category-sport"],"yoast_head":"<!-- This site is optimized with the Yoast SEO plugin v25.1 - https:\/\/yoast.com\/wordpress\/plugins\/seo\/ -->\n<title>\u201cDo t\u00eb luftoj p\u00ebr Shqip\u00ebrin\u00eb dhe p\u00ebr shqiptar\u00ebt\u201d, Prenga me fjal\u00eb t\u00eb m\u00ebdha para me\u00e7it jetik me Joshuan - press7.tv<\/title>\n<meta name=\"robots\" content=\"index, follow, max-snippet:-1, max-image-preview:large, max-video-preview:-1\" \/>\n<link rel=\"canonical\" href=\"https:\/\/www.press7.tv\/?p=28560\" \/>\n<meta property=\"og:locale\" content=\"en_US\" \/>\n<meta property=\"og:type\" content=\"article\" \/>\n<meta property=\"og:title\" content=\"\u201cDo t\u00eb luftoj p\u00ebr Shqip\u00ebrin\u00eb dhe p\u00ebr shqiptar\u00ebt\u201d, Prenga me fjal\u00eb t\u00eb m\u00ebdha para me\u00e7it jetik me Joshuan - press7.tv\" \/>\n<meta property=\"og:description\" content=\"Boksieri shqiptar Joshua Prenga ka dh\u00ebn\u00eb nj\u00eb mesazh t\u00eb fuqish\u00ebm dhe plot emocion n\u00eb prag t\u00eb p\u00ebrballjes s\u00eb tij t\u00eb r\u00ebnd\u00ebsishme, duke e cil\u00ebsuar k\u00ebt\u00eb duel si shum\u00eb m\u00eb tep\u00ebr sesa nj\u00eb ndeshje sportive. N\u00eb nj\u00eb reagim publik, Prenga theksoi se \u00e7do her\u00eb q\u00eb ngjitet n\u00eb ring, ai p\u00ebrfaq\u00ebson Shqip\u00ebrin\u00eb dhe gjith\u00eb shqiptar\u00ebt, duke e [&hellip;]\" \/>\n<meta property=\"og:url\" content=\"https:\/\/www.press7.tv\/?p=28560\" \/>\n<meta property=\"og:site_name\" content=\"press7.tv\" \/>\n<meta property=\"article:publisher\" content=\"https:\/\/www.facebook.com\/press7.tv\" \/>\n<meta property=\"article:published_time\" content=\"2026-04-30T10:06:36+00:00\" \/>\n<meta property=\"og:image\" content=\"https:\/\/www.press7.tv\/wp-content\/uploads\/2026\/04\/IMG_2598.avif\" \/>\n\t<meta property=\"og:image:width\" content=\"500\" \/>\n\t<meta property=\"og:image:height\" content=\"300\" \/>\n\t<meta property=\"og:image:type\" content=\"image\/jpeg\" \/>\n<meta name=\"author\" content=\"gazetar2\" \/>\n<meta name=\"twitter:card\" content=\"summary_large_image\" \/>\n<meta name=\"twitter:label1\" content=\"Written by\" \/>\n\t<meta name=\"twitter:data1\" content=\"gazetar2\" \/>\n\t<meta name=\"twitter:label2\" content=\"Est. reading time\" \/>\n\t<meta name=\"twitter:data2\" content=\"1 minute\" \/>\n<script type=\"application\/ld+json\" class=\"yoast-schema-graph\">{\"@context\":\"https:\/\/schema.org\",\"@graph\":[{\"@type\":\"Article\",\"@id\":\"https:\/\/www.press7.tv\/?p=28560#article\",\"isPartOf\":{\"@id\":\"https:\/\/www.press7.tv\/?p=28560\"},\"author\":{\"name\":\"gazetar2\",\"@id\":\"https:\/\/www.news33.tv\/#\/schema\/person\/5a04a38a23ccdba82f9bd665cd8f9efa\"},\"headline\":\"\u201cDo t\u00eb luftoj p\u00ebr Shqip\u00ebrin\u00eb dhe p\u00ebr shqiptar\u00ebt\u201d, Prenga me fjal\u00eb t\u00eb m\u00ebdha para me\u00e7it jetik me Joshuan\",\"datePublished\":\"2026-04-30T10:06:36+00:00\",\"mainEntityOfPage\":{\"@id\":\"https:\/\/www.press7.tv\/?p=28560\"},\"wordCount\":223,\"publisher\":{\"@id\":\"https:\/\/www.news33.tv\/#organization\"},\"image\":{\"@id\":\"https:\/\/www.press7.tv\/?p=28560#primaryimage\"},\"thumbnailUrl\":\"https:\/\/www.press7.tv\/wp-content\/uploads\/2026\/04\/IMG_2598.avif\",\"articleSection\":[\"Sport\"],\"inLanguage\":\"en-US\"},{\"@type\":\"WebPage\",\"@id\":\"https:\/\/www.press7.tv\/?p=28560\",\"url\":\"https:\/\/www.press7.tv\/?p=28560\",\"name\":\"\u201cDo t\u00eb luftoj p\u00ebr Shqip\u00ebrin\u00eb dhe p\u00ebr shqiptar\u00ebt\u201d, Prenga me fjal\u00eb t\u00eb m\u00ebdha para me\u00e7it jetik me Joshuan - press7.tv\",\"isPartOf\":{\"@id\":\"https:\/\/www.news33.tv\/#website\"},\"primaryImageOfPage\":{\"@id\":\"https:\/\/www.press7.tv\/?p=28560#primaryimage\"},\"image\":{\"@id\":\"https:\/\/www.press7.tv\/?p=28560#primaryimage\"},\"thumbnailUrl\":\"https:\/\/www.press7.tv\/wp-content\/uploads\/2026\/04\/IMG_2598.avif\",\"datePublished\":\"2026-04-30T10:06:36+00:00\",\"breadcrumb\":{\"@id\":\"https:\/\/www.press7.tv\/?p=28560#breadcrumb\"},\"inLanguage\":\"en-US\",\"potentialAction\":[{\"@type\":\"ReadAction\",\"target\":[\"https:\/\/www.press7.tv\/?p=28560\"]}]},{\"@type\":\"ImageObject\",\"inLanguage\":\"en-US\",\"@id\":\"https:\/\/www.press7.tv\/?p=28560#primaryimage\",\"url\":\"https:\/\/www.press7.tv\/wp-content\/uploads\/2026\/04\/IMG_2598.avif\",\"contentUrl\":\"https:\/\/www.press7.tv\/wp-content\/uploads\/2026\/04\/IMG_2598.avif\",\"width\":500,\"height\":300},{\"@type\":\"BreadcrumbList\",\"@id\":\"https:\/\/www.press7.tv\/?p=28560#breadcrumb\",\"itemListElement\":[{\"@type\":\"ListItem\",\"position\":1,\"name\":\"Home\",\"item\":\"https:\/\/www.press7.tv\/\"},{\"@type\":\"ListItem\",\"position\":2,\"name\":\"\u201cDo t\u00eb luftoj p\u00ebr Shqip\u00ebrin\u00eb dhe p\u00ebr shqiptar\u00ebt\u201d, Prenga me fjal\u00eb t\u00eb m\u00ebdha para me\u00e7it jetik me Joshuan\"}]},{\"@type\":\"WebSite\",\"@id\":\"https:\/\/www.news33.tv\/#website\",\"url\":\"https:\/\/www.news33.tv\/\",\"name\":\"News33.tv Media\",\"description\":\"Media\",\"publisher\":{\"@id\":\"https:\/\/www.news33.tv\/#organization\"},\"potentialAction\":[{\"@type\":\"SearchAction\",\"target\":{\"@type\":\"EntryPoint\",\"urlTemplate\":\"https:\/\/www.news33.tv\/?s={search_term_string}\"},\"query-input\":{\"@type\":\"PropertyValueSpecification\",\"valueRequired\":true,\"valueName\":\"search_term_string\"}}],\"inLanguage\":\"en-US\"},{\"@type\":\"Organization\",\"@id\":\"https:\/\/www.news33.tv\/#organization\",\"name\":\"News33.tv Media\",\"url\":\"https:\/\/www.news33.tv\/\",\"logo\":{\"@type\":\"ImageObject\",\"inLanguage\":\"en-US\",\"@id\":\"https:\/\/www.news33.tv\/#\/schema\/logo\/image\/\",\"url\":\"https:\/\/www.press7.tv\/wp-content\/uploads\/2024\/02\/logo-news33-black.png\",\"contentUrl\":\"https:\/\/www.press7.tv\/wp-content\/uploads\/2024\/02\/logo-news33-black.png\",\"width\":180,\"height\":37,\"caption\":\"News33.tv Media\"},\"image\":{\"@id\":\"https:\/\/www.news33.tv\/#\/schema\/logo\/image\/\"},\"sameAs\":[\"https:\/\/www.facebook.com\/press7.tv\"]},{\"@type\":\"Person\",\"@id\":\"https:\/\/www.news33.tv\/#\/schema\/person\/5a04a38a23ccdba82f9bd665cd8f9efa\",\"name\":\"gazetar2\",\"image\":{\"@type\":\"ImageObject\",\"inLanguage\":\"en-US\",\"@id\":\"https:\/\/www.news33.tv\/#\/schema\/person\/image\/\",\"url\":\"https:\/\/www.press7.tv\/wp-content\/litespeed\/avatar\/41975e402c3049d9ddb03adca8f7a883.jpg?ver=1777169572\",\"contentUrl\":\"https:\/\/www.press7.tv\/wp-content\/litespeed\/avatar\/41975e402c3049d9ddb03adca8f7a883.jpg?ver=1777169572\",\"caption\":\"gazetar2\"},\"url\":\"https:\/\/www.press7.tv\/?author=8\"}]}<\/script>\n<!-- \/ Yoast SEO plugin. -->","yoast_head_json":{"title":"\u201cDo t\u00eb luftoj p\u00ebr Shqip\u00ebrin\u00eb dhe p\u00ebr shqiptar\u00ebt\u201d, Prenga me fjal\u00eb t\u00eb m\u00ebdha para me\u00e7it jetik me Joshuan - press7.tv","robots":{"index":"index","follow":"follow","max-snippet":"max-snippet:-1","max-image-preview":"max-image-preview:large","max-video-preview":"max-video-preview:-1"},"canonical":"https:\/\/www.press7.tv\/?p=28560","og_locale":"en_US","og_type":"article","og_title":"\u201cDo t\u00eb luftoj p\u00ebr Shqip\u00ebrin\u00eb dhe p\u00ebr shqiptar\u00ebt\u201d, Prenga me fjal\u00eb t\u00eb m\u00ebdha para me\u00e7it jetik me Joshuan - press7.tv","og_description":"Boksieri shqiptar Joshua Prenga ka dh\u00ebn\u00eb nj\u00eb mesazh t\u00eb fuqish\u00ebm dhe plot emocion n\u00eb prag t\u00eb p\u00ebrballjes s\u00eb tij t\u00eb r\u00ebnd\u00ebsishme, duke e cil\u00ebsuar k\u00ebt\u00eb duel si shum\u00eb m\u00eb tep\u00ebr sesa nj\u00eb ndeshje sportive. N\u00eb nj\u00eb reagim publik, Prenga theksoi se \u00e7do her\u00eb q\u00eb ngjitet n\u00eb ring, ai p\u00ebrfaq\u00ebson Shqip\u00ebrin\u00eb dhe gjith\u00eb shqiptar\u00ebt, duke e [&hellip;]","og_url":"https:\/\/www.press7.tv\/?p=28560","og_site_name":"press7.tv","article_publisher":"https:\/\/www.facebook.com\/press7.tv","article_published_time":"2026-04-30T10:06:36+00:00","og_image":[{"width":500,"height":300,"url":"https:\/\/www.press7.tv\/wp-content\/uploads\/2026\/04\/IMG_2598.avif","type":"image\/jpeg"}],"author":"gazetar2","twitter_card":"summary_large_image","twitter_misc":{"Written by":"gazetar2","Est. reading time":"1 minute"},"schema":{"@context":"https:\/\/schema.org","@graph":[{"@type":"Article","@id":"https:\/\/www.press7.tv\/?p=28560#article","isPartOf":{"@id":"https:\/\/www.press7.tv\/?p=28560"},"author":{"name":"gazetar2","@id":"https:\/\/www.news33.tv\/#\/schema\/person\/5a04a38a23ccdba82f9bd665cd8f9efa"},"headline":"\u201cDo t\u00eb luftoj p\u00ebr Shqip\u00ebrin\u00eb dhe p\u00ebr shqiptar\u00ebt\u201d, Prenga me fjal\u00eb t\u00eb m\u00ebdha para me\u00e7it jetik me Joshuan","datePublished":"2026-04-30T10:06:36+00:00","mainEntityOfPage":{"@id":"https:\/\/www.press7.tv\/?p=28560"},"wordCount":223,"publisher":{"@id":"https:\/\/www.news33.tv\/#organization"},"image":{"@id":"https:\/\/www.press7.tv\/?p=28560#primaryimage"},"thumbnailUrl":"https:\/\/www.press7.tv\/wp-content\/uploads\/2026\/04\/IMG_2598.avif","articleSection":["Sport"],"inLanguage":"en-US"},{"@type":"WebPage","@id":"https:\/\/www.press7.tv\/?p=28560","url":"https:\/\/www.press7.tv\/?p=28560","name":"\u201cDo t\u00eb luftoj p\u00ebr Shqip\u00ebrin\u00eb dhe p\u00ebr shqiptar\u00ebt\u201d, Prenga me fjal\u00eb t\u00eb m\u00ebdha para me\u00e7it jetik me Joshuan - press7.tv","isPartOf":{"@id":"https:\/\/www.news33.tv\/#website"},"primaryImageOfPage":{"@id":"https:\/\/www.press7.tv\/?p=28560#primaryimage"},"image":{"@id":"https:\/\/www.press7.tv\/?p=28560#primaryimage"},"thumbnailUrl":"https:\/\/www.press7.tv\/wp-content\/uploads\/2026\/04\/IMG_2598.avif","datePublished":"2026-04-30T10:06:36+00:00","breadcrumb":{"@id":"https:\/\/www.press7.tv\/?p=28560#breadcrumb"},"inLanguage":"en-US","potentialAction":[{"@type":"ReadAction","target":["https:\/\/www.press7.tv\/?p=28560"]}]},{"@type":"ImageObject","inLanguage":"en-US","@id":"https:\/\/www.press7.tv\/?p=28560#primaryimage","url":"https:\/\/www.press7.tv\/wp-content\/uploads\/2026\/04\/IMG_2598.avif","contentUrl":"https:\/\/www.press7.tv\/wp-content\/uploads\/2026\/04\/IMG_2598.avif","width":500,"height":300},{"@type":"BreadcrumbList","@id":"https:\/\/www.press7.tv\/?p=28560#breadcrumb","itemListElement":[{"@type":"ListItem","position":1,"name":"Home","item":"https:\/\/www.press7.tv\/"},{"@type":"ListItem","position":2,"name":"\u201cDo t\u00eb luftoj p\u00ebr Shqip\u00ebrin\u00eb dhe p\u00ebr shqiptar\u00ebt\u201d, Prenga me fjal\u00eb t\u00eb m\u00ebdha para me\u00e7it jetik me Joshuan"}]},{"@type":"WebSite","@id":"https:\/\/www.news33.tv\/#website","url":"https:\/\/www.news33.tv\/","name":"News33.tv Media","description":"Media","publisher":{"@id":"https:\/\/www.news33.tv\/#organization"},"potentialAction":[{"@type":"SearchAction","target":{"@type":"EntryPoint","urlTemplate":"https:\/\/www.news33.tv\/?s={search_term_string}"},"query-input":{"@type":"PropertyValueSpecification","valueRequired":true,"valueName":"search_term_string"}}],"inLanguage":"en-US"},{"@type":"Organization","@id":"https:\/\/www.news33.tv\/#organization","name":"News33.tv Media","url":"https:\/\/www.news33.tv\/","logo":{"@type":"ImageObject","inLanguage":"en-US","@id":"https:\/\/www.news33.tv\/#\/schema\/logo\/image\/","url":"https:\/\/www.press7.tv\/wp-content\/uploads\/2024\/02\/logo-news33-black.png","contentUrl":"https:\/\/www.press7.tv\/wp-content\/uploads\/2024\/02\/logo-news33-black.png","width":180,"height":37,"caption":"News33.tv Media"},"image":{"@id":"https:\/\/www.news33.tv\/#\/schema\/logo\/image\/"},"sameAs":["https:\/\/www.facebook.com\/press7.tv"]},{"@type":"Person","@id":"https:\/\/www.news33.tv\/#\/schema\/person\/5a04a38a23ccdba82f9bd665cd8f9efa","name":"gazetar2","image":{"@type":"ImageObject","inLanguage":"en-US","@id":"https:\/\/www.news33.tv\/#\/schema\/person\/image\/","url":"https:\/\/www.press7.tv\/wp-content\/litespeed\/avatar\/41975e402c3049d9ddb03adca8f7a883.jpg?ver=1777169572","contentUrl":"https:\/\/www.press7.tv\/wp-content\/litespeed\/avatar\/41975e402c3049d9ddb03adca8f7a883.jpg?ver=1777169572","caption":"gazetar2"},"url":"https:\/\/www.press7.tv\/?author=8"}]}},"amp_enabled":true,"_links":{"self":[{"href":"https:\/\/www.press7.tv\/index.php?rest_route=\/wp\/v2\/posts\/28560","targetHints":{"allow":["GET"]}}],"collection":[{"href":"https:\/\/www.press7.tv\/index.php?rest_route=\/wp\/v2\/posts"}],"about":[{"href":"https:\/\/www.press7.tv\/index.php?rest_route=\/wp\/v2\/types\/post"}],"author":[{"embeddable":true,"href":"https:\/\/www.press7.tv\/index.php?rest_route=\/wp\/v2\/users\/8"}],"replies":[{"embeddable":true,"href":"https:\/\/www.press7.tv\/index.php?rest_route=%2Fwp%2Fv2%2Fcomments&post=28560"}],"version-history":[{"count":1,"href":"https:\/\/www.press7.tv\/index.php?rest_route=\/wp\/v2\/posts\/28560\/revisions"}],"predecessor-version":[{"id":28562,"href":"https:\/\/www.press7.tv\/index.php?rest_route=\/wp\/v2\/posts\/28560\/revisions\/28562"}],"wp:featuredmedia":[{"embeddable":true,"href":"https:\/\/www.press7.tv\/index.php?rest_route=\/wp\/v2\/media\/28561"}],"wp:attachment":[{"href":"https:\/\/www.press7.tv\/index.php?rest_route=%2Fwp%2Fv2%2Fmedia&parent=28560"}],"wp:term":[{"taxonomy":"category","embeddable":true,"href":"https:\/\/www.press7.tv\/index.php?rest_route=%2Fwp%2Fv2%2Fcategories&post=28560"},{"taxonomy":"post_tag","embeddable":true,"href":"https:\/\/www.press7.tv\/index.php?rest_route=%2Fwp%2Fv2%2Ftags&post=28560"}],"curies":[{"name":"wp","href":"https:\/\/api.w.org\/{rel}","templated":true}]}}