{"id":28557,"date":"2026-04-30T09:55:32","date_gmt":"2026-04-30T09:55:32","guid":{"rendered":"https:\/\/www.press7.tv\/?p=28557"},"modified":"2026-04-30T09:55:32","modified_gmt":"2026-04-30T09:55:32","slug":"trumpi-thote-se-shba-ja-po-shqyrton-zvogelimin-e-trupave-ne-gjermani","status":"publish","type":"post","link":"https:\/\/www.press7.tv\/?p=28557","title":{"rendered":"Trumpi thot\u00eb se SHBA-ja po shqyrton zvog\u00eblimin e trupave n\u00eb Gjermani"},"content":{"rendered":"\n    <div class=\"xs_social_share_widget xs_share_url before_content \t\tmain_content  wslu-style-2 wslu-share-box-shaped wslu-fill-colored wslu-share-m-5 wslu-none wslu-share-vertical wslu-theme-font-no wslu-main_content\">\n\n\t\t\n        <ul>\n\t\t\t        <\/ul>\n    <\/div> \n<p>Presidenti amerikan, Donald Trump, ka th\u00ebn\u00eb SHBA-ja po shqyrton zvog\u00eblimin e mij\u00ebra trupave q\u00eb i ka t\u00eb stacionuara n\u00eb Gjermani.<\/p>\n<p>Deklarata e Trumpit vjen vet\u00ebm disa dit\u00eb pasi kancelari gjerman, Friedrich Merz, kritikoi qasjen e tij ndaj luft\u00ebs n\u00eb Iran, duke sugjeruar se SHBA-ja ishte \u201cposht\u00ebruar&#8221; nga negociator\u00ebt iranian\u00eb.<\/p>\n<p>N\u00eb postimin e tij, Trumpi ka th\u00ebn\u00eb se po &#8220;studion dhe rishikon reduktimin e mundsh\u00ebm t\u00eb trupave n\u00eb Gjermani, me nj\u00eb vendim q\u00eb do t\u00eb merret gjat\u00eb nj\u00eb periudhe t\u00eb shkurt\u00ebr t\u00eb ardhshme kohore&#8221;.<\/p>\n<p>SHBA-ja ka nj\u00eb prani t\u00eb konsiderueshme ushtarake n\u00eb Gjermani, me m\u00eb shum\u00eb se 36,000 trupa aktive t\u00eb caktuar n\u00eb baza n\u00eb t\u00eb gjith\u00eb vendin q\u00eb nga dhjetori i kaluar.<\/p>\n<p>Merz ka b\u00ebr\u00eb deklarat\u00ebn e tij t\u00eb h\u00ebn\u00ebn n\u00eb nj\u00eb fjalim para student\u00ebve t\u00eb universitetit n\u00eb Marsberg, duke u th\u00ebn\u00eb atyre se &#8220;amerikan\u00ebt qart\u00ebsisht nuk kan\u00eb strategji&#8221;.<\/p>\n<p>&#8220;Iranian\u00ebt jan\u00eb padyshim shum\u00eb t\u00eb aft\u00eb n\u00eb negociata, ose m\u00eb sakt\u00eb, shum\u00eb t\u00eb aft\u00eb n\u00eb mosnegociimin, duke i l\u00ebn\u00eb amerikan\u00ebt t\u00eb udh\u00ebtojn\u00eb n\u00eb Islamabad dhe pastaj t\u00eb largohen p\u00ebrs\u00ebri pa asnj\u00eb rezultat&#8221;, ka th\u00ebn\u00eb ai.<\/p>\n<p>Sipas tij, \u201ci gjith\u00eb kombi &#8221; po &#8220;posht\u00ebrohej&#8221; nga udh\u00ebheqja iraniane.<\/p>\n<p>Trumpi \u00ebsht\u00eb p\u00ebrgjigjur t\u00eb nes\u00ebrmen me nj\u00eb postim n\u00eb Truth Social, ku ka th\u00ebn\u00eb se Merzi mendonte se ishte &#8220;n\u00eb rregull q\u00eb Irani t\u00eb ket\u00eb arm\u00eb b\u00ebrthamore&#8221; dhe &#8220;nuk e di se p\u00ebr \u00e7far\u00eb po flet&#8221;.<\/p>\n<p>&#8220;Nuk \u00ebsht\u00eb \u00e7udi q\u00eb Gjermania po shkon kaq keq, si ekonomikisht, ashtu edhe n\u00eb aspekte t\u00eb tjera!&#8221;, ka shkruar Trumpi n\u00eb postimin e tij si p\u00ebrgjigje ndaj deklarat\u00ebs s\u00eb Merzit.<\/p>\n<p>Kur \u00ebsht\u00eb pyetur p\u00ebr postimin n\u00eb nj\u00eb konferenc\u00eb p\u00ebr shtyp t\u00eb m\u00ebrkur\u00ebn, Merzi ka th\u00ebn\u00eb se &#8220;marr\u00ebdh\u00ebnia personale midis presidentit amerikan dhe meje mbetet po aq e mir\u00eb sa m\u00eb par\u00eb&#8221;.<\/p>\n<p>Nd\u00ebrkoh\u00eb, ai ende nuk i \u00ebsht\u00eb p\u00ebrgjigjur sugjerimit t\u00eb Trumpit se ai mund t\u00eb zvog\u00ebloj\u00eb trupat amerikane n\u00eb Gjermani.<\/p>\n<p>Gjat\u00eb dy muajve t\u00eb fundit, presidenti amerikan ka k\u00ebrc\u00ebnuar vazhdimisht t\u00eb t\u00ebrhiqet nga aleanca 32-an\u00ebtareshe e NATO-s, duke e quajtur at\u00eb nj\u00eb &#8220;tig\u00ebr letre&#8221; dhe nj\u00eb &#8220;rrug\u00eb me nj\u00eb drejtim&#8221;.<\/p>\n<p>M\u00eb her\u00ebt n\u00eb prill, nj\u00eb email i brendsh\u00ebm i Pentagonit i zbuluar detajoi masat e mundshme p\u00ebr SHBA-n\u00eb p\u00ebr t\u00eb nd\u00ebshkuar aleat\u00ebt q\u00eb besonte se nuk kishin arritur t\u00eb mb\u00ebshtesnin fushat\u00ebn e saj n\u00eb Iran, duke p\u00ebrfshir\u00eb nj\u00eb sugjerim se SHBA-ja mund t\u00eb k\u00ebrkonte suspendimin e Spanj\u00ebs nga NATO-ja p\u00ebr shkak t\u00eb q\u00ebndrimit t\u00eb saj.<\/p>\n<p>Mir\u00ebpo nj\u00eb zyrtar i NATO-s i ka th\u00ebn\u00eb BBC-s\u00eb se traktati themelues i aleanc\u00ebs &#8220;nuk parashikon asnj\u00eb dispozit\u00eb p\u00ebr pezullimin e an\u00ebtar\u00ebsimit n\u00eb NATO ose p\u00ebrjashtimin&#8221;.<\/p>\n","protected":false},"excerpt":{"rendered":"<p>Presidenti amerikan, Donald Trump, ka th\u00ebn\u00eb SHBA-ja po shqyrton zvog\u00eblimin e mij\u00ebra trupave q\u00eb i ka t\u00eb stacionuara n\u00eb Gjermani. Deklarata e Trumpit vjen vet\u00ebm disa dit\u00eb pasi kancelari gjerman, Friedrich Merz, kritikoi qasjen e tij ndaj luft\u00ebs n\u00eb Iran, duke sugjeruar se SHBA-ja ishte \u201cposht\u00ebruar&#8221; nga negociator\u00ebt iranian\u00eb. N\u00eb postimin e tij, Trumpi ka [&hellip;]<\/p>\n","protected":false},"author":8,"featured_media":28558,"comment_status":"closed","ping_status":"closed","sticky":false,"template":"","format":"standard","meta":{"footnotes":""},"categories":[217,213],"tags":[],"class_list":["post-28557","post","type-post","status-publish","format-standard","has-post-thumbnail","hentry","category-bote","category-lajme"],"yoast_head":"<!-- This site is optimized with the Yoast SEO plugin v25.1 - https:\/\/yoast.com\/wordpress\/plugins\/seo\/ -->\n<title>Trumpi thot\u00eb se SHBA-ja po shqyrton zvog\u00eblimin e trupave n\u00eb Gjermani - press7.tv<\/title>\n<meta name=\"robots\" content=\"index, follow, max-snippet:-1, max-image-preview:large, max-video-preview:-1\" \/>\n<link rel=\"canonical\" href=\"https:\/\/www.press7.tv\/?p=28557\" \/>\n<meta property=\"og:locale\" content=\"en_US\" \/>\n<meta property=\"og:type\" content=\"article\" \/>\n<meta property=\"og:title\" content=\"Trumpi thot\u00eb se SHBA-ja po shqyrton zvog\u00eblimin e trupave n\u00eb Gjermani - press7.tv\" \/>\n<meta property=\"og:description\" content=\"Presidenti amerikan, Donald Trump, ka th\u00ebn\u00eb SHBA-ja po shqyrton zvog\u00eblimin e mij\u00ebra trupave q\u00eb i ka t\u00eb stacionuara n\u00eb Gjermani. Deklarata e Trumpit vjen vet\u00ebm disa dit\u00eb pasi kancelari gjerman, Friedrich Merz, kritikoi qasjen e tij ndaj luft\u00ebs n\u00eb Iran, duke sugjeruar se SHBA-ja ishte \u201cposht\u00ebruar&#8221; nga negociator\u00ebt iranian\u00eb. N\u00eb postimin e tij, Trumpi ka [&hellip;]\" \/>\n<meta property=\"og:url\" content=\"https:\/\/www.press7.tv\/?p=28557\" \/>\n<meta property=\"og:site_name\" content=\"press7.tv\" \/>\n<meta property=\"article:publisher\" content=\"https:\/\/www.facebook.com\/press7.tv\" \/>\n<meta property=\"article:published_time\" content=\"2026-04-30T09:55:32+00:00\" \/>\n<meta property=\"og:image\" content=\"https:\/\/www.press7.tv\/wp-content\/uploads\/2026\/04\/9754488a-9ef1-45d8-b325-8cd6734148ac.avif\" \/>\n\t<meta property=\"og:image:width\" content=\"860\" \/>\n\t<meta property=\"og:image:height\" content=\"550\" \/>\n\t<meta property=\"og:image:type\" content=\"image\/jpeg\" \/>\n<meta name=\"author\" content=\"gazetar2\" \/>\n<meta name=\"twitter:card\" content=\"summary_large_image\" \/>\n<meta name=\"twitter:label1\" content=\"Written by\" \/>\n\t<meta name=\"twitter:data1\" content=\"gazetar2\" \/>\n\t<meta name=\"twitter:label2\" content=\"Est. reading time\" \/>\n\t<meta name=\"twitter:data2\" content=\"1 minute\" \/>\n<script type=\"application\/ld+json\" class=\"yoast-schema-graph\">{\"@context\":\"https:\/\/schema.org\",\"@graph\":[{\"@type\":\"Article\",\"@id\":\"https:\/\/www.press7.tv\/?p=28557#article\",\"isPartOf\":{\"@id\":\"https:\/\/www.press7.tv\/?p=28557\"},\"author\":{\"name\":\"gazetar2\",\"@id\":\"https:\/\/www.news33.tv\/#\/schema\/person\/5a04a38a23ccdba82f9bd665cd8f9efa\"},\"headline\":\"Trumpi thot\u00eb se SHBA-ja po shqyrton zvog\u00eblimin e trupave n\u00eb Gjermani\",\"datePublished\":\"2026-04-30T09:55:32+00:00\",\"mainEntityOfPage\":{\"@id\":\"https:\/\/www.press7.tv\/?p=28557\"},\"wordCount\":491,\"publisher\":{\"@id\":\"https:\/\/www.news33.tv\/#organization\"},\"image\":{\"@id\":\"https:\/\/www.press7.tv\/?p=28557#primaryimage\"},\"thumbnailUrl\":\"https:\/\/www.press7.tv\/wp-content\/uploads\/2026\/04\/9754488a-9ef1-45d8-b325-8cd6734148ac.avif\",\"articleSection\":[\"Bot\u00eb\",\"Lajme\"],\"inLanguage\":\"en-US\"},{\"@type\":\"WebPage\",\"@id\":\"https:\/\/www.press7.tv\/?p=28557\",\"url\":\"https:\/\/www.press7.tv\/?p=28557\",\"name\":\"Trumpi thot\u00eb se SHBA-ja po shqyrton zvog\u00eblimin e trupave n\u00eb Gjermani - press7.tv\",\"isPartOf\":{\"@id\":\"https:\/\/www.news33.tv\/#website\"},\"primaryImageOfPage\":{\"@id\":\"https:\/\/www.press7.tv\/?p=28557#primaryimage\"},\"image\":{\"@id\":\"https:\/\/www.press7.tv\/?p=28557#primaryimage\"},\"thumbnailUrl\":\"https:\/\/www.press7.tv\/wp-content\/uploads\/2026\/04\/9754488a-9ef1-45d8-b325-8cd6734148ac.avif\",\"datePublished\":\"2026-04-30T09:55:32+00:00\",\"breadcrumb\":{\"@id\":\"https:\/\/www.press7.tv\/?p=28557#breadcrumb\"},\"inLanguage\":\"en-US\",\"potentialAction\":[{\"@type\":\"ReadAction\",\"target\":[\"https:\/\/www.press7.tv\/?p=28557\"]}]},{\"@type\":\"ImageObject\",\"inLanguage\":\"en-US\",\"@id\":\"https:\/\/www.press7.tv\/?p=28557#primaryimage\",\"url\":\"https:\/\/www.press7.tv\/wp-content\/uploads\/2026\/04\/9754488a-9ef1-45d8-b325-8cd6734148ac.avif\",\"contentUrl\":\"https:\/\/www.press7.tv\/wp-content\/uploads\/2026\/04\/9754488a-9ef1-45d8-b325-8cd6734148ac.avif\",\"width\":860,\"height\":550},{\"@type\":\"BreadcrumbList\",\"@id\":\"https:\/\/www.press7.tv\/?p=28557#breadcrumb\",\"itemListElement\":[{\"@type\":\"ListItem\",\"position\":1,\"name\":\"Home\",\"item\":\"https:\/\/www.press7.tv\/\"},{\"@type\":\"ListItem\",\"position\":2,\"name\":\"Trumpi thot\u00eb se SHBA-ja po shqyrton zvog\u00eblimin e trupave n\u00eb Gjermani\"}]},{\"@type\":\"WebSite\",\"@id\":\"https:\/\/www.news33.tv\/#website\",\"url\":\"https:\/\/www.news33.tv\/\",\"name\":\"News33.tv Media\",\"description\":\"Media\",\"publisher\":{\"@id\":\"https:\/\/www.news33.tv\/#organization\"},\"potentialAction\":[{\"@type\":\"SearchAction\",\"target\":{\"@type\":\"EntryPoint\",\"urlTemplate\":\"https:\/\/www.news33.tv\/?s={search_term_string}\"},\"query-input\":{\"@type\":\"PropertyValueSpecification\",\"valueRequired\":true,\"valueName\":\"search_term_string\"}}],\"inLanguage\":\"en-US\"},{\"@type\":\"Organization\",\"@id\":\"https:\/\/www.news33.tv\/#organization\",\"name\":\"News33.tv Media\",\"url\":\"https:\/\/www.news33.tv\/\",\"logo\":{\"@type\":\"ImageObject\",\"inLanguage\":\"en-US\",\"@id\":\"https:\/\/www.news33.tv\/#\/schema\/logo\/image\/\",\"url\":\"https:\/\/www.press7.tv\/wp-content\/uploads\/2024\/02\/logo-news33-black.png\",\"contentUrl\":\"https:\/\/www.press7.tv\/wp-content\/uploads\/2024\/02\/logo-news33-black.png\",\"width\":180,\"height\":37,\"caption\":\"News33.tv Media\"},\"image\":{\"@id\":\"https:\/\/www.news33.tv\/#\/schema\/logo\/image\/\"},\"sameAs\":[\"https:\/\/www.facebook.com\/press7.tv\"]},{\"@type\":\"Person\",\"@id\":\"https:\/\/www.news33.tv\/#\/schema\/person\/5a04a38a23ccdba82f9bd665cd8f9efa\",\"name\":\"gazetar2\",\"image\":{\"@type\":\"ImageObject\",\"inLanguage\":\"en-US\",\"@id\":\"https:\/\/www.news33.tv\/#\/schema\/person\/image\/\",\"url\":\"https:\/\/www.press7.tv\/wp-content\/litespeed\/avatar\/41975e402c3049d9ddb03adca8f7a883.jpg?ver=1777169572\",\"contentUrl\":\"https:\/\/www.press7.tv\/wp-content\/litespeed\/avatar\/41975e402c3049d9ddb03adca8f7a883.jpg?ver=1777169572\",\"caption\":\"gazetar2\"},\"url\":\"https:\/\/www.press7.tv\/?author=8\"}]}<\/script>\n<!-- \/ Yoast SEO plugin. -->","yoast_head_json":{"title":"Trumpi thot\u00eb se SHBA-ja po shqyrton zvog\u00eblimin e trupave n\u00eb Gjermani - press7.tv","robots":{"index":"index","follow":"follow","max-snippet":"max-snippet:-1","max-image-preview":"max-image-preview:large","max-video-preview":"max-video-preview:-1"},"canonical":"https:\/\/www.press7.tv\/?p=28557","og_locale":"en_US","og_type":"article","og_title":"Trumpi thot\u00eb se SHBA-ja po shqyrton zvog\u00eblimin e trupave n\u00eb Gjermani - press7.tv","og_description":"Presidenti amerikan, Donald Trump, ka th\u00ebn\u00eb SHBA-ja po shqyrton zvog\u00eblimin e mij\u00ebra trupave q\u00eb i ka t\u00eb stacionuara n\u00eb Gjermani. Deklarata e Trumpit vjen vet\u00ebm disa dit\u00eb pasi kancelari gjerman, Friedrich Merz, kritikoi qasjen e tij ndaj luft\u00ebs n\u00eb Iran, duke sugjeruar se SHBA-ja ishte \u201cposht\u00ebruar&#8221; nga negociator\u00ebt iranian\u00eb. N\u00eb postimin e tij, Trumpi ka [&hellip;]","og_url":"https:\/\/www.press7.tv\/?p=28557","og_site_name":"press7.tv","article_publisher":"https:\/\/www.facebook.com\/press7.tv","article_published_time":"2026-04-30T09:55:32+00:00","og_image":[{"width":860,"height":550,"url":"https:\/\/www.press7.tv\/wp-content\/uploads\/2026\/04\/9754488a-9ef1-45d8-b325-8cd6734148ac.avif","type":"image\/jpeg"}],"author":"gazetar2","twitter_card":"summary_large_image","twitter_misc":{"Written by":"gazetar2","Est. reading time":"1 minute"},"schema":{"@context":"https:\/\/schema.org","@graph":[{"@type":"Article","@id":"https:\/\/www.press7.tv\/?p=28557#article","isPartOf":{"@id":"https:\/\/www.press7.tv\/?p=28557"},"author":{"name":"gazetar2","@id":"https:\/\/www.news33.tv\/#\/schema\/person\/5a04a38a23ccdba82f9bd665cd8f9efa"},"headline":"Trumpi thot\u00eb se SHBA-ja po shqyrton zvog\u00eblimin e trupave n\u00eb Gjermani","datePublished":"2026-04-30T09:55:32+00:00","mainEntityOfPage":{"@id":"https:\/\/www.press7.tv\/?p=28557"},"wordCount":491,"publisher":{"@id":"https:\/\/www.news33.tv\/#organization"},"image":{"@id":"https:\/\/www.press7.tv\/?p=28557#primaryimage"},"thumbnailUrl":"https:\/\/www.press7.tv\/wp-content\/uploads\/2026\/04\/9754488a-9ef1-45d8-b325-8cd6734148ac.avif","articleSection":["Bot\u00eb","Lajme"],"inLanguage":"en-US"},{"@type":"WebPage","@id":"https:\/\/www.press7.tv\/?p=28557","url":"https:\/\/www.press7.tv\/?p=28557","name":"Trumpi thot\u00eb se SHBA-ja po shqyrton zvog\u00eblimin e trupave n\u00eb Gjermani - press7.tv","isPartOf":{"@id":"https:\/\/www.news33.tv\/#website"},"primaryImageOfPage":{"@id":"https:\/\/www.press7.tv\/?p=28557#primaryimage"},"image":{"@id":"https:\/\/www.press7.tv\/?p=28557#primaryimage"},"thumbnailUrl":"https:\/\/www.press7.tv\/wp-content\/uploads\/2026\/04\/9754488a-9ef1-45d8-b325-8cd6734148ac.avif","datePublished":"2026-04-30T09:55:32+00:00","breadcrumb":{"@id":"https:\/\/www.press7.tv\/?p=28557#breadcrumb"},"inLanguage":"en-US","potentialAction":[{"@type":"ReadAction","target":["https:\/\/www.press7.tv\/?p=28557"]}]},{"@type":"ImageObject","inLanguage":"en-US","@id":"https:\/\/www.press7.tv\/?p=28557#primaryimage","url":"https:\/\/www.press7.tv\/wp-content\/uploads\/2026\/04\/9754488a-9ef1-45d8-b325-8cd6734148ac.avif","contentUrl":"https:\/\/www.press7.tv\/wp-content\/uploads\/2026\/04\/9754488a-9ef1-45d8-b325-8cd6734148ac.avif","width":860,"height":550},{"@type":"BreadcrumbList","@id":"https:\/\/www.press7.tv\/?p=28557#breadcrumb","itemListElement":[{"@type":"ListItem","position":1,"name":"Home","item":"https:\/\/www.press7.tv\/"},{"@type":"ListItem","position":2,"name":"Trumpi thot\u00eb se SHBA-ja po shqyrton zvog\u00eblimin e trupave n\u00eb Gjermani"}]},{"@type":"WebSite","@id":"https:\/\/www.news33.tv\/#website","url":"https:\/\/www.news33.tv\/","name":"News33.tv Media","description":"Media","publisher":{"@id":"https:\/\/www.news33.tv\/#organization"},"potentialAction":[{"@type":"SearchAction","target":{"@type":"EntryPoint","urlTemplate":"https:\/\/www.news33.tv\/?s={search_term_string}"},"query-input":{"@type":"PropertyValueSpecification","valueRequired":true,"valueName":"search_term_string"}}],"inLanguage":"en-US"},{"@type":"Organization","@id":"https:\/\/www.news33.tv\/#organization","name":"News33.tv Media","url":"https:\/\/www.news33.tv\/","logo":{"@type":"ImageObject","inLanguage":"en-US","@id":"https:\/\/www.news33.tv\/#\/schema\/logo\/image\/","url":"https:\/\/www.press7.tv\/wp-content\/uploads\/2024\/02\/logo-news33-black.png","contentUrl":"https:\/\/www.press7.tv\/wp-content\/uploads\/2024\/02\/logo-news33-black.png","width":180,"height":37,"caption":"News33.tv Media"},"image":{"@id":"https:\/\/www.news33.tv\/#\/schema\/logo\/image\/"},"sameAs":["https:\/\/www.facebook.com\/press7.tv"]},{"@type":"Person","@id":"https:\/\/www.news33.tv\/#\/schema\/person\/5a04a38a23ccdba82f9bd665cd8f9efa","name":"gazetar2","image":{"@type":"ImageObject","inLanguage":"en-US","@id":"https:\/\/www.news33.tv\/#\/schema\/person\/image\/","url":"https:\/\/www.press7.tv\/wp-content\/litespeed\/avatar\/41975e402c3049d9ddb03adca8f7a883.jpg?ver=1777169572","contentUrl":"https:\/\/www.press7.tv\/wp-content\/litespeed\/avatar\/41975e402c3049d9ddb03adca8f7a883.jpg?ver=1777169572","caption":"gazetar2"},"url":"https:\/\/www.press7.tv\/?author=8"}]}},"amp_enabled":true,"_links":{"self":[{"href":"https:\/\/www.press7.tv\/index.php?rest_route=\/wp\/v2\/posts\/28557","targetHints":{"allow":["GET"]}}],"collection":[{"href":"https:\/\/www.press7.tv\/index.php?rest_route=\/wp\/v2\/posts"}],"about":[{"href":"https:\/\/www.press7.tv\/index.php?rest_route=\/wp\/v2\/types\/post"}],"author":[{"embeddable":true,"href":"https:\/\/www.press7.tv\/index.php?rest_route=\/wp\/v2\/users\/8"}],"replies":[{"embeddable":true,"href":"https:\/\/www.press7.tv\/index.php?rest_route=%2Fwp%2Fv2%2Fcomments&post=28557"}],"version-history":[{"count":1,"href":"https:\/\/www.press7.tv\/index.php?rest_route=\/wp\/v2\/posts\/28557\/revisions"}],"predecessor-version":[{"id":28559,"href":"https:\/\/www.press7.tv\/index.php?rest_route=\/wp\/v2\/posts\/28557\/revisions\/28559"}],"wp:featuredmedia":[{"embeddable":true,"href":"https:\/\/www.press7.tv\/index.php?rest_route=\/wp\/v2\/media\/28558"}],"wp:attachment":[{"href":"https:\/\/www.press7.tv\/index.php?rest_route=%2Fwp%2Fv2%2Fmedia&parent=28557"}],"wp:term":[{"taxonomy":"category","embeddable":true,"href":"https:\/\/www.press7.tv\/index.php?rest_route=%2Fwp%2Fv2%2Fcategories&post=28557"},{"taxonomy":"post_tag","embeddable":true,"href":"https:\/\/www.press7.tv\/index.php?rest_route=%2Fwp%2Fv2%2Ftags&post=28557"}],"curies":[{"name":"wp","href":"https:\/\/api.w.org\/{rel}","templated":true}]}}