{"id":28551,"date":"2026-04-30T09:49:46","date_gmt":"2026-04-30T09:49:46","guid":{"rendered":"https:\/\/www.press7.tv\/?p=28551"},"modified":"2026-04-30T09:49:46","modified_gmt":"2026-04-30T09:49:46","slug":"haxhiu-e-kurti-bejne-homazhe-nderojne-deshmoret-ne-gllobar-te-drenasit","status":"publish","type":"post","link":"https:\/\/www.press7.tv\/?p=28551","title":{"rendered":"Haxhiu e Kurti b\u00ebjn\u00eb homazhe, nderojn\u00eb d\u00ebshmor\u00ebt n\u00eb Gllobar t\u00eb Drenasit"},"content":{"rendered":"\n    <div class=\"xs_social_share_widget xs_share_url before_content \t\tmain_content  wslu-style-2 wslu-share-box-shaped wslu-fill-colored wslu-share-m-5 wslu-none wslu-share-vertical wslu-theme-font-no wslu-main_content\">\n\n\t\t\n        <ul>\n\t\t\t        <\/ul>\n    <\/div> \n<p>Ushtruesja e detyr\u00ebs s\u00eb presidentes s\u00eb Republik\u00ebs s\u00eb Kosov\u00ebs, Albulena Haxhiu, s\u00eb bashku me kryeministrin Albin Kurti kan\u00eb nisur homazhet n\u00eb fshatin Gllobar t\u00eb Drenasit, n\u00eb kuad\u00ebr t\u00eb nderimit t\u00eb d\u00ebshmor\u00ebve.<\/p>\n<p>N\u00eb or\u00ebn 10:15, Haxhiu pritet t\u00eb b\u00ebj\u00eb homazhe n\u00eb varrezat e d\u00ebshmor\u00ebve n\u00eb Verboc, n\u00eb or\u00ebn 10:45 n\u00eb Shtutic\u00eb, nd\u00ebrsa n\u00eb or\u00ebn 11:15 do t\u00eb q\u00ebndroj\u00eb n\u00eb Kompleksin Memorial n\u00eb Marin\u00eb.<\/p>\n","protected":false},"excerpt":{"rendered":"<p>Ushtruesja e detyr\u00ebs s\u00eb presidentes s\u00eb Republik\u00ebs s\u00eb Kosov\u00ebs, Albulena Haxhiu, s\u00eb bashku me kryeministrin Albin Kurti kan\u00eb nisur homazhet n\u00eb fshatin Gllobar t\u00eb Drenasit, n\u00eb kuad\u00ebr t\u00eb nderimit t\u00eb d\u00ebshmor\u00ebve. N\u00eb or\u00ebn 10:15, Haxhiu pritet t\u00eb b\u00ebj\u00eb homazhe n\u00eb varrezat e d\u00ebshmor\u00ebve n\u00eb Verboc, n\u00eb or\u00ebn 10:45 n\u00eb Shtutic\u00eb, nd\u00ebrsa n\u00eb or\u00ebn 11:15 do [&hellip;]<\/p>\n","protected":false},"author":8,"featured_media":28555,"comment_status":"closed","ping_status":"closed","sticky":false,"template":"","format":"standard","meta":{"footnotes":""},"categories":[215,213],"tags":[],"class_list":["post-28551","post","type-post","status-publish","format-standard","has-post-thumbnail","hentry","category-kosove","category-lajme"],"yoast_head":"<!-- This site is optimized with the Yoast SEO plugin v25.1 - https:\/\/yoast.com\/wordpress\/plugins\/seo\/ -->\n<title>Haxhiu e Kurti b\u00ebjn\u00eb homazhe, nderojn\u00eb d\u00ebshmor\u00ebt n\u00eb Gllobar t\u00eb Drenasit - press7.tv<\/title>\n<meta name=\"robots\" content=\"index, follow, max-snippet:-1, max-image-preview:large, max-video-preview:-1\" \/>\n<link rel=\"canonical\" href=\"https:\/\/www.press7.tv\/?p=28551\" \/>\n<meta property=\"og:locale\" content=\"en_US\" \/>\n<meta property=\"og:type\" content=\"article\" \/>\n<meta property=\"og:title\" content=\"Haxhiu e Kurti b\u00ebjn\u00eb homazhe, nderojn\u00eb d\u00ebshmor\u00ebt n\u00eb Gllobar t\u00eb Drenasit - press7.tv\" \/>\n<meta property=\"og:description\" content=\"Ushtruesja e detyr\u00ebs s\u00eb presidentes s\u00eb Republik\u00ebs s\u00eb Kosov\u00ebs, Albulena Haxhiu, s\u00eb bashku me kryeministrin Albin Kurti kan\u00eb nisur homazhet n\u00eb fshatin Gllobar t\u00eb Drenasit, n\u00eb kuad\u00ebr t\u00eb nderimit t\u00eb d\u00ebshmor\u00ebve. N\u00eb or\u00ebn 10:15, Haxhiu pritet t\u00eb b\u00ebj\u00eb homazhe n\u00eb varrezat e d\u00ebshmor\u00ebve n\u00eb Verboc, n\u00eb or\u00ebn 10:45 n\u00eb Shtutic\u00eb, nd\u00ebrsa n\u00eb or\u00ebn 11:15 do [&hellip;]\" \/>\n<meta property=\"og:url\" content=\"https:\/\/www.press7.tv\/?p=28551\" \/>\n<meta property=\"og:site_name\" content=\"press7.tv\" \/>\n<meta property=\"article:publisher\" content=\"https:\/\/www.facebook.com\/press7.tv\" \/>\n<meta property=\"article:published_time\" content=\"2026-04-30T09:49:46+00:00\" \/>\n<meta property=\"og:image\" content=\"https:\/\/www.press7.tv\/wp-content\/uploads\/2026\/04\/Foto-Web-AR-2026-04-30T111907.703-800x445-2.avif\" \/>\n\t<meta property=\"og:image:width\" content=\"800\" \/>\n\t<meta property=\"og:image:height\" content=\"445\" \/>\n\t<meta property=\"og:image:type\" content=\"image\/jpeg\" \/>\n<meta name=\"author\" content=\"gazetar2\" \/>\n<meta name=\"twitter:card\" content=\"summary_large_image\" \/>\n<meta name=\"twitter:label1\" content=\"Written by\" \/>\n\t<meta name=\"twitter:data1\" content=\"gazetar2\" \/>\n\t<meta name=\"twitter:label2\" content=\"Est. reading time\" \/>\n\t<meta name=\"twitter:data2\" content=\"1 minute\" \/>\n<script type=\"application\/ld+json\" class=\"yoast-schema-graph\">{\"@context\":\"https:\/\/schema.org\",\"@graph\":[{\"@type\":\"Article\",\"@id\":\"https:\/\/www.press7.tv\/?p=28551#article\",\"isPartOf\":{\"@id\":\"https:\/\/www.press7.tv\/?p=28551\"},\"author\":{\"name\":\"gazetar2\",\"@id\":\"https:\/\/www.news33.tv\/#\/schema\/person\/5a04a38a23ccdba82f9bd665cd8f9efa\"},\"headline\":\"Haxhiu e Kurti b\u00ebjn\u00eb homazhe, nderojn\u00eb d\u00ebshmor\u00ebt n\u00eb Gllobar t\u00eb Drenasit\",\"datePublished\":\"2026-04-30T09:49:46+00:00\",\"mainEntityOfPage\":{\"@id\":\"https:\/\/www.press7.tv\/?p=28551\"},\"wordCount\":87,\"publisher\":{\"@id\":\"https:\/\/www.news33.tv\/#organization\"},\"image\":{\"@id\":\"https:\/\/www.press7.tv\/?p=28551#primaryimage\"},\"thumbnailUrl\":\"https:\/\/www.press7.tv\/wp-content\/uploads\/2026\/04\/Foto-Web-AR-2026-04-30T111907.703-800x445-2.avif\",\"articleSection\":[\"Kosov\u00eb\",\"Lajme\"],\"inLanguage\":\"en-US\"},{\"@type\":\"WebPage\",\"@id\":\"https:\/\/www.press7.tv\/?p=28551\",\"url\":\"https:\/\/www.press7.tv\/?p=28551\",\"name\":\"Haxhiu e Kurti b\u00ebjn\u00eb homazhe, nderojn\u00eb d\u00ebshmor\u00ebt n\u00eb Gllobar t\u00eb Drenasit - press7.tv\",\"isPartOf\":{\"@id\":\"https:\/\/www.news33.tv\/#website\"},\"primaryImageOfPage\":{\"@id\":\"https:\/\/www.press7.tv\/?p=28551#primaryimage\"},\"image\":{\"@id\":\"https:\/\/www.press7.tv\/?p=28551#primaryimage\"},\"thumbnailUrl\":\"https:\/\/www.press7.tv\/wp-content\/uploads\/2026\/04\/Foto-Web-AR-2026-04-30T111907.703-800x445-2.avif\",\"datePublished\":\"2026-04-30T09:49:46+00:00\",\"breadcrumb\":{\"@id\":\"https:\/\/www.press7.tv\/?p=28551#breadcrumb\"},\"inLanguage\":\"en-US\",\"potentialAction\":[{\"@type\":\"ReadAction\",\"target\":[\"https:\/\/www.press7.tv\/?p=28551\"]}]},{\"@type\":\"ImageObject\",\"inLanguage\":\"en-US\",\"@id\":\"https:\/\/www.press7.tv\/?p=28551#primaryimage\",\"url\":\"https:\/\/www.press7.tv\/wp-content\/uploads\/2026\/04\/Foto-Web-AR-2026-04-30T111907.703-800x445-2.avif\",\"contentUrl\":\"https:\/\/www.press7.tv\/wp-content\/uploads\/2026\/04\/Foto-Web-AR-2026-04-30T111907.703-800x445-2.avif\",\"width\":800,\"height\":445},{\"@type\":\"BreadcrumbList\",\"@id\":\"https:\/\/www.press7.tv\/?p=28551#breadcrumb\",\"itemListElement\":[{\"@type\":\"ListItem\",\"position\":1,\"name\":\"Home\",\"item\":\"https:\/\/www.press7.tv\/\"},{\"@type\":\"ListItem\",\"position\":2,\"name\":\"Haxhiu e Kurti b\u00ebjn\u00eb homazhe, nderojn\u00eb d\u00ebshmor\u00ebt n\u00eb Gllobar t\u00eb Drenasit\"}]},{\"@type\":\"WebSite\",\"@id\":\"https:\/\/www.news33.tv\/#website\",\"url\":\"https:\/\/www.news33.tv\/\",\"name\":\"News33.tv Media\",\"description\":\"Media\",\"publisher\":{\"@id\":\"https:\/\/www.news33.tv\/#organization\"},\"potentialAction\":[{\"@type\":\"SearchAction\",\"target\":{\"@type\":\"EntryPoint\",\"urlTemplate\":\"https:\/\/www.news33.tv\/?s={search_term_string}\"},\"query-input\":{\"@type\":\"PropertyValueSpecification\",\"valueRequired\":true,\"valueName\":\"search_term_string\"}}],\"inLanguage\":\"en-US\"},{\"@type\":\"Organization\",\"@id\":\"https:\/\/www.news33.tv\/#organization\",\"name\":\"News33.tv Media\",\"url\":\"https:\/\/www.news33.tv\/\",\"logo\":{\"@type\":\"ImageObject\",\"inLanguage\":\"en-US\",\"@id\":\"https:\/\/www.news33.tv\/#\/schema\/logo\/image\/\",\"url\":\"https:\/\/www.press7.tv\/wp-content\/uploads\/2024\/02\/logo-news33-black.png\",\"contentUrl\":\"https:\/\/www.press7.tv\/wp-content\/uploads\/2024\/02\/logo-news33-black.png\",\"width\":180,\"height\":37,\"caption\":\"News33.tv Media\"},\"image\":{\"@id\":\"https:\/\/www.news33.tv\/#\/schema\/logo\/image\/\"},\"sameAs\":[\"https:\/\/www.facebook.com\/press7.tv\"]},{\"@type\":\"Person\",\"@id\":\"https:\/\/www.news33.tv\/#\/schema\/person\/5a04a38a23ccdba82f9bd665cd8f9efa\",\"name\":\"gazetar2\",\"image\":{\"@type\":\"ImageObject\",\"inLanguage\":\"en-US\",\"@id\":\"https:\/\/www.news33.tv\/#\/schema\/person\/image\/\",\"url\":\"https:\/\/www.press7.tv\/wp-content\/litespeed\/avatar\/41975e402c3049d9ddb03adca8f7a883.jpg?ver=1777169572\",\"contentUrl\":\"https:\/\/www.press7.tv\/wp-content\/litespeed\/avatar\/41975e402c3049d9ddb03adca8f7a883.jpg?ver=1777169572\",\"caption\":\"gazetar2\"},\"url\":\"https:\/\/www.press7.tv\/?author=8\"}]}<\/script>\n<!-- \/ Yoast SEO plugin. -->","yoast_head_json":{"title":"Haxhiu e Kurti b\u00ebjn\u00eb homazhe, nderojn\u00eb d\u00ebshmor\u00ebt n\u00eb Gllobar t\u00eb Drenasit - press7.tv","robots":{"index":"index","follow":"follow","max-snippet":"max-snippet:-1","max-image-preview":"max-image-preview:large","max-video-preview":"max-video-preview:-1"},"canonical":"https:\/\/www.press7.tv\/?p=28551","og_locale":"en_US","og_type":"article","og_title":"Haxhiu e Kurti b\u00ebjn\u00eb homazhe, nderojn\u00eb d\u00ebshmor\u00ebt n\u00eb Gllobar t\u00eb Drenasit - press7.tv","og_description":"Ushtruesja e detyr\u00ebs s\u00eb presidentes s\u00eb Republik\u00ebs s\u00eb Kosov\u00ebs, Albulena Haxhiu, s\u00eb bashku me kryeministrin Albin Kurti kan\u00eb nisur homazhet n\u00eb fshatin Gllobar t\u00eb Drenasit, n\u00eb kuad\u00ebr t\u00eb nderimit t\u00eb d\u00ebshmor\u00ebve. N\u00eb or\u00ebn 10:15, Haxhiu pritet t\u00eb b\u00ebj\u00eb homazhe n\u00eb varrezat e d\u00ebshmor\u00ebve n\u00eb Verboc, n\u00eb or\u00ebn 10:45 n\u00eb Shtutic\u00eb, nd\u00ebrsa n\u00eb or\u00ebn 11:15 do [&hellip;]","og_url":"https:\/\/www.press7.tv\/?p=28551","og_site_name":"press7.tv","article_publisher":"https:\/\/www.facebook.com\/press7.tv","article_published_time":"2026-04-30T09:49:46+00:00","og_image":[{"width":800,"height":445,"url":"https:\/\/www.press7.tv\/wp-content\/uploads\/2026\/04\/Foto-Web-AR-2026-04-30T111907.703-800x445-2.avif","type":"image\/jpeg"}],"author":"gazetar2","twitter_card":"summary_large_image","twitter_misc":{"Written by":"gazetar2","Est. reading time":"1 minute"},"schema":{"@context":"https:\/\/schema.org","@graph":[{"@type":"Article","@id":"https:\/\/www.press7.tv\/?p=28551#article","isPartOf":{"@id":"https:\/\/www.press7.tv\/?p=28551"},"author":{"name":"gazetar2","@id":"https:\/\/www.news33.tv\/#\/schema\/person\/5a04a38a23ccdba82f9bd665cd8f9efa"},"headline":"Haxhiu e Kurti b\u00ebjn\u00eb homazhe, nderojn\u00eb d\u00ebshmor\u00ebt n\u00eb Gllobar t\u00eb Drenasit","datePublished":"2026-04-30T09:49:46+00:00","mainEntityOfPage":{"@id":"https:\/\/www.press7.tv\/?p=28551"},"wordCount":87,"publisher":{"@id":"https:\/\/www.news33.tv\/#organization"},"image":{"@id":"https:\/\/www.press7.tv\/?p=28551#primaryimage"},"thumbnailUrl":"https:\/\/www.press7.tv\/wp-content\/uploads\/2026\/04\/Foto-Web-AR-2026-04-30T111907.703-800x445-2.avif","articleSection":["Kosov\u00eb","Lajme"],"inLanguage":"en-US"},{"@type":"WebPage","@id":"https:\/\/www.press7.tv\/?p=28551","url":"https:\/\/www.press7.tv\/?p=28551","name":"Haxhiu e Kurti b\u00ebjn\u00eb homazhe, nderojn\u00eb d\u00ebshmor\u00ebt n\u00eb Gllobar t\u00eb Drenasit - press7.tv","isPartOf":{"@id":"https:\/\/www.news33.tv\/#website"},"primaryImageOfPage":{"@id":"https:\/\/www.press7.tv\/?p=28551#primaryimage"},"image":{"@id":"https:\/\/www.press7.tv\/?p=28551#primaryimage"},"thumbnailUrl":"https:\/\/www.press7.tv\/wp-content\/uploads\/2026\/04\/Foto-Web-AR-2026-04-30T111907.703-800x445-2.avif","datePublished":"2026-04-30T09:49:46+00:00","breadcrumb":{"@id":"https:\/\/www.press7.tv\/?p=28551#breadcrumb"},"inLanguage":"en-US","potentialAction":[{"@type":"ReadAction","target":["https:\/\/www.press7.tv\/?p=28551"]}]},{"@type":"ImageObject","inLanguage":"en-US","@id":"https:\/\/www.press7.tv\/?p=28551#primaryimage","url":"https:\/\/www.press7.tv\/wp-content\/uploads\/2026\/04\/Foto-Web-AR-2026-04-30T111907.703-800x445-2.avif","contentUrl":"https:\/\/www.press7.tv\/wp-content\/uploads\/2026\/04\/Foto-Web-AR-2026-04-30T111907.703-800x445-2.avif","width":800,"height":445},{"@type":"BreadcrumbList","@id":"https:\/\/www.press7.tv\/?p=28551#breadcrumb","itemListElement":[{"@type":"ListItem","position":1,"name":"Home","item":"https:\/\/www.press7.tv\/"},{"@type":"ListItem","position":2,"name":"Haxhiu e Kurti b\u00ebjn\u00eb homazhe, nderojn\u00eb d\u00ebshmor\u00ebt n\u00eb Gllobar t\u00eb Drenasit"}]},{"@type":"WebSite","@id":"https:\/\/www.news33.tv\/#website","url":"https:\/\/www.news33.tv\/","name":"News33.tv Media","description":"Media","publisher":{"@id":"https:\/\/www.news33.tv\/#organization"},"potentialAction":[{"@type":"SearchAction","target":{"@type":"EntryPoint","urlTemplate":"https:\/\/www.news33.tv\/?s={search_term_string}"},"query-input":{"@type":"PropertyValueSpecification","valueRequired":true,"valueName":"search_term_string"}}],"inLanguage":"en-US"},{"@type":"Organization","@id":"https:\/\/www.news33.tv\/#organization","name":"News33.tv Media","url":"https:\/\/www.news33.tv\/","logo":{"@type":"ImageObject","inLanguage":"en-US","@id":"https:\/\/www.news33.tv\/#\/schema\/logo\/image\/","url":"https:\/\/www.press7.tv\/wp-content\/uploads\/2024\/02\/logo-news33-black.png","contentUrl":"https:\/\/www.press7.tv\/wp-content\/uploads\/2024\/02\/logo-news33-black.png","width":180,"height":37,"caption":"News33.tv Media"},"image":{"@id":"https:\/\/www.news33.tv\/#\/schema\/logo\/image\/"},"sameAs":["https:\/\/www.facebook.com\/press7.tv"]},{"@type":"Person","@id":"https:\/\/www.news33.tv\/#\/schema\/person\/5a04a38a23ccdba82f9bd665cd8f9efa","name":"gazetar2","image":{"@type":"ImageObject","inLanguage":"en-US","@id":"https:\/\/www.news33.tv\/#\/schema\/person\/image\/","url":"https:\/\/www.press7.tv\/wp-content\/litespeed\/avatar\/41975e402c3049d9ddb03adca8f7a883.jpg?ver=1777169572","contentUrl":"https:\/\/www.press7.tv\/wp-content\/litespeed\/avatar\/41975e402c3049d9ddb03adca8f7a883.jpg?ver=1777169572","caption":"gazetar2"},"url":"https:\/\/www.press7.tv\/?author=8"}]}},"amp_enabled":true,"_links":{"self":[{"href":"https:\/\/www.press7.tv\/index.php?rest_route=\/wp\/v2\/posts\/28551","targetHints":{"allow":["GET"]}}],"collection":[{"href":"https:\/\/www.press7.tv\/index.php?rest_route=\/wp\/v2\/posts"}],"about":[{"href":"https:\/\/www.press7.tv\/index.php?rest_route=\/wp\/v2\/types\/post"}],"author":[{"embeddable":true,"href":"https:\/\/www.press7.tv\/index.php?rest_route=\/wp\/v2\/users\/8"}],"replies":[{"embeddable":true,"href":"https:\/\/www.press7.tv\/index.php?rest_route=%2Fwp%2Fv2%2Fcomments&post=28551"}],"version-history":[{"count":1,"href":"https:\/\/www.press7.tv\/index.php?rest_route=\/wp\/v2\/posts\/28551\/revisions"}],"predecessor-version":[{"id":28556,"href":"https:\/\/www.press7.tv\/index.php?rest_route=\/wp\/v2\/posts\/28551\/revisions\/28556"}],"wp:featuredmedia":[{"embeddable":true,"href":"https:\/\/www.press7.tv\/index.php?rest_route=\/wp\/v2\/media\/28555"}],"wp:attachment":[{"href":"https:\/\/www.press7.tv\/index.php?rest_route=%2Fwp%2Fv2%2Fmedia&parent=28551"}],"wp:term":[{"taxonomy":"category","embeddable":true,"href":"https:\/\/www.press7.tv\/index.php?rest_route=%2Fwp%2Fv2%2Fcategories&post=28551"},{"taxonomy":"post_tag","embeddable":true,"href":"https:\/\/www.press7.tv\/index.php?rest_route=%2Fwp%2Fv2%2Ftags&post=28551"}],"curies":[{"name":"wp","href":"https:\/\/api.w.org\/{rel}","templated":true}]}}