{"id":28539,"date":"2026-04-29T15:31:44","date_gmt":"2026-04-29T15:31:44","guid":{"rendered":"https:\/\/www.press7.tv\/?p=28539"},"modified":"2026-04-29T15:31:44","modified_gmt":"2026-04-29T15:31:44","slug":"zelensky-publikoi-video-te-sulmit-1500-km-ne-thellesi-te-rusise-kjo-eshte-nje-faze-e-re-e-luftes","status":"publish","type":"post","link":"https:\/\/www.press7.tv\/?p=28539","title":{"rendered":"Zelensky publikoi video t\u00eb sulmit 1500 km n\u00eb thell\u00ebsi t\u00eb Rusis\u00eb: Kjo \u00ebsht\u00eb nj\u00eb faz\u00eb e re e luft\u00ebs"},"content":{"rendered":"\n    <div class=\"xs_social_share_widget xs_share_url before_content \t\tmain_content  wslu-style-2 wslu-share-box-shaped wslu-fill-colored wslu-share-m-5 wslu-none wslu-share-vertical wslu-theme-font-no wslu-main_content\">\n\n\t\t\n        <ul>\n\t\t\t        <\/ul>\n    <\/div> \n<p>Presidenti ukrainas, Volodymyr Zelensky ka publikuar nj\u00eb video q\u00eb tregon nj\u00eb sulm t\u00eb forcave ukrainase rreth 1500 kilometra n\u00eb thell\u00ebsi t\u00eb territorit rus, duke e cil\u00ebsuar k\u00ebt\u00eb zhvillim si nj\u00eb faz\u00eb t\u00eb re t\u00eb luft\u00ebs.<\/p>\n<p>Sipas raportimeve, sulmi ka sh\u00ebnjestruar objekte strategjike brenda Rusis\u00eb, p\u00ebrfshir\u00eb infrastruktur\u00eb energjetike me r\u00ebnd\u00ebsi t\u00eb madhe p\u00ebr ekonomin\u00eb dhe furnizimin ushtarak.<\/p>\n<p>Autoritetet ukrainase theksojn\u00eb se k\u00ebto goditje synojn\u00eb t\u00eb dob\u00ebsojn\u00eb kapacitetet financiare dhe logjistike t\u00eb Mosk\u00ebs.<\/p>\n<p>Zelensky deklaroi se sulme t\u00eb tilla jan\u00eb t\u00eb ndjeshme p\u00ebr Rusin\u00eb, pasi ndikojn\u00eb drejtp\u00ebrdrejt n\u00eb burimet q\u00eb p\u00ebrdoren p\u00ebr vazhdimin e luft\u00ebs.<\/p>\n<p>Ai shtoi se Ukraina do t\u00eb vazhdoj\u00eb t\u00eb zhvilloj\u00eb dhe p\u00ebrdor\u00eb teknologji t\u00eb avancuara p\u00ebr t\u00eb arritur objektiva n\u00eb distanca t\u00eb gjata.<\/p>\n<p>Ukraina ka rritur ndjesh\u00ebm kapacitetet e saj p\u00ebr sulme n\u00eb thell\u00ebsi, kryesisht p\u00ebrmes p\u00ebrdorimit t\u00eb dron\u00ebve dhe sistemeve t\u00eb reja q\u00eb mund t\u00eb godasin objektiva larg vij\u00ebs s\u00eb frontit.<\/p>\n<p>K\u00ebto veprime jan\u00eb pjes\u00eb e nj\u00eb strategjie m\u00eb t\u00eb gjer\u00eb p\u00ebr t\u00eb zhvendosur presionin e luft\u00ebs edhe brenda territorit rus dhe p\u00ebr t\u00eb d\u00ebmtuar infrastruktur\u00ebn q\u00eb mb\u00ebshtet operacionet ushtarake t\u00eb Kremlinit.<\/p>\n<p>Zhvillimi konsiderohet si nj\u00eb ndryshim i r\u00ebnd\u00ebsish\u00ebm n\u00eb dinamik\u00ebn e konfliktit, duke treguar se lufta po zgjerohet p\u00ebrtej vijave tradicionale t\u00eb frontit dhe po prek gjithnj\u00eb e m\u00eb shum\u00eb zona t\u00eb thella brenda Rusis\u00eb.<\/p>\n","protected":false},"excerpt":{"rendered":"<p>Presidenti ukrainas, Volodymyr Zelensky ka publikuar nj\u00eb video q\u00eb tregon nj\u00eb sulm t\u00eb forcave ukrainase rreth 1500 kilometra n\u00eb thell\u00ebsi t\u00eb territorit rus, duke e cil\u00ebsuar k\u00ebt\u00eb zhvillim si nj\u00eb faz\u00eb t\u00eb re t\u00eb luft\u00ebs. Sipas raportimeve, sulmi ka sh\u00ebnjestruar objekte strategjike brenda Rusis\u00eb, p\u00ebrfshir\u00eb infrastruktur\u00eb energjetike me r\u00ebnd\u00ebsi t\u00eb madhe p\u00ebr ekonomin\u00eb dhe furnizimin [&hellip;]<\/p>\n","protected":false},"author":8,"featured_media":28540,"comment_status":"closed","ping_status":"closed","sticky":false,"template":"","format":"standard","meta":{"footnotes":""},"categories":[217,213],"tags":[],"class_list":["post-28539","post","type-post","status-publish","format-standard","has-post-thumbnail","hentry","category-bote","category-lajme"],"yoast_head":"<!-- This site is optimized with the Yoast SEO plugin v25.1 - https:\/\/yoast.com\/wordpress\/plugins\/seo\/ -->\n<title>Zelensky publikoi video t\u00eb sulmit 1500 km n\u00eb thell\u00ebsi t\u00eb Rusis\u00eb: Kjo \u00ebsht\u00eb nj\u00eb faz\u00eb e re e luft\u00ebs - press7.tv<\/title>\n<meta name=\"robots\" content=\"index, follow, max-snippet:-1, max-image-preview:large, max-video-preview:-1\" \/>\n<link rel=\"canonical\" href=\"https:\/\/www.press7.tv\/?p=28539\" \/>\n<meta property=\"og:locale\" content=\"en_US\" \/>\n<meta property=\"og:type\" content=\"article\" \/>\n<meta property=\"og:title\" content=\"Zelensky publikoi video t\u00eb sulmit 1500 km n\u00eb thell\u00ebsi t\u00eb Rusis\u00eb: Kjo \u00ebsht\u00eb nj\u00eb faz\u00eb e re e luft\u00ebs - press7.tv\" \/>\n<meta property=\"og:description\" content=\"Presidenti ukrainas, Volodymyr Zelensky ka publikuar nj\u00eb video q\u00eb tregon nj\u00eb sulm t\u00eb forcave ukrainase rreth 1500 kilometra n\u00eb thell\u00ebsi t\u00eb territorit rus, duke e cil\u00ebsuar k\u00ebt\u00eb zhvillim si nj\u00eb faz\u00eb t\u00eb re t\u00eb luft\u00ebs. Sipas raportimeve, sulmi ka sh\u00ebnjestruar objekte strategjike brenda Rusis\u00eb, p\u00ebrfshir\u00eb infrastruktur\u00eb energjetike me r\u00ebnd\u00ebsi t\u00eb madhe p\u00ebr ekonomin\u00eb dhe furnizimin [&hellip;]\" \/>\n<meta property=\"og:url\" content=\"https:\/\/www.press7.tv\/?p=28539\" \/>\n<meta property=\"og:site_name\" content=\"press7.tv\" \/>\n<meta property=\"article:publisher\" content=\"https:\/\/www.facebook.com\/press7.tv\" \/>\n<meta property=\"article:published_time\" content=\"2026-04-29T15:31:44+00:00\" \/>\n<meta property=\"og:image\" content=\"https:\/\/www.press7.tv\/wp-content\/uploads\/2026\/04\/qwe-2026-04-29T161850.765-800x445-1.avif\" \/>\n\t<meta property=\"og:image:width\" content=\"800\" \/>\n\t<meta property=\"og:image:height\" content=\"445\" \/>\n\t<meta property=\"og:image:type\" content=\"image\/jpeg\" \/>\n<meta name=\"author\" content=\"gazetar2\" \/>\n<meta name=\"twitter:card\" content=\"summary_large_image\" \/>\n<meta name=\"twitter:label1\" content=\"Written by\" \/>\n\t<meta name=\"twitter:data1\" content=\"gazetar2\" \/>\n\t<meta name=\"twitter:label2\" content=\"Est. reading time\" \/>\n\t<meta name=\"twitter:data2\" content=\"1 minute\" \/>\n<script type=\"application\/ld+json\" class=\"yoast-schema-graph\">{\"@context\":\"https:\/\/schema.org\",\"@graph\":[{\"@type\":\"Article\",\"@id\":\"https:\/\/www.press7.tv\/?p=28539#article\",\"isPartOf\":{\"@id\":\"https:\/\/www.press7.tv\/?p=28539\"},\"author\":{\"name\":\"gazetar2\",\"@id\":\"https:\/\/www.news33.tv\/#\/schema\/person\/5a04a38a23ccdba82f9bd665cd8f9efa\"},\"headline\":\"Zelensky publikoi video t\u00eb sulmit 1500 km n\u00eb thell\u00ebsi t\u00eb Rusis\u00eb: Kjo \u00ebsht\u00eb nj\u00eb faz\u00eb e re e luft\u00ebs\",\"datePublished\":\"2026-04-29T15:31:44+00:00\",\"mainEntityOfPage\":{\"@id\":\"https:\/\/www.press7.tv\/?p=28539\"},\"wordCount\":266,\"publisher\":{\"@id\":\"https:\/\/www.news33.tv\/#organization\"},\"image\":{\"@id\":\"https:\/\/www.press7.tv\/?p=28539#primaryimage\"},\"thumbnailUrl\":\"https:\/\/www.press7.tv\/wp-content\/uploads\/2026\/04\/qwe-2026-04-29T161850.765-800x445-1.avif\",\"articleSection\":[\"Bot\u00eb\",\"Lajme\"],\"inLanguage\":\"en-US\"},{\"@type\":\"WebPage\",\"@id\":\"https:\/\/www.press7.tv\/?p=28539\",\"url\":\"https:\/\/www.press7.tv\/?p=28539\",\"name\":\"Zelensky publikoi video t\u00eb sulmit 1500 km n\u00eb thell\u00ebsi t\u00eb Rusis\u00eb: Kjo \u00ebsht\u00eb nj\u00eb faz\u00eb e re e luft\u00ebs - press7.tv\",\"isPartOf\":{\"@id\":\"https:\/\/www.news33.tv\/#website\"},\"primaryImageOfPage\":{\"@id\":\"https:\/\/www.press7.tv\/?p=28539#primaryimage\"},\"image\":{\"@id\":\"https:\/\/www.press7.tv\/?p=28539#primaryimage\"},\"thumbnailUrl\":\"https:\/\/www.press7.tv\/wp-content\/uploads\/2026\/04\/qwe-2026-04-29T161850.765-800x445-1.avif\",\"datePublished\":\"2026-04-29T15:31:44+00:00\",\"breadcrumb\":{\"@id\":\"https:\/\/www.press7.tv\/?p=28539#breadcrumb\"},\"inLanguage\":\"en-US\",\"potentialAction\":[{\"@type\":\"ReadAction\",\"target\":[\"https:\/\/www.press7.tv\/?p=28539\"]}]},{\"@type\":\"ImageObject\",\"inLanguage\":\"en-US\",\"@id\":\"https:\/\/www.press7.tv\/?p=28539#primaryimage\",\"url\":\"https:\/\/www.press7.tv\/wp-content\/uploads\/2026\/04\/qwe-2026-04-29T161850.765-800x445-1.avif\",\"contentUrl\":\"https:\/\/www.press7.tv\/wp-content\/uploads\/2026\/04\/qwe-2026-04-29T161850.765-800x445-1.avif\",\"width\":800,\"height\":445},{\"@type\":\"BreadcrumbList\",\"@id\":\"https:\/\/www.press7.tv\/?p=28539#breadcrumb\",\"itemListElement\":[{\"@type\":\"ListItem\",\"position\":1,\"name\":\"Home\",\"item\":\"https:\/\/www.press7.tv\/\"},{\"@type\":\"ListItem\",\"position\":2,\"name\":\"Zelensky publikoi video t\u00eb sulmit 1500 km n\u00eb thell\u00ebsi t\u00eb Rusis\u00eb: Kjo \u00ebsht\u00eb nj\u00eb faz\u00eb e re e luft\u00ebs\"}]},{\"@type\":\"WebSite\",\"@id\":\"https:\/\/www.news33.tv\/#website\",\"url\":\"https:\/\/www.news33.tv\/\",\"name\":\"News33.tv Media\",\"description\":\"Media\",\"publisher\":{\"@id\":\"https:\/\/www.news33.tv\/#organization\"},\"potentialAction\":[{\"@type\":\"SearchAction\",\"target\":{\"@type\":\"EntryPoint\",\"urlTemplate\":\"https:\/\/www.news33.tv\/?s={search_term_string}\"},\"query-input\":{\"@type\":\"PropertyValueSpecification\",\"valueRequired\":true,\"valueName\":\"search_term_string\"}}],\"inLanguage\":\"en-US\"},{\"@type\":\"Organization\",\"@id\":\"https:\/\/www.news33.tv\/#organization\",\"name\":\"News33.tv Media\",\"url\":\"https:\/\/www.news33.tv\/\",\"logo\":{\"@type\":\"ImageObject\",\"inLanguage\":\"en-US\",\"@id\":\"https:\/\/www.news33.tv\/#\/schema\/logo\/image\/\",\"url\":\"https:\/\/www.press7.tv\/wp-content\/uploads\/2024\/02\/logo-news33-black.png\",\"contentUrl\":\"https:\/\/www.press7.tv\/wp-content\/uploads\/2024\/02\/logo-news33-black.png\",\"width\":180,\"height\":37,\"caption\":\"News33.tv Media\"},\"image\":{\"@id\":\"https:\/\/www.news33.tv\/#\/schema\/logo\/image\/\"},\"sameAs\":[\"https:\/\/www.facebook.com\/press7.tv\"]},{\"@type\":\"Person\",\"@id\":\"https:\/\/www.news33.tv\/#\/schema\/person\/5a04a38a23ccdba82f9bd665cd8f9efa\",\"name\":\"gazetar2\",\"image\":{\"@type\":\"ImageObject\",\"inLanguage\":\"en-US\",\"@id\":\"https:\/\/www.news33.tv\/#\/schema\/person\/image\/\",\"url\":\"https:\/\/www.press7.tv\/wp-content\/litespeed\/avatar\/41975e402c3049d9ddb03adca8f7a883.jpg?ver=1777169572\",\"contentUrl\":\"https:\/\/www.press7.tv\/wp-content\/litespeed\/avatar\/41975e402c3049d9ddb03adca8f7a883.jpg?ver=1777169572\",\"caption\":\"gazetar2\"},\"url\":\"https:\/\/www.press7.tv\/?author=8\"}]}<\/script>\n<!-- \/ Yoast SEO plugin. -->","yoast_head_json":{"title":"Zelensky publikoi video t\u00eb sulmit 1500 km n\u00eb thell\u00ebsi t\u00eb Rusis\u00eb: Kjo \u00ebsht\u00eb nj\u00eb faz\u00eb e re e luft\u00ebs - press7.tv","robots":{"index":"index","follow":"follow","max-snippet":"max-snippet:-1","max-image-preview":"max-image-preview:large","max-video-preview":"max-video-preview:-1"},"canonical":"https:\/\/www.press7.tv\/?p=28539","og_locale":"en_US","og_type":"article","og_title":"Zelensky publikoi video t\u00eb sulmit 1500 km n\u00eb thell\u00ebsi t\u00eb Rusis\u00eb: Kjo \u00ebsht\u00eb nj\u00eb faz\u00eb e re e luft\u00ebs - press7.tv","og_description":"Presidenti ukrainas, Volodymyr Zelensky ka publikuar nj\u00eb video q\u00eb tregon nj\u00eb sulm t\u00eb forcave ukrainase rreth 1500 kilometra n\u00eb thell\u00ebsi t\u00eb territorit rus, duke e cil\u00ebsuar k\u00ebt\u00eb zhvillim si nj\u00eb faz\u00eb t\u00eb re t\u00eb luft\u00ebs. Sipas raportimeve, sulmi ka sh\u00ebnjestruar objekte strategjike brenda Rusis\u00eb, p\u00ebrfshir\u00eb infrastruktur\u00eb energjetike me r\u00ebnd\u00ebsi t\u00eb madhe p\u00ebr ekonomin\u00eb dhe furnizimin [&hellip;]","og_url":"https:\/\/www.press7.tv\/?p=28539","og_site_name":"press7.tv","article_publisher":"https:\/\/www.facebook.com\/press7.tv","article_published_time":"2026-04-29T15:31:44+00:00","og_image":[{"width":800,"height":445,"url":"https:\/\/www.press7.tv\/wp-content\/uploads\/2026\/04\/qwe-2026-04-29T161850.765-800x445-1.avif","type":"image\/jpeg"}],"author":"gazetar2","twitter_card":"summary_large_image","twitter_misc":{"Written by":"gazetar2","Est. reading time":"1 minute"},"schema":{"@context":"https:\/\/schema.org","@graph":[{"@type":"Article","@id":"https:\/\/www.press7.tv\/?p=28539#article","isPartOf":{"@id":"https:\/\/www.press7.tv\/?p=28539"},"author":{"name":"gazetar2","@id":"https:\/\/www.news33.tv\/#\/schema\/person\/5a04a38a23ccdba82f9bd665cd8f9efa"},"headline":"Zelensky publikoi video t\u00eb sulmit 1500 km n\u00eb thell\u00ebsi t\u00eb Rusis\u00eb: Kjo \u00ebsht\u00eb nj\u00eb faz\u00eb e re e luft\u00ebs","datePublished":"2026-04-29T15:31:44+00:00","mainEntityOfPage":{"@id":"https:\/\/www.press7.tv\/?p=28539"},"wordCount":266,"publisher":{"@id":"https:\/\/www.news33.tv\/#organization"},"image":{"@id":"https:\/\/www.press7.tv\/?p=28539#primaryimage"},"thumbnailUrl":"https:\/\/www.press7.tv\/wp-content\/uploads\/2026\/04\/qwe-2026-04-29T161850.765-800x445-1.avif","articleSection":["Bot\u00eb","Lajme"],"inLanguage":"en-US"},{"@type":"WebPage","@id":"https:\/\/www.press7.tv\/?p=28539","url":"https:\/\/www.press7.tv\/?p=28539","name":"Zelensky publikoi video t\u00eb sulmit 1500 km n\u00eb thell\u00ebsi t\u00eb Rusis\u00eb: Kjo \u00ebsht\u00eb nj\u00eb faz\u00eb e re e luft\u00ebs - press7.tv","isPartOf":{"@id":"https:\/\/www.news33.tv\/#website"},"primaryImageOfPage":{"@id":"https:\/\/www.press7.tv\/?p=28539#primaryimage"},"image":{"@id":"https:\/\/www.press7.tv\/?p=28539#primaryimage"},"thumbnailUrl":"https:\/\/www.press7.tv\/wp-content\/uploads\/2026\/04\/qwe-2026-04-29T161850.765-800x445-1.avif","datePublished":"2026-04-29T15:31:44+00:00","breadcrumb":{"@id":"https:\/\/www.press7.tv\/?p=28539#breadcrumb"},"inLanguage":"en-US","potentialAction":[{"@type":"ReadAction","target":["https:\/\/www.press7.tv\/?p=28539"]}]},{"@type":"ImageObject","inLanguage":"en-US","@id":"https:\/\/www.press7.tv\/?p=28539#primaryimage","url":"https:\/\/www.press7.tv\/wp-content\/uploads\/2026\/04\/qwe-2026-04-29T161850.765-800x445-1.avif","contentUrl":"https:\/\/www.press7.tv\/wp-content\/uploads\/2026\/04\/qwe-2026-04-29T161850.765-800x445-1.avif","width":800,"height":445},{"@type":"BreadcrumbList","@id":"https:\/\/www.press7.tv\/?p=28539#breadcrumb","itemListElement":[{"@type":"ListItem","position":1,"name":"Home","item":"https:\/\/www.press7.tv\/"},{"@type":"ListItem","position":2,"name":"Zelensky publikoi video t\u00eb sulmit 1500 km n\u00eb thell\u00ebsi t\u00eb Rusis\u00eb: Kjo \u00ebsht\u00eb nj\u00eb faz\u00eb e re e luft\u00ebs"}]},{"@type":"WebSite","@id":"https:\/\/www.news33.tv\/#website","url":"https:\/\/www.news33.tv\/","name":"News33.tv Media","description":"Media","publisher":{"@id":"https:\/\/www.news33.tv\/#organization"},"potentialAction":[{"@type":"SearchAction","target":{"@type":"EntryPoint","urlTemplate":"https:\/\/www.news33.tv\/?s={search_term_string}"},"query-input":{"@type":"PropertyValueSpecification","valueRequired":true,"valueName":"search_term_string"}}],"inLanguage":"en-US"},{"@type":"Organization","@id":"https:\/\/www.news33.tv\/#organization","name":"News33.tv Media","url":"https:\/\/www.news33.tv\/","logo":{"@type":"ImageObject","inLanguage":"en-US","@id":"https:\/\/www.news33.tv\/#\/schema\/logo\/image\/","url":"https:\/\/www.press7.tv\/wp-content\/uploads\/2024\/02\/logo-news33-black.png","contentUrl":"https:\/\/www.press7.tv\/wp-content\/uploads\/2024\/02\/logo-news33-black.png","width":180,"height":37,"caption":"News33.tv Media"},"image":{"@id":"https:\/\/www.news33.tv\/#\/schema\/logo\/image\/"},"sameAs":["https:\/\/www.facebook.com\/press7.tv"]},{"@type":"Person","@id":"https:\/\/www.news33.tv\/#\/schema\/person\/5a04a38a23ccdba82f9bd665cd8f9efa","name":"gazetar2","image":{"@type":"ImageObject","inLanguage":"en-US","@id":"https:\/\/www.news33.tv\/#\/schema\/person\/image\/","url":"https:\/\/www.press7.tv\/wp-content\/litespeed\/avatar\/41975e402c3049d9ddb03adca8f7a883.jpg?ver=1777169572","contentUrl":"https:\/\/www.press7.tv\/wp-content\/litespeed\/avatar\/41975e402c3049d9ddb03adca8f7a883.jpg?ver=1777169572","caption":"gazetar2"},"url":"https:\/\/www.press7.tv\/?author=8"}]}},"amp_enabled":true,"_links":{"self":[{"href":"https:\/\/www.press7.tv\/index.php?rest_route=\/wp\/v2\/posts\/28539","targetHints":{"allow":["GET"]}}],"collection":[{"href":"https:\/\/www.press7.tv\/index.php?rest_route=\/wp\/v2\/posts"}],"about":[{"href":"https:\/\/www.press7.tv\/index.php?rest_route=\/wp\/v2\/types\/post"}],"author":[{"embeddable":true,"href":"https:\/\/www.press7.tv\/index.php?rest_route=\/wp\/v2\/users\/8"}],"replies":[{"embeddable":true,"href":"https:\/\/www.press7.tv\/index.php?rest_route=%2Fwp%2Fv2%2Fcomments&post=28539"}],"version-history":[{"count":1,"href":"https:\/\/www.press7.tv\/index.php?rest_route=\/wp\/v2\/posts\/28539\/revisions"}],"predecessor-version":[{"id":28541,"href":"https:\/\/www.press7.tv\/index.php?rest_route=\/wp\/v2\/posts\/28539\/revisions\/28541"}],"wp:featuredmedia":[{"embeddable":true,"href":"https:\/\/www.press7.tv\/index.php?rest_route=\/wp\/v2\/media\/28540"}],"wp:attachment":[{"href":"https:\/\/www.press7.tv\/index.php?rest_route=%2Fwp%2Fv2%2Fmedia&parent=28539"}],"wp:term":[{"taxonomy":"category","embeddable":true,"href":"https:\/\/www.press7.tv\/index.php?rest_route=%2Fwp%2Fv2%2Fcategories&post=28539"},{"taxonomy":"post_tag","embeddable":true,"href":"https:\/\/www.press7.tv\/index.php?rest_route=%2Fwp%2Fv2%2Ftags&post=28539"}],"curies":[{"name":"wp","href":"https:\/\/api.w.org\/{rel}","templated":true}]}}