{"id":28536,"date":"2026-04-29T15:29:25","date_gmt":"2026-04-29T15:29:25","guid":{"rendered":"https:\/\/www.press7.tv\/?p=28536"},"modified":"2026-04-29T15:29:25","modified_gmt":"2026-04-29T15:29:25","slug":"bashkepunimi-kosove-japoni-ne-fokus-te-takimit-maqedonci-tanigaki","status":"publish","type":"post","link":"https:\/\/www.press7.tv\/?p=28536","title":{"rendered":"Bashk\u00ebpunimi Kosov\u00eb\u2013Japoni n\u00eb fokus t\u00eb takimit Maqedonci\u2013Tanigaki"},"content":{"rendered":"\n    <div class=\"xs_social_share_widget xs_share_url before_content \t\tmain_content  wslu-style-2 wslu-share-box-shaped wslu-fill-colored wslu-share-m-5 wslu-none wslu-share-vertical wslu-theme-font-no wslu-main_content\">\n\n\t\t\n        <ul>\n\t\t\t        <\/ul>\n    <\/div> \n<p>Ministri i Mbrojtjes, Ejup Maqedonci, ka pritur n\u00eb takim t\u00eb Ngarkuarin me Pun\u00eb n\u00eb Ambasad\u00ebn e Japonis\u00eb n\u00eb Kosov\u00eb, Hiroyasu Tanigaki.<\/p>\n<p>Maqedonci shkruan n\u00eb rrjetin social se gjat\u00eb takimit u zhvillua nj\u00eb diskutim p\u00ebrmbajt\u00ebsor mbi avancimin e bashk\u00ebpunimit bilateral nd\u00ebrmjet Kosov\u00ebs dhe Japonis\u00eb, me theks t\u00eb ve\u00e7ant\u00eb n\u00eb mb\u00ebshtetjen e projekteve konkrete dhe zhvillimin e trajnimeve t\u00eb p\u00ebrbashk\u00ebta n\u00eb fusha me interes t\u00eb nd\u00ebrsjell\u00eb.<\/p>\n<p>N\u00eb k\u00ebt\u00eb frym\u00eb, ai thot\u00eb se kan\u00eb n\u00ebnvizuar r\u00ebnd\u00ebsin\u00eb e intensifikimit t\u00eb shk\u00ebmbimit t\u00eb vizitave t\u00eb nivelit t\u00eb lart\u00eb, si nj\u00eb instrument ky\u00e7 p\u00ebr forcimin e m\u00ebtejm\u00eb t\u00eb marr\u00ebdh\u00ebnieve nd\u00ebrmjet dy vendeve.<\/p>\n<p>\u201cShpreha mir\u00ebnjohjen p\u00ebr mb\u00ebshtetjen e vazhdueshme q\u00eb Japonia i ka ofruar Republik\u00ebs s\u00eb Kosov\u00ebs nd\u00ebr vite, duke rikonfirmuar p\u00ebrkushtimin ton\u00eb t\u00eb p\u00ebrbashk\u00ebt p\u00ebr thellimin e nj\u00eb partneriteti t\u00eb q\u00ebndruesh\u00ebm, t\u00eb bazuar n\u00eb besim t\u00eb nd\u00ebrsjell\u00eb, respekt dhe vlera t\u00eb p\u00ebrbashk\u00ebta\u201d, shkruan Maqedonci.<\/p>\n","protected":false},"excerpt":{"rendered":"<p>Ministri i Mbrojtjes, Ejup Maqedonci, ka pritur n\u00eb takim t\u00eb Ngarkuarin me Pun\u00eb n\u00eb Ambasad\u00ebn e Japonis\u00eb n\u00eb Kosov\u00eb, Hiroyasu Tanigaki. Maqedonci shkruan n\u00eb rrjetin social se gjat\u00eb takimit u zhvillua nj\u00eb diskutim p\u00ebrmbajt\u00ebsor mbi avancimin e bashk\u00ebpunimit bilateral nd\u00ebrmjet Kosov\u00ebs dhe Japonis\u00eb, me theks t\u00eb ve\u00e7ant\u00eb n\u00eb mb\u00ebshtetjen e projekteve konkrete dhe zhvillimin e [&hellip;]<\/p>\n","protected":false},"author":8,"featured_media":28537,"comment_status":"closed","ping_status":"closed","sticky":false,"template":"","format":"standard","meta":{"footnotes":""},"categories":[215,213],"tags":[],"class_list":["post-28536","post","type-post","status-publish","format-standard","has-post-thumbnail","hentry","category-kosove","category-lajme"],"yoast_head":"<!-- This site is optimized with the Yoast SEO plugin v25.1 - https:\/\/yoast.com\/wordpress\/plugins\/seo\/ -->\n<title>Bashk\u00ebpunimi Kosov\u00eb\u2013Japoni n\u00eb fokus t\u00eb takimit Maqedonci\u2013Tanigaki - press7.tv<\/title>\n<meta name=\"robots\" content=\"index, follow, max-snippet:-1, max-image-preview:large, max-video-preview:-1\" \/>\n<link rel=\"canonical\" href=\"https:\/\/www.press7.tv\/?p=28536\" \/>\n<meta property=\"og:locale\" content=\"en_US\" \/>\n<meta property=\"og:type\" content=\"article\" \/>\n<meta property=\"og:title\" content=\"Bashk\u00ebpunimi Kosov\u00eb\u2013Japoni n\u00eb fokus t\u00eb takimit Maqedonci\u2013Tanigaki - press7.tv\" \/>\n<meta property=\"og:description\" content=\"Ministri i Mbrojtjes, Ejup Maqedonci, ka pritur n\u00eb takim t\u00eb Ngarkuarin me Pun\u00eb n\u00eb Ambasad\u00ebn e Japonis\u00eb n\u00eb Kosov\u00eb, Hiroyasu Tanigaki. Maqedonci shkruan n\u00eb rrjetin social se gjat\u00eb takimit u zhvillua nj\u00eb diskutim p\u00ebrmbajt\u00ebsor mbi avancimin e bashk\u00ebpunimit bilateral nd\u00ebrmjet Kosov\u00ebs dhe Japonis\u00eb, me theks t\u00eb ve\u00e7ant\u00eb n\u00eb mb\u00ebshtetjen e projekteve konkrete dhe zhvillimin e [&hellip;]\" \/>\n<meta property=\"og:url\" content=\"https:\/\/www.press7.tv\/?p=28536\" \/>\n<meta property=\"og:site_name\" content=\"press7.tv\" \/>\n<meta property=\"article:publisher\" content=\"https:\/\/www.facebook.com\/press7.tv\" \/>\n<meta property=\"article:published_time\" content=\"2026-04-29T15:29:25+00:00\" \/>\n<meta property=\"og:image\" content=\"https:\/\/www.press7.tv\/wp-content\/uploads\/2026\/04\/FOTO-Web-M.M-2-16-800x445-1.avif\" \/>\n\t<meta property=\"og:image:width\" content=\"800\" \/>\n\t<meta property=\"og:image:height\" content=\"445\" \/>\n\t<meta property=\"og:image:type\" content=\"image\/jpeg\" \/>\n<meta name=\"author\" content=\"gazetar2\" \/>\n<meta name=\"twitter:card\" content=\"summary_large_image\" \/>\n<meta name=\"twitter:label1\" content=\"Written by\" \/>\n\t<meta name=\"twitter:data1\" content=\"gazetar2\" \/>\n\t<meta name=\"twitter:label2\" content=\"Est. reading time\" \/>\n\t<meta name=\"twitter:data2\" content=\"1 minute\" \/>\n<script type=\"application\/ld+json\" class=\"yoast-schema-graph\">{\"@context\":\"https:\/\/schema.org\",\"@graph\":[{\"@type\":\"Article\",\"@id\":\"https:\/\/www.press7.tv\/?p=28536#article\",\"isPartOf\":{\"@id\":\"https:\/\/www.press7.tv\/?p=28536\"},\"author\":{\"name\":\"gazetar2\",\"@id\":\"https:\/\/www.news33.tv\/#\/schema\/person\/5a04a38a23ccdba82f9bd665cd8f9efa\"},\"headline\":\"Bashk\u00ebpunimi Kosov\u00eb\u2013Japoni n\u00eb fokus t\u00eb takimit Maqedonci\u2013Tanigaki\",\"datePublished\":\"2026-04-29T15:29:25+00:00\",\"mainEntityOfPage\":{\"@id\":\"https:\/\/www.press7.tv\/?p=28536\"},\"wordCount\":184,\"publisher\":{\"@id\":\"https:\/\/www.news33.tv\/#organization\"},\"image\":{\"@id\":\"https:\/\/www.press7.tv\/?p=28536#primaryimage\"},\"thumbnailUrl\":\"https:\/\/www.press7.tv\/wp-content\/uploads\/2026\/04\/FOTO-Web-M.M-2-16-800x445-1.avif\",\"articleSection\":[\"Kosov\u00eb\",\"Lajme\"],\"inLanguage\":\"en-US\"},{\"@type\":\"WebPage\",\"@id\":\"https:\/\/www.press7.tv\/?p=28536\",\"url\":\"https:\/\/www.press7.tv\/?p=28536\",\"name\":\"Bashk\u00ebpunimi Kosov\u00eb\u2013Japoni n\u00eb fokus t\u00eb takimit Maqedonci\u2013Tanigaki - press7.tv\",\"isPartOf\":{\"@id\":\"https:\/\/www.news33.tv\/#website\"},\"primaryImageOfPage\":{\"@id\":\"https:\/\/www.press7.tv\/?p=28536#primaryimage\"},\"image\":{\"@id\":\"https:\/\/www.press7.tv\/?p=28536#primaryimage\"},\"thumbnailUrl\":\"https:\/\/www.press7.tv\/wp-content\/uploads\/2026\/04\/FOTO-Web-M.M-2-16-800x445-1.avif\",\"datePublished\":\"2026-04-29T15:29:25+00:00\",\"breadcrumb\":{\"@id\":\"https:\/\/www.press7.tv\/?p=28536#breadcrumb\"},\"inLanguage\":\"en-US\",\"potentialAction\":[{\"@type\":\"ReadAction\",\"target\":[\"https:\/\/www.press7.tv\/?p=28536\"]}]},{\"@type\":\"ImageObject\",\"inLanguage\":\"en-US\",\"@id\":\"https:\/\/www.press7.tv\/?p=28536#primaryimage\",\"url\":\"https:\/\/www.press7.tv\/wp-content\/uploads\/2026\/04\/FOTO-Web-M.M-2-16-800x445-1.avif\",\"contentUrl\":\"https:\/\/www.press7.tv\/wp-content\/uploads\/2026\/04\/FOTO-Web-M.M-2-16-800x445-1.avif\",\"width\":800,\"height\":445},{\"@type\":\"BreadcrumbList\",\"@id\":\"https:\/\/www.press7.tv\/?p=28536#breadcrumb\",\"itemListElement\":[{\"@type\":\"ListItem\",\"position\":1,\"name\":\"Home\",\"item\":\"https:\/\/www.press7.tv\/\"},{\"@type\":\"ListItem\",\"position\":2,\"name\":\"Bashk\u00ebpunimi Kosov\u00eb\u2013Japoni n\u00eb fokus t\u00eb takimit Maqedonci\u2013Tanigaki\"}]},{\"@type\":\"WebSite\",\"@id\":\"https:\/\/www.news33.tv\/#website\",\"url\":\"https:\/\/www.news33.tv\/\",\"name\":\"News33.tv Media\",\"description\":\"Media\",\"publisher\":{\"@id\":\"https:\/\/www.news33.tv\/#organization\"},\"potentialAction\":[{\"@type\":\"SearchAction\",\"target\":{\"@type\":\"EntryPoint\",\"urlTemplate\":\"https:\/\/www.news33.tv\/?s={search_term_string}\"},\"query-input\":{\"@type\":\"PropertyValueSpecification\",\"valueRequired\":true,\"valueName\":\"search_term_string\"}}],\"inLanguage\":\"en-US\"},{\"@type\":\"Organization\",\"@id\":\"https:\/\/www.news33.tv\/#organization\",\"name\":\"News33.tv Media\",\"url\":\"https:\/\/www.news33.tv\/\",\"logo\":{\"@type\":\"ImageObject\",\"inLanguage\":\"en-US\",\"@id\":\"https:\/\/www.news33.tv\/#\/schema\/logo\/image\/\",\"url\":\"https:\/\/www.press7.tv\/wp-content\/uploads\/2024\/02\/logo-news33-black.png\",\"contentUrl\":\"https:\/\/www.press7.tv\/wp-content\/uploads\/2024\/02\/logo-news33-black.png\",\"width\":180,\"height\":37,\"caption\":\"News33.tv Media\"},\"image\":{\"@id\":\"https:\/\/www.news33.tv\/#\/schema\/logo\/image\/\"},\"sameAs\":[\"https:\/\/www.facebook.com\/press7.tv\"]},{\"@type\":\"Person\",\"@id\":\"https:\/\/www.news33.tv\/#\/schema\/person\/5a04a38a23ccdba82f9bd665cd8f9efa\",\"name\":\"gazetar2\",\"image\":{\"@type\":\"ImageObject\",\"inLanguage\":\"en-US\",\"@id\":\"https:\/\/www.news33.tv\/#\/schema\/person\/image\/\",\"url\":\"https:\/\/www.press7.tv\/wp-content\/litespeed\/avatar\/41975e402c3049d9ddb03adca8f7a883.jpg?ver=1777169572\",\"contentUrl\":\"https:\/\/www.press7.tv\/wp-content\/litespeed\/avatar\/41975e402c3049d9ddb03adca8f7a883.jpg?ver=1777169572\",\"caption\":\"gazetar2\"},\"url\":\"https:\/\/www.press7.tv\/?author=8\"}]}<\/script>\n<!-- \/ Yoast SEO plugin. -->","yoast_head_json":{"title":"Bashk\u00ebpunimi Kosov\u00eb\u2013Japoni n\u00eb fokus t\u00eb takimit Maqedonci\u2013Tanigaki - press7.tv","robots":{"index":"index","follow":"follow","max-snippet":"max-snippet:-1","max-image-preview":"max-image-preview:large","max-video-preview":"max-video-preview:-1"},"canonical":"https:\/\/www.press7.tv\/?p=28536","og_locale":"en_US","og_type":"article","og_title":"Bashk\u00ebpunimi Kosov\u00eb\u2013Japoni n\u00eb fokus t\u00eb takimit Maqedonci\u2013Tanigaki - press7.tv","og_description":"Ministri i Mbrojtjes, Ejup Maqedonci, ka pritur n\u00eb takim t\u00eb Ngarkuarin me Pun\u00eb n\u00eb Ambasad\u00ebn e Japonis\u00eb n\u00eb Kosov\u00eb, Hiroyasu Tanigaki. Maqedonci shkruan n\u00eb rrjetin social se gjat\u00eb takimit u zhvillua nj\u00eb diskutim p\u00ebrmbajt\u00ebsor mbi avancimin e bashk\u00ebpunimit bilateral nd\u00ebrmjet Kosov\u00ebs dhe Japonis\u00eb, me theks t\u00eb ve\u00e7ant\u00eb n\u00eb mb\u00ebshtetjen e projekteve konkrete dhe zhvillimin e [&hellip;]","og_url":"https:\/\/www.press7.tv\/?p=28536","og_site_name":"press7.tv","article_publisher":"https:\/\/www.facebook.com\/press7.tv","article_published_time":"2026-04-29T15:29:25+00:00","og_image":[{"width":800,"height":445,"url":"https:\/\/www.press7.tv\/wp-content\/uploads\/2026\/04\/FOTO-Web-M.M-2-16-800x445-1.avif","type":"image\/jpeg"}],"author":"gazetar2","twitter_card":"summary_large_image","twitter_misc":{"Written by":"gazetar2","Est. reading time":"1 minute"},"schema":{"@context":"https:\/\/schema.org","@graph":[{"@type":"Article","@id":"https:\/\/www.press7.tv\/?p=28536#article","isPartOf":{"@id":"https:\/\/www.press7.tv\/?p=28536"},"author":{"name":"gazetar2","@id":"https:\/\/www.news33.tv\/#\/schema\/person\/5a04a38a23ccdba82f9bd665cd8f9efa"},"headline":"Bashk\u00ebpunimi Kosov\u00eb\u2013Japoni n\u00eb fokus t\u00eb takimit Maqedonci\u2013Tanigaki","datePublished":"2026-04-29T15:29:25+00:00","mainEntityOfPage":{"@id":"https:\/\/www.press7.tv\/?p=28536"},"wordCount":184,"publisher":{"@id":"https:\/\/www.news33.tv\/#organization"},"image":{"@id":"https:\/\/www.press7.tv\/?p=28536#primaryimage"},"thumbnailUrl":"https:\/\/www.press7.tv\/wp-content\/uploads\/2026\/04\/FOTO-Web-M.M-2-16-800x445-1.avif","articleSection":["Kosov\u00eb","Lajme"],"inLanguage":"en-US"},{"@type":"WebPage","@id":"https:\/\/www.press7.tv\/?p=28536","url":"https:\/\/www.press7.tv\/?p=28536","name":"Bashk\u00ebpunimi Kosov\u00eb\u2013Japoni n\u00eb fokus t\u00eb takimit Maqedonci\u2013Tanigaki - press7.tv","isPartOf":{"@id":"https:\/\/www.news33.tv\/#website"},"primaryImageOfPage":{"@id":"https:\/\/www.press7.tv\/?p=28536#primaryimage"},"image":{"@id":"https:\/\/www.press7.tv\/?p=28536#primaryimage"},"thumbnailUrl":"https:\/\/www.press7.tv\/wp-content\/uploads\/2026\/04\/FOTO-Web-M.M-2-16-800x445-1.avif","datePublished":"2026-04-29T15:29:25+00:00","breadcrumb":{"@id":"https:\/\/www.press7.tv\/?p=28536#breadcrumb"},"inLanguage":"en-US","potentialAction":[{"@type":"ReadAction","target":["https:\/\/www.press7.tv\/?p=28536"]}]},{"@type":"ImageObject","inLanguage":"en-US","@id":"https:\/\/www.press7.tv\/?p=28536#primaryimage","url":"https:\/\/www.press7.tv\/wp-content\/uploads\/2026\/04\/FOTO-Web-M.M-2-16-800x445-1.avif","contentUrl":"https:\/\/www.press7.tv\/wp-content\/uploads\/2026\/04\/FOTO-Web-M.M-2-16-800x445-1.avif","width":800,"height":445},{"@type":"BreadcrumbList","@id":"https:\/\/www.press7.tv\/?p=28536#breadcrumb","itemListElement":[{"@type":"ListItem","position":1,"name":"Home","item":"https:\/\/www.press7.tv\/"},{"@type":"ListItem","position":2,"name":"Bashk\u00ebpunimi Kosov\u00eb\u2013Japoni n\u00eb fokus t\u00eb takimit Maqedonci\u2013Tanigaki"}]},{"@type":"WebSite","@id":"https:\/\/www.news33.tv\/#website","url":"https:\/\/www.news33.tv\/","name":"News33.tv Media","description":"Media","publisher":{"@id":"https:\/\/www.news33.tv\/#organization"},"potentialAction":[{"@type":"SearchAction","target":{"@type":"EntryPoint","urlTemplate":"https:\/\/www.news33.tv\/?s={search_term_string}"},"query-input":{"@type":"PropertyValueSpecification","valueRequired":true,"valueName":"search_term_string"}}],"inLanguage":"en-US"},{"@type":"Organization","@id":"https:\/\/www.news33.tv\/#organization","name":"News33.tv Media","url":"https:\/\/www.news33.tv\/","logo":{"@type":"ImageObject","inLanguage":"en-US","@id":"https:\/\/www.news33.tv\/#\/schema\/logo\/image\/","url":"https:\/\/www.press7.tv\/wp-content\/uploads\/2024\/02\/logo-news33-black.png","contentUrl":"https:\/\/www.press7.tv\/wp-content\/uploads\/2024\/02\/logo-news33-black.png","width":180,"height":37,"caption":"News33.tv Media"},"image":{"@id":"https:\/\/www.news33.tv\/#\/schema\/logo\/image\/"},"sameAs":["https:\/\/www.facebook.com\/press7.tv"]},{"@type":"Person","@id":"https:\/\/www.news33.tv\/#\/schema\/person\/5a04a38a23ccdba82f9bd665cd8f9efa","name":"gazetar2","image":{"@type":"ImageObject","inLanguage":"en-US","@id":"https:\/\/www.news33.tv\/#\/schema\/person\/image\/","url":"https:\/\/www.press7.tv\/wp-content\/litespeed\/avatar\/41975e402c3049d9ddb03adca8f7a883.jpg?ver=1777169572","contentUrl":"https:\/\/www.press7.tv\/wp-content\/litespeed\/avatar\/41975e402c3049d9ddb03adca8f7a883.jpg?ver=1777169572","caption":"gazetar2"},"url":"https:\/\/www.press7.tv\/?author=8"}]}},"amp_enabled":true,"_links":{"self":[{"href":"https:\/\/www.press7.tv\/index.php?rest_route=\/wp\/v2\/posts\/28536","targetHints":{"allow":["GET"]}}],"collection":[{"href":"https:\/\/www.press7.tv\/index.php?rest_route=\/wp\/v2\/posts"}],"about":[{"href":"https:\/\/www.press7.tv\/index.php?rest_route=\/wp\/v2\/types\/post"}],"author":[{"embeddable":true,"href":"https:\/\/www.press7.tv\/index.php?rest_route=\/wp\/v2\/users\/8"}],"replies":[{"embeddable":true,"href":"https:\/\/www.press7.tv\/index.php?rest_route=%2Fwp%2Fv2%2Fcomments&post=28536"}],"version-history":[{"count":1,"href":"https:\/\/www.press7.tv\/index.php?rest_route=\/wp\/v2\/posts\/28536\/revisions"}],"predecessor-version":[{"id":28538,"href":"https:\/\/www.press7.tv\/index.php?rest_route=\/wp\/v2\/posts\/28536\/revisions\/28538"}],"wp:featuredmedia":[{"embeddable":true,"href":"https:\/\/www.press7.tv\/index.php?rest_route=\/wp\/v2\/media\/28537"}],"wp:attachment":[{"href":"https:\/\/www.press7.tv\/index.php?rest_route=%2Fwp%2Fv2%2Fmedia&parent=28536"}],"wp:term":[{"taxonomy":"category","embeddable":true,"href":"https:\/\/www.press7.tv\/index.php?rest_route=%2Fwp%2Fv2%2Fcategories&post=28536"},{"taxonomy":"post_tag","embeddable":true,"href":"https:\/\/www.press7.tv\/index.php?rest_route=%2Fwp%2Fv2%2Ftags&post=28536"}],"curies":[{"name":"wp","href":"https:\/\/api.w.org\/{rel}","templated":true}]}}