{"id":28533,"date":"2026-04-29T12:30:04","date_gmt":"2026-04-29T12:30:04","guid":{"rendered":"https:\/\/www.press7.tv\/?p=28533"},"modified":"2026-04-29T12:30:04","modified_gmt":"2026-04-29T12:30:04","slug":"nafije-selmani-a-ra-ne-dy-gjunje-vlen-i","status":"publish","type":"post","link":"https:\/\/www.press7.tv\/?p=28533","title":{"rendered":"Nafije Selmani: A ra n\u00eb dy gjunj\u00eb VLEN-i?"},"content":{"rendered":"\n    <div class=\"xs_social_share_widget xs_share_url before_content \t\tmain_content  wslu-style-2 wslu-share-box-shaped wslu-fill-colored wslu-share-m-5 wslu-none wslu-share-vertical wslu-theme-font-no wslu-main_content\">\n\n\t\t\n        <ul>\n\t\t\t        <\/ul>\n    <\/div> \n<p>Shkruan Nafije Selmani<\/p>\n<p>Pas tri dit\u00ebsh zhurm\u00eb, deklarata dramatike dhe p\u00ebrpjekje p\u00ebr t\u00eb krijuar kriz\u00eb q\u00eb realisht nuk ekzistonte, sot t\u00eb buz\u00ebqeshur n\u00eb kolltuk me \u201cofenduesin\u201d e shqiptar\u00ebve t\u00eb RMV-s\u00eb.<\/p>\n<p>A jeni t\u00eb lumtur q\u00eb u shkaktuat njer\u00ebzve mllef dhe emocione zem\u00ebrimi?<\/p>\n<p>Pse bash Izeti n\u00eb takim, e jo Bilalli, Sali, apo Zeqirijai? Zat\u00ebn, Zeqirijai ishte m\u00eb i z\u00ebshmi n\u00eb k\u00ebt\u00eb dram\u00ebn e \u201cofendimit\u201d!<\/p>\n<p>Kur do t\u00eb k\u00ebrkoj\u00eb VLEN-i falje p\u00ebr k\u00ebt\u00eb loj\u00eb emocionale me shqiptar\u00ebt?<\/p>\n","protected":false},"excerpt":{"rendered":"<p>Shkruan Nafije Selmani Pas tri dit\u00ebsh zhurm\u00eb, deklarata dramatike dhe p\u00ebrpjekje p\u00ebr t\u00eb krijuar kriz\u00eb q\u00eb realisht nuk ekzistonte, sot t\u00eb buz\u00ebqeshur n\u00eb kolltuk me \u201cofenduesin\u201d e shqiptar\u00ebve t\u00eb RMV-s\u00eb. A jeni t\u00eb lumtur q\u00eb u shkaktuat njer\u00ebzve mllef dhe emocione zem\u00ebrimi? Pse bash Izeti n\u00eb takim, e jo Bilalli, Sali, apo Zeqirijai? Zat\u00ebn, Zeqirijai [&hellip;]<\/p>\n","protected":false},"author":8,"featured_media":28534,"comment_status":"closed","ping_status":"closed","sticky":false,"template":"","format":"standard","meta":{"footnotes":""},"categories":[214],"tags":[],"class_list":["post-28533","post","type-post","status-publish","format-standard","has-post-thumbnail","hentry","category-maqedoni"],"yoast_head":"<!-- This site is optimized with the Yoast SEO plugin v25.1 - https:\/\/yoast.com\/wordpress\/plugins\/seo\/ -->\n<title>Nafije Selmani: A ra n\u00eb dy gjunj\u00eb VLEN-i? - press7.tv<\/title>\n<meta name=\"robots\" content=\"index, follow, max-snippet:-1, max-image-preview:large, max-video-preview:-1\" \/>\n<link rel=\"canonical\" href=\"https:\/\/www.press7.tv\/?p=28533\" \/>\n<meta property=\"og:locale\" content=\"en_US\" \/>\n<meta property=\"og:type\" content=\"article\" \/>\n<meta property=\"og:title\" content=\"Nafije Selmani: A ra n\u00eb dy gjunj\u00eb VLEN-i? - press7.tv\" \/>\n<meta property=\"og:description\" content=\"Shkruan Nafije Selmani Pas tri dit\u00ebsh zhurm\u00eb, deklarata dramatike dhe p\u00ebrpjekje p\u00ebr t\u00eb krijuar kriz\u00eb q\u00eb realisht nuk ekzistonte, sot t\u00eb buz\u00ebqeshur n\u00eb kolltuk me \u201cofenduesin\u201d e shqiptar\u00ebve t\u00eb RMV-s\u00eb. A jeni t\u00eb lumtur q\u00eb u shkaktuat njer\u00ebzve mllef dhe emocione zem\u00ebrimi? Pse bash Izeti n\u00eb takim, e jo Bilalli, Sali, apo Zeqirijai? Zat\u00ebn, Zeqirijai [&hellip;]\" \/>\n<meta property=\"og:url\" content=\"https:\/\/www.press7.tv\/?p=28533\" \/>\n<meta property=\"og:site_name\" content=\"press7.tv\" \/>\n<meta property=\"article:publisher\" content=\"https:\/\/www.facebook.com\/press7.tv\" \/>\n<meta property=\"article:published_time\" content=\"2026-04-29T12:30:04+00:00\" \/>\n<meta property=\"og:image\" content=\"https:\/\/www.press7.tv\/wp-content\/uploads\/2026\/04\/89466b08-f065-4f7c-be33-2ddd2eb0bc55.avif\" \/>\n\t<meta property=\"og:image:width\" content=\"1104\" \/>\n\t<meta property=\"og:image:height\" content=\"1148\" \/>\n\t<meta property=\"og:image:type\" content=\"image\/jpeg\" \/>\n<meta name=\"author\" content=\"gazetar2\" \/>\n<meta name=\"twitter:card\" content=\"summary_large_image\" \/>\n<meta name=\"twitter:label1\" content=\"Written by\" \/>\n\t<meta name=\"twitter:data1\" content=\"gazetar2\" \/>\n\t<meta name=\"twitter:label2\" content=\"Est. reading time\" \/>\n\t<meta name=\"twitter:data2\" content=\"1 minute\" \/>\n<script type=\"application\/ld+json\" class=\"yoast-schema-graph\">{\"@context\":\"https:\/\/schema.org\",\"@graph\":[{\"@type\":\"Article\",\"@id\":\"https:\/\/www.press7.tv\/?p=28533#article\",\"isPartOf\":{\"@id\":\"https:\/\/www.press7.tv\/?p=28533\"},\"author\":{\"name\":\"gazetar2\",\"@id\":\"https:\/\/www.news33.tv\/#\/schema\/person\/5a04a38a23ccdba82f9bd665cd8f9efa\"},\"headline\":\"Nafije Selmani: A ra n\u00eb dy gjunj\u00eb VLEN-i?\",\"datePublished\":\"2026-04-29T12:30:04+00:00\",\"mainEntityOfPage\":{\"@id\":\"https:\/\/www.press7.tv\/?p=28533\"},\"wordCount\":99,\"publisher\":{\"@id\":\"https:\/\/www.news33.tv\/#organization\"},\"image\":{\"@id\":\"https:\/\/www.press7.tv\/?p=28533#primaryimage\"},\"thumbnailUrl\":\"https:\/\/www.press7.tv\/wp-content\/uploads\/2026\/04\/89466b08-f065-4f7c-be33-2ddd2eb0bc55.avif\",\"articleSection\":[\"Maqedoni\"],\"inLanguage\":\"en-US\"},{\"@type\":\"WebPage\",\"@id\":\"https:\/\/www.press7.tv\/?p=28533\",\"url\":\"https:\/\/www.press7.tv\/?p=28533\",\"name\":\"Nafije Selmani: A ra n\u00eb dy gjunj\u00eb VLEN-i? - press7.tv\",\"isPartOf\":{\"@id\":\"https:\/\/www.news33.tv\/#website\"},\"primaryImageOfPage\":{\"@id\":\"https:\/\/www.press7.tv\/?p=28533#primaryimage\"},\"image\":{\"@id\":\"https:\/\/www.press7.tv\/?p=28533#primaryimage\"},\"thumbnailUrl\":\"https:\/\/www.press7.tv\/wp-content\/uploads\/2026\/04\/89466b08-f065-4f7c-be33-2ddd2eb0bc55.avif\",\"datePublished\":\"2026-04-29T12:30:04+00:00\",\"breadcrumb\":{\"@id\":\"https:\/\/www.press7.tv\/?p=28533#breadcrumb\"},\"inLanguage\":\"en-US\",\"potentialAction\":[{\"@type\":\"ReadAction\",\"target\":[\"https:\/\/www.press7.tv\/?p=28533\"]}]},{\"@type\":\"ImageObject\",\"inLanguage\":\"en-US\",\"@id\":\"https:\/\/www.press7.tv\/?p=28533#primaryimage\",\"url\":\"https:\/\/www.press7.tv\/wp-content\/uploads\/2026\/04\/89466b08-f065-4f7c-be33-2ddd2eb0bc55.avif\",\"contentUrl\":\"https:\/\/www.press7.tv\/wp-content\/uploads\/2026\/04\/89466b08-f065-4f7c-be33-2ddd2eb0bc55.avif\",\"width\":1104,\"height\":1148},{\"@type\":\"BreadcrumbList\",\"@id\":\"https:\/\/www.press7.tv\/?p=28533#breadcrumb\",\"itemListElement\":[{\"@type\":\"ListItem\",\"position\":1,\"name\":\"Home\",\"item\":\"https:\/\/www.press7.tv\/\"},{\"@type\":\"ListItem\",\"position\":2,\"name\":\"Nafije Selmani: A ra n\u00eb dy gjunj\u00eb VLEN-i?\"}]},{\"@type\":\"WebSite\",\"@id\":\"https:\/\/www.news33.tv\/#website\",\"url\":\"https:\/\/www.news33.tv\/\",\"name\":\"News33.tv Media\",\"description\":\"Media\",\"publisher\":{\"@id\":\"https:\/\/www.news33.tv\/#organization\"},\"potentialAction\":[{\"@type\":\"SearchAction\",\"target\":{\"@type\":\"EntryPoint\",\"urlTemplate\":\"https:\/\/www.news33.tv\/?s={search_term_string}\"},\"query-input\":{\"@type\":\"PropertyValueSpecification\",\"valueRequired\":true,\"valueName\":\"search_term_string\"}}],\"inLanguage\":\"en-US\"},{\"@type\":\"Organization\",\"@id\":\"https:\/\/www.news33.tv\/#organization\",\"name\":\"News33.tv Media\",\"url\":\"https:\/\/www.news33.tv\/\",\"logo\":{\"@type\":\"ImageObject\",\"inLanguage\":\"en-US\",\"@id\":\"https:\/\/www.news33.tv\/#\/schema\/logo\/image\/\",\"url\":\"https:\/\/www.press7.tv\/wp-content\/uploads\/2024\/02\/logo-news33-black.png\",\"contentUrl\":\"https:\/\/www.press7.tv\/wp-content\/uploads\/2024\/02\/logo-news33-black.png\",\"width\":180,\"height\":37,\"caption\":\"News33.tv Media\"},\"image\":{\"@id\":\"https:\/\/www.news33.tv\/#\/schema\/logo\/image\/\"},\"sameAs\":[\"https:\/\/www.facebook.com\/press7.tv\"]},{\"@type\":\"Person\",\"@id\":\"https:\/\/www.news33.tv\/#\/schema\/person\/5a04a38a23ccdba82f9bd665cd8f9efa\",\"name\":\"gazetar2\",\"image\":{\"@type\":\"ImageObject\",\"inLanguage\":\"en-US\",\"@id\":\"https:\/\/www.news33.tv\/#\/schema\/person\/image\/\",\"url\":\"https:\/\/www.press7.tv\/wp-content\/litespeed\/avatar\/41975e402c3049d9ddb03adca8f7a883.jpg?ver=1777169572\",\"contentUrl\":\"https:\/\/www.press7.tv\/wp-content\/litespeed\/avatar\/41975e402c3049d9ddb03adca8f7a883.jpg?ver=1777169572\",\"caption\":\"gazetar2\"},\"url\":\"https:\/\/www.press7.tv\/?author=8\"}]}<\/script>\n<!-- \/ Yoast SEO plugin. -->","yoast_head_json":{"title":"Nafije Selmani: A ra n\u00eb dy gjunj\u00eb VLEN-i? - press7.tv","robots":{"index":"index","follow":"follow","max-snippet":"max-snippet:-1","max-image-preview":"max-image-preview:large","max-video-preview":"max-video-preview:-1"},"canonical":"https:\/\/www.press7.tv\/?p=28533","og_locale":"en_US","og_type":"article","og_title":"Nafije Selmani: A ra n\u00eb dy gjunj\u00eb VLEN-i? - press7.tv","og_description":"Shkruan Nafije Selmani Pas tri dit\u00ebsh zhurm\u00eb, deklarata dramatike dhe p\u00ebrpjekje p\u00ebr t\u00eb krijuar kriz\u00eb q\u00eb realisht nuk ekzistonte, sot t\u00eb buz\u00ebqeshur n\u00eb kolltuk me \u201cofenduesin\u201d e shqiptar\u00ebve t\u00eb RMV-s\u00eb. A jeni t\u00eb lumtur q\u00eb u shkaktuat njer\u00ebzve mllef dhe emocione zem\u00ebrimi? Pse bash Izeti n\u00eb takim, e jo Bilalli, Sali, apo Zeqirijai? Zat\u00ebn, Zeqirijai [&hellip;]","og_url":"https:\/\/www.press7.tv\/?p=28533","og_site_name":"press7.tv","article_publisher":"https:\/\/www.facebook.com\/press7.tv","article_published_time":"2026-04-29T12:30:04+00:00","og_image":[{"width":1104,"height":1148,"url":"https:\/\/www.press7.tv\/wp-content\/uploads\/2026\/04\/89466b08-f065-4f7c-be33-2ddd2eb0bc55.avif","type":"image\/jpeg"}],"author":"gazetar2","twitter_card":"summary_large_image","twitter_misc":{"Written by":"gazetar2","Est. reading time":"1 minute"},"schema":{"@context":"https:\/\/schema.org","@graph":[{"@type":"Article","@id":"https:\/\/www.press7.tv\/?p=28533#article","isPartOf":{"@id":"https:\/\/www.press7.tv\/?p=28533"},"author":{"name":"gazetar2","@id":"https:\/\/www.news33.tv\/#\/schema\/person\/5a04a38a23ccdba82f9bd665cd8f9efa"},"headline":"Nafije Selmani: A ra n\u00eb dy gjunj\u00eb VLEN-i?","datePublished":"2026-04-29T12:30:04+00:00","mainEntityOfPage":{"@id":"https:\/\/www.press7.tv\/?p=28533"},"wordCount":99,"publisher":{"@id":"https:\/\/www.news33.tv\/#organization"},"image":{"@id":"https:\/\/www.press7.tv\/?p=28533#primaryimage"},"thumbnailUrl":"https:\/\/www.press7.tv\/wp-content\/uploads\/2026\/04\/89466b08-f065-4f7c-be33-2ddd2eb0bc55.avif","articleSection":["Maqedoni"],"inLanguage":"en-US"},{"@type":"WebPage","@id":"https:\/\/www.press7.tv\/?p=28533","url":"https:\/\/www.press7.tv\/?p=28533","name":"Nafije Selmani: A ra n\u00eb dy gjunj\u00eb VLEN-i? - press7.tv","isPartOf":{"@id":"https:\/\/www.news33.tv\/#website"},"primaryImageOfPage":{"@id":"https:\/\/www.press7.tv\/?p=28533#primaryimage"},"image":{"@id":"https:\/\/www.press7.tv\/?p=28533#primaryimage"},"thumbnailUrl":"https:\/\/www.press7.tv\/wp-content\/uploads\/2026\/04\/89466b08-f065-4f7c-be33-2ddd2eb0bc55.avif","datePublished":"2026-04-29T12:30:04+00:00","breadcrumb":{"@id":"https:\/\/www.press7.tv\/?p=28533#breadcrumb"},"inLanguage":"en-US","potentialAction":[{"@type":"ReadAction","target":["https:\/\/www.press7.tv\/?p=28533"]}]},{"@type":"ImageObject","inLanguage":"en-US","@id":"https:\/\/www.press7.tv\/?p=28533#primaryimage","url":"https:\/\/www.press7.tv\/wp-content\/uploads\/2026\/04\/89466b08-f065-4f7c-be33-2ddd2eb0bc55.avif","contentUrl":"https:\/\/www.press7.tv\/wp-content\/uploads\/2026\/04\/89466b08-f065-4f7c-be33-2ddd2eb0bc55.avif","width":1104,"height":1148},{"@type":"BreadcrumbList","@id":"https:\/\/www.press7.tv\/?p=28533#breadcrumb","itemListElement":[{"@type":"ListItem","position":1,"name":"Home","item":"https:\/\/www.press7.tv\/"},{"@type":"ListItem","position":2,"name":"Nafije Selmani: A ra n\u00eb dy gjunj\u00eb VLEN-i?"}]},{"@type":"WebSite","@id":"https:\/\/www.news33.tv\/#website","url":"https:\/\/www.news33.tv\/","name":"News33.tv Media","description":"Media","publisher":{"@id":"https:\/\/www.news33.tv\/#organization"},"potentialAction":[{"@type":"SearchAction","target":{"@type":"EntryPoint","urlTemplate":"https:\/\/www.news33.tv\/?s={search_term_string}"},"query-input":{"@type":"PropertyValueSpecification","valueRequired":true,"valueName":"search_term_string"}}],"inLanguage":"en-US"},{"@type":"Organization","@id":"https:\/\/www.news33.tv\/#organization","name":"News33.tv Media","url":"https:\/\/www.news33.tv\/","logo":{"@type":"ImageObject","inLanguage":"en-US","@id":"https:\/\/www.news33.tv\/#\/schema\/logo\/image\/","url":"https:\/\/www.press7.tv\/wp-content\/uploads\/2024\/02\/logo-news33-black.png","contentUrl":"https:\/\/www.press7.tv\/wp-content\/uploads\/2024\/02\/logo-news33-black.png","width":180,"height":37,"caption":"News33.tv Media"},"image":{"@id":"https:\/\/www.news33.tv\/#\/schema\/logo\/image\/"},"sameAs":["https:\/\/www.facebook.com\/press7.tv"]},{"@type":"Person","@id":"https:\/\/www.news33.tv\/#\/schema\/person\/5a04a38a23ccdba82f9bd665cd8f9efa","name":"gazetar2","image":{"@type":"ImageObject","inLanguage":"en-US","@id":"https:\/\/www.news33.tv\/#\/schema\/person\/image\/","url":"https:\/\/www.press7.tv\/wp-content\/litespeed\/avatar\/41975e402c3049d9ddb03adca8f7a883.jpg?ver=1777169572","contentUrl":"https:\/\/www.press7.tv\/wp-content\/litespeed\/avatar\/41975e402c3049d9ddb03adca8f7a883.jpg?ver=1777169572","caption":"gazetar2"},"url":"https:\/\/www.press7.tv\/?author=8"}]}},"amp_enabled":true,"_links":{"self":[{"href":"https:\/\/www.press7.tv\/index.php?rest_route=\/wp\/v2\/posts\/28533","targetHints":{"allow":["GET"]}}],"collection":[{"href":"https:\/\/www.press7.tv\/index.php?rest_route=\/wp\/v2\/posts"}],"about":[{"href":"https:\/\/www.press7.tv\/index.php?rest_route=\/wp\/v2\/types\/post"}],"author":[{"embeddable":true,"href":"https:\/\/www.press7.tv\/index.php?rest_route=\/wp\/v2\/users\/8"}],"replies":[{"embeddable":true,"href":"https:\/\/www.press7.tv\/index.php?rest_route=%2Fwp%2Fv2%2Fcomments&post=28533"}],"version-history":[{"count":1,"href":"https:\/\/www.press7.tv\/index.php?rest_route=\/wp\/v2\/posts\/28533\/revisions"}],"predecessor-version":[{"id":28535,"href":"https:\/\/www.press7.tv\/index.php?rest_route=\/wp\/v2\/posts\/28533\/revisions\/28535"}],"wp:featuredmedia":[{"embeddable":true,"href":"https:\/\/www.press7.tv\/index.php?rest_route=\/wp\/v2\/media\/28534"}],"wp:attachment":[{"href":"https:\/\/www.press7.tv\/index.php?rest_route=%2Fwp%2Fv2%2Fmedia&parent=28533"}],"wp:term":[{"taxonomy":"category","embeddable":true,"href":"https:\/\/www.press7.tv\/index.php?rest_route=%2Fwp%2Fv2%2Fcategories&post=28533"},{"taxonomy":"post_tag","embeddable":true,"href":"https:\/\/www.press7.tv\/index.php?rest_route=%2Fwp%2Fv2%2Ftags&post=28533"}],"curies":[{"name":"wp","href":"https:\/\/api.w.org\/{rel}","templated":true}]}}