{"id":28530,"date":"2026-04-29T12:28:26","date_gmt":"2026-04-29T12:28:26","guid":{"rendered":"https:\/\/www.press7.tv\/?p=28530"},"modified":"2026-04-29T12:28:26","modified_gmt":"2026-04-29T12:28:26","slug":"krasniqi-osmanit-fotoja-e-rugoves-ne-sfond-nuk-e-mbulon-tradhetine-ndaj-votuesve-dhe-mbeshtetesve","status":"publish","type":"post","link":"https:\/\/www.press7.tv\/?p=28530","title":{"rendered":"Krasniqi, Osmanit: Fotoja e Rugov\u00ebs n\u00eb sfond nuk e mbulon tradh\u00ebtin\u00eb ndaj votuesve dhe mb\u00ebshtet\u00ebsve"},"content":{"rendered":"\n    <div class=\"xs_social_share_widget xs_share_url before_content \t\tmain_content  wslu-style-2 wslu-share-box-shaped wslu-fill-colored wslu-share-m-5 wslu-none wslu-share-vertical wslu-theme-font-no wslu-main_content\">\n\n\t\t\n        <ul>\n\t\t\t        <\/ul>\n    <\/div> \n<p>An\u00ebtari i VV-s\u00eb n\u00eb KQZ, nj\u00ebherit edhe zot\u00ebriu i par\u00eb i Republik\u00ebs s\u00eb Kosov\u00ebs, Alban Krasniqi i ka reaguar ish-Presidentes s\u00eb Kosov\u00ebs, Vjoa Osmanit.<br \/>\nAjo p\u00ebrmes nj\u00eb video ku n\u00eb sfond shihej fotografia e Ibrahim Rugov\u00ebs, u ankua p\u00ebr padrejt\u00ebsi nga kryeministri Albin Kurti.<\/p>\n<p>\u201cAty ku ka propagand\u00eb e shpifje duhet ta mbrojm\u00eb t\u00eb v\u00ebrtet\u00ebn dhe vet\u00ebm t\u00eb v\u00ebrtet\u00eb. Ju ftoj t\u00eb bashkoheni n\u00eb k\u00ebt\u00eb mision sepse rrug\u00ebt q\u00eb mbyllen nga padrejt\u00ebsit\u00eb gjithmon\u00eb hapen nga populli\u201d, tha Osmani n\u00eb video.<\/p>\n<p>E Alban Krasniqi p\u00ebrmes nj\u00eb postimi n\u00eb Facebook, e akuzoi at\u00eb p\u00ebr tradhti ndaj votuesve.<\/p>\n<p>\u201cFotoja e Rugov\u00ebs n\u00eb sfond nuk e mbulon tradh\u00ebtin\u00eb ndaj votuesve dhe mb\u00ebshtet\u00ebsve\u201d, ka shkruar ai<\/p>\n","protected":false},"excerpt":{"rendered":"<p>An\u00ebtari i VV-s\u00eb n\u00eb KQZ, nj\u00ebherit edhe zot\u00ebriu i par\u00eb i Republik\u00ebs s\u00eb Kosov\u00ebs, Alban Krasniqi i ka reaguar ish-Presidentes s\u00eb Kosov\u00ebs, Vjoa Osmanit. Ajo p\u00ebrmes nj\u00eb video ku n\u00eb sfond shihej fotografia e Ibrahim Rugov\u00ebs, u ankua p\u00ebr padrejt\u00ebsi nga kryeministri Albin Kurti. \u201cAty ku ka propagand\u00eb e shpifje duhet ta mbrojm\u00eb t\u00eb v\u00ebrtet\u00ebn [&hellip;]<\/p>\n","protected":false},"author":8,"featured_media":28531,"comment_status":"closed","ping_status":"closed","sticky":false,"template":"","format":"standard","meta":{"footnotes":""},"categories":[218],"tags":[],"class_list":["post-28530","post","type-post","status-publish","format-standard","has-post-thumbnail","hentry","category-opinione"],"yoast_head":"<!-- This site is optimized with the Yoast SEO plugin v25.1 - https:\/\/yoast.com\/wordpress\/plugins\/seo\/ -->\n<title>Krasniqi, Osmanit: Fotoja e Rugov\u00ebs n\u00eb sfond nuk e mbulon tradh\u00ebtin\u00eb ndaj votuesve dhe mb\u00ebshtet\u00ebsve - press7.tv<\/title>\n<meta name=\"robots\" content=\"index, follow, max-snippet:-1, max-image-preview:large, max-video-preview:-1\" \/>\n<link rel=\"canonical\" href=\"https:\/\/www.press7.tv\/?p=28530\" \/>\n<meta property=\"og:locale\" content=\"en_US\" \/>\n<meta property=\"og:type\" content=\"article\" \/>\n<meta property=\"og:title\" content=\"Krasniqi, Osmanit: Fotoja e Rugov\u00ebs n\u00eb sfond nuk e mbulon tradh\u00ebtin\u00eb ndaj votuesve dhe mb\u00ebshtet\u00ebsve - press7.tv\" \/>\n<meta property=\"og:description\" content=\"An\u00ebtari i VV-s\u00eb n\u00eb KQZ, nj\u00ebherit edhe zot\u00ebriu i par\u00eb i Republik\u00ebs s\u00eb Kosov\u00ebs, Alban Krasniqi i ka reaguar ish-Presidentes s\u00eb Kosov\u00ebs, Vjoa Osmanit. Ajo p\u00ebrmes nj\u00eb video ku n\u00eb sfond shihej fotografia e Ibrahim Rugov\u00ebs, u ankua p\u00ebr padrejt\u00ebsi nga kryeministri Albin Kurti. \u201cAty ku ka propagand\u00eb e shpifje duhet ta mbrojm\u00eb t\u00eb v\u00ebrtet\u00ebn [&hellip;]\" \/>\n<meta property=\"og:url\" content=\"https:\/\/www.press7.tv\/?p=28530\" \/>\n<meta property=\"og:site_name\" content=\"press7.tv\" \/>\n<meta property=\"article:publisher\" content=\"https:\/\/www.facebook.com\/press7.tv\" \/>\n<meta property=\"article:published_time\" content=\"2026-04-29T12:28:26+00:00\" \/>\n<meta property=\"og:image\" content=\"https:\/\/www.press7.tv\/wp-content\/uploads\/2026\/04\/FOTO-Web-M.M-800x445-1.avif\" \/>\n\t<meta property=\"og:image:width\" content=\"800\" \/>\n\t<meta property=\"og:image:height\" content=\"445\" \/>\n\t<meta property=\"og:image:type\" content=\"image\/png\" \/>\n<meta name=\"author\" content=\"gazetar2\" \/>\n<meta name=\"twitter:card\" content=\"summary_large_image\" \/>\n<meta name=\"twitter:label1\" content=\"Written by\" \/>\n\t<meta name=\"twitter:data1\" content=\"gazetar2\" \/>\n\t<meta name=\"twitter:label2\" content=\"Est. reading time\" \/>\n\t<meta name=\"twitter:data2\" content=\"1 minute\" \/>\n<script type=\"application\/ld+json\" class=\"yoast-schema-graph\">{\"@context\":\"https:\/\/schema.org\",\"@graph\":[{\"@type\":\"Article\",\"@id\":\"https:\/\/www.press7.tv\/?p=28530#article\",\"isPartOf\":{\"@id\":\"https:\/\/www.press7.tv\/?p=28530\"},\"author\":{\"name\":\"gazetar2\",\"@id\":\"https:\/\/www.news33.tv\/#\/schema\/person\/5a04a38a23ccdba82f9bd665cd8f9efa\"},\"headline\":\"Krasniqi, Osmanit: Fotoja e Rugov\u00ebs n\u00eb sfond nuk e mbulon tradh\u00ebtin\u00eb ndaj votuesve dhe mb\u00ebshtet\u00ebsve\",\"datePublished\":\"2026-04-29T12:28:26+00:00\",\"mainEntityOfPage\":{\"@id\":\"https:\/\/www.press7.tv\/?p=28530\"},\"wordCount\":153,\"publisher\":{\"@id\":\"https:\/\/www.news33.tv\/#organization\"},\"image\":{\"@id\":\"https:\/\/www.press7.tv\/?p=28530#primaryimage\"},\"thumbnailUrl\":\"https:\/\/www.press7.tv\/wp-content\/uploads\/2026\/04\/FOTO-Web-M.M-800x445-1.avif\",\"articleSection\":[\"Opinione\"],\"inLanguage\":\"en-US\"},{\"@type\":\"WebPage\",\"@id\":\"https:\/\/www.press7.tv\/?p=28530\",\"url\":\"https:\/\/www.press7.tv\/?p=28530\",\"name\":\"Krasniqi, Osmanit: Fotoja e Rugov\u00ebs n\u00eb sfond nuk e mbulon tradh\u00ebtin\u00eb ndaj votuesve dhe mb\u00ebshtet\u00ebsve - press7.tv\",\"isPartOf\":{\"@id\":\"https:\/\/www.news33.tv\/#website\"},\"primaryImageOfPage\":{\"@id\":\"https:\/\/www.press7.tv\/?p=28530#primaryimage\"},\"image\":{\"@id\":\"https:\/\/www.press7.tv\/?p=28530#primaryimage\"},\"thumbnailUrl\":\"https:\/\/www.press7.tv\/wp-content\/uploads\/2026\/04\/FOTO-Web-M.M-800x445-1.avif\",\"datePublished\":\"2026-04-29T12:28:26+00:00\",\"breadcrumb\":{\"@id\":\"https:\/\/www.press7.tv\/?p=28530#breadcrumb\"},\"inLanguage\":\"en-US\",\"potentialAction\":[{\"@type\":\"ReadAction\",\"target\":[\"https:\/\/www.press7.tv\/?p=28530\"]}]},{\"@type\":\"ImageObject\",\"inLanguage\":\"en-US\",\"@id\":\"https:\/\/www.press7.tv\/?p=28530#primaryimage\",\"url\":\"https:\/\/www.press7.tv\/wp-content\/uploads\/2026\/04\/FOTO-Web-M.M-800x445-1.avif\",\"contentUrl\":\"https:\/\/www.press7.tv\/wp-content\/uploads\/2026\/04\/FOTO-Web-M.M-800x445-1.avif\",\"width\":800,\"height\":445},{\"@type\":\"BreadcrumbList\",\"@id\":\"https:\/\/www.press7.tv\/?p=28530#breadcrumb\",\"itemListElement\":[{\"@type\":\"ListItem\",\"position\":1,\"name\":\"Home\",\"item\":\"https:\/\/www.press7.tv\/\"},{\"@type\":\"ListItem\",\"position\":2,\"name\":\"Krasniqi, Osmanit: Fotoja e Rugov\u00ebs n\u00eb sfond nuk e mbulon tradh\u00ebtin\u00eb ndaj votuesve dhe mb\u00ebshtet\u00ebsve\"}]},{\"@type\":\"WebSite\",\"@id\":\"https:\/\/www.news33.tv\/#website\",\"url\":\"https:\/\/www.news33.tv\/\",\"name\":\"News33.tv Media\",\"description\":\"Media\",\"publisher\":{\"@id\":\"https:\/\/www.news33.tv\/#organization\"},\"potentialAction\":[{\"@type\":\"SearchAction\",\"target\":{\"@type\":\"EntryPoint\",\"urlTemplate\":\"https:\/\/www.news33.tv\/?s={search_term_string}\"},\"query-input\":{\"@type\":\"PropertyValueSpecification\",\"valueRequired\":true,\"valueName\":\"search_term_string\"}}],\"inLanguage\":\"en-US\"},{\"@type\":\"Organization\",\"@id\":\"https:\/\/www.news33.tv\/#organization\",\"name\":\"News33.tv Media\",\"url\":\"https:\/\/www.news33.tv\/\",\"logo\":{\"@type\":\"ImageObject\",\"inLanguage\":\"en-US\",\"@id\":\"https:\/\/www.news33.tv\/#\/schema\/logo\/image\/\",\"url\":\"https:\/\/www.press7.tv\/wp-content\/uploads\/2024\/02\/logo-news33-black.png\",\"contentUrl\":\"https:\/\/www.press7.tv\/wp-content\/uploads\/2024\/02\/logo-news33-black.png\",\"width\":180,\"height\":37,\"caption\":\"News33.tv Media\"},\"image\":{\"@id\":\"https:\/\/www.news33.tv\/#\/schema\/logo\/image\/\"},\"sameAs\":[\"https:\/\/www.facebook.com\/press7.tv\"]},{\"@type\":\"Person\",\"@id\":\"https:\/\/www.news33.tv\/#\/schema\/person\/5a04a38a23ccdba82f9bd665cd8f9efa\",\"name\":\"gazetar2\",\"image\":{\"@type\":\"ImageObject\",\"inLanguage\":\"en-US\",\"@id\":\"https:\/\/www.news33.tv\/#\/schema\/person\/image\/\",\"url\":\"https:\/\/www.press7.tv\/wp-content\/litespeed\/avatar\/41975e402c3049d9ddb03adca8f7a883.jpg?ver=1777169572\",\"contentUrl\":\"https:\/\/www.press7.tv\/wp-content\/litespeed\/avatar\/41975e402c3049d9ddb03adca8f7a883.jpg?ver=1777169572\",\"caption\":\"gazetar2\"},\"url\":\"https:\/\/www.press7.tv\/?author=8\"}]}<\/script>\n<!-- \/ Yoast SEO plugin. -->","yoast_head_json":{"title":"Krasniqi, Osmanit: Fotoja e Rugov\u00ebs n\u00eb sfond nuk e mbulon tradh\u00ebtin\u00eb ndaj votuesve dhe mb\u00ebshtet\u00ebsve - press7.tv","robots":{"index":"index","follow":"follow","max-snippet":"max-snippet:-1","max-image-preview":"max-image-preview:large","max-video-preview":"max-video-preview:-1"},"canonical":"https:\/\/www.press7.tv\/?p=28530","og_locale":"en_US","og_type":"article","og_title":"Krasniqi, Osmanit: Fotoja e Rugov\u00ebs n\u00eb sfond nuk e mbulon tradh\u00ebtin\u00eb ndaj votuesve dhe mb\u00ebshtet\u00ebsve - press7.tv","og_description":"An\u00ebtari i VV-s\u00eb n\u00eb KQZ, nj\u00ebherit edhe zot\u00ebriu i par\u00eb i Republik\u00ebs s\u00eb Kosov\u00ebs, Alban Krasniqi i ka reaguar ish-Presidentes s\u00eb Kosov\u00ebs, Vjoa Osmanit. Ajo p\u00ebrmes nj\u00eb video ku n\u00eb sfond shihej fotografia e Ibrahim Rugov\u00ebs, u ankua p\u00ebr padrejt\u00ebsi nga kryeministri Albin Kurti. \u201cAty ku ka propagand\u00eb e shpifje duhet ta mbrojm\u00eb t\u00eb v\u00ebrtet\u00ebn [&hellip;]","og_url":"https:\/\/www.press7.tv\/?p=28530","og_site_name":"press7.tv","article_publisher":"https:\/\/www.facebook.com\/press7.tv","article_published_time":"2026-04-29T12:28:26+00:00","og_image":[{"width":800,"height":445,"url":"https:\/\/www.press7.tv\/wp-content\/uploads\/2026\/04\/FOTO-Web-M.M-800x445-1.avif","type":"image\/png"}],"author":"gazetar2","twitter_card":"summary_large_image","twitter_misc":{"Written by":"gazetar2","Est. reading time":"1 minute"},"schema":{"@context":"https:\/\/schema.org","@graph":[{"@type":"Article","@id":"https:\/\/www.press7.tv\/?p=28530#article","isPartOf":{"@id":"https:\/\/www.press7.tv\/?p=28530"},"author":{"name":"gazetar2","@id":"https:\/\/www.news33.tv\/#\/schema\/person\/5a04a38a23ccdba82f9bd665cd8f9efa"},"headline":"Krasniqi, Osmanit: Fotoja e Rugov\u00ebs n\u00eb sfond nuk e mbulon tradh\u00ebtin\u00eb ndaj votuesve dhe mb\u00ebshtet\u00ebsve","datePublished":"2026-04-29T12:28:26+00:00","mainEntityOfPage":{"@id":"https:\/\/www.press7.tv\/?p=28530"},"wordCount":153,"publisher":{"@id":"https:\/\/www.news33.tv\/#organization"},"image":{"@id":"https:\/\/www.press7.tv\/?p=28530#primaryimage"},"thumbnailUrl":"https:\/\/www.press7.tv\/wp-content\/uploads\/2026\/04\/FOTO-Web-M.M-800x445-1.avif","articleSection":["Opinione"],"inLanguage":"en-US"},{"@type":"WebPage","@id":"https:\/\/www.press7.tv\/?p=28530","url":"https:\/\/www.press7.tv\/?p=28530","name":"Krasniqi, Osmanit: Fotoja e Rugov\u00ebs n\u00eb sfond nuk e mbulon tradh\u00ebtin\u00eb ndaj votuesve dhe mb\u00ebshtet\u00ebsve - press7.tv","isPartOf":{"@id":"https:\/\/www.news33.tv\/#website"},"primaryImageOfPage":{"@id":"https:\/\/www.press7.tv\/?p=28530#primaryimage"},"image":{"@id":"https:\/\/www.press7.tv\/?p=28530#primaryimage"},"thumbnailUrl":"https:\/\/www.press7.tv\/wp-content\/uploads\/2026\/04\/FOTO-Web-M.M-800x445-1.avif","datePublished":"2026-04-29T12:28:26+00:00","breadcrumb":{"@id":"https:\/\/www.press7.tv\/?p=28530#breadcrumb"},"inLanguage":"en-US","potentialAction":[{"@type":"ReadAction","target":["https:\/\/www.press7.tv\/?p=28530"]}]},{"@type":"ImageObject","inLanguage":"en-US","@id":"https:\/\/www.press7.tv\/?p=28530#primaryimage","url":"https:\/\/www.press7.tv\/wp-content\/uploads\/2026\/04\/FOTO-Web-M.M-800x445-1.avif","contentUrl":"https:\/\/www.press7.tv\/wp-content\/uploads\/2026\/04\/FOTO-Web-M.M-800x445-1.avif","width":800,"height":445},{"@type":"BreadcrumbList","@id":"https:\/\/www.press7.tv\/?p=28530#breadcrumb","itemListElement":[{"@type":"ListItem","position":1,"name":"Home","item":"https:\/\/www.press7.tv\/"},{"@type":"ListItem","position":2,"name":"Krasniqi, Osmanit: Fotoja e Rugov\u00ebs n\u00eb sfond nuk e mbulon tradh\u00ebtin\u00eb ndaj votuesve dhe mb\u00ebshtet\u00ebsve"}]},{"@type":"WebSite","@id":"https:\/\/www.news33.tv\/#website","url":"https:\/\/www.news33.tv\/","name":"News33.tv Media","description":"Media","publisher":{"@id":"https:\/\/www.news33.tv\/#organization"},"potentialAction":[{"@type":"SearchAction","target":{"@type":"EntryPoint","urlTemplate":"https:\/\/www.news33.tv\/?s={search_term_string}"},"query-input":{"@type":"PropertyValueSpecification","valueRequired":true,"valueName":"search_term_string"}}],"inLanguage":"en-US"},{"@type":"Organization","@id":"https:\/\/www.news33.tv\/#organization","name":"News33.tv Media","url":"https:\/\/www.news33.tv\/","logo":{"@type":"ImageObject","inLanguage":"en-US","@id":"https:\/\/www.news33.tv\/#\/schema\/logo\/image\/","url":"https:\/\/www.press7.tv\/wp-content\/uploads\/2024\/02\/logo-news33-black.png","contentUrl":"https:\/\/www.press7.tv\/wp-content\/uploads\/2024\/02\/logo-news33-black.png","width":180,"height":37,"caption":"News33.tv Media"},"image":{"@id":"https:\/\/www.news33.tv\/#\/schema\/logo\/image\/"},"sameAs":["https:\/\/www.facebook.com\/press7.tv"]},{"@type":"Person","@id":"https:\/\/www.news33.tv\/#\/schema\/person\/5a04a38a23ccdba82f9bd665cd8f9efa","name":"gazetar2","image":{"@type":"ImageObject","inLanguage":"en-US","@id":"https:\/\/www.news33.tv\/#\/schema\/person\/image\/","url":"https:\/\/www.press7.tv\/wp-content\/litespeed\/avatar\/41975e402c3049d9ddb03adca8f7a883.jpg?ver=1777169572","contentUrl":"https:\/\/www.press7.tv\/wp-content\/litespeed\/avatar\/41975e402c3049d9ddb03adca8f7a883.jpg?ver=1777169572","caption":"gazetar2"},"url":"https:\/\/www.press7.tv\/?author=8"}]}},"amp_enabled":true,"_links":{"self":[{"href":"https:\/\/www.press7.tv\/index.php?rest_route=\/wp\/v2\/posts\/28530","targetHints":{"allow":["GET"]}}],"collection":[{"href":"https:\/\/www.press7.tv\/index.php?rest_route=\/wp\/v2\/posts"}],"about":[{"href":"https:\/\/www.press7.tv\/index.php?rest_route=\/wp\/v2\/types\/post"}],"author":[{"embeddable":true,"href":"https:\/\/www.press7.tv\/index.php?rest_route=\/wp\/v2\/users\/8"}],"replies":[{"embeddable":true,"href":"https:\/\/www.press7.tv\/index.php?rest_route=%2Fwp%2Fv2%2Fcomments&post=28530"}],"version-history":[{"count":1,"href":"https:\/\/www.press7.tv\/index.php?rest_route=\/wp\/v2\/posts\/28530\/revisions"}],"predecessor-version":[{"id":28532,"href":"https:\/\/www.press7.tv\/index.php?rest_route=\/wp\/v2\/posts\/28530\/revisions\/28532"}],"wp:featuredmedia":[{"embeddable":true,"href":"https:\/\/www.press7.tv\/index.php?rest_route=\/wp\/v2\/media\/28531"}],"wp:attachment":[{"href":"https:\/\/www.press7.tv\/index.php?rest_route=%2Fwp%2Fv2%2Fmedia&parent=28530"}],"wp:term":[{"taxonomy":"category","embeddable":true,"href":"https:\/\/www.press7.tv\/index.php?rest_route=%2Fwp%2Fv2%2Fcategories&post=28530"},{"taxonomy":"post_tag","embeddable":true,"href":"https:\/\/www.press7.tv\/index.php?rest_route=%2Fwp%2Fv2%2Ftags&post=28530"}],"curies":[{"name":"wp","href":"https:\/\/api.w.org\/{rel}","templated":true}]}}