{"id":28524,"date":"2026-04-29T11:51:51","date_gmt":"2026-04-29T11:51:51","guid":{"rendered":"https:\/\/www.press7.tv\/?p=28524"},"modified":"2026-04-29T11:51:51","modified_gmt":"2026-04-29T11:51:51","slug":"konferenca-e-investitoreve-amerikane-clark-jam-krenar-me-popullin-e-kosoves","status":"publish","type":"post","link":"https:\/\/www.press7.tv\/?p=28524","title":{"rendered":"Konferenca e investitor\u00ebve amerikan\u00eb, Clark: Jam krenar me popullin e Kosov\u00ebs"},"content":{"rendered":"\n    <div class=\"xs_social_share_widget xs_share_url before_content \t\tmain_content  wslu-style-2 wslu-share-box-shaped wslu-fill-colored wslu-share-m-5 wslu-none wslu-share-vertical wslu-theme-font-no wslu-main_content\">\n\n\t\t\n        <ul>\n\t\t\t        <\/ul>\n    <\/div> \n<p>Tri dit\u00eb radhazi n\u00eb Prishtin\u00eb po mbahet konferenca e investitor\u00ebve amerikan\u00eb.<\/p>\n<p>Kjo po shihet si nj\u00eb mund\u00ebsi strategjike p\u00ebr t\u00eb t\u00ebrhequr investime t\u00eb huaja dhe p\u00ebr t\u00eb p\u00ebrshpejtuar pun\u00ebn n\u00eb infrastruktur\u00ebn n\u00eb kryeqytet.<\/p>\n<p>K\u00ebto investime me theks t\u00eb ve\u00e7ant\u00eb u p\u00ebrmend\u00ebn p\u00ebr organizimin e Loj\u00ebrave Mesdhetare 2030.<\/p>\n<p>Para t\u00eb pranishm\u00ebve, p\u00ebrmes nj\u00eb videoje, ka d\u00ebrguar nj\u00eb mesazh edhe gjenerali Wesley Clark, i cili tha se \u00ebsht\u00eb krenar me popullin e Kosov\u00ebs.<\/p>\n<p>\u201cAjo q\u00eb shpresojm\u00eb n\u00eb Kosov\u00eb, \u00ebsht\u00eb nj\u00eb mb\u00ebshtetje e fort\u00eb, e fort\u00eb nga komuniteti nd\u00ebrkomb\u00ebtar p\u00ebr investimet e huaja direkte n\u00eb Kosov\u00eb. Ato jan\u00eb burimi jetik p\u00ebr t\u00eb \u00e7uar vendin p\u00ebrpara. Ne i kishim n\u00eb Shtetet e Bashkuara n\u00eb shekullin e 19-t\u00eb. Ne nuk do t\u00eb ishim b\u00ebr\u00eb kurr\u00eb fuqia industriale q\u00eb u b\u00ebm\u00eb pa investimet franceze, britanike dhe gjermane n\u00eb hekurin, \u00e7elikun dhe hekurudhat amerikane. N\u00eb Kosov\u00eb do t\u00eb jet\u00eb ndryshe. Ju keni burime t\u00eb jasht\u00ebzakonshme t\u00eb linjitit me cil\u00ebsi t\u00eb ul\u00ebt, por shum\u00eb t\u00eb vlefsh\u00ebm. Ato po digjen aktualisht, por shum\u00eb gj\u00ebra mund t\u00eb b\u00ebhen me to. Keni nj\u00eb komunitet t\u00eb mrekulluesh\u00ebm bujq\u00ebsor. Keni ekologji t\u00eb shk\u00eblqyer. Keni male, qendra skijimi. Ka nj\u00eb potencial t\u00eb mrekulluesh\u00ebm p\u00ebr investime t\u00eb huaja direkte n\u00eb t\u00eb gjitha k\u00ebto fusha. Dhe sigurisht, ne kemi nevoj\u00eb p\u00ebr rezilienc\u00eb n\u00eb t\u00eb gjith\u00eb infrastruktur\u00ebn. \u00cbsht\u00eb e vet\u00ebkuptueshme q\u00eb nuk e di kurr\u00eb se \u00e7far\u00eb do t\u00eb ndodh\u00eb n\u00eb bot\u00eb. Prandaj kur flasim p\u00ebr energji elektrike, uj\u00ebsjell\u00ebs komunal, furnizime energjetike n\u00eb p\u00ebrgjith\u00ebsi, rezilienca \u00ebsht\u00eb nj\u00eb mund\u00ebsi e madhe investimi p\u00ebr Kosov\u00ebn\u201d, ka th\u00ebn\u00eb ai.<\/p>\n<p>Nd\u00ebrkaq, gjenerali Clark pati edhe nj\u00eb mesazh p\u00ebr qeverin\u00eb.<\/p>\n<p>\u201cDua gjithashtu t\u00eb them se mendoj q\u00eb qeveria ka nj\u00eb rol t\u00eb madh p\u00ebr t\u00eb luajtur, s\u00eb pari n\u00eb krijimin e nj\u00eb ambienti t\u00eb mir\u00eb k\u00ebtu, duke mir\u00ebpritur investitor\u00ebt, duke ofruar mb\u00ebshtetje qeveritare, dhe gjithashtu aft\u00ebsin\u00eb p\u00ebr t\u00eb b\u00ebr\u00eb partneritete publiko-private. Pra, t\u00eb gjitha k\u00ebto duhet t\u00eb jen\u00eb n\u00eb tryez\u00eb k\u00ebt\u00eb m\u00ebngjes. Jam shum\u00eb krenar p\u00ebr popullin e Kosov\u00ebs. Ju keni p\u00ebrballuar shum\u00eb gjat\u00eb viteve 1980 dhe 1990. Ju e keni fituar lirin\u00eb dhe shtet\u00ebsin\u00eb tuaj. Dhe kam qen\u00eb shum\u00eb i k\u00ebnaqur ta shoh k\u00ebt\u00eb, shum\u00eb krenar q\u00eb jam kthyer dhe t\u00eb jem i lidhur me shum\u00eb prej jush\u201d, tha ai.<\/p>\n<p>E, i pari i kryeqytetit, P\u00ebrparim Rama tha se Prishtina \u00ebsht\u00eb qend\u00ebr evropiane n\u00eb rritje t\u00eb shpejt\u00eb e nd\u00ebrtuar p\u00ebr investime.<\/p>\n","protected":false},"excerpt":{"rendered":"<p>Tri dit\u00eb radhazi n\u00eb Prishtin\u00eb po mbahet konferenca e investitor\u00ebve amerikan\u00eb. Kjo po shihet si nj\u00eb mund\u00ebsi strategjike p\u00ebr t\u00eb t\u00ebrhequr investime t\u00eb huaja dhe p\u00ebr t\u00eb p\u00ebrshpejtuar pun\u00ebn n\u00eb infrastruktur\u00ebn n\u00eb kryeqytet. K\u00ebto investime me theks t\u00eb ve\u00e7ant\u00eb u p\u00ebrmend\u00ebn p\u00ebr organizimin e Loj\u00ebrave Mesdhetare 2030. Para t\u00eb pranishm\u00ebve, p\u00ebrmes nj\u00eb videoje, ka d\u00ebrguar [&hellip;]<\/p>\n","protected":false},"author":8,"featured_media":28525,"comment_status":"closed","ping_status":"closed","sticky":false,"template":"","format":"standard","meta":{"footnotes":""},"categories":[217,213],"tags":[],"class_list":["post-28524","post","type-post","status-publish","format-standard","has-post-thumbnail","hentry","category-bote","category-lajme"],"yoast_head":"<!-- This site is optimized with the Yoast SEO plugin v25.1 - https:\/\/yoast.com\/wordpress\/plugins\/seo\/ -->\n<title>Konferenca e investitor\u00ebve amerikan\u00eb, Clark: Jam krenar me popullin e Kosov\u00ebs - press7.tv<\/title>\n<meta name=\"robots\" content=\"index, follow, max-snippet:-1, max-image-preview:large, max-video-preview:-1\" \/>\n<link rel=\"canonical\" href=\"https:\/\/www.press7.tv\/?p=28524\" \/>\n<meta property=\"og:locale\" content=\"en_US\" \/>\n<meta property=\"og:type\" content=\"article\" \/>\n<meta property=\"og:title\" content=\"Konferenca e investitor\u00ebve amerikan\u00eb, Clark: Jam krenar me popullin e Kosov\u00ebs - press7.tv\" \/>\n<meta property=\"og:description\" content=\"Tri dit\u00eb radhazi n\u00eb Prishtin\u00eb po mbahet konferenca e investitor\u00ebve amerikan\u00eb. Kjo po shihet si nj\u00eb mund\u00ebsi strategjike p\u00ebr t\u00eb t\u00ebrhequr investime t\u00eb huaja dhe p\u00ebr t\u00eb p\u00ebrshpejtuar pun\u00ebn n\u00eb infrastruktur\u00ebn n\u00eb kryeqytet. K\u00ebto investime me theks t\u00eb ve\u00e7ant\u00eb u p\u00ebrmend\u00ebn p\u00ebr organizimin e Loj\u00ebrave Mesdhetare 2030. Para t\u00eb pranishm\u00ebve, p\u00ebrmes nj\u00eb videoje, ka d\u00ebrguar [&hellip;]\" \/>\n<meta property=\"og:url\" content=\"https:\/\/www.press7.tv\/?p=28524\" \/>\n<meta property=\"og:site_name\" content=\"press7.tv\" \/>\n<meta property=\"article:publisher\" content=\"https:\/\/www.facebook.com\/press7.tv\" \/>\n<meta property=\"article:published_time\" content=\"2026-04-29T11:51:51+00:00\" \/>\n<meta property=\"og:image\" content=\"https:\/\/www.press7.tv\/wp-content\/uploads\/2026\/04\/wesley-clark-720x480-1.avif\" \/>\n\t<meta property=\"og:image:width\" content=\"720\" \/>\n\t<meta property=\"og:image:height\" content=\"480\" \/>\n\t<meta property=\"og:image:type\" content=\"image\/jpeg\" \/>\n<meta name=\"author\" content=\"gazetar2\" \/>\n<meta name=\"twitter:card\" content=\"summary_large_image\" \/>\n<meta name=\"twitter:label1\" content=\"Written by\" \/>\n\t<meta name=\"twitter:data1\" content=\"gazetar2\" \/>\n\t<meta name=\"twitter:label2\" content=\"Est. reading time\" \/>\n\t<meta name=\"twitter:data2\" content=\"1 minute\" \/>\n<script type=\"application\/ld+json\" class=\"yoast-schema-graph\">{\"@context\":\"https:\/\/schema.org\",\"@graph\":[{\"@type\":\"Article\",\"@id\":\"https:\/\/www.press7.tv\/?p=28524#article\",\"isPartOf\":{\"@id\":\"https:\/\/www.press7.tv\/?p=28524\"},\"author\":{\"name\":\"gazetar2\",\"@id\":\"https:\/\/www.news33.tv\/#\/schema\/person\/5a04a38a23ccdba82f9bd665cd8f9efa\"},\"headline\":\"Konferenca e investitor\u00ebve amerikan\u00eb, Clark: Jam krenar me popullin e Kosov\u00ebs\",\"datePublished\":\"2026-04-29T11:51:51+00:00\",\"mainEntityOfPage\":{\"@id\":\"https:\/\/www.press7.tv\/?p=28524\"},\"wordCount\":463,\"publisher\":{\"@id\":\"https:\/\/www.news33.tv\/#organization\"},\"image\":{\"@id\":\"https:\/\/www.press7.tv\/?p=28524#primaryimage\"},\"thumbnailUrl\":\"https:\/\/www.press7.tv\/wp-content\/uploads\/2026\/04\/wesley-clark-720x480-1.avif\",\"articleSection\":[\"Bot\u00eb\",\"Lajme\"],\"inLanguage\":\"en-US\"},{\"@type\":\"WebPage\",\"@id\":\"https:\/\/www.press7.tv\/?p=28524\",\"url\":\"https:\/\/www.press7.tv\/?p=28524\",\"name\":\"Konferenca e investitor\u00ebve amerikan\u00eb, Clark: Jam krenar me popullin e Kosov\u00ebs - press7.tv\",\"isPartOf\":{\"@id\":\"https:\/\/www.news33.tv\/#website\"},\"primaryImageOfPage\":{\"@id\":\"https:\/\/www.press7.tv\/?p=28524#primaryimage\"},\"image\":{\"@id\":\"https:\/\/www.press7.tv\/?p=28524#primaryimage\"},\"thumbnailUrl\":\"https:\/\/www.press7.tv\/wp-content\/uploads\/2026\/04\/wesley-clark-720x480-1.avif\",\"datePublished\":\"2026-04-29T11:51:51+00:00\",\"breadcrumb\":{\"@id\":\"https:\/\/www.press7.tv\/?p=28524#breadcrumb\"},\"inLanguage\":\"en-US\",\"potentialAction\":[{\"@type\":\"ReadAction\",\"target\":[\"https:\/\/www.press7.tv\/?p=28524\"]}]},{\"@type\":\"ImageObject\",\"inLanguage\":\"en-US\",\"@id\":\"https:\/\/www.press7.tv\/?p=28524#primaryimage\",\"url\":\"https:\/\/www.press7.tv\/wp-content\/uploads\/2026\/04\/wesley-clark-720x480-1.avif\",\"contentUrl\":\"https:\/\/www.press7.tv\/wp-content\/uploads\/2026\/04\/wesley-clark-720x480-1.avif\",\"width\":720,\"height\":480,\"caption\":\"May 2, 2016 - Los Angeles, California, U.S - Wesley Clark, Chairman and CEO, Wesley K. Clark &amp; Associates during the 2016 Milken Institute Global Conference held Tuesday May 3, 2016 at the Beverly Hilton Hotel in Beverly Hills, California. Los Angeles U.S. - ZUMAp124\"},{\"@type\":\"BreadcrumbList\",\"@id\":\"https:\/\/www.press7.tv\/?p=28524#breadcrumb\",\"itemListElement\":[{\"@type\":\"ListItem\",\"position\":1,\"name\":\"Home\",\"item\":\"https:\/\/www.press7.tv\/\"},{\"@type\":\"ListItem\",\"position\":2,\"name\":\"Konferenca e investitor\u00ebve amerikan\u00eb, Clark: Jam krenar me popullin e Kosov\u00ebs\"}]},{\"@type\":\"WebSite\",\"@id\":\"https:\/\/www.news33.tv\/#website\",\"url\":\"https:\/\/www.news33.tv\/\",\"name\":\"News33.tv Media\",\"description\":\"Media\",\"publisher\":{\"@id\":\"https:\/\/www.news33.tv\/#organization\"},\"potentialAction\":[{\"@type\":\"SearchAction\",\"target\":{\"@type\":\"EntryPoint\",\"urlTemplate\":\"https:\/\/www.news33.tv\/?s={search_term_string}\"},\"query-input\":{\"@type\":\"PropertyValueSpecification\",\"valueRequired\":true,\"valueName\":\"search_term_string\"}}],\"inLanguage\":\"en-US\"},{\"@type\":\"Organization\",\"@id\":\"https:\/\/www.news33.tv\/#organization\",\"name\":\"News33.tv Media\",\"url\":\"https:\/\/www.news33.tv\/\",\"logo\":{\"@type\":\"ImageObject\",\"inLanguage\":\"en-US\",\"@id\":\"https:\/\/www.news33.tv\/#\/schema\/logo\/image\/\",\"url\":\"https:\/\/www.press7.tv\/wp-content\/uploads\/2024\/02\/logo-news33-black.png\",\"contentUrl\":\"https:\/\/www.press7.tv\/wp-content\/uploads\/2024\/02\/logo-news33-black.png\",\"width\":180,\"height\":37,\"caption\":\"News33.tv Media\"},\"image\":{\"@id\":\"https:\/\/www.news33.tv\/#\/schema\/logo\/image\/\"},\"sameAs\":[\"https:\/\/www.facebook.com\/press7.tv\"]},{\"@type\":\"Person\",\"@id\":\"https:\/\/www.news33.tv\/#\/schema\/person\/5a04a38a23ccdba82f9bd665cd8f9efa\",\"name\":\"gazetar2\",\"image\":{\"@type\":\"ImageObject\",\"inLanguage\":\"en-US\",\"@id\":\"https:\/\/www.news33.tv\/#\/schema\/person\/image\/\",\"url\":\"https:\/\/www.press7.tv\/wp-content\/litespeed\/avatar\/41975e402c3049d9ddb03adca8f7a883.jpg?ver=1777169572\",\"contentUrl\":\"https:\/\/www.press7.tv\/wp-content\/litespeed\/avatar\/41975e402c3049d9ddb03adca8f7a883.jpg?ver=1777169572\",\"caption\":\"gazetar2\"},\"url\":\"https:\/\/www.press7.tv\/?author=8\"}]}<\/script>\n<!-- \/ Yoast SEO plugin. -->","yoast_head_json":{"title":"Konferenca e investitor\u00ebve amerikan\u00eb, Clark: Jam krenar me popullin e Kosov\u00ebs - press7.tv","robots":{"index":"index","follow":"follow","max-snippet":"max-snippet:-1","max-image-preview":"max-image-preview:large","max-video-preview":"max-video-preview:-1"},"canonical":"https:\/\/www.press7.tv\/?p=28524","og_locale":"en_US","og_type":"article","og_title":"Konferenca e investitor\u00ebve amerikan\u00eb, Clark: Jam krenar me popullin e Kosov\u00ebs - press7.tv","og_description":"Tri dit\u00eb radhazi n\u00eb Prishtin\u00eb po mbahet konferenca e investitor\u00ebve amerikan\u00eb. Kjo po shihet si nj\u00eb mund\u00ebsi strategjike p\u00ebr t\u00eb t\u00ebrhequr investime t\u00eb huaja dhe p\u00ebr t\u00eb p\u00ebrshpejtuar pun\u00ebn n\u00eb infrastruktur\u00ebn n\u00eb kryeqytet. K\u00ebto investime me theks t\u00eb ve\u00e7ant\u00eb u p\u00ebrmend\u00ebn p\u00ebr organizimin e Loj\u00ebrave Mesdhetare 2030. Para t\u00eb pranishm\u00ebve, p\u00ebrmes nj\u00eb videoje, ka d\u00ebrguar [&hellip;]","og_url":"https:\/\/www.press7.tv\/?p=28524","og_site_name":"press7.tv","article_publisher":"https:\/\/www.facebook.com\/press7.tv","article_published_time":"2026-04-29T11:51:51+00:00","og_image":[{"width":720,"height":480,"url":"https:\/\/www.press7.tv\/wp-content\/uploads\/2026\/04\/wesley-clark-720x480-1.avif","type":"image\/jpeg"}],"author":"gazetar2","twitter_card":"summary_large_image","twitter_misc":{"Written by":"gazetar2","Est. reading time":"1 minute"},"schema":{"@context":"https:\/\/schema.org","@graph":[{"@type":"Article","@id":"https:\/\/www.press7.tv\/?p=28524#article","isPartOf":{"@id":"https:\/\/www.press7.tv\/?p=28524"},"author":{"name":"gazetar2","@id":"https:\/\/www.news33.tv\/#\/schema\/person\/5a04a38a23ccdba82f9bd665cd8f9efa"},"headline":"Konferenca e investitor\u00ebve amerikan\u00eb, Clark: Jam krenar me popullin e Kosov\u00ebs","datePublished":"2026-04-29T11:51:51+00:00","mainEntityOfPage":{"@id":"https:\/\/www.press7.tv\/?p=28524"},"wordCount":463,"publisher":{"@id":"https:\/\/www.news33.tv\/#organization"},"image":{"@id":"https:\/\/www.press7.tv\/?p=28524#primaryimage"},"thumbnailUrl":"https:\/\/www.press7.tv\/wp-content\/uploads\/2026\/04\/wesley-clark-720x480-1.avif","articleSection":["Bot\u00eb","Lajme"],"inLanguage":"en-US"},{"@type":"WebPage","@id":"https:\/\/www.press7.tv\/?p=28524","url":"https:\/\/www.press7.tv\/?p=28524","name":"Konferenca e investitor\u00ebve amerikan\u00eb, Clark: Jam krenar me popullin e Kosov\u00ebs - press7.tv","isPartOf":{"@id":"https:\/\/www.news33.tv\/#website"},"primaryImageOfPage":{"@id":"https:\/\/www.press7.tv\/?p=28524#primaryimage"},"image":{"@id":"https:\/\/www.press7.tv\/?p=28524#primaryimage"},"thumbnailUrl":"https:\/\/www.press7.tv\/wp-content\/uploads\/2026\/04\/wesley-clark-720x480-1.avif","datePublished":"2026-04-29T11:51:51+00:00","breadcrumb":{"@id":"https:\/\/www.press7.tv\/?p=28524#breadcrumb"},"inLanguage":"en-US","potentialAction":[{"@type":"ReadAction","target":["https:\/\/www.press7.tv\/?p=28524"]}]},{"@type":"ImageObject","inLanguage":"en-US","@id":"https:\/\/www.press7.tv\/?p=28524#primaryimage","url":"https:\/\/www.press7.tv\/wp-content\/uploads\/2026\/04\/wesley-clark-720x480-1.avif","contentUrl":"https:\/\/www.press7.tv\/wp-content\/uploads\/2026\/04\/wesley-clark-720x480-1.avif","width":720,"height":480,"caption":"May 2, 2016 - Los Angeles, California, U.S - Wesley Clark, Chairman and CEO, Wesley K. Clark &amp; Associates during the 2016 Milken Institute Global Conference held Tuesday May 3, 2016 at the Beverly Hilton Hotel in Beverly Hills, California. Los Angeles U.S. - ZUMAp124"},{"@type":"BreadcrumbList","@id":"https:\/\/www.press7.tv\/?p=28524#breadcrumb","itemListElement":[{"@type":"ListItem","position":1,"name":"Home","item":"https:\/\/www.press7.tv\/"},{"@type":"ListItem","position":2,"name":"Konferenca e investitor\u00ebve amerikan\u00eb, Clark: Jam krenar me popullin e Kosov\u00ebs"}]},{"@type":"WebSite","@id":"https:\/\/www.news33.tv\/#website","url":"https:\/\/www.news33.tv\/","name":"News33.tv Media","description":"Media","publisher":{"@id":"https:\/\/www.news33.tv\/#organization"},"potentialAction":[{"@type":"SearchAction","target":{"@type":"EntryPoint","urlTemplate":"https:\/\/www.news33.tv\/?s={search_term_string}"},"query-input":{"@type":"PropertyValueSpecification","valueRequired":true,"valueName":"search_term_string"}}],"inLanguage":"en-US"},{"@type":"Organization","@id":"https:\/\/www.news33.tv\/#organization","name":"News33.tv Media","url":"https:\/\/www.news33.tv\/","logo":{"@type":"ImageObject","inLanguage":"en-US","@id":"https:\/\/www.news33.tv\/#\/schema\/logo\/image\/","url":"https:\/\/www.press7.tv\/wp-content\/uploads\/2024\/02\/logo-news33-black.png","contentUrl":"https:\/\/www.press7.tv\/wp-content\/uploads\/2024\/02\/logo-news33-black.png","width":180,"height":37,"caption":"News33.tv Media"},"image":{"@id":"https:\/\/www.news33.tv\/#\/schema\/logo\/image\/"},"sameAs":["https:\/\/www.facebook.com\/press7.tv"]},{"@type":"Person","@id":"https:\/\/www.news33.tv\/#\/schema\/person\/5a04a38a23ccdba82f9bd665cd8f9efa","name":"gazetar2","image":{"@type":"ImageObject","inLanguage":"en-US","@id":"https:\/\/www.news33.tv\/#\/schema\/person\/image\/","url":"https:\/\/www.press7.tv\/wp-content\/litespeed\/avatar\/41975e402c3049d9ddb03adca8f7a883.jpg?ver=1777169572","contentUrl":"https:\/\/www.press7.tv\/wp-content\/litespeed\/avatar\/41975e402c3049d9ddb03adca8f7a883.jpg?ver=1777169572","caption":"gazetar2"},"url":"https:\/\/www.press7.tv\/?author=8"}]}},"amp_enabled":true,"_links":{"self":[{"href":"https:\/\/www.press7.tv\/index.php?rest_route=\/wp\/v2\/posts\/28524","targetHints":{"allow":["GET"]}}],"collection":[{"href":"https:\/\/www.press7.tv\/index.php?rest_route=\/wp\/v2\/posts"}],"about":[{"href":"https:\/\/www.press7.tv\/index.php?rest_route=\/wp\/v2\/types\/post"}],"author":[{"embeddable":true,"href":"https:\/\/www.press7.tv\/index.php?rest_route=\/wp\/v2\/users\/8"}],"replies":[{"embeddable":true,"href":"https:\/\/www.press7.tv\/index.php?rest_route=%2Fwp%2Fv2%2Fcomments&post=28524"}],"version-history":[{"count":1,"href":"https:\/\/www.press7.tv\/index.php?rest_route=\/wp\/v2\/posts\/28524\/revisions"}],"predecessor-version":[{"id":28526,"href":"https:\/\/www.press7.tv\/index.php?rest_route=\/wp\/v2\/posts\/28524\/revisions\/28526"}],"wp:featuredmedia":[{"embeddable":true,"href":"https:\/\/www.press7.tv\/index.php?rest_route=\/wp\/v2\/media\/28525"}],"wp:attachment":[{"href":"https:\/\/www.press7.tv\/index.php?rest_route=%2Fwp%2Fv2%2Fmedia&parent=28524"}],"wp:term":[{"taxonomy":"category","embeddable":true,"href":"https:\/\/www.press7.tv\/index.php?rest_route=%2Fwp%2Fv2%2Fcategories&post=28524"},{"taxonomy":"post_tag","embeddable":true,"href":"https:\/\/www.press7.tv\/index.php?rest_route=%2Fwp%2Fv2%2Ftags&post=28524"}],"curies":[{"name":"wp","href":"https:\/\/api.w.org\/{rel}","templated":true}]}}