{"id":28521,"date":"2026-04-29T11:49:56","date_gmt":"2026-04-29T11:49:56","guid":{"rendered":"https:\/\/www.press7.tv\/?p=28521"},"modified":"2026-04-29T11:49:56","modified_gmt":"2026-04-29T11:49:56","slug":"admirali-dragone-nuk-ka-plan-per-reduktim-te-trupave-te-nato-s-ne-kosove","status":"publish","type":"post","link":"https:\/\/www.press7.tv\/?p=28521","title":{"rendered":"Admirali Dragone: Nuk ka plan p\u00ebr reduktim t\u00eb trupave t\u00eb NATO-s n\u00eb Kosov\u00eb"},"content":{"rendered":"\n    <div class=\"xs_social_share_widget xs_share_url before_content \t\tmain_content  wslu-style-2 wslu-share-box-shaped wslu-fill-colored wslu-share-m-5 wslu-none wslu-share-vertical wslu-theme-font-no wslu-main_content\">\n\n\t\t\n        <ul>\n\t\t\t        <\/ul>\n    <\/div> \n<p>N\u00eb nj\u00eb intervist\u00eb p\u00ebr Radio Televizionin e Kosov\u00ebs, Admirali Giuseppe Cavo Dragone, nj\u00eb nga figurat e larta ushtarake t\u00eb NATO-s dhe Kryetar i Komitetit Ushtarak t\u00eb Aleanc\u00ebs, ka folur p\u00ebr r\u00ebnd\u00ebsin\u00eb e misionit t\u00eb KFOR-it n\u00eb Kosov\u00eb, rolin e NATO-s n\u00eb garantimin e siguris\u00eb dhe stabilitetit n\u00eb vend dhe rajon, si dhe p\u00ebr \u00e7\u00ebshtjen e mundshme t\u00eb ndryshimeve n\u00eb pranin\u00eb e trupave nd\u00ebrkomb\u00ebtar\u00eb.<\/p>\n<p>Admirali ka theksuar se misioni i NATO-s n\u00eb Kosov\u00eb \u00ebsht\u00eb shum\u00eb i r\u00ebnd\u00ebsish\u00ebm p\u00ebr stabilitetin e gjith\u00eb zon\u00ebs.<\/p>\n<p>INTERVISTA E PLOT\u00cb:<\/p>\n<p>M\u00eb s\u00eb pari, faleminderit p\u00ebr koh\u00ebn tuaj, Admiral Giuseppe Cavo Dragone, e \u00e7mojm\u00eb shum\u00eb k\u00ebt\u00eb intervist\u00eb p\u00ebr Radio-Televizionin publik t\u00eb Kosov\u00ebs. S\u00eb pari, ku q\u00ebndron r\u00ebnd\u00ebsia e vizit\u00ebs suaj n\u00eb KFOR?<\/p>\n<p>Dragone: M\u00eb s\u00eb pari, faleminderit juve p\u00ebr intervist\u00ebn, si dhe dua t\u00eb p\u00ebrsh\u00ebndes t\u00eb gjith\u00eb ata q\u00eb na shikojn\u00eb. \u00cbsht\u00eb megjithat\u00eb krejt e thjesht\u00eb: NATO, ne, shkojm\u00eb dhe vizitojm\u00eb misionet tona dhe aktivitetet q\u00eb kemi me personelin ton\u00eb. Misioni n\u00eb Kosov\u00eb \u00ebsht\u00eb sigurisht shum\u00eb i r\u00ebnd\u00ebsish\u00ebm p\u00ebr stabilitetin e gjith\u00eb zon\u00ebs, p\u00ebr p\u00ebrkushtimin q\u00eb NATO-ja ka p\u00ebr sigurimin e nj\u00eb ambienti t\u00eb sigurt e t\u00eb rregullt p\u00ebr gjith\u00eb Kosov\u00ebn. Kam ardhur k\u00ebtu me gjith\u00eb Komitetin Ushtarak, pra 32 gjeneral\u00eb dhe admiral\u00eb nga t\u00eb 32 vendet an\u00ebtare t\u00eb NATO-s, q\u00eb ata t\u00eb ken\u00eb kontakt t\u00eb drejtp\u00ebrdrejt\u00eb me realitetin n\u00eb terren. Tani ata i din\u00eb gj\u00ebrat p\u00ebr vendin tuaj, at\u00eb q\u00eb ndodh k\u00ebtu, kjo sigurisht do t\u00eb jet\u00eb shum\u00eb e dobishme kur ne takohemi dhe marrim vendimet tona.<\/p>\n<p>\u00cbsht\u00eb me interes t\u00eb lart\u00eb q\u00eb t\u00eb dim\u00eb m\u00eb shum\u00eb, sepse ka r\u00ebnd\u00ebsi t\u00eb madhe p\u00ebr Kosov\u00ebn, a do t\u00eb ket\u00eb reduktim t\u00eb trupave n\u00eb Kosov\u00eb?<\/p>\n<p>Dragone: NATO-ja b\u00ebn rishikimin e misioneve \u00e7do vit p\u00ebr t\u00eb vler\u00ebsuar se si funksionojn\u00eb, si angazhohet personeli n\u00eb zona t\u00eb caktuara operimi, e k\u00ebt\u00eb e b\u00ebjm\u00eb n\u00eb baza periodike, pra nuk ka ndonj\u00eb befasi. P\u00ebr t\u2019ju dh\u00ebn\u00eb nj\u00eb shembull, n\u00eb an\u00ebn tjet\u00ebr, n\u00eb vitin 2023, n\u00eb fund t\u00eb vitit, kur ndodhi ai incidenti n\u00eb pjes\u00ebn veriore, NATO-ja vendosi q\u00eb t\u00eb zgjeroj\u00eb, t\u00eb rris\u00eb misionin me 1000 trupa shtes\u00eb. Kjo do t\u00eb thot\u00eb q\u00eb jemi fleksibil\u00eb n\u00eb k\u00ebt\u00eb kuptim, por sinqerisht, p\u00ebr aq sa kuptoj un\u00eb deri m\u00eb sot, nuk ka ndonj\u00eb plan reduktimi t\u00eb trupave.<\/p>\n<p>\u00cbsht\u00eb me interes t\u00eb lart\u00eb q\u00eb t\u00eb dim\u00eb m\u00eb shum\u00eb, sepse ka r\u00ebnd\u00ebsi t\u00eb madhe p\u00ebr Kosov\u00ebn, a do t\u00eb ket\u00eb reduktim t\u00eb trupave n\u00eb Kosov\u00eb?<\/p>\n<p>Dragone: NATO-ja b\u00ebn rishikimin e misioneve \u00e7do vit p\u00ebr t\u00eb vler\u00ebsuar se si funksionojn\u00eb, si angazhohet personeli n\u00eb zona t\u00eb caktuara operimi, e k\u00ebt\u00eb e b\u00ebjm\u00eb n\u00eb baza periodike, pra nuk ka ndonj\u00eb befasi. P\u00ebr t\u2019ju dh\u00ebn\u00eb nj\u00eb shembull, n\u00eb an\u00ebn tjet\u00ebr, n\u00eb vitin 2023, n\u00eb fund t\u00eb vitit, kur ndodhi ai incidenti n\u00eb pjes\u00ebn veriore, NATO-ja vendosi q\u00eb t\u00eb zgjeroj\u00eb, t\u00eb rris\u00eb misionin me 1000 trupa shtes\u00eb. Kjo do t\u00eb thot\u00eb q\u00eb jemi fleksibil\u00eb n\u00eb k\u00ebt\u00eb kuptim, por sinqerisht, p\u00ebr aq sa kuptoj un\u00eb deri m\u00eb sot, nuk ka ndonj\u00eb plan reduktimi t\u00eb trupave. <\/p>\n","protected":false},"excerpt":{"rendered":"<p>N\u00eb nj\u00eb intervist\u00eb p\u00ebr Radio Televizionin e Kosov\u00ebs, Admirali Giuseppe Cavo Dragone, nj\u00eb nga figurat e larta ushtarake t\u00eb NATO-s dhe Kryetar i Komitetit Ushtarak t\u00eb Aleanc\u00ebs, ka folur p\u00ebr r\u00ebnd\u00ebsin\u00eb e misionit t\u00eb KFOR-it n\u00eb Kosov\u00eb, rolin e NATO-s n\u00eb garantimin e siguris\u00eb dhe stabilitetit n\u00eb vend dhe rajon, si dhe p\u00ebr \u00e7\u00ebshtjen e [&hellip;]<\/p>\n","protected":false},"author":8,"featured_media":28522,"comment_status":"closed","ping_status":"closed","sticky":false,"template":"","format":"standard","meta":{"footnotes":""},"categories":[215,213],"tags":[],"class_list":["post-28521","post","type-post","status-publish","format-standard","has-post-thumbnail","hentry","category-kosove","category-lajme"],"yoast_head":"<!-- This site is optimized with the Yoast SEO plugin v25.1 - https:\/\/yoast.com\/wordpress\/plugins\/seo\/ -->\n<title>Admirali Dragone: Nuk ka plan p\u00ebr reduktim t\u00eb trupave t\u00eb NATO-s n\u00eb Kosov\u00eb - press7.tv<\/title>\n<meta name=\"robots\" content=\"index, follow, max-snippet:-1, max-image-preview:large, max-video-preview:-1\" \/>\n<link rel=\"canonical\" href=\"https:\/\/www.press7.tv\/?p=28521\" \/>\n<meta property=\"og:locale\" content=\"en_US\" \/>\n<meta property=\"og:type\" content=\"article\" \/>\n<meta property=\"og:title\" content=\"Admirali Dragone: Nuk ka plan p\u00ebr reduktim t\u00eb trupave t\u00eb NATO-s n\u00eb Kosov\u00eb - press7.tv\" \/>\n<meta property=\"og:description\" content=\"N\u00eb nj\u00eb intervist\u00eb p\u00ebr Radio Televizionin e Kosov\u00ebs, Admirali Giuseppe Cavo Dragone, nj\u00eb nga figurat e larta ushtarake t\u00eb NATO-s dhe Kryetar i Komitetit Ushtarak t\u00eb Aleanc\u00ebs, ka folur p\u00ebr r\u00ebnd\u00ebsin\u00eb e misionit t\u00eb KFOR-it n\u00eb Kosov\u00eb, rolin e NATO-s n\u00eb garantimin e siguris\u00eb dhe stabilitetit n\u00eb vend dhe rajon, si dhe p\u00ebr \u00e7\u00ebshtjen e [&hellip;]\" \/>\n<meta property=\"og:url\" content=\"https:\/\/www.press7.tv\/?p=28521\" \/>\n<meta property=\"og:site_name\" content=\"press7.tv\" \/>\n<meta property=\"article:publisher\" content=\"https:\/\/www.facebook.com\/press7.tv\" \/>\n<meta property=\"article:published_time\" content=\"2026-04-29T11:49:56+00:00\" \/>\n<meta property=\"og:image\" content=\"https:\/\/www.press7.tv\/wp-content\/uploads\/2026\/04\/Foto-Web-AR-2026-04-29T111230.849-800x445-1.avif\" \/>\n\t<meta property=\"og:image:width\" content=\"800\" \/>\n\t<meta property=\"og:image:height\" content=\"445\" \/>\n\t<meta property=\"og:image:type\" content=\"image\/jpeg\" \/>\n<meta name=\"author\" content=\"gazetar2\" \/>\n<meta name=\"twitter:card\" content=\"summary_large_image\" \/>\n<meta name=\"twitter:label1\" content=\"Written by\" \/>\n\t<meta name=\"twitter:data1\" content=\"gazetar2\" \/>\n\t<meta name=\"twitter:label2\" content=\"Est. reading time\" \/>\n\t<meta name=\"twitter:data2\" content=\"1 minute\" \/>\n<script type=\"application\/ld+json\" class=\"yoast-schema-graph\">{\"@context\":\"https:\/\/schema.org\",\"@graph\":[{\"@type\":\"Article\",\"@id\":\"https:\/\/www.press7.tv\/?p=28521#article\",\"isPartOf\":{\"@id\":\"https:\/\/www.press7.tv\/?p=28521\"},\"author\":{\"name\":\"gazetar2\",\"@id\":\"https:\/\/www.news33.tv\/#\/schema\/person\/5a04a38a23ccdba82f9bd665cd8f9efa\"},\"headline\":\"Admirali Dragone: Nuk ka plan p\u00ebr reduktim t\u00eb trupave t\u00eb NATO-s n\u00eb Kosov\u00eb\",\"datePublished\":\"2026-04-29T11:49:56+00:00\",\"mainEntityOfPage\":{\"@id\":\"https:\/\/www.press7.tv\/?p=28521\"},\"wordCount\":568,\"publisher\":{\"@id\":\"https:\/\/www.news33.tv\/#organization\"},\"image\":{\"@id\":\"https:\/\/www.press7.tv\/?p=28521#primaryimage\"},\"thumbnailUrl\":\"https:\/\/www.press7.tv\/wp-content\/uploads\/2026\/04\/Foto-Web-AR-2026-04-29T111230.849-800x445-1.avif\",\"articleSection\":[\"Kosov\u00eb\",\"Lajme\"],\"inLanguage\":\"en-US\"},{\"@type\":\"WebPage\",\"@id\":\"https:\/\/www.press7.tv\/?p=28521\",\"url\":\"https:\/\/www.press7.tv\/?p=28521\",\"name\":\"Admirali Dragone: Nuk ka plan p\u00ebr reduktim t\u00eb trupave t\u00eb NATO-s n\u00eb Kosov\u00eb - press7.tv\",\"isPartOf\":{\"@id\":\"https:\/\/www.news33.tv\/#website\"},\"primaryImageOfPage\":{\"@id\":\"https:\/\/www.press7.tv\/?p=28521#primaryimage\"},\"image\":{\"@id\":\"https:\/\/www.press7.tv\/?p=28521#primaryimage\"},\"thumbnailUrl\":\"https:\/\/www.press7.tv\/wp-content\/uploads\/2026\/04\/Foto-Web-AR-2026-04-29T111230.849-800x445-1.avif\",\"datePublished\":\"2026-04-29T11:49:56+00:00\",\"breadcrumb\":{\"@id\":\"https:\/\/www.press7.tv\/?p=28521#breadcrumb\"},\"inLanguage\":\"en-US\",\"potentialAction\":[{\"@type\":\"ReadAction\",\"target\":[\"https:\/\/www.press7.tv\/?p=28521\"]}]},{\"@type\":\"ImageObject\",\"inLanguage\":\"en-US\",\"@id\":\"https:\/\/www.press7.tv\/?p=28521#primaryimage\",\"url\":\"https:\/\/www.press7.tv\/wp-content\/uploads\/2026\/04\/Foto-Web-AR-2026-04-29T111230.849-800x445-1.avif\",\"contentUrl\":\"https:\/\/www.press7.tv\/wp-content\/uploads\/2026\/04\/Foto-Web-AR-2026-04-29T111230.849-800x445-1.avif\",\"width\":800,\"height\":445},{\"@type\":\"BreadcrumbList\",\"@id\":\"https:\/\/www.press7.tv\/?p=28521#breadcrumb\",\"itemListElement\":[{\"@type\":\"ListItem\",\"position\":1,\"name\":\"Home\",\"item\":\"https:\/\/www.press7.tv\/\"},{\"@type\":\"ListItem\",\"position\":2,\"name\":\"Admirali Dragone: Nuk ka plan p\u00ebr reduktim t\u00eb trupave t\u00eb NATO-s n\u00eb Kosov\u00eb\"}]},{\"@type\":\"WebSite\",\"@id\":\"https:\/\/www.news33.tv\/#website\",\"url\":\"https:\/\/www.news33.tv\/\",\"name\":\"News33.tv Media\",\"description\":\"Media\",\"publisher\":{\"@id\":\"https:\/\/www.news33.tv\/#organization\"},\"potentialAction\":[{\"@type\":\"SearchAction\",\"target\":{\"@type\":\"EntryPoint\",\"urlTemplate\":\"https:\/\/www.news33.tv\/?s={search_term_string}\"},\"query-input\":{\"@type\":\"PropertyValueSpecification\",\"valueRequired\":true,\"valueName\":\"search_term_string\"}}],\"inLanguage\":\"en-US\"},{\"@type\":\"Organization\",\"@id\":\"https:\/\/www.news33.tv\/#organization\",\"name\":\"News33.tv Media\",\"url\":\"https:\/\/www.news33.tv\/\",\"logo\":{\"@type\":\"ImageObject\",\"inLanguage\":\"en-US\",\"@id\":\"https:\/\/www.news33.tv\/#\/schema\/logo\/image\/\",\"url\":\"https:\/\/www.press7.tv\/wp-content\/uploads\/2024\/02\/logo-news33-black.png\",\"contentUrl\":\"https:\/\/www.press7.tv\/wp-content\/uploads\/2024\/02\/logo-news33-black.png\",\"width\":180,\"height\":37,\"caption\":\"News33.tv Media\"},\"image\":{\"@id\":\"https:\/\/www.news33.tv\/#\/schema\/logo\/image\/\"},\"sameAs\":[\"https:\/\/www.facebook.com\/press7.tv\"]},{\"@type\":\"Person\",\"@id\":\"https:\/\/www.news33.tv\/#\/schema\/person\/5a04a38a23ccdba82f9bd665cd8f9efa\",\"name\":\"gazetar2\",\"image\":{\"@type\":\"ImageObject\",\"inLanguage\":\"en-US\",\"@id\":\"https:\/\/www.news33.tv\/#\/schema\/person\/image\/\",\"url\":\"https:\/\/www.press7.tv\/wp-content\/litespeed\/avatar\/41975e402c3049d9ddb03adca8f7a883.jpg?ver=1777169572\",\"contentUrl\":\"https:\/\/www.press7.tv\/wp-content\/litespeed\/avatar\/41975e402c3049d9ddb03adca8f7a883.jpg?ver=1777169572\",\"caption\":\"gazetar2\"},\"url\":\"https:\/\/www.press7.tv\/?author=8\"}]}<\/script>\n<!-- \/ Yoast SEO plugin. -->","yoast_head_json":{"title":"Admirali Dragone: Nuk ka plan p\u00ebr reduktim t\u00eb trupave t\u00eb NATO-s n\u00eb Kosov\u00eb - press7.tv","robots":{"index":"index","follow":"follow","max-snippet":"max-snippet:-1","max-image-preview":"max-image-preview:large","max-video-preview":"max-video-preview:-1"},"canonical":"https:\/\/www.press7.tv\/?p=28521","og_locale":"en_US","og_type":"article","og_title":"Admirali Dragone: Nuk ka plan p\u00ebr reduktim t\u00eb trupave t\u00eb NATO-s n\u00eb Kosov\u00eb - press7.tv","og_description":"N\u00eb nj\u00eb intervist\u00eb p\u00ebr Radio Televizionin e Kosov\u00ebs, Admirali Giuseppe Cavo Dragone, nj\u00eb nga figurat e larta ushtarake t\u00eb NATO-s dhe Kryetar i Komitetit Ushtarak t\u00eb Aleanc\u00ebs, ka folur p\u00ebr r\u00ebnd\u00ebsin\u00eb e misionit t\u00eb KFOR-it n\u00eb Kosov\u00eb, rolin e NATO-s n\u00eb garantimin e siguris\u00eb dhe stabilitetit n\u00eb vend dhe rajon, si dhe p\u00ebr \u00e7\u00ebshtjen e [&hellip;]","og_url":"https:\/\/www.press7.tv\/?p=28521","og_site_name":"press7.tv","article_publisher":"https:\/\/www.facebook.com\/press7.tv","article_published_time":"2026-04-29T11:49:56+00:00","og_image":[{"width":800,"height":445,"url":"https:\/\/www.press7.tv\/wp-content\/uploads\/2026\/04\/Foto-Web-AR-2026-04-29T111230.849-800x445-1.avif","type":"image\/jpeg"}],"author":"gazetar2","twitter_card":"summary_large_image","twitter_misc":{"Written by":"gazetar2","Est. reading time":"1 minute"},"schema":{"@context":"https:\/\/schema.org","@graph":[{"@type":"Article","@id":"https:\/\/www.press7.tv\/?p=28521#article","isPartOf":{"@id":"https:\/\/www.press7.tv\/?p=28521"},"author":{"name":"gazetar2","@id":"https:\/\/www.news33.tv\/#\/schema\/person\/5a04a38a23ccdba82f9bd665cd8f9efa"},"headline":"Admirali Dragone: Nuk ka plan p\u00ebr reduktim t\u00eb trupave t\u00eb NATO-s n\u00eb Kosov\u00eb","datePublished":"2026-04-29T11:49:56+00:00","mainEntityOfPage":{"@id":"https:\/\/www.press7.tv\/?p=28521"},"wordCount":568,"publisher":{"@id":"https:\/\/www.news33.tv\/#organization"},"image":{"@id":"https:\/\/www.press7.tv\/?p=28521#primaryimage"},"thumbnailUrl":"https:\/\/www.press7.tv\/wp-content\/uploads\/2026\/04\/Foto-Web-AR-2026-04-29T111230.849-800x445-1.avif","articleSection":["Kosov\u00eb","Lajme"],"inLanguage":"en-US"},{"@type":"WebPage","@id":"https:\/\/www.press7.tv\/?p=28521","url":"https:\/\/www.press7.tv\/?p=28521","name":"Admirali Dragone: Nuk ka plan p\u00ebr reduktim t\u00eb trupave t\u00eb NATO-s n\u00eb Kosov\u00eb - press7.tv","isPartOf":{"@id":"https:\/\/www.news33.tv\/#website"},"primaryImageOfPage":{"@id":"https:\/\/www.press7.tv\/?p=28521#primaryimage"},"image":{"@id":"https:\/\/www.press7.tv\/?p=28521#primaryimage"},"thumbnailUrl":"https:\/\/www.press7.tv\/wp-content\/uploads\/2026\/04\/Foto-Web-AR-2026-04-29T111230.849-800x445-1.avif","datePublished":"2026-04-29T11:49:56+00:00","breadcrumb":{"@id":"https:\/\/www.press7.tv\/?p=28521#breadcrumb"},"inLanguage":"en-US","potentialAction":[{"@type":"ReadAction","target":["https:\/\/www.press7.tv\/?p=28521"]}]},{"@type":"ImageObject","inLanguage":"en-US","@id":"https:\/\/www.press7.tv\/?p=28521#primaryimage","url":"https:\/\/www.press7.tv\/wp-content\/uploads\/2026\/04\/Foto-Web-AR-2026-04-29T111230.849-800x445-1.avif","contentUrl":"https:\/\/www.press7.tv\/wp-content\/uploads\/2026\/04\/Foto-Web-AR-2026-04-29T111230.849-800x445-1.avif","width":800,"height":445},{"@type":"BreadcrumbList","@id":"https:\/\/www.press7.tv\/?p=28521#breadcrumb","itemListElement":[{"@type":"ListItem","position":1,"name":"Home","item":"https:\/\/www.press7.tv\/"},{"@type":"ListItem","position":2,"name":"Admirali Dragone: Nuk ka plan p\u00ebr reduktim t\u00eb trupave t\u00eb NATO-s n\u00eb Kosov\u00eb"}]},{"@type":"WebSite","@id":"https:\/\/www.news33.tv\/#website","url":"https:\/\/www.news33.tv\/","name":"News33.tv Media","description":"Media","publisher":{"@id":"https:\/\/www.news33.tv\/#organization"},"potentialAction":[{"@type":"SearchAction","target":{"@type":"EntryPoint","urlTemplate":"https:\/\/www.news33.tv\/?s={search_term_string}"},"query-input":{"@type":"PropertyValueSpecification","valueRequired":true,"valueName":"search_term_string"}}],"inLanguage":"en-US"},{"@type":"Organization","@id":"https:\/\/www.news33.tv\/#organization","name":"News33.tv Media","url":"https:\/\/www.news33.tv\/","logo":{"@type":"ImageObject","inLanguage":"en-US","@id":"https:\/\/www.news33.tv\/#\/schema\/logo\/image\/","url":"https:\/\/www.press7.tv\/wp-content\/uploads\/2024\/02\/logo-news33-black.png","contentUrl":"https:\/\/www.press7.tv\/wp-content\/uploads\/2024\/02\/logo-news33-black.png","width":180,"height":37,"caption":"News33.tv Media"},"image":{"@id":"https:\/\/www.news33.tv\/#\/schema\/logo\/image\/"},"sameAs":["https:\/\/www.facebook.com\/press7.tv"]},{"@type":"Person","@id":"https:\/\/www.news33.tv\/#\/schema\/person\/5a04a38a23ccdba82f9bd665cd8f9efa","name":"gazetar2","image":{"@type":"ImageObject","inLanguage":"en-US","@id":"https:\/\/www.news33.tv\/#\/schema\/person\/image\/","url":"https:\/\/www.press7.tv\/wp-content\/litespeed\/avatar\/41975e402c3049d9ddb03adca8f7a883.jpg?ver=1777169572","contentUrl":"https:\/\/www.press7.tv\/wp-content\/litespeed\/avatar\/41975e402c3049d9ddb03adca8f7a883.jpg?ver=1777169572","caption":"gazetar2"},"url":"https:\/\/www.press7.tv\/?author=8"}]}},"amp_enabled":true,"_links":{"self":[{"href":"https:\/\/www.press7.tv\/index.php?rest_route=\/wp\/v2\/posts\/28521","targetHints":{"allow":["GET"]}}],"collection":[{"href":"https:\/\/www.press7.tv\/index.php?rest_route=\/wp\/v2\/posts"}],"about":[{"href":"https:\/\/www.press7.tv\/index.php?rest_route=\/wp\/v2\/types\/post"}],"author":[{"embeddable":true,"href":"https:\/\/www.press7.tv\/index.php?rest_route=\/wp\/v2\/users\/8"}],"replies":[{"embeddable":true,"href":"https:\/\/www.press7.tv\/index.php?rest_route=%2Fwp%2Fv2%2Fcomments&post=28521"}],"version-history":[{"count":1,"href":"https:\/\/www.press7.tv\/index.php?rest_route=\/wp\/v2\/posts\/28521\/revisions"}],"predecessor-version":[{"id":28523,"href":"https:\/\/www.press7.tv\/index.php?rest_route=\/wp\/v2\/posts\/28521\/revisions\/28523"}],"wp:featuredmedia":[{"embeddable":true,"href":"https:\/\/www.press7.tv\/index.php?rest_route=\/wp\/v2\/media\/28522"}],"wp:attachment":[{"href":"https:\/\/www.press7.tv\/index.php?rest_route=%2Fwp%2Fv2%2Fmedia&parent=28521"}],"wp:term":[{"taxonomy":"category","embeddable":true,"href":"https:\/\/www.press7.tv\/index.php?rest_route=%2Fwp%2Fv2%2Fcategories&post=28521"},{"taxonomy":"post_tag","embeddable":true,"href":"https:\/\/www.press7.tv\/index.php?rest_route=%2Fwp%2Fv2%2Ftags&post=28521"}],"curies":[{"name":"wp","href":"https:\/\/api.w.org\/{rel}","templated":true}]}}