{"id":28518,"date":"2026-04-29T09:56:00","date_gmt":"2026-04-29T09:56:00","guid":{"rendered":"https:\/\/www.press7.tv\/?p=28518"},"modified":"2026-04-29T09:56:00","modified_gmt":"2026-04-29T09:56:00","slug":"deklarata-e-forte-e-vucic-me-thone-se-mamaja-ime-ka-tradhetuar-babane-me-nje-shqiptar","status":"publish","type":"post","link":"https:\/\/www.press7.tv\/?p=28518","title":{"rendered":"Deklarata e fort\u00eb e Vu\u00e7i\u00e7: M\u00eb thon\u00eb se mamaja ime ka tradh\u00ebtuar baban\u00eb me nj\u00eb shqiptar"},"content":{"rendered":"\n    <div class=\"xs_social_share_widget xs_share_url before_content \t\tmain_content  wslu-style-2 wslu-share-box-shaped wslu-fill-colored wslu-share-m-5 wslu-none wslu-share-vertical wslu-theme-font-no wslu-main_content\">\n\n\t\t\n        <ul>\n\t\t\t        <\/ul>\n    <\/div> \n<p>Presidenti i Serbis\u00eb, Aleksandar Vu\u00e7i\u00e7, ka b\u00ebr\u00eb nj\u00eb deklarat\u00eb t\u00eb fort\u00eb gjat\u00eb podcastit The Rest Is Politics: Leading, ku ka folur p\u00ebr ato q\u00eb ai i cil\u00ebson si sulme t\u00eb r\u00ebnda personale dhe shpifje ndaj tij.<\/p>\n<p>N\u00eb nj\u00eb pjes\u00eb t\u00eb diskutimit, Vu\u00e7i\u00e7 u shpreh prerazi:<\/p>\n<p>\u201cA mund ta kuptosh argumentin kur dikush po hedh nj\u00eb mallkim kund\u00ebr teje? Duke shtuar madje se babai yt n\u00eb t\u00eb v\u00ebrtet\u00eb nuk \u00ebsht\u00eb babai yt, sepse n\u00ebna jote ka qen\u00eb nj\u00eb busht\u00ebr dhe ajo ka tradhtuar babain t\u00ebnd t\u00eb supozuar me nj\u00eb shqiptar \u2013 dhe prandaj ti je kaq pro-shqiptar\u201d.<\/p>\n<p>Deklarata e tij p\u00ebrmban gjuh\u00eb fyese dhe akuza personale t\u00eb pakonfirmuara, p\u00ebrfshir\u00eb edhe referenca ndaj shqiptar\u00ebve, gj\u00eb q\u00eb e b\u00ebn at\u00eb ve\u00e7an\u00ebrisht t\u00eb ndjeshme n\u00eb kontekstin e marr\u00ebdh\u00ebnieve rajonale n\u00eb Ballkan.<\/p>\n<p>N\u00eb komentet e tij, Vu\u00e7i\u00e7 sugjeron se kund\u00ebrshtar\u00ebt politik\u00eb p\u00ebrdorin narrativa ekstreme p\u00ebr ta diskredituar, duke p\u00ebrfshir\u00eb sulme ndaj origjin\u00ebs familjare dhe motive etnike.<\/p>\n<p>Deklarata pritet t\u00eb ngjall\u00eb reagime t\u00eb forta n\u00eb opinionin publik dhe n\u00eb nivel diplomatik, duke marr\u00eb parasysh ndjeshm\u00ebrin\u00eb e lart\u00eb t\u00eb \u00e7\u00ebshtjeve etnike n\u00eb rajon.<\/p>\n","protected":false},"excerpt":{"rendered":"<p>Presidenti i Serbis\u00eb, Aleksandar Vu\u00e7i\u00e7, ka b\u00ebr\u00eb nj\u00eb deklarat\u00eb t\u00eb fort\u00eb gjat\u00eb podcastit The Rest Is Politics: Leading, ku ka folur p\u00ebr ato q\u00eb ai i cil\u00ebson si sulme t\u00eb r\u00ebnda personale dhe shpifje ndaj tij. N\u00eb nj\u00eb pjes\u00eb t\u00eb diskutimit, Vu\u00e7i\u00e7 u shpreh prerazi: \u201cA mund ta kuptosh argumentin kur dikush po hedh nj\u00eb [&hellip;]<\/p>\n","protected":false},"author":8,"featured_media":28519,"comment_status":"closed","ping_status":"closed","sticky":false,"template":"","format":"standard","meta":{"footnotes":""},"categories":[219],"tags":[],"class_list":["post-28518","post","type-post","status-publish","format-standard","has-post-thumbnail","hentry","category-rajon"],"yoast_head":"<!-- This site is optimized with the Yoast SEO plugin v25.1 - https:\/\/yoast.com\/wordpress\/plugins\/seo\/ -->\n<title>Deklarata e fort\u00eb e Vu\u00e7i\u00e7: M\u00eb thon\u00eb se mamaja ime ka tradh\u00ebtuar baban\u00eb me nj\u00eb shqiptar - press7.tv<\/title>\n<meta name=\"robots\" content=\"index, follow, max-snippet:-1, max-image-preview:large, max-video-preview:-1\" \/>\n<link rel=\"canonical\" href=\"https:\/\/www.press7.tv\/?p=28518\" \/>\n<meta property=\"og:locale\" content=\"en_US\" \/>\n<meta property=\"og:type\" content=\"article\" \/>\n<meta property=\"og:title\" content=\"Deklarata e fort\u00eb e Vu\u00e7i\u00e7: M\u00eb thon\u00eb se mamaja ime ka tradh\u00ebtuar baban\u00eb me nj\u00eb shqiptar - press7.tv\" \/>\n<meta property=\"og:description\" content=\"Presidenti i Serbis\u00eb, Aleksandar Vu\u00e7i\u00e7, ka b\u00ebr\u00eb nj\u00eb deklarat\u00eb t\u00eb fort\u00eb gjat\u00eb podcastit The Rest Is Politics: Leading, ku ka folur p\u00ebr ato q\u00eb ai i cil\u00ebson si sulme t\u00eb r\u00ebnda personale dhe shpifje ndaj tij. N\u00eb nj\u00eb pjes\u00eb t\u00eb diskutimit, Vu\u00e7i\u00e7 u shpreh prerazi: \u201cA mund ta kuptosh argumentin kur dikush po hedh nj\u00eb [&hellip;]\" \/>\n<meta property=\"og:url\" content=\"https:\/\/www.press7.tv\/?p=28518\" \/>\n<meta property=\"og:site_name\" content=\"press7.tv\" \/>\n<meta property=\"article:publisher\" content=\"https:\/\/www.facebook.com\/press7.tv\" \/>\n<meta property=\"article:published_time\" content=\"2026-04-29T09:56:00+00:00\" \/>\n<meta property=\"og:image\" content=\"https:\/\/www.press7.tv\/wp-content\/uploads\/2026\/04\/Vucici-1.avif\" \/>\n\t<meta property=\"og:image:width\" content=\"892\" \/>\n\t<meta property=\"og:image:height\" content=\"492\" \/>\n\t<meta property=\"og:image:type\" content=\"image\/jpeg\" \/>\n<meta name=\"author\" content=\"gazetar2\" \/>\n<meta name=\"twitter:card\" content=\"summary_large_image\" \/>\n<meta name=\"twitter:label1\" content=\"Written by\" \/>\n\t<meta name=\"twitter:data1\" content=\"gazetar2\" \/>\n\t<meta name=\"twitter:label2\" content=\"Est. reading time\" \/>\n\t<meta name=\"twitter:data2\" content=\"1 minute\" \/>\n<script type=\"application\/ld+json\" class=\"yoast-schema-graph\">{\"@context\":\"https:\/\/schema.org\",\"@graph\":[{\"@type\":\"Article\",\"@id\":\"https:\/\/www.press7.tv\/?p=28518#article\",\"isPartOf\":{\"@id\":\"https:\/\/www.press7.tv\/?p=28518\"},\"author\":{\"name\":\"gazetar2\",\"@id\":\"https:\/\/www.news33.tv\/#\/schema\/person\/5a04a38a23ccdba82f9bd665cd8f9efa\"},\"headline\":\"Deklarata e fort\u00eb e Vu\u00e7i\u00e7: M\u00eb thon\u00eb se mamaja ime ka tradh\u00ebtuar baban\u00eb me nj\u00eb shqiptar\",\"datePublished\":\"2026-04-29T09:56:00+00:00\",\"mainEntityOfPage\":{\"@id\":\"https:\/\/www.press7.tv\/?p=28518\"},\"wordCount\":220,\"publisher\":{\"@id\":\"https:\/\/www.news33.tv\/#organization\"},\"image\":{\"@id\":\"https:\/\/www.press7.tv\/?p=28518#primaryimage\"},\"thumbnailUrl\":\"https:\/\/www.press7.tv\/wp-content\/uploads\/2026\/04\/Vucici-1.avif\",\"articleSection\":[\"Rajon\"],\"inLanguage\":\"en-US\"},{\"@type\":\"WebPage\",\"@id\":\"https:\/\/www.press7.tv\/?p=28518\",\"url\":\"https:\/\/www.press7.tv\/?p=28518\",\"name\":\"Deklarata e fort\u00eb e Vu\u00e7i\u00e7: M\u00eb thon\u00eb se mamaja ime ka tradh\u00ebtuar baban\u00eb me nj\u00eb shqiptar - press7.tv\",\"isPartOf\":{\"@id\":\"https:\/\/www.news33.tv\/#website\"},\"primaryImageOfPage\":{\"@id\":\"https:\/\/www.press7.tv\/?p=28518#primaryimage\"},\"image\":{\"@id\":\"https:\/\/www.press7.tv\/?p=28518#primaryimage\"},\"thumbnailUrl\":\"https:\/\/www.press7.tv\/wp-content\/uploads\/2026\/04\/Vucici-1.avif\",\"datePublished\":\"2026-04-29T09:56:00+00:00\",\"breadcrumb\":{\"@id\":\"https:\/\/www.press7.tv\/?p=28518#breadcrumb\"},\"inLanguage\":\"en-US\",\"potentialAction\":[{\"@type\":\"ReadAction\",\"target\":[\"https:\/\/www.press7.tv\/?p=28518\"]}]},{\"@type\":\"ImageObject\",\"inLanguage\":\"en-US\",\"@id\":\"https:\/\/www.press7.tv\/?p=28518#primaryimage\",\"url\":\"https:\/\/www.press7.tv\/wp-content\/uploads\/2026\/04\/Vucici-1.avif\",\"contentUrl\":\"https:\/\/www.press7.tv\/wp-content\/uploads\/2026\/04\/Vucici-1.avif\",\"width\":892,\"height\":492},{\"@type\":\"BreadcrumbList\",\"@id\":\"https:\/\/www.press7.tv\/?p=28518#breadcrumb\",\"itemListElement\":[{\"@type\":\"ListItem\",\"position\":1,\"name\":\"Home\",\"item\":\"https:\/\/www.press7.tv\/\"},{\"@type\":\"ListItem\",\"position\":2,\"name\":\"Deklarata e fort\u00eb e Vu\u00e7i\u00e7: M\u00eb thon\u00eb se mamaja ime ka tradh\u00ebtuar baban\u00eb me nj\u00eb shqiptar\"}]},{\"@type\":\"WebSite\",\"@id\":\"https:\/\/www.news33.tv\/#website\",\"url\":\"https:\/\/www.news33.tv\/\",\"name\":\"News33.tv Media\",\"description\":\"Media\",\"publisher\":{\"@id\":\"https:\/\/www.news33.tv\/#organization\"},\"potentialAction\":[{\"@type\":\"SearchAction\",\"target\":{\"@type\":\"EntryPoint\",\"urlTemplate\":\"https:\/\/www.news33.tv\/?s={search_term_string}\"},\"query-input\":{\"@type\":\"PropertyValueSpecification\",\"valueRequired\":true,\"valueName\":\"search_term_string\"}}],\"inLanguage\":\"en-US\"},{\"@type\":\"Organization\",\"@id\":\"https:\/\/www.news33.tv\/#organization\",\"name\":\"News33.tv Media\",\"url\":\"https:\/\/www.news33.tv\/\",\"logo\":{\"@type\":\"ImageObject\",\"inLanguage\":\"en-US\",\"@id\":\"https:\/\/www.news33.tv\/#\/schema\/logo\/image\/\",\"url\":\"https:\/\/www.press7.tv\/wp-content\/uploads\/2024\/02\/logo-news33-black.png\",\"contentUrl\":\"https:\/\/www.press7.tv\/wp-content\/uploads\/2024\/02\/logo-news33-black.png\",\"width\":180,\"height\":37,\"caption\":\"News33.tv Media\"},\"image\":{\"@id\":\"https:\/\/www.news33.tv\/#\/schema\/logo\/image\/\"},\"sameAs\":[\"https:\/\/www.facebook.com\/press7.tv\"]},{\"@type\":\"Person\",\"@id\":\"https:\/\/www.news33.tv\/#\/schema\/person\/5a04a38a23ccdba82f9bd665cd8f9efa\",\"name\":\"gazetar2\",\"image\":{\"@type\":\"ImageObject\",\"inLanguage\":\"en-US\",\"@id\":\"https:\/\/www.news33.tv\/#\/schema\/person\/image\/\",\"url\":\"https:\/\/www.press7.tv\/wp-content\/litespeed\/avatar\/41975e402c3049d9ddb03adca8f7a883.jpg?ver=1777169572\",\"contentUrl\":\"https:\/\/www.press7.tv\/wp-content\/litespeed\/avatar\/41975e402c3049d9ddb03adca8f7a883.jpg?ver=1777169572\",\"caption\":\"gazetar2\"},\"url\":\"https:\/\/www.press7.tv\/?author=8\"}]}<\/script>\n<!-- \/ Yoast SEO plugin. -->","yoast_head_json":{"title":"Deklarata e fort\u00eb e Vu\u00e7i\u00e7: M\u00eb thon\u00eb se mamaja ime ka tradh\u00ebtuar baban\u00eb me nj\u00eb shqiptar - press7.tv","robots":{"index":"index","follow":"follow","max-snippet":"max-snippet:-1","max-image-preview":"max-image-preview:large","max-video-preview":"max-video-preview:-1"},"canonical":"https:\/\/www.press7.tv\/?p=28518","og_locale":"en_US","og_type":"article","og_title":"Deklarata e fort\u00eb e Vu\u00e7i\u00e7: M\u00eb thon\u00eb se mamaja ime ka tradh\u00ebtuar baban\u00eb me nj\u00eb shqiptar - press7.tv","og_description":"Presidenti i Serbis\u00eb, Aleksandar Vu\u00e7i\u00e7, ka b\u00ebr\u00eb nj\u00eb deklarat\u00eb t\u00eb fort\u00eb gjat\u00eb podcastit The Rest Is Politics: Leading, ku ka folur p\u00ebr ato q\u00eb ai i cil\u00ebson si sulme t\u00eb r\u00ebnda personale dhe shpifje ndaj tij. N\u00eb nj\u00eb pjes\u00eb t\u00eb diskutimit, Vu\u00e7i\u00e7 u shpreh prerazi: \u201cA mund ta kuptosh argumentin kur dikush po hedh nj\u00eb [&hellip;]","og_url":"https:\/\/www.press7.tv\/?p=28518","og_site_name":"press7.tv","article_publisher":"https:\/\/www.facebook.com\/press7.tv","article_published_time":"2026-04-29T09:56:00+00:00","og_image":[{"width":892,"height":492,"url":"https:\/\/www.press7.tv\/wp-content\/uploads\/2026\/04\/Vucici-1.avif","type":"image\/jpeg"}],"author":"gazetar2","twitter_card":"summary_large_image","twitter_misc":{"Written by":"gazetar2","Est. reading time":"1 minute"},"schema":{"@context":"https:\/\/schema.org","@graph":[{"@type":"Article","@id":"https:\/\/www.press7.tv\/?p=28518#article","isPartOf":{"@id":"https:\/\/www.press7.tv\/?p=28518"},"author":{"name":"gazetar2","@id":"https:\/\/www.news33.tv\/#\/schema\/person\/5a04a38a23ccdba82f9bd665cd8f9efa"},"headline":"Deklarata e fort\u00eb e Vu\u00e7i\u00e7: M\u00eb thon\u00eb se mamaja ime ka tradh\u00ebtuar baban\u00eb me nj\u00eb shqiptar","datePublished":"2026-04-29T09:56:00+00:00","mainEntityOfPage":{"@id":"https:\/\/www.press7.tv\/?p=28518"},"wordCount":220,"publisher":{"@id":"https:\/\/www.news33.tv\/#organization"},"image":{"@id":"https:\/\/www.press7.tv\/?p=28518#primaryimage"},"thumbnailUrl":"https:\/\/www.press7.tv\/wp-content\/uploads\/2026\/04\/Vucici-1.avif","articleSection":["Rajon"],"inLanguage":"en-US"},{"@type":"WebPage","@id":"https:\/\/www.press7.tv\/?p=28518","url":"https:\/\/www.press7.tv\/?p=28518","name":"Deklarata e fort\u00eb e Vu\u00e7i\u00e7: M\u00eb thon\u00eb se mamaja ime ka tradh\u00ebtuar baban\u00eb me nj\u00eb shqiptar - press7.tv","isPartOf":{"@id":"https:\/\/www.news33.tv\/#website"},"primaryImageOfPage":{"@id":"https:\/\/www.press7.tv\/?p=28518#primaryimage"},"image":{"@id":"https:\/\/www.press7.tv\/?p=28518#primaryimage"},"thumbnailUrl":"https:\/\/www.press7.tv\/wp-content\/uploads\/2026\/04\/Vucici-1.avif","datePublished":"2026-04-29T09:56:00+00:00","breadcrumb":{"@id":"https:\/\/www.press7.tv\/?p=28518#breadcrumb"},"inLanguage":"en-US","potentialAction":[{"@type":"ReadAction","target":["https:\/\/www.press7.tv\/?p=28518"]}]},{"@type":"ImageObject","inLanguage":"en-US","@id":"https:\/\/www.press7.tv\/?p=28518#primaryimage","url":"https:\/\/www.press7.tv\/wp-content\/uploads\/2026\/04\/Vucici-1.avif","contentUrl":"https:\/\/www.press7.tv\/wp-content\/uploads\/2026\/04\/Vucici-1.avif","width":892,"height":492},{"@type":"BreadcrumbList","@id":"https:\/\/www.press7.tv\/?p=28518#breadcrumb","itemListElement":[{"@type":"ListItem","position":1,"name":"Home","item":"https:\/\/www.press7.tv\/"},{"@type":"ListItem","position":2,"name":"Deklarata e fort\u00eb e Vu\u00e7i\u00e7: M\u00eb thon\u00eb se mamaja ime ka tradh\u00ebtuar baban\u00eb me nj\u00eb shqiptar"}]},{"@type":"WebSite","@id":"https:\/\/www.news33.tv\/#website","url":"https:\/\/www.news33.tv\/","name":"News33.tv Media","description":"Media","publisher":{"@id":"https:\/\/www.news33.tv\/#organization"},"potentialAction":[{"@type":"SearchAction","target":{"@type":"EntryPoint","urlTemplate":"https:\/\/www.news33.tv\/?s={search_term_string}"},"query-input":{"@type":"PropertyValueSpecification","valueRequired":true,"valueName":"search_term_string"}}],"inLanguage":"en-US"},{"@type":"Organization","@id":"https:\/\/www.news33.tv\/#organization","name":"News33.tv Media","url":"https:\/\/www.news33.tv\/","logo":{"@type":"ImageObject","inLanguage":"en-US","@id":"https:\/\/www.news33.tv\/#\/schema\/logo\/image\/","url":"https:\/\/www.press7.tv\/wp-content\/uploads\/2024\/02\/logo-news33-black.png","contentUrl":"https:\/\/www.press7.tv\/wp-content\/uploads\/2024\/02\/logo-news33-black.png","width":180,"height":37,"caption":"News33.tv Media"},"image":{"@id":"https:\/\/www.news33.tv\/#\/schema\/logo\/image\/"},"sameAs":["https:\/\/www.facebook.com\/press7.tv"]},{"@type":"Person","@id":"https:\/\/www.news33.tv\/#\/schema\/person\/5a04a38a23ccdba82f9bd665cd8f9efa","name":"gazetar2","image":{"@type":"ImageObject","inLanguage":"en-US","@id":"https:\/\/www.news33.tv\/#\/schema\/person\/image\/","url":"https:\/\/www.press7.tv\/wp-content\/litespeed\/avatar\/41975e402c3049d9ddb03adca8f7a883.jpg?ver=1777169572","contentUrl":"https:\/\/www.press7.tv\/wp-content\/litespeed\/avatar\/41975e402c3049d9ddb03adca8f7a883.jpg?ver=1777169572","caption":"gazetar2"},"url":"https:\/\/www.press7.tv\/?author=8"}]}},"amp_enabled":true,"_links":{"self":[{"href":"https:\/\/www.press7.tv\/index.php?rest_route=\/wp\/v2\/posts\/28518","targetHints":{"allow":["GET"]}}],"collection":[{"href":"https:\/\/www.press7.tv\/index.php?rest_route=\/wp\/v2\/posts"}],"about":[{"href":"https:\/\/www.press7.tv\/index.php?rest_route=\/wp\/v2\/types\/post"}],"author":[{"embeddable":true,"href":"https:\/\/www.press7.tv\/index.php?rest_route=\/wp\/v2\/users\/8"}],"replies":[{"embeddable":true,"href":"https:\/\/www.press7.tv\/index.php?rest_route=%2Fwp%2Fv2%2Fcomments&post=28518"}],"version-history":[{"count":1,"href":"https:\/\/www.press7.tv\/index.php?rest_route=\/wp\/v2\/posts\/28518\/revisions"}],"predecessor-version":[{"id":28520,"href":"https:\/\/www.press7.tv\/index.php?rest_route=\/wp\/v2\/posts\/28518\/revisions\/28520"}],"wp:featuredmedia":[{"embeddable":true,"href":"https:\/\/www.press7.tv\/index.php?rest_route=\/wp\/v2\/media\/28519"}],"wp:attachment":[{"href":"https:\/\/www.press7.tv\/index.php?rest_route=%2Fwp%2Fv2%2Fmedia&parent=28518"}],"wp:term":[{"taxonomy":"category","embeddable":true,"href":"https:\/\/www.press7.tv\/index.php?rest_route=%2Fwp%2Fv2%2Fcategories&post=28518"},{"taxonomy":"post_tag","embeddable":true,"href":"https:\/\/www.press7.tv\/index.php?rest_route=%2Fwp%2Fv2%2Ftags&post=28518"}],"curies":[{"name":"wp","href":"https:\/\/api.w.org\/{rel}","templated":true}]}}