{"id":28512,"date":"2026-04-29T09:23:52","date_gmt":"2026-04-29T09:23:52","guid":{"rendered":"https:\/\/www.press7.tv\/?p=28512"},"modified":"2026-04-29T09:23:52","modified_gmt":"2026-04-29T09:23:52","slug":"tirana-kap-milanon-per-cmimet-e-apartamenteve-qyteti-i-4-te-me-i-shtrenjte-ne-evrope","status":"publish","type":"post","link":"https:\/\/www.press7.tv\/?p=28512","title":{"rendered":"Tirana kap Milanon p\u00ebr \u00e7mimet e apartamenteve, qyteti i 4-t\u00eb m\u00eb i shtrenjt\u00eb n\u00eb Evrop\u00eb"},"content":{"rendered":"\n    <div class=\"xs_social_share_widget xs_share_url before_content \t\tmain_content  wslu-style-2 wslu-share-box-shaped wslu-fill-colored wslu-share-m-5 wslu-none wslu-share-vertical wslu-theme-font-no wslu-main_content\">\n\n\t\t\n        <ul>\n\t\t\t        <\/ul>\n    <\/div> \n<p>Me \u00e7mimet mesatare t\u00eb apartamenteve n\u00eb kryeqytet q\u00eb e kan\u00eb kaluar 2 mij\u00eb euro p\u00ebr met\u00ebr katror dhe pagat q\u00eb jan\u00eb rritur me ritme shum\u00eb m\u00eb t\u00eb ngadalta, Tirana ka arritur Milanon p\u00ebr \u00e7mimet e sht\u00ebpive t\u00eb matura sipas fuqis\u00eb bler\u00ebse, nd\u00ebrsa \u00ebsht\u00eb b\u00ebr\u00eb nd\u00ebr kryeqytetet m\u00eb t\u00eb shtrenjta t\u00eb Europ\u00ebs.<\/p>\n<p>Sipas t\u00eb dh\u00ebnave m\u00eb t\u00eb fundit nga Numbeo, nj\u00eb nj\u00ebsi globale e t\u00eb dh\u00ebnave, q\u00eb mat indeksin e p\u00ebrballueshm\u00ebris\u00eb s\u00eb blerjes s\u00eb pasurive t\u00eb paluajtshme, raporti \u00e7mim ndaj t\u00eb ardhura n\u00eb vitin 2026 ka arritur n\u00eb 17.6 vjet. Ky tregues llogaritet si raport mes \u00e7mimit mesatar t\u00eb apartamentit dhe t\u00eb ardhurave t\u00eb disponueshme t\u00eb nj\u00eb familjeje, i shprehur n\u00eb vite t\u00eb ardhurash.<br \/>\nRaporti \u00e7mim\/t\u00eb ardhura mat sa vite t\u00eb ardhura familjare duhen p\u00ebr t\u00eb bler\u00eb nj\u00eb apartament mesatar. Sa m\u00eb i ul\u00ebt raporti, aq m\u00eb e p\u00ebrballueshme \u00ebsht\u00eb blerja e banes\u00ebs. Llogaritja bazohet n\u00eb t\u00eb ardhurat neto familjare, madh\u00ebsin\u00eb mesatare t\u00eb apartamentit prej 90 m\u00b2 dhe \u00e7mimin mesatar p\u00ebr met\u00ebr katror n\u00eb qend\u00ebr dhe jasht\u00eb qendr\u00ebs s\u00eb qytetit.<\/p>\n<p>Shqip\u00ebria renditet si kryeqyteti i kat\u00ebrt m\u00eb i shtrenjt\u00eb n\u00eb Europ\u00eb, pas Mosk\u00ebs n\u00eb Rusi, q\u00eb kryeson me 22 vite, Lisbon\u00ebs n\u00eb Portugali me 19.2 vite dhe Prag\u00ebs n\u00eb Republik\u00ebn \u00c7eke me 18.6 vite. N\u00eb Rom\u00eb, kryeqytetin Italian, duhen mesatarisht 14.5 vite pun\u00eb, po kaq dhe n\u00eb Vjen\u00eb, n\u00eb Paris 15.4 vite. Tirana ia ka kaluar dhe Beogradit, q\u00eb deri tani mbante fronin si kryeqyteti m\u00eb i shtrenjt\u00eb n\u00eb rajon, sipas fuqis\u00eb bler\u00ebse, i cili ka zbritur pas kryeqytetit shqiptar, me 16.4 vite.<br \/>\nInteresant \u00ebsht\u00eb fakti, q\u00eb Tirana \u00ebsht\u00eb b\u00ebr\u00eb po aq e shtrenjt\u00eb sa dhe Milano, banor\u00ebve t\u00eb s\u00eb cil\u00ebs u duhen 17.7 vite p\u00ebr t\u00eb bler\u00eb nj\u00eb apartament. Po arsyet q\u00eb po nxisin rritjen e \u00e7mimeve n\u00eb Milano jan\u00eb krejt t\u00eb ndryshme.<\/p>\n<p>Vitet e fundit, Milano \u00ebsht\u00eb shnd\u00ebrruar n\u00eb nj\u00eb nga qendrat kryesore t\u00eb biznesit dhe financ\u00ebs n\u00eb Europ\u00eb, duke t\u00ebrhequr kompani shum\u00ebkomb\u00ebshe, fonde investimi dhe zyra rajonale t\u00eb korporatave t\u00eb m\u00ebdha. Pas Brexit, shum\u00eb institucione financiare dhe sh\u00ebrbime profesionale zhvendos\u00ebn aktivitetin drejt qyteteve si Milano, duke rritur k\u00ebrkes\u00ebn p\u00ebr zyra dhe banesa.<\/p>\n<p>Kjo \u00ebsht\u00eb shoq\u00ebruar edhe me zhvillimin e zonave t\u00eb reja urbane, si Porta Nuova apo CityLife, q\u00eb kan\u00eb t\u00ebrhequr nj\u00eb segment t\u00eb ri bler\u00ebsish me t\u00eb ardhura t\u00eb larta. Pavar\u00ebsisht se banor\u00ebt e Milanos ankohen se jetesa \u00ebsht\u00eb b\u00ebr\u00eb m\u00eb e shtrenjt\u00eb p\u00ebr ta, rritja e \u00e7mimeve n\u00eb Milano, n\u00eb fund t\u00eb fundit ka reflektuar nj\u00eb ekonomi q\u00eb po zgjeron baz\u00ebn e saj produktive dhe q\u00eb po t\u00ebrheq punonj\u00ebs t\u00eb kualifikuar dhe investime afatgjata.<\/p>\n<p>K\u00ebrkesa p\u00ebr banesa n\u00eb k\u00ebt\u00eb rast mb\u00ebshtetet nga paga m\u00eb t\u00eb larta, prania e bizneseve t\u00eb m\u00ebdha dhe nj\u00eb treg m\u00eb i zhvilluar qirash, ku pronat shfryt\u00ebzohen n\u00eb m\u00ebnyr\u00eb m\u00eb efikase, elemente q\u00eb kan\u00eb nxitur dhe rritjen e pun\u00ebsimit dhe mund\u00ebsive p\u00ebr vendasit.<\/p>\n<p>N\u00eb Tiran\u00eb, panorama \u00ebsht\u00eb ndryshe. Shtrenjtimi i \u00e7mimeve t\u00eb apartamenteve nuk \u00ebsht\u00eb shoq\u00ebruar me nj\u00eb rritje t\u00eb ngjashme t\u00eb t\u00eb ardhurave apo me hyrjen e investimeve t\u00eb m\u00ebdha t\u00eb huaja q\u00eb do t\u00eb mb\u00ebshtesnin k\u00ebrkes\u00ebn. Ndryshe nga Milano, ku tregu i pasurive t\u00eb paluajtshme ushqehet nga nj\u00eb ekonomi e zgjeruar dhe nd\u00ebrkomb\u00ebtarizuar, n\u00eb Tiran\u00eb k\u00ebrkesa mbetet m\u00eb e kufizuar dhe m\u00eb e brisht\u00eb.<br \/>\nT\u00eb huajt, t\u00eb cil\u00ebt kan\u00eb shtuar pranin\u00eb n\u00eb tregun shqiptar t\u00eb pasurive t\u00eb paluajtshme, n\u00eb pjes\u00ebn m\u00eb t\u00eb madhe preferojn\u00eb zonat bregdetare, ku investimi lidhet m\u00eb shum\u00eb me turizmin dhe p\u00ebrdorimin sezonal t\u00eb pronave. N\u00eb kryeqytet, interesi i tyre mbetet m\u00eb i kufizuar.<\/p>\n<p>Nga ana tjet\u00ebr, bler\u00ebsit vendas p\u00ebrballen me nj\u00eb hendek t\u00eb madh mes \u00e7mimeve dhe t\u00eb ardhurave. Nj\u00eb pjes\u00eb e madhe e familjeve e kan\u00eb gjithnj\u00eb e m\u00eb t\u00eb v\u00ebshtir\u00eb t\u00eb hyjn\u00eb n\u00eb tregun e blerjes s\u00eb banesave, duke e zhvendosur k\u00ebrkes\u00ebn drejt qirave ose duke e shtyr\u00eb blerjen p\u00ebr nj\u00eb koh\u00eb t\u00eb pap\u00ebrcaktuar.<\/p>\n<p>Hyrjet e bizneseve t\u00eb m\u00ebdha t\u00eb huaja mungojn\u00eb. M\u00eb shum\u00eb se nj\u00eb e treta e investimeve t\u00eb huaja direkte\u00ebsht\u00eb p\u00ebr blerjeve t\u00eb pasurive t\u00eb paluajtshme, kryesisht n\u00eb bregdet, jo ardhje t\u00eb kompanive reale, q\u00eb do t\u00eb rrisnin k\u00ebrkes\u00ebn p\u00ebr ambiente p\u00ebr zyra apo p\u00ebr punonj\u00ebs n\u00eb kryeqytet.<\/p>\n<p>Edhe bizneset shqiptare, n\u00eb p\u00ebrgjith\u00ebsi t\u00eb vogla dhe me kapacitete t\u00eb kufizuara, nuk krijojn\u00eb nj\u00eb k\u00ebrkes\u00eb t\u00eb q\u00ebndrueshme p\u00ebr tregun e zyrave. Sipas t\u00eb dh\u00ebnave t\u00eb tjera t\u00eb INSTAT, n\u00eb vend ka vet\u00ebm rreth dy mij\u00eb sip\u00ebrmarrje q\u00eb kan\u00eb m\u00eb shum\u00eb se 50 t\u00eb pun\u00ebsuar, nga 132 mij\u00eb nd\u00ebrmarrje q\u00eb ka n\u00eb vend.<br \/>\nN\u00eb k\u00ebto kushte, rritja e shpejt\u00eb e \u00e7mimeve n\u00eb Tiran\u00eb rrezikon t\u00eb mos mb\u00ebshtetet nga k\u00ebrkesa reale, por nga e ashtuquajtura dukuri e \u201cparkimit t\u00eb parave\u201d, apo investimit t\u00eb parave t\u00eb fituara nga aktivitete t\u00eb jasht\u00ebligjshme, apo korrupsioni. Nj\u00eb pjes\u00eb e apartamenteve t\u00eb reja, sidomos n\u00eb segmentin e lart\u00eb, mund t\u00eb rrezikojn\u00eb t\u00eb mbeten t\u00eb pashfryt\u00ebzuara, pavar\u00ebsisht se mund t\u00eb jen\u00eb shitur.<\/p>\n<p>Nd\u00ebrkoh\u00eb, nd\u00ebrtimi pritet t\u00eb marr\u00eb p\u00ebrmasa edhe m\u00eb t\u00eb m\u00ebdha, nisur nga t\u00eb ardhurat rekord q\u00eb u gjeneruan nga dh\u00ebnia e lejeve t\u00eb reja t\u00eb nd\u00ebrtimit n\u00eb dy muajt e par\u00eb t\u00eb k\u00ebtij viti. Sipas t\u00eb dh\u00ebnave zyrtare nga Ministria e Financave t\u00eb ardhurat nga taksat lokale, q\u00eb p\u00ebrfaq\u00ebsohen nga taksa e ndikimit n\u00eb infrastruktur\u00eb (TNI) p\u00ebr periudh\u00ebn janar- shkurt 2026 arrit\u00ebn nj\u00eb rekord historik duke kapur shifr\u00ebn prej 11,2 miliard\u00eb lek\u00eb, me kat\u00ebrfishim nga viti paraardh\u00ebs.<\/p>\n<p>Duke u bazuar n\u00eb shum\u00ebn e ark\u00ebtuar prej 11.2 miliard\u00eb lek\u00eb, dhe faktin q\u00eb taksa e ndikimit n\u00eb infrastruktur\u00eb \u00ebsht\u00eb 4-8% e vler\u00ebs n\u00eb shitje t\u00eb nd\u00ebrtimeve, n\u00eb vend jan\u00eb dh\u00ebn\u00eb leje p\u00ebr nd\u00ebrtime t\u00eb tjera me vler\u00eb t\u00eb pakt\u00ebn 1.4 miliard\u00eb euro.<\/p>\n","protected":false},"excerpt":{"rendered":"<p>Me \u00e7mimet mesatare t\u00eb apartamenteve n\u00eb kryeqytet q\u00eb e kan\u00eb kaluar 2 mij\u00eb euro p\u00ebr met\u00ebr katror dhe pagat q\u00eb jan\u00eb rritur me ritme shum\u00eb m\u00eb t\u00eb ngadalta, Tirana ka arritur Milanon p\u00ebr \u00e7mimet e sht\u00ebpive t\u00eb matura sipas fuqis\u00eb bler\u00ebse, nd\u00ebrsa \u00ebsht\u00eb b\u00ebr\u00eb nd\u00ebr kryeqytetet m\u00eb t\u00eb shtrenjta t\u00eb Europ\u00ebs. Sipas t\u00eb dh\u00ebnave m\u00eb [&hellip;]<\/p>\n","protected":false},"author":8,"featured_media":28513,"comment_status":"closed","ping_status":"closed","sticky":false,"template":"","format":"standard","meta":{"footnotes":""},"categories":[216],"tags":[],"class_list":["post-28512","post","type-post","status-publish","format-standard","has-post-thumbnail","hentry","category-shqiperi"],"yoast_head":"<!-- This site is optimized with the Yoast SEO plugin v25.1 - https:\/\/yoast.com\/wordpress\/plugins\/seo\/ -->\n<title>Tirana kap Milanon p\u00ebr \u00e7mimet e apartamenteve, qyteti i 4-t\u00eb m\u00eb i shtrenjt\u00eb n\u00eb Evrop\u00eb - press7.tv<\/title>\n<meta name=\"robots\" content=\"index, follow, max-snippet:-1, max-image-preview:large, max-video-preview:-1\" \/>\n<link rel=\"canonical\" href=\"https:\/\/www.press7.tv\/?p=28512\" \/>\n<meta property=\"og:locale\" content=\"en_US\" \/>\n<meta property=\"og:type\" content=\"article\" \/>\n<meta property=\"og:title\" content=\"Tirana kap Milanon p\u00ebr \u00e7mimet e apartamenteve, qyteti i 4-t\u00eb m\u00eb i shtrenjt\u00eb n\u00eb Evrop\u00eb - press7.tv\" \/>\n<meta property=\"og:description\" content=\"Me \u00e7mimet mesatare t\u00eb apartamenteve n\u00eb kryeqytet q\u00eb e kan\u00eb kaluar 2 mij\u00eb euro p\u00ebr met\u00ebr katror dhe pagat q\u00eb jan\u00eb rritur me ritme shum\u00eb m\u00eb t\u00eb ngadalta, Tirana ka arritur Milanon p\u00ebr \u00e7mimet e sht\u00ebpive t\u00eb matura sipas fuqis\u00eb bler\u00ebse, nd\u00ebrsa \u00ebsht\u00eb b\u00ebr\u00eb nd\u00ebr kryeqytetet m\u00eb t\u00eb shtrenjta t\u00eb Europ\u00ebs. Sipas t\u00eb dh\u00ebnave m\u00eb [&hellip;]\" \/>\n<meta property=\"og:url\" content=\"https:\/\/www.press7.tv\/?p=28512\" \/>\n<meta property=\"og:site_name\" content=\"press7.tv\" \/>\n<meta property=\"article:publisher\" content=\"https:\/\/www.facebook.com\/press7.tv\" \/>\n<meta property=\"article:published_time\" content=\"2026-04-29T09:23:52+00:00\" \/>\n<meta property=\"og:image\" content=\"https:\/\/www.press7.tv\/wp-content\/uploads\/2026\/04\/apartamente-1-1.avif\" \/>\n\t<meta property=\"og:image:width\" content=\"640\" \/>\n\t<meta property=\"og:image:height\" content=\"427\" \/>\n\t<meta property=\"og:image:type\" content=\"image\/jpeg\" \/>\n<meta name=\"author\" content=\"gazetar2\" \/>\n<meta name=\"twitter:card\" content=\"summary_large_image\" \/>\n<meta name=\"twitter:label1\" content=\"Written by\" \/>\n\t<meta name=\"twitter:data1\" content=\"gazetar2\" \/>\n\t<meta name=\"twitter:label2\" content=\"Est. reading time\" \/>\n\t<meta name=\"twitter:data2\" content=\"1 minute\" \/>\n<script type=\"application\/ld+json\" class=\"yoast-schema-graph\">{\"@context\":\"https:\/\/schema.org\",\"@graph\":[{\"@type\":\"Article\",\"@id\":\"https:\/\/www.press7.tv\/?p=28512#article\",\"isPartOf\":{\"@id\":\"https:\/\/www.press7.tv\/?p=28512\"},\"author\":{\"name\":\"gazetar2\",\"@id\":\"https:\/\/www.news33.tv\/#\/schema\/person\/5a04a38a23ccdba82f9bd665cd8f9efa\"},\"headline\":\"Tirana kap Milanon p\u00ebr \u00e7mimet e apartamenteve, qyteti i 4-t\u00eb m\u00eb i shtrenjt\u00eb n\u00eb Evrop\u00eb\",\"datePublished\":\"2026-04-29T09:23:52+00:00\",\"mainEntityOfPage\":{\"@id\":\"https:\/\/www.press7.tv\/?p=28512\"},\"wordCount\":1035,\"publisher\":{\"@id\":\"https:\/\/www.news33.tv\/#organization\"},\"image\":{\"@id\":\"https:\/\/www.press7.tv\/?p=28512#primaryimage\"},\"thumbnailUrl\":\"https:\/\/www.press7.tv\/wp-content\/uploads\/2026\/04\/apartamente-1-1.avif\",\"articleSection\":[\"Shqip\u00ebri\"],\"inLanguage\":\"en-US\"},{\"@type\":\"WebPage\",\"@id\":\"https:\/\/www.press7.tv\/?p=28512\",\"url\":\"https:\/\/www.press7.tv\/?p=28512\",\"name\":\"Tirana kap Milanon p\u00ebr \u00e7mimet e apartamenteve, qyteti i 4-t\u00eb m\u00eb i shtrenjt\u00eb n\u00eb Evrop\u00eb - press7.tv\",\"isPartOf\":{\"@id\":\"https:\/\/www.news33.tv\/#website\"},\"primaryImageOfPage\":{\"@id\":\"https:\/\/www.press7.tv\/?p=28512#primaryimage\"},\"image\":{\"@id\":\"https:\/\/www.press7.tv\/?p=28512#primaryimage\"},\"thumbnailUrl\":\"https:\/\/www.press7.tv\/wp-content\/uploads\/2026\/04\/apartamente-1-1.avif\",\"datePublished\":\"2026-04-29T09:23:52+00:00\",\"breadcrumb\":{\"@id\":\"https:\/\/www.press7.tv\/?p=28512#breadcrumb\"},\"inLanguage\":\"en-US\",\"potentialAction\":[{\"@type\":\"ReadAction\",\"target\":[\"https:\/\/www.press7.tv\/?p=28512\"]}]},{\"@type\":\"ImageObject\",\"inLanguage\":\"en-US\",\"@id\":\"https:\/\/www.press7.tv\/?p=28512#primaryimage\",\"url\":\"https:\/\/www.press7.tv\/wp-content\/uploads\/2026\/04\/apartamente-1-1.avif\",\"contentUrl\":\"https:\/\/www.press7.tv\/wp-content\/uploads\/2026\/04\/apartamente-1-1.avif\",\"width\":640,\"height\":427},{\"@type\":\"BreadcrumbList\",\"@id\":\"https:\/\/www.press7.tv\/?p=28512#breadcrumb\",\"itemListElement\":[{\"@type\":\"ListItem\",\"position\":1,\"name\":\"Home\",\"item\":\"https:\/\/www.press7.tv\/\"},{\"@type\":\"ListItem\",\"position\":2,\"name\":\"Tirana kap Milanon p\u00ebr \u00e7mimet e apartamenteve, qyteti i 4-t\u00eb m\u00eb i shtrenjt\u00eb n\u00eb Evrop\u00eb\"}]},{\"@type\":\"WebSite\",\"@id\":\"https:\/\/www.news33.tv\/#website\",\"url\":\"https:\/\/www.news33.tv\/\",\"name\":\"News33.tv Media\",\"description\":\"Media\",\"publisher\":{\"@id\":\"https:\/\/www.news33.tv\/#organization\"},\"potentialAction\":[{\"@type\":\"SearchAction\",\"target\":{\"@type\":\"EntryPoint\",\"urlTemplate\":\"https:\/\/www.news33.tv\/?s={search_term_string}\"},\"query-input\":{\"@type\":\"PropertyValueSpecification\",\"valueRequired\":true,\"valueName\":\"search_term_string\"}}],\"inLanguage\":\"en-US\"},{\"@type\":\"Organization\",\"@id\":\"https:\/\/www.news33.tv\/#organization\",\"name\":\"News33.tv Media\",\"url\":\"https:\/\/www.news33.tv\/\",\"logo\":{\"@type\":\"ImageObject\",\"inLanguage\":\"en-US\",\"@id\":\"https:\/\/www.news33.tv\/#\/schema\/logo\/image\/\",\"url\":\"https:\/\/www.press7.tv\/wp-content\/uploads\/2024\/02\/logo-news33-black.png\",\"contentUrl\":\"https:\/\/www.press7.tv\/wp-content\/uploads\/2024\/02\/logo-news33-black.png\",\"width\":180,\"height\":37,\"caption\":\"News33.tv Media\"},\"image\":{\"@id\":\"https:\/\/www.news33.tv\/#\/schema\/logo\/image\/\"},\"sameAs\":[\"https:\/\/www.facebook.com\/press7.tv\"]},{\"@type\":\"Person\",\"@id\":\"https:\/\/www.news33.tv\/#\/schema\/person\/5a04a38a23ccdba82f9bd665cd8f9efa\",\"name\":\"gazetar2\",\"image\":{\"@type\":\"ImageObject\",\"inLanguage\":\"en-US\",\"@id\":\"https:\/\/www.news33.tv\/#\/schema\/person\/image\/\",\"url\":\"https:\/\/www.press7.tv\/wp-content\/litespeed\/avatar\/41975e402c3049d9ddb03adca8f7a883.jpg?ver=1777169572\",\"contentUrl\":\"https:\/\/www.press7.tv\/wp-content\/litespeed\/avatar\/41975e402c3049d9ddb03adca8f7a883.jpg?ver=1777169572\",\"caption\":\"gazetar2\"},\"url\":\"https:\/\/www.press7.tv\/?author=8\"}]}<\/script>\n<!-- \/ Yoast SEO plugin. -->","yoast_head_json":{"title":"Tirana kap Milanon p\u00ebr \u00e7mimet e apartamenteve, qyteti i 4-t\u00eb m\u00eb i shtrenjt\u00eb n\u00eb Evrop\u00eb - press7.tv","robots":{"index":"index","follow":"follow","max-snippet":"max-snippet:-1","max-image-preview":"max-image-preview:large","max-video-preview":"max-video-preview:-1"},"canonical":"https:\/\/www.press7.tv\/?p=28512","og_locale":"en_US","og_type":"article","og_title":"Tirana kap Milanon p\u00ebr \u00e7mimet e apartamenteve, qyteti i 4-t\u00eb m\u00eb i shtrenjt\u00eb n\u00eb Evrop\u00eb - press7.tv","og_description":"Me \u00e7mimet mesatare t\u00eb apartamenteve n\u00eb kryeqytet q\u00eb e kan\u00eb kaluar 2 mij\u00eb euro p\u00ebr met\u00ebr katror dhe pagat q\u00eb jan\u00eb rritur me ritme shum\u00eb m\u00eb t\u00eb ngadalta, Tirana ka arritur Milanon p\u00ebr \u00e7mimet e sht\u00ebpive t\u00eb matura sipas fuqis\u00eb bler\u00ebse, nd\u00ebrsa \u00ebsht\u00eb b\u00ebr\u00eb nd\u00ebr kryeqytetet m\u00eb t\u00eb shtrenjta t\u00eb Europ\u00ebs. Sipas t\u00eb dh\u00ebnave m\u00eb [&hellip;]","og_url":"https:\/\/www.press7.tv\/?p=28512","og_site_name":"press7.tv","article_publisher":"https:\/\/www.facebook.com\/press7.tv","article_published_time":"2026-04-29T09:23:52+00:00","og_image":[{"width":640,"height":427,"url":"https:\/\/www.press7.tv\/wp-content\/uploads\/2026\/04\/apartamente-1-1.avif","type":"image\/jpeg"}],"author":"gazetar2","twitter_card":"summary_large_image","twitter_misc":{"Written by":"gazetar2","Est. reading time":"1 minute"},"schema":{"@context":"https:\/\/schema.org","@graph":[{"@type":"Article","@id":"https:\/\/www.press7.tv\/?p=28512#article","isPartOf":{"@id":"https:\/\/www.press7.tv\/?p=28512"},"author":{"name":"gazetar2","@id":"https:\/\/www.news33.tv\/#\/schema\/person\/5a04a38a23ccdba82f9bd665cd8f9efa"},"headline":"Tirana kap Milanon p\u00ebr \u00e7mimet e apartamenteve, qyteti i 4-t\u00eb m\u00eb i shtrenjt\u00eb n\u00eb Evrop\u00eb","datePublished":"2026-04-29T09:23:52+00:00","mainEntityOfPage":{"@id":"https:\/\/www.press7.tv\/?p=28512"},"wordCount":1035,"publisher":{"@id":"https:\/\/www.news33.tv\/#organization"},"image":{"@id":"https:\/\/www.press7.tv\/?p=28512#primaryimage"},"thumbnailUrl":"https:\/\/www.press7.tv\/wp-content\/uploads\/2026\/04\/apartamente-1-1.avif","articleSection":["Shqip\u00ebri"],"inLanguage":"en-US"},{"@type":"WebPage","@id":"https:\/\/www.press7.tv\/?p=28512","url":"https:\/\/www.press7.tv\/?p=28512","name":"Tirana kap Milanon p\u00ebr \u00e7mimet e apartamenteve, qyteti i 4-t\u00eb m\u00eb i shtrenjt\u00eb n\u00eb Evrop\u00eb - press7.tv","isPartOf":{"@id":"https:\/\/www.news33.tv\/#website"},"primaryImageOfPage":{"@id":"https:\/\/www.press7.tv\/?p=28512#primaryimage"},"image":{"@id":"https:\/\/www.press7.tv\/?p=28512#primaryimage"},"thumbnailUrl":"https:\/\/www.press7.tv\/wp-content\/uploads\/2026\/04\/apartamente-1-1.avif","datePublished":"2026-04-29T09:23:52+00:00","breadcrumb":{"@id":"https:\/\/www.press7.tv\/?p=28512#breadcrumb"},"inLanguage":"en-US","potentialAction":[{"@type":"ReadAction","target":["https:\/\/www.press7.tv\/?p=28512"]}]},{"@type":"ImageObject","inLanguage":"en-US","@id":"https:\/\/www.press7.tv\/?p=28512#primaryimage","url":"https:\/\/www.press7.tv\/wp-content\/uploads\/2026\/04\/apartamente-1-1.avif","contentUrl":"https:\/\/www.press7.tv\/wp-content\/uploads\/2026\/04\/apartamente-1-1.avif","width":640,"height":427},{"@type":"BreadcrumbList","@id":"https:\/\/www.press7.tv\/?p=28512#breadcrumb","itemListElement":[{"@type":"ListItem","position":1,"name":"Home","item":"https:\/\/www.press7.tv\/"},{"@type":"ListItem","position":2,"name":"Tirana kap Milanon p\u00ebr \u00e7mimet e apartamenteve, qyteti i 4-t\u00eb m\u00eb i shtrenjt\u00eb n\u00eb Evrop\u00eb"}]},{"@type":"WebSite","@id":"https:\/\/www.news33.tv\/#website","url":"https:\/\/www.news33.tv\/","name":"News33.tv Media","description":"Media","publisher":{"@id":"https:\/\/www.news33.tv\/#organization"},"potentialAction":[{"@type":"SearchAction","target":{"@type":"EntryPoint","urlTemplate":"https:\/\/www.news33.tv\/?s={search_term_string}"},"query-input":{"@type":"PropertyValueSpecification","valueRequired":true,"valueName":"search_term_string"}}],"inLanguage":"en-US"},{"@type":"Organization","@id":"https:\/\/www.news33.tv\/#organization","name":"News33.tv Media","url":"https:\/\/www.news33.tv\/","logo":{"@type":"ImageObject","inLanguage":"en-US","@id":"https:\/\/www.news33.tv\/#\/schema\/logo\/image\/","url":"https:\/\/www.press7.tv\/wp-content\/uploads\/2024\/02\/logo-news33-black.png","contentUrl":"https:\/\/www.press7.tv\/wp-content\/uploads\/2024\/02\/logo-news33-black.png","width":180,"height":37,"caption":"News33.tv Media"},"image":{"@id":"https:\/\/www.news33.tv\/#\/schema\/logo\/image\/"},"sameAs":["https:\/\/www.facebook.com\/press7.tv"]},{"@type":"Person","@id":"https:\/\/www.news33.tv\/#\/schema\/person\/5a04a38a23ccdba82f9bd665cd8f9efa","name":"gazetar2","image":{"@type":"ImageObject","inLanguage":"en-US","@id":"https:\/\/www.news33.tv\/#\/schema\/person\/image\/","url":"https:\/\/www.press7.tv\/wp-content\/litespeed\/avatar\/41975e402c3049d9ddb03adca8f7a883.jpg?ver=1777169572","contentUrl":"https:\/\/www.press7.tv\/wp-content\/litespeed\/avatar\/41975e402c3049d9ddb03adca8f7a883.jpg?ver=1777169572","caption":"gazetar2"},"url":"https:\/\/www.press7.tv\/?author=8"}]}},"amp_enabled":true,"_links":{"self":[{"href":"https:\/\/www.press7.tv\/index.php?rest_route=\/wp\/v2\/posts\/28512","targetHints":{"allow":["GET"]}}],"collection":[{"href":"https:\/\/www.press7.tv\/index.php?rest_route=\/wp\/v2\/posts"}],"about":[{"href":"https:\/\/www.press7.tv\/index.php?rest_route=\/wp\/v2\/types\/post"}],"author":[{"embeddable":true,"href":"https:\/\/www.press7.tv\/index.php?rest_route=\/wp\/v2\/users\/8"}],"replies":[{"embeddable":true,"href":"https:\/\/www.press7.tv\/index.php?rest_route=%2Fwp%2Fv2%2Fcomments&post=28512"}],"version-history":[{"count":1,"href":"https:\/\/www.press7.tv\/index.php?rest_route=\/wp\/v2\/posts\/28512\/revisions"}],"predecessor-version":[{"id":28514,"href":"https:\/\/www.press7.tv\/index.php?rest_route=\/wp\/v2\/posts\/28512\/revisions\/28514"}],"wp:featuredmedia":[{"embeddable":true,"href":"https:\/\/www.press7.tv\/index.php?rest_route=\/wp\/v2\/media\/28513"}],"wp:attachment":[{"href":"https:\/\/www.press7.tv\/index.php?rest_route=%2Fwp%2Fv2%2Fmedia&parent=28512"}],"wp:term":[{"taxonomy":"category","embeddable":true,"href":"https:\/\/www.press7.tv\/index.php?rest_route=%2Fwp%2Fv2%2Fcategories&post=28512"},{"taxonomy":"post_tag","embeddable":true,"href":"https:\/\/www.press7.tv\/index.php?rest_route=%2Fwp%2Fv2%2Ftags&post=28512"}],"curies":[{"name":"wp","href":"https:\/\/api.w.org\/{rel}","templated":true}]}}