{"id":28509,"date":"2026-04-29T09:16:54","date_gmt":"2026-04-29T09:16:54","guid":{"rendered":"https:\/\/www.press7.tv\/?p=28509"},"modified":"2026-04-29T09:16:54","modified_gmt":"2026-04-29T09:16:54","slug":"kurti-mbeshtetja-per-ne-vetem-sa-do-te-rritet-duhet-te-kemi-opozite-te-re-kjo-eshte-ne-renie-te-lire","status":"publish","type":"post","link":"https:\/\/www.press7.tv\/?p=28509","title":{"rendered":"\u200bKurti: Mb\u00ebshtetja p\u00ebr ne vet\u00ebm sa do t\u00eb rritet, duhet t\u00eb kemi opozit\u00eb t\u00eb re \u2013 kjo \u00ebsht\u00eb n\u00eb r\u00ebnie t\u00eb lir\u00eb"},"content":{"rendered":"\n    <div class=\"xs_social_share_widget xs_share_url before_content \t\tmain_content  wslu-style-2 wslu-share-box-shaped wslu-fill-colored wslu-share-m-5 wslu-none wslu-share-vertical wslu-theme-font-no wslu-main_content\">\n\n\t\t\n        <ul>\n\t\t\t        <\/ul>\n    <\/div> \n<p>Kryeministri n\u00eb detyr\u00eb i Kosov\u00ebs, Albin Kurti ka kritikuar ashp\u00ebr opozit\u00ebn gjat\u00eb fjalimit t\u00eb tij t\u00eb fundit n\u00eb Kuvendin e Kosov\u00ebs, pak minuta para shp\u00ebrndarjes s\u00eb k\u00ebtij institucioni, nat\u00ebn nd\u00ebrmjet t\u00eb mart\u00ebs e t\u00eb m\u00ebrkur\u00ebs.<\/p>\n<p>Ai tha se deputet\u00ebt e pakic\u00ebs duan zgjedhje, por jo p\u00ebrgjegj\u00ebsi e pushtet.<\/p>\n<p>P\u00ebr m\u00eb tep\u00ebr, numri nj\u00eb i ekzekutivit, q\u00eb tashme merr statusin e qeveris\u00eb n\u00eb detyr\u00eb, tha se vendit i duhet opozit\u00eb e re pasi e deritashmja, sipas tij, ishte n\u00eb r\u00ebnie t\u00eb lir\u00eb.<\/p>\n<p>\u201cJa ku jemi n\u00eb nj\u00eb seanc\u00eb e cila bojkotohet nga opozita, vet\u00ebm kat\u00ebr muaj pas zgjedhjeve duan s\u00ebrish zgjedhje ata jan\u00eb t\u00eb vet\u00ebdijsh\u00ebm q\u00eb zgjedhje nuk jan\u00eb zgjidhje, ata nuk duan p\u00ebrgjegj\u00ebsi, nuk duan pushtet, por d\u00ebshirojn\u00eb q\u00eb k\u00ebt\u00eb mos ta kemi as ne, ve\u00e7se p\u00ebr k\u00ebt\u00eb nuk vendosin ata vendosi populli i Kosov\u00ebs i cili gjithnj\u00eb e m\u00eb shum\u00eb na ka mb\u00ebshtetur neve n\u00eb p\u00ebrputhje me realizimin e zotimeve tona\u201d, tha ai.<\/p>\n<p>Pas kritikave p\u00ebr opozit\u00ebn, kryetari i Vet\u00ebvendosje iu kthye l\u00ebvdatave p\u00ebr subjektin e tij politik duke th\u00ebn\u00eb se mb\u00ebshtetja p\u00ebr L\u00ebvizjen vet\u00ebm po rritet.<\/p>\n<p>\u201cMb\u00ebshtetje p\u00ebr neve vet\u00ebm sa p\u00ebr rritet demokracia do edhe institucion nuk do vet\u00ebm vullnet t\u00eb qytetar\u00ebve nuk do vet\u00ebm mb\u00ebshtetje vet\u00ebm mb\u00ebshtetje p\u00ebr politikan dhe parti t\u00eb caktuara dhe k\u00ebtu \u00ebsht\u00eb sjellja jo shtet\u00ebrore e anti institucionale e opozit\u00ebs aktuale, ata nuk mund ta zhb\u00ebjn\u00eb vullnetin e popullit por ata nuk e respektojn\u00eb at\u00eb dhe p\u00ebrpiqen q\u00eb t\u00eb mos marr form\u00eb institucionale ky vullnet\u201d, deklaroi ai.<\/p>\n<p>Kurti, q\u00eb kur b\u00ebri k\u00ebt\u00eb fjalim ishte ende kryeminist\u00ebr fuqiplot\u00eb, tha se kat\u00ebr partit\u00eb opozitare d\u00ebshirojn\u00eb t\u00eb shantazhojn\u00eb e ta k\u00ebrc\u00ebnojn\u00eb partin\u00eb me shumic\u00eb parlamentare.<\/p>\n<p>\u201cNuk kishin k\u00ebrkesa p\u00ebr vete kishin inat p\u00ebr neve, kishin mllef ndaj neve por k\u00ebto nuk jan\u00eb probleme q\u00eb un\u00eb mund t\u2019i sh\u00ebroj at\u00eb q\u00eb nuk ua ka dh\u00ebn\u00eb populli nuk ua japim dot ne n\u00eb fakt nuk k\u00ebrkoni asgj\u00eb k\u00ebrkonin q\u00eb populli t\u00eb mos na jap at\u00eb q\u00eb tashm\u00eb kishte ndodhur \u2013 mb\u00ebshtetja masive, fitorja rekord p\u00ebr neve dhe sot q\u00eb jemi k\u00ebtu jan\u00eb 9 parti politike t\u00eb pranishme. Kat\u00ebr parti i keni jasht\u00eb PDK, LDK, AAK, Lista Serbe. Ne jemi shumica e kuvendit e ata po d\u00ebshirojn\u00eb t\u00eb shantazhojn\u00eb\u201c, deklaroi ai.\\<\/p>\n<p>Kurti tha se vendit i duhet nj\u00eb opozit\u00eb e re pasi, sipas tij, kjo e deritashmja \u00ebsht\u00eb n\u00eb r\u00ebnie t\u00eb lir\u00eb.<\/p>\n<p>\u201cKosova p\u00ebr t\u00eb pasur presidente t\u00eb re duhet t\u00eb ket\u00eb opozit\u00eb t\u00eb re opozita \u00ebsht\u00eb e vjet\u00ebr, kjo opozit\u00eb mundet me sjell ndonj\u00eb fytyr\u00eb por zanatin e karakterin e ka t\u00eb vjet\u00ebr prandaj edhe jan\u00eb n\u00eb r\u00ebnie t\u00eb lir\u00eb jan\u00eb duke r\u00ebn\u00eb vazhdimisht n\u00eb ciklet elektorale, sa m\u00eb shum\u00eb q\u00eb mbahen zgjedhje aq m\u00eb posht\u00eb po shkojn\u00eb. Dhe asnj\u00eb m\u00ebsim nuk po e nxjerrin p\u00ebr bes\u00eb do t\u00eb ishin qesharak sikur t\u00eb mos ishin t\u00eb gjor\u00eb. Kjo do t\u00eb ishte nj\u00eb komedi e bukur sikur t\u00eb mos ishte gjith\u00eb ky mjerim politik, por edhe mjerimi politik nuk \u00ebsht\u00eb ndonj\u00eb e z\u00eb e pakap\u00ebrcyeshme ajo \u00e7far\u00eb e b\u00ebn\u00eb t\u00eb pafalshme e t\u00eb pakap\u00ebrcyeshme jan\u00eb ato dhjet\u00ebra e dhjet\u00ebra miliona euro\u201d, tha ai.<\/p>\n","protected":false},"excerpt":{"rendered":"<p>Kryeministri n\u00eb detyr\u00eb i Kosov\u00ebs, Albin Kurti ka kritikuar ashp\u00ebr opozit\u00ebn gjat\u00eb fjalimit t\u00eb tij t\u00eb fundit n\u00eb Kuvendin e Kosov\u00ebs, pak minuta para shp\u00ebrndarjes s\u00eb k\u00ebtij institucioni, nat\u00ebn nd\u00ebrmjet t\u00eb mart\u00ebs e t\u00eb m\u00ebrkur\u00ebs. Ai tha se deputet\u00ebt e pakic\u00ebs duan zgjedhje, por jo p\u00ebrgjegj\u00ebsi e pushtet. P\u00ebr m\u00eb tep\u00ebr, numri nj\u00eb i ekzekutivit, [&hellip;]<\/p>\n","protected":false},"author":8,"featured_media":28510,"comment_status":"closed","ping_status":"closed","sticky":false,"template":"","format":"standard","meta":{"footnotes":""},"categories":[215,213],"tags":[],"class_list":["post-28509","post","type-post","status-publish","format-standard","has-post-thumbnail","hentry","category-kosove","category-lajme"],"yoast_head":"<!-- This site is optimized with the Yoast SEO plugin v25.1 - https:\/\/yoast.com\/wordpress\/plugins\/seo\/ -->\n<title>\u200bKurti: Mb\u00ebshtetja p\u00ebr ne vet\u00ebm sa do t\u00eb rritet, duhet t\u00eb kemi opozit\u00eb t\u00eb re \u2013 kjo \u00ebsht\u00eb n\u00eb r\u00ebnie t\u00eb lir\u00eb - press7.tv<\/title>\n<meta name=\"robots\" content=\"index, follow, max-snippet:-1, max-image-preview:large, max-video-preview:-1\" \/>\n<link rel=\"canonical\" href=\"https:\/\/www.press7.tv\/?p=28509\" \/>\n<meta property=\"og:locale\" content=\"en_US\" \/>\n<meta property=\"og:type\" content=\"article\" \/>\n<meta property=\"og:title\" content=\"\u200bKurti: Mb\u00ebshtetja p\u00ebr ne vet\u00ebm sa do t\u00eb rritet, duhet t\u00eb kemi opozit\u00eb t\u00eb re \u2013 kjo \u00ebsht\u00eb n\u00eb r\u00ebnie t\u00eb lir\u00eb - press7.tv\" \/>\n<meta property=\"og:description\" content=\"Kryeministri n\u00eb detyr\u00eb i Kosov\u00ebs, Albin Kurti ka kritikuar ashp\u00ebr opozit\u00ebn gjat\u00eb fjalimit t\u00eb tij t\u00eb fundit n\u00eb Kuvendin e Kosov\u00ebs, pak minuta para shp\u00ebrndarjes s\u00eb k\u00ebtij institucioni, nat\u00ebn nd\u00ebrmjet t\u00eb mart\u00ebs e t\u00eb m\u00ebrkur\u00ebs. Ai tha se deputet\u00ebt e pakic\u00ebs duan zgjedhje, por jo p\u00ebrgjegj\u00ebsi e pushtet. P\u00ebr m\u00eb tep\u00ebr, numri nj\u00eb i ekzekutivit, [&hellip;]\" \/>\n<meta property=\"og:url\" content=\"https:\/\/www.press7.tv\/?p=28509\" \/>\n<meta property=\"og:site_name\" content=\"press7.tv\" \/>\n<meta property=\"article:publisher\" content=\"https:\/\/www.facebook.com\/press7.tv\" \/>\n<meta property=\"article:published_time\" content=\"2026-04-29T09:16:54+00:00\" \/>\n<meta property=\"og:image\" content=\"https:\/\/www.press7.tv\/wp-content\/uploads\/2026\/04\/Foto-Web-AR-2026-04-29T091553.660-800x445-1.avif\" \/>\n\t<meta property=\"og:image:width\" content=\"800\" \/>\n\t<meta property=\"og:image:height\" content=\"445\" \/>\n\t<meta property=\"og:image:type\" content=\"image\/jpeg\" \/>\n<meta name=\"author\" content=\"gazetar2\" \/>\n<meta name=\"twitter:card\" content=\"summary_large_image\" \/>\n<meta name=\"twitter:label1\" content=\"Written by\" \/>\n\t<meta name=\"twitter:data1\" content=\"gazetar2\" \/>\n\t<meta name=\"twitter:label2\" content=\"Est. reading time\" \/>\n\t<meta name=\"twitter:data2\" content=\"1 minute\" \/>\n<script type=\"application\/ld+json\" class=\"yoast-schema-graph\">{\"@context\":\"https:\/\/schema.org\",\"@graph\":[{\"@type\":\"Article\",\"@id\":\"https:\/\/www.press7.tv\/?p=28509#article\",\"isPartOf\":{\"@id\":\"https:\/\/www.press7.tv\/?p=28509\"},\"author\":{\"name\":\"gazetar2\",\"@id\":\"https:\/\/www.news33.tv\/#\/schema\/person\/5a04a38a23ccdba82f9bd665cd8f9efa\"},\"headline\":\"\u200bKurti: Mb\u00ebshtetja p\u00ebr ne vet\u00ebm sa do t\u00eb rritet, duhet t\u00eb kemi opozit\u00eb t\u00eb re \u2013 kjo \u00ebsht\u00eb n\u00eb r\u00ebnie t\u00eb lir\u00eb\",\"datePublished\":\"2026-04-29T09:16:54+00:00\",\"mainEntityOfPage\":{\"@id\":\"https:\/\/www.press7.tv\/?p=28509\"},\"wordCount\":621,\"publisher\":{\"@id\":\"https:\/\/www.news33.tv\/#organization\"},\"image\":{\"@id\":\"https:\/\/www.press7.tv\/?p=28509#primaryimage\"},\"thumbnailUrl\":\"https:\/\/www.press7.tv\/wp-content\/uploads\/2026\/04\/Foto-Web-AR-2026-04-29T091553.660-800x445-1.avif\",\"articleSection\":[\"Kosov\u00eb\",\"Lajme\"],\"inLanguage\":\"en-US\"},{\"@type\":\"WebPage\",\"@id\":\"https:\/\/www.press7.tv\/?p=28509\",\"url\":\"https:\/\/www.press7.tv\/?p=28509\",\"name\":\"\u200bKurti: Mb\u00ebshtetja p\u00ebr ne vet\u00ebm sa do t\u00eb rritet, duhet t\u00eb kemi opozit\u00eb t\u00eb re \u2013 kjo \u00ebsht\u00eb n\u00eb r\u00ebnie t\u00eb lir\u00eb - press7.tv\",\"isPartOf\":{\"@id\":\"https:\/\/www.news33.tv\/#website\"},\"primaryImageOfPage\":{\"@id\":\"https:\/\/www.press7.tv\/?p=28509#primaryimage\"},\"image\":{\"@id\":\"https:\/\/www.press7.tv\/?p=28509#primaryimage\"},\"thumbnailUrl\":\"https:\/\/www.press7.tv\/wp-content\/uploads\/2026\/04\/Foto-Web-AR-2026-04-29T091553.660-800x445-1.avif\",\"datePublished\":\"2026-04-29T09:16:54+00:00\",\"breadcrumb\":{\"@id\":\"https:\/\/www.press7.tv\/?p=28509#breadcrumb\"},\"inLanguage\":\"en-US\",\"potentialAction\":[{\"@type\":\"ReadAction\",\"target\":[\"https:\/\/www.press7.tv\/?p=28509\"]}]},{\"@type\":\"ImageObject\",\"inLanguage\":\"en-US\",\"@id\":\"https:\/\/www.press7.tv\/?p=28509#primaryimage\",\"url\":\"https:\/\/www.press7.tv\/wp-content\/uploads\/2026\/04\/Foto-Web-AR-2026-04-29T091553.660-800x445-1.avif\",\"contentUrl\":\"https:\/\/www.press7.tv\/wp-content\/uploads\/2026\/04\/Foto-Web-AR-2026-04-29T091553.660-800x445-1.avif\",\"width\":800,\"height\":445},{\"@type\":\"BreadcrumbList\",\"@id\":\"https:\/\/www.press7.tv\/?p=28509#breadcrumb\",\"itemListElement\":[{\"@type\":\"ListItem\",\"position\":1,\"name\":\"Home\",\"item\":\"https:\/\/www.press7.tv\/\"},{\"@type\":\"ListItem\",\"position\":2,\"name\":\"\u200bKurti: Mb\u00ebshtetja p\u00ebr ne vet\u00ebm sa do t\u00eb rritet, duhet t\u00eb kemi opozit\u00eb t\u00eb re \u2013 kjo \u00ebsht\u00eb n\u00eb r\u00ebnie t\u00eb lir\u00eb\"}]},{\"@type\":\"WebSite\",\"@id\":\"https:\/\/www.news33.tv\/#website\",\"url\":\"https:\/\/www.news33.tv\/\",\"name\":\"News33.tv Media\",\"description\":\"Media\",\"publisher\":{\"@id\":\"https:\/\/www.news33.tv\/#organization\"},\"potentialAction\":[{\"@type\":\"SearchAction\",\"target\":{\"@type\":\"EntryPoint\",\"urlTemplate\":\"https:\/\/www.news33.tv\/?s={search_term_string}\"},\"query-input\":{\"@type\":\"PropertyValueSpecification\",\"valueRequired\":true,\"valueName\":\"search_term_string\"}}],\"inLanguage\":\"en-US\"},{\"@type\":\"Organization\",\"@id\":\"https:\/\/www.news33.tv\/#organization\",\"name\":\"News33.tv Media\",\"url\":\"https:\/\/www.news33.tv\/\",\"logo\":{\"@type\":\"ImageObject\",\"inLanguage\":\"en-US\",\"@id\":\"https:\/\/www.news33.tv\/#\/schema\/logo\/image\/\",\"url\":\"https:\/\/www.press7.tv\/wp-content\/uploads\/2024\/02\/logo-news33-black.png\",\"contentUrl\":\"https:\/\/www.press7.tv\/wp-content\/uploads\/2024\/02\/logo-news33-black.png\",\"width\":180,\"height\":37,\"caption\":\"News33.tv Media\"},\"image\":{\"@id\":\"https:\/\/www.news33.tv\/#\/schema\/logo\/image\/\"},\"sameAs\":[\"https:\/\/www.facebook.com\/press7.tv\"]},{\"@type\":\"Person\",\"@id\":\"https:\/\/www.news33.tv\/#\/schema\/person\/5a04a38a23ccdba82f9bd665cd8f9efa\",\"name\":\"gazetar2\",\"image\":{\"@type\":\"ImageObject\",\"inLanguage\":\"en-US\",\"@id\":\"https:\/\/www.news33.tv\/#\/schema\/person\/image\/\",\"url\":\"https:\/\/www.press7.tv\/wp-content\/litespeed\/avatar\/41975e402c3049d9ddb03adca8f7a883.jpg?ver=1777169572\",\"contentUrl\":\"https:\/\/www.press7.tv\/wp-content\/litespeed\/avatar\/41975e402c3049d9ddb03adca8f7a883.jpg?ver=1777169572\",\"caption\":\"gazetar2\"},\"url\":\"https:\/\/www.press7.tv\/?author=8\"}]}<\/script>\n<!-- \/ Yoast SEO plugin. -->","yoast_head_json":{"title":"\u200bKurti: Mb\u00ebshtetja p\u00ebr ne vet\u00ebm sa do t\u00eb rritet, duhet t\u00eb kemi opozit\u00eb t\u00eb re \u2013 kjo \u00ebsht\u00eb n\u00eb r\u00ebnie t\u00eb lir\u00eb - press7.tv","robots":{"index":"index","follow":"follow","max-snippet":"max-snippet:-1","max-image-preview":"max-image-preview:large","max-video-preview":"max-video-preview:-1"},"canonical":"https:\/\/www.press7.tv\/?p=28509","og_locale":"en_US","og_type":"article","og_title":"\u200bKurti: Mb\u00ebshtetja p\u00ebr ne vet\u00ebm sa do t\u00eb rritet, duhet t\u00eb kemi opozit\u00eb t\u00eb re \u2013 kjo \u00ebsht\u00eb n\u00eb r\u00ebnie t\u00eb lir\u00eb - press7.tv","og_description":"Kryeministri n\u00eb detyr\u00eb i Kosov\u00ebs, Albin Kurti ka kritikuar ashp\u00ebr opozit\u00ebn gjat\u00eb fjalimit t\u00eb tij t\u00eb fundit n\u00eb Kuvendin e Kosov\u00ebs, pak minuta para shp\u00ebrndarjes s\u00eb k\u00ebtij institucioni, nat\u00ebn nd\u00ebrmjet t\u00eb mart\u00ebs e t\u00eb m\u00ebrkur\u00ebs. Ai tha se deputet\u00ebt e pakic\u00ebs duan zgjedhje, por jo p\u00ebrgjegj\u00ebsi e pushtet. P\u00ebr m\u00eb tep\u00ebr, numri nj\u00eb i ekzekutivit, [&hellip;]","og_url":"https:\/\/www.press7.tv\/?p=28509","og_site_name":"press7.tv","article_publisher":"https:\/\/www.facebook.com\/press7.tv","article_published_time":"2026-04-29T09:16:54+00:00","og_image":[{"width":800,"height":445,"url":"https:\/\/www.press7.tv\/wp-content\/uploads\/2026\/04\/Foto-Web-AR-2026-04-29T091553.660-800x445-1.avif","type":"image\/jpeg"}],"author":"gazetar2","twitter_card":"summary_large_image","twitter_misc":{"Written by":"gazetar2","Est. reading time":"1 minute"},"schema":{"@context":"https:\/\/schema.org","@graph":[{"@type":"Article","@id":"https:\/\/www.press7.tv\/?p=28509#article","isPartOf":{"@id":"https:\/\/www.press7.tv\/?p=28509"},"author":{"name":"gazetar2","@id":"https:\/\/www.news33.tv\/#\/schema\/person\/5a04a38a23ccdba82f9bd665cd8f9efa"},"headline":"\u200bKurti: Mb\u00ebshtetja p\u00ebr ne vet\u00ebm sa do t\u00eb rritet, duhet t\u00eb kemi opozit\u00eb t\u00eb re \u2013 kjo \u00ebsht\u00eb n\u00eb r\u00ebnie t\u00eb lir\u00eb","datePublished":"2026-04-29T09:16:54+00:00","mainEntityOfPage":{"@id":"https:\/\/www.press7.tv\/?p=28509"},"wordCount":621,"publisher":{"@id":"https:\/\/www.news33.tv\/#organization"},"image":{"@id":"https:\/\/www.press7.tv\/?p=28509#primaryimage"},"thumbnailUrl":"https:\/\/www.press7.tv\/wp-content\/uploads\/2026\/04\/Foto-Web-AR-2026-04-29T091553.660-800x445-1.avif","articleSection":["Kosov\u00eb","Lajme"],"inLanguage":"en-US"},{"@type":"WebPage","@id":"https:\/\/www.press7.tv\/?p=28509","url":"https:\/\/www.press7.tv\/?p=28509","name":"\u200bKurti: Mb\u00ebshtetja p\u00ebr ne vet\u00ebm sa do t\u00eb rritet, duhet t\u00eb kemi opozit\u00eb t\u00eb re \u2013 kjo \u00ebsht\u00eb n\u00eb r\u00ebnie t\u00eb lir\u00eb - press7.tv","isPartOf":{"@id":"https:\/\/www.news33.tv\/#website"},"primaryImageOfPage":{"@id":"https:\/\/www.press7.tv\/?p=28509#primaryimage"},"image":{"@id":"https:\/\/www.press7.tv\/?p=28509#primaryimage"},"thumbnailUrl":"https:\/\/www.press7.tv\/wp-content\/uploads\/2026\/04\/Foto-Web-AR-2026-04-29T091553.660-800x445-1.avif","datePublished":"2026-04-29T09:16:54+00:00","breadcrumb":{"@id":"https:\/\/www.press7.tv\/?p=28509#breadcrumb"},"inLanguage":"en-US","potentialAction":[{"@type":"ReadAction","target":["https:\/\/www.press7.tv\/?p=28509"]}]},{"@type":"ImageObject","inLanguage":"en-US","@id":"https:\/\/www.press7.tv\/?p=28509#primaryimage","url":"https:\/\/www.press7.tv\/wp-content\/uploads\/2026\/04\/Foto-Web-AR-2026-04-29T091553.660-800x445-1.avif","contentUrl":"https:\/\/www.press7.tv\/wp-content\/uploads\/2026\/04\/Foto-Web-AR-2026-04-29T091553.660-800x445-1.avif","width":800,"height":445},{"@type":"BreadcrumbList","@id":"https:\/\/www.press7.tv\/?p=28509#breadcrumb","itemListElement":[{"@type":"ListItem","position":1,"name":"Home","item":"https:\/\/www.press7.tv\/"},{"@type":"ListItem","position":2,"name":"\u200bKurti: Mb\u00ebshtetja p\u00ebr ne vet\u00ebm sa do t\u00eb rritet, duhet t\u00eb kemi opozit\u00eb t\u00eb re \u2013 kjo \u00ebsht\u00eb n\u00eb r\u00ebnie t\u00eb lir\u00eb"}]},{"@type":"WebSite","@id":"https:\/\/www.news33.tv\/#website","url":"https:\/\/www.news33.tv\/","name":"News33.tv Media","description":"Media","publisher":{"@id":"https:\/\/www.news33.tv\/#organization"},"potentialAction":[{"@type":"SearchAction","target":{"@type":"EntryPoint","urlTemplate":"https:\/\/www.news33.tv\/?s={search_term_string}"},"query-input":{"@type":"PropertyValueSpecification","valueRequired":true,"valueName":"search_term_string"}}],"inLanguage":"en-US"},{"@type":"Organization","@id":"https:\/\/www.news33.tv\/#organization","name":"News33.tv Media","url":"https:\/\/www.news33.tv\/","logo":{"@type":"ImageObject","inLanguage":"en-US","@id":"https:\/\/www.news33.tv\/#\/schema\/logo\/image\/","url":"https:\/\/www.press7.tv\/wp-content\/uploads\/2024\/02\/logo-news33-black.png","contentUrl":"https:\/\/www.press7.tv\/wp-content\/uploads\/2024\/02\/logo-news33-black.png","width":180,"height":37,"caption":"News33.tv Media"},"image":{"@id":"https:\/\/www.news33.tv\/#\/schema\/logo\/image\/"},"sameAs":["https:\/\/www.facebook.com\/press7.tv"]},{"@type":"Person","@id":"https:\/\/www.news33.tv\/#\/schema\/person\/5a04a38a23ccdba82f9bd665cd8f9efa","name":"gazetar2","image":{"@type":"ImageObject","inLanguage":"en-US","@id":"https:\/\/www.news33.tv\/#\/schema\/person\/image\/","url":"https:\/\/www.press7.tv\/wp-content\/litespeed\/avatar\/41975e402c3049d9ddb03adca8f7a883.jpg?ver=1777169572","contentUrl":"https:\/\/www.press7.tv\/wp-content\/litespeed\/avatar\/41975e402c3049d9ddb03adca8f7a883.jpg?ver=1777169572","caption":"gazetar2"},"url":"https:\/\/www.press7.tv\/?author=8"}]}},"amp_enabled":true,"_links":{"self":[{"href":"https:\/\/www.press7.tv\/index.php?rest_route=\/wp\/v2\/posts\/28509","targetHints":{"allow":["GET"]}}],"collection":[{"href":"https:\/\/www.press7.tv\/index.php?rest_route=\/wp\/v2\/posts"}],"about":[{"href":"https:\/\/www.press7.tv\/index.php?rest_route=\/wp\/v2\/types\/post"}],"author":[{"embeddable":true,"href":"https:\/\/www.press7.tv\/index.php?rest_route=\/wp\/v2\/users\/8"}],"replies":[{"embeddable":true,"href":"https:\/\/www.press7.tv\/index.php?rest_route=%2Fwp%2Fv2%2Fcomments&post=28509"}],"version-history":[{"count":1,"href":"https:\/\/www.press7.tv\/index.php?rest_route=\/wp\/v2\/posts\/28509\/revisions"}],"predecessor-version":[{"id":28511,"href":"https:\/\/www.press7.tv\/index.php?rest_route=\/wp\/v2\/posts\/28509\/revisions\/28511"}],"wp:featuredmedia":[{"embeddable":true,"href":"https:\/\/www.press7.tv\/index.php?rest_route=\/wp\/v2\/media\/28510"}],"wp:attachment":[{"href":"https:\/\/www.press7.tv\/index.php?rest_route=%2Fwp%2Fv2%2Fmedia&parent=28509"}],"wp:term":[{"taxonomy":"category","embeddable":true,"href":"https:\/\/www.press7.tv\/index.php?rest_route=%2Fwp%2Fv2%2Fcategories&post=28509"},{"taxonomy":"post_tag","embeddable":true,"href":"https:\/\/www.press7.tv\/index.php?rest_route=%2Fwp%2Fv2%2Ftags&post=28509"}],"curies":[{"name":"wp","href":"https:\/\/api.w.org\/{rel}","templated":true}]}}