{"id":28497,"date":"2026-04-28T15:43:27","date_gmt":"2026-04-28T15:43:27","guid":{"rendered":"https:\/\/www.press7.tv\/?p=28497"},"modified":"2026-04-28T15:43:27","modified_gmt":"2026-04-28T15:43:27","slug":"kurti-bllokada-e-opozites-joshteterore-te-vijne-ne-kuvend-te-zgjedhim-presidentin","status":"publish","type":"post","link":"https:\/\/www.press7.tv\/?p=28497","title":{"rendered":"Kurti: Bllokada e opozit\u00ebs joshtet\u00ebrore, t\u00eb vijn\u00eb n\u00eb Kuvend t\u00eb zgjedhim presidentin"},"content":{"rendered":"\n    <div class=\"xs_social_share_widget xs_share_url before_content \t\tmain_content  wslu-style-2 wslu-share-box-shaped wslu-fill-colored wslu-share-m-5 wslu-none wslu-share-vertical wslu-theme-font-no wslu-main_content\">\n\n\t\t\n        <ul>\n\t\t\t        <\/ul>\n    <\/div> \n<p>Kryeministri i Kosov\u00ebs, Albin Kurti, ka akuzuar opozit\u00ebn p\u00ebr bllokim t\u00eb q\u00ebllimsh\u00ebm t\u00eb institucioneve, teksa vendi po p\u00ebrballet me ng\u00ebr\u00e7 politik rreth zgjedhjes s\u00eb presidentit.<\/p>\n<p>N\u00eb nj\u00eb konferenc\u00eb p\u00ebr media, Kurti deklaroi se sjellja e opozit\u00ebs nuk ka q\u00ebllim tjet\u00ebr p\u00ebrve\u00e7se bllokimin e funksionimit t\u00eb shtetit.<\/p>\n<p>Sipas tij, bojkotimi i seancave plenare p\u00ebrb\u00ebn veprim jo shtet\u00ebror dhe antiinstitucional, duke e cil\u00ebsuar k\u00ebt\u00eb qasje si t\u00eb d\u00ebmshme p\u00ebr demokracin\u00eb dhe rendin institucional.<\/p>\n<p>\u201cKonsideroj se \u00ebsht\u00eb b\u00ebr\u00eb mjaftuesh\u00ebm e qart\u00eb q\u00eb opozita n\u00eb Kosov\u00eb nuk ka q\u00ebllim tjet\u00ebr p\u00ebrve\u00e7 se bllokimit. Tash e sa koh\u00eb sjelljet e k\u00ebsaj opozite jan\u00eb kryek\u00ebput jo shtet\u00ebrore dhe anti-institucionaliste. Ajo \u00ebsht\u00eb e interesuar vet\u00ebm nj\u00eb gj\u00eb, bllokimin e qeverisjes son\u00eb, e cila n\u00eb akt mandat ka rezultat historik. N\u00eb k\u00ebto rrethana e gjithe kjo bllokad\u00eb opozitare p\u00ebrmes bojkotit t\u00eb seancave plenare nuk mund te quhet ndryshe pos mosnjohje e rezultatit zgjedhore dhe vullnetit popullor t\u00eb shprehur qart\u00eb m\u00eb 28 dhjetor t\u00eb vitit q\u00eb lam\u00eb m\u00eb pas\u201d, ka th\u00ebn\u00eb Kurti.<\/p>\n<p>K\u00ebto deklarata vijn\u00eb n\u00eb nj\u00eb moment kritik, pasi Kuvendi ka d\u00ebshtuar disa her\u00eb t\u00eb siguroj\u00eb kuorumin p\u00ebr zgjedhjen e presidentit. Seanca p\u00ebr k\u00ebt\u00eb \u00e7\u00ebshtje, e nisur mbr\u00ebm\u00eb, \u00ebsht\u00eb shtyr\u00eb disa her\u00eb her\u00eb p\u00ebr shkak t\u00eb munges\u00ebs s\u00eb deputet\u00ebve t\u00eb opozit\u00ebs, nd\u00ebrsa vazhdimi i tret\u00eb \u00ebsht\u00eb caktuar p\u00ebr or\u00ebn 19:00.<\/p>\n<p>N\u00eb rast se presidenti nuk zgjidhet deri n\u00eb mesnat\u00eb, vendi rrezikon t\u00eb shkoj\u00eb n\u00eb zgjedhje t\u00eb reja parlamentare. Nj\u00eb dit\u00eb m\u00eb par\u00eb, L\u00ebvizja Vet\u00ebvendosje kishte propozuar dy kandidate p\u00ebr k\u00ebt\u00eb post, por procesi u shoq\u00ebrua me munges\u00eb konsensusi dhe bojkot nga opozita.(INA)<\/p>\n","protected":false},"excerpt":{"rendered":"<p>Kryeministri i Kosov\u00ebs, Albin Kurti, ka akuzuar opozit\u00ebn p\u00ebr bllokim t\u00eb q\u00ebllimsh\u00ebm t\u00eb institucioneve, teksa vendi po p\u00ebrballet me ng\u00ebr\u00e7 politik rreth zgjedhjes s\u00eb presidentit. N\u00eb nj\u00eb konferenc\u00eb p\u00ebr media, Kurti deklaroi se sjellja e opozit\u00ebs nuk ka q\u00ebllim tjet\u00ebr p\u00ebrve\u00e7se bllokimin e funksionimit t\u00eb shtetit. Sipas tij, bojkotimi i seancave plenare p\u00ebrb\u00ebn veprim jo [&hellip;]<\/p>\n","protected":false},"author":8,"featured_media":28498,"comment_status":"closed","ping_status":"closed","sticky":false,"template":"","format":"standard","meta":{"footnotes":""},"categories":[215,213],"tags":[],"class_list":["post-28497","post","type-post","status-publish","format-standard","has-post-thumbnail","hentry","category-kosove","category-lajme"],"yoast_head":"<!-- This site is optimized with the Yoast SEO plugin v25.1 - https:\/\/yoast.com\/wordpress\/plugins\/seo\/ -->\n<title>Kurti: Bllokada e opozit\u00ebs joshtet\u00ebrore, t\u00eb vijn\u00eb n\u00eb Kuvend t\u00eb zgjedhim presidentin - press7.tv<\/title>\n<meta name=\"robots\" content=\"index, follow, max-snippet:-1, max-image-preview:large, max-video-preview:-1\" \/>\n<link rel=\"canonical\" href=\"https:\/\/www.press7.tv\/?p=28497\" \/>\n<meta property=\"og:locale\" content=\"en_US\" \/>\n<meta property=\"og:type\" content=\"article\" \/>\n<meta property=\"og:title\" content=\"Kurti: Bllokada e opozit\u00ebs joshtet\u00ebrore, t\u00eb vijn\u00eb n\u00eb Kuvend t\u00eb zgjedhim presidentin - press7.tv\" \/>\n<meta property=\"og:description\" content=\"Kryeministri i Kosov\u00ebs, Albin Kurti, ka akuzuar opozit\u00ebn p\u00ebr bllokim t\u00eb q\u00ebllimsh\u00ebm t\u00eb institucioneve, teksa vendi po p\u00ebrballet me ng\u00ebr\u00e7 politik rreth zgjedhjes s\u00eb presidentit. N\u00eb nj\u00eb konferenc\u00eb p\u00ebr media, Kurti deklaroi se sjellja e opozit\u00ebs nuk ka q\u00ebllim tjet\u00ebr p\u00ebrve\u00e7se bllokimin e funksionimit t\u00eb shtetit. Sipas tij, bojkotimi i seancave plenare p\u00ebrb\u00ebn veprim jo [&hellip;]\" \/>\n<meta property=\"og:url\" content=\"https:\/\/www.press7.tv\/?p=28497\" \/>\n<meta property=\"og:site_name\" content=\"press7.tv\" \/>\n<meta property=\"article:publisher\" content=\"https:\/\/www.facebook.com\/press7.tv\" \/>\n<meta property=\"article:published_time\" content=\"2026-04-28T15:43:27+00:00\" \/>\n<meta property=\"og:image\" content=\"https:\/\/www.press7.tv\/wp-content\/uploads\/2026\/04\/IMG_2359-696x355-1.avif\" \/>\n\t<meta property=\"og:image:width\" content=\"696\" \/>\n\t<meta property=\"og:image:height\" content=\"355\" \/>\n\t<meta property=\"og:image:type\" content=\"image\/png\" \/>\n<meta name=\"author\" content=\"gazetar2\" \/>\n<meta name=\"twitter:card\" content=\"summary_large_image\" \/>\n<meta name=\"twitter:label1\" content=\"Written by\" \/>\n\t<meta name=\"twitter:data1\" content=\"gazetar2\" \/>\n\t<meta name=\"twitter:label2\" content=\"Est. reading time\" \/>\n\t<meta name=\"twitter:data2\" content=\"1 minute\" \/>\n<script type=\"application\/ld+json\" class=\"yoast-schema-graph\">{\"@context\":\"https:\/\/schema.org\",\"@graph\":[{\"@type\":\"Article\",\"@id\":\"https:\/\/www.press7.tv\/?p=28497#article\",\"isPartOf\":{\"@id\":\"https:\/\/www.press7.tv\/?p=28497\"},\"author\":{\"name\":\"gazetar2\",\"@id\":\"https:\/\/www.news33.tv\/#\/schema\/person\/5a04a38a23ccdba82f9bd665cd8f9efa\"},\"headline\":\"Kurti: Bllokada e opozit\u00ebs joshtet\u00ebrore, t\u00eb vijn\u00eb n\u00eb Kuvend t\u00eb zgjedhim presidentin\",\"datePublished\":\"2026-04-28T15:43:27+00:00\",\"mainEntityOfPage\":{\"@id\":\"https:\/\/www.press7.tv\/?p=28497\"},\"wordCount\":317,\"publisher\":{\"@id\":\"https:\/\/www.news33.tv\/#organization\"},\"image\":{\"@id\":\"https:\/\/www.press7.tv\/?p=28497#primaryimage\"},\"thumbnailUrl\":\"https:\/\/www.press7.tv\/wp-content\/uploads\/2026\/04\/IMG_2359-696x355-1.avif\",\"articleSection\":[\"Kosov\u00eb\",\"Lajme\"],\"inLanguage\":\"en-US\"},{\"@type\":\"WebPage\",\"@id\":\"https:\/\/www.press7.tv\/?p=28497\",\"url\":\"https:\/\/www.press7.tv\/?p=28497\",\"name\":\"Kurti: Bllokada e opozit\u00ebs joshtet\u00ebrore, t\u00eb vijn\u00eb n\u00eb Kuvend t\u00eb zgjedhim presidentin - press7.tv\",\"isPartOf\":{\"@id\":\"https:\/\/www.news33.tv\/#website\"},\"primaryImageOfPage\":{\"@id\":\"https:\/\/www.press7.tv\/?p=28497#primaryimage\"},\"image\":{\"@id\":\"https:\/\/www.press7.tv\/?p=28497#primaryimage\"},\"thumbnailUrl\":\"https:\/\/www.press7.tv\/wp-content\/uploads\/2026\/04\/IMG_2359-696x355-1.avif\",\"datePublished\":\"2026-04-28T15:43:27+00:00\",\"breadcrumb\":{\"@id\":\"https:\/\/www.press7.tv\/?p=28497#breadcrumb\"},\"inLanguage\":\"en-US\",\"potentialAction\":[{\"@type\":\"ReadAction\",\"target\":[\"https:\/\/www.press7.tv\/?p=28497\"]}]},{\"@type\":\"ImageObject\",\"inLanguage\":\"en-US\",\"@id\":\"https:\/\/www.press7.tv\/?p=28497#primaryimage\",\"url\":\"https:\/\/www.press7.tv\/wp-content\/uploads\/2026\/04\/IMG_2359-696x355-1.avif\",\"contentUrl\":\"https:\/\/www.press7.tv\/wp-content\/uploads\/2026\/04\/IMG_2359-696x355-1.avif\",\"width\":696,\"height\":355},{\"@type\":\"BreadcrumbList\",\"@id\":\"https:\/\/www.press7.tv\/?p=28497#breadcrumb\",\"itemListElement\":[{\"@type\":\"ListItem\",\"position\":1,\"name\":\"Home\",\"item\":\"https:\/\/www.press7.tv\/\"},{\"@type\":\"ListItem\",\"position\":2,\"name\":\"Kurti: Bllokada e opozit\u00ebs joshtet\u00ebrore, t\u00eb vijn\u00eb n\u00eb Kuvend t\u00eb zgjedhim presidentin\"}]},{\"@type\":\"WebSite\",\"@id\":\"https:\/\/www.news33.tv\/#website\",\"url\":\"https:\/\/www.news33.tv\/\",\"name\":\"News33.tv Media\",\"description\":\"Media\",\"publisher\":{\"@id\":\"https:\/\/www.news33.tv\/#organization\"},\"potentialAction\":[{\"@type\":\"SearchAction\",\"target\":{\"@type\":\"EntryPoint\",\"urlTemplate\":\"https:\/\/www.news33.tv\/?s={search_term_string}\"},\"query-input\":{\"@type\":\"PropertyValueSpecification\",\"valueRequired\":true,\"valueName\":\"search_term_string\"}}],\"inLanguage\":\"en-US\"},{\"@type\":\"Organization\",\"@id\":\"https:\/\/www.news33.tv\/#organization\",\"name\":\"News33.tv Media\",\"url\":\"https:\/\/www.news33.tv\/\",\"logo\":{\"@type\":\"ImageObject\",\"inLanguage\":\"en-US\",\"@id\":\"https:\/\/www.news33.tv\/#\/schema\/logo\/image\/\",\"url\":\"https:\/\/www.press7.tv\/wp-content\/uploads\/2024\/02\/logo-news33-black.png\",\"contentUrl\":\"https:\/\/www.press7.tv\/wp-content\/uploads\/2024\/02\/logo-news33-black.png\",\"width\":180,\"height\":37,\"caption\":\"News33.tv Media\"},\"image\":{\"@id\":\"https:\/\/www.news33.tv\/#\/schema\/logo\/image\/\"},\"sameAs\":[\"https:\/\/www.facebook.com\/press7.tv\"]},{\"@type\":\"Person\",\"@id\":\"https:\/\/www.news33.tv\/#\/schema\/person\/5a04a38a23ccdba82f9bd665cd8f9efa\",\"name\":\"gazetar2\",\"image\":{\"@type\":\"ImageObject\",\"inLanguage\":\"en-US\",\"@id\":\"https:\/\/www.news33.tv\/#\/schema\/person\/image\/\",\"url\":\"https:\/\/www.press7.tv\/wp-content\/litespeed\/avatar\/41975e402c3049d9ddb03adca8f7a883.jpg?ver=1777169572\",\"contentUrl\":\"https:\/\/www.press7.tv\/wp-content\/litespeed\/avatar\/41975e402c3049d9ddb03adca8f7a883.jpg?ver=1777169572\",\"caption\":\"gazetar2\"},\"url\":\"https:\/\/www.press7.tv\/?author=8\"}]}<\/script>\n<!-- \/ Yoast SEO plugin. -->","yoast_head_json":{"title":"Kurti: Bllokada e opozit\u00ebs joshtet\u00ebrore, t\u00eb vijn\u00eb n\u00eb Kuvend t\u00eb zgjedhim presidentin - press7.tv","robots":{"index":"index","follow":"follow","max-snippet":"max-snippet:-1","max-image-preview":"max-image-preview:large","max-video-preview":"max-video-preview:-1"},"canonical":"https:\/\/www.press7.tv\/?p=28497","og_locale":"en_US","og_type":"article","og_title":"Kurti: Bllokada e opozit\u00ebs joshtet\u00ebrore, t\u00eb vijn\u00eb n\u00eb Kuvend t\u00eb zgjedhim presidentin - press7.tv","og_description":"Kryeministri i Kosov\u00ebs, Albin Kurti, ka akuzuar opozit\u00ebn p\u00ebr bllokim t\u00eb q\u00ebllimsh\u00ebm t\u00eb institucioneve, teksa vendi po p\u00ebrballet me ng\u00ebr\u00e7 politik rreth zgjedhjes s\u00eb presidentit. N\u00eb nj\u00eb konferenc\u00eb p\u00ebr media, Kurti deklaroi se sjellja e opozit\u00ebs nuk ka q\u00ebllim tjet\u00ebr p\u00ebrve\u00e7se bllokimin e funksionimit t\u00eb shtetit. Sipas tij, bojkotimi i seancave plenare p\u00ebrb\u00ebn veprim jo [&hellip;]","og_url":"https:\/\/www.press7.tv\/?p=28497","og_site_name":"press7.tv","article_publisher":"https:\/\/www.facebook.com\/press7.tv","article_published_time":"2026-04-28T15:43:27+00:00","og_image":[{"width":696,"height":355,"url":"https:\/\/www.press7.tv\/wp-content\/uploads\/2026\/04\/IMG_2359-696x355-1.avif","type":"image\/png"}],"author":"gazetar2","twitter_card":"summary_large_image","twitter_misc":{"Written by":"gazetar2","Est. reading time":"1 minute"},"schema":{"@context":"https:\/\/schema.org","@graph":[{"@type":"Article","@id":"https:\/\/www.press7.tv\/?p=28497#article","isPartOf":{"@id":"https:\/\/www.press7.tv\/?p=28497"},"author":{"name":"gazetar2","@id":"https:\/\/www.news33.tv\/#\/schema\/person\/5a04a38a23ccdba82f9bd665cd8f9efa"},"headline":"Kurti: Bllokada e opozit\u00ebs joshtet\u00ebrore, t\u00eb vijn\u00eb n\u00eb Kuvend t\u00eb zgjedhim presidentin","datePublished":"2026-04-28T15:43:27+00:00","mainEntityOfPage":{"@id":"https:\/\/www.press7.tv\/?p=28497"},"wordCount":317,"publisher":{"@id":"https:\/\/www.news33.tv\/#organization"},"image":{"@id":"https:\/\/www.press7.tv\/?p=28497#primaryimage"},"thumbnailUrl":"https:\/\/www.press7.tv\/wp-content\/uploads\/2026\/04\/IMG_2359-696x355-1.avif","articleSection":["Kosov\u00eb","Lajme"],"inLanguage":"en-US"},{"@type":"WebPage","@id":"https:\/\/www.press7.tv\/?p=28497","url":"https:\/\/www.press7.tv\/?p=28497","name":"Kurti: Bllokada e opozit\u00ebs joshtet\u00ebrore, t\u00eb vijn\u00eb n\u00eb Kuvend t\u00eb zgjedhim presidentin - press7.tv","isPartOf":{"@id":"https:\/\/www.news33.tv\/#website"},"primaryImageOfPage":{"@id":"https:\/\/www.press7.tv\/?p=28497#primaryimage"},"image":{"@id":"https:\/\/www.press7.tv\/?p=28497#primaryimage"},"thumbnailUrl":"https:\/\/www.press7.tv\/wp-content\/uploads\/2026\/04\/IMG_2359-696x355-1.avif","datePublished":"2026-04-28T15:43:27+00:00","breadcrumb":{"@id":"https:\/\/www.press7.tv\/?p=28497#breadcrumb"},"inLanguage":"en-US","potentialAction":[{"@type":"ReadAction","target":["https:\/\/www.press7.tv\/?p=28497"]}]},{"@type":"ImageObject","inLanguage":"en-US","@id":"https:\/\/www.press7.tv\/?p=28497#primaryimage","url":"https:\/\/www.press7.tv\/wp-content\/uploads\/2026\/04\/IMG_2359-696x355-1.avif","contentUrl":"https:\/\/www.press7.tv\/wp-content\/uploads\/2026\/04\/IMG_2359-696x355-1.avif","width":696,"height":355},{"@type":"BreadcrumbList","@id":"https:\/\/www.press7.tv\/?p=28497#breadcrumb","itemListElement":[{"@type":"ListItem","position":1,"name":"Home","item":"https:\/\/www.press7.tv\/"},{"@type":"ListItem","position":2,"name":"Kurti: Bllokada e opozit\u00ebs joshtet\u00ebrore, t\u00eb vijn\u00eb n\u00eb Kuvend t\u00eb zgjedhim presidentin"}]},{"@type":"WebSite","@id":"https:\/\/www.news33.tv\/#website","url":"https:\/\/www.news33.tv\/","name":"News33.tv Media","description":"Media","publisher":{"@id":"https:\/\/www.news33.tv\/#organization"},"potentialAction":[{"@type":"SearchAction","target":{"@type":"EntryPoint","urlTemplate":"https:\/\/www.news33.tv\/?s={search_term_string}"},"query-input":{"@type":"PropertyValueSpecification","valueRequired":true,"valueName":"search_term_string"}}],"inLanguage":"en-US"},{"@type":"Organization","@id":"https:\/\/www.news33.tv\/#organization","name":"News33.tv Media","url":"https:\/\/www.news33.tv\/","logo":{"@type":"ImageObject","inLanguage":"en-US","@id":"https:\/\/www.news33.tv\/#\/schema\/logo\/image\/","url":"https:\/\/www.press7.tv\/wp-content\/uploads\/2024\/02\/logo-news33-black.png","contentUrl":"https:\/\/www.press7.tv\/wp-content\/uploads\/2024\/02\/logo-news33-black.png","width":180,"height":37,"caption":"News33.tv Media"},"image":{"@id":"https:\/\/www.news33.tv\/#\/schema\/logo\/image\/"},"sameAs":["https:\/\/www.facebook.com\/press7.tv"]},{"@type":"Person","@id":"https:\/\/www.news33.tv\/#\/schema\/person\/5a04a38a23ccdba82f9bd665cd8f9efa","name":"gazetar2","image":{"@type":"ImageObject","inLanguage":"en-US","@id":"https:\/\/www.news33.tv\/#\/schema\/person\/image\/","url":"https:\/\/www.press7.tv\/wp-content\/litespeed\/avatar\/41975e402c3049d9ddb03adca8f7a883.jpg?ver=1777169572","contentUrl":"https:\/\/www.press7.tv\/wp-content\/litespeed\/avatar\/41975e402c3049d9ddb03adca8f7a883.jpg?ver=1777169572","caption":"gazetar2"},"url":"https:\/\/www.press7.tv\/?author=8"}]}},"amp_enabled":true,"_links":{"self":[{"href":"https:\/\/www.press7.tv\/index.php?rest_route=\/wp\/v2\/posts\/28497","targetHints":{"allow":["GET"]}}],"collection":[{"href":"https:\/\/www.press7.tv\/index.php?rest_route=\/wp\/v2\/posts"}],"about":[{"href":"https:\/\/www.press7.tv\/index.php?rest_route=\/wp\/v2\/types\/post"}],"author":[{"embeddable":true,"href":"https:\/\/www.press7.tv\/index.php?rest_route=\/wp\/v2\/users\/8"}],"replies":[{"embeddable":true,"href":"https:\/\/www.press7.tv\/index.php?rest_route=%2Fwp%2Fv2%2Fcomments&post=28497"}],"version-history":[{"count":1,"href":"https:\/\/www.press7.tv\/index.php?rest_route=\/wp\/v2\/posts\/28497\/revisions"}],"predecessor-version":[{"id":28499,"href":"https:\/\/www.press7.tv\/index.php?rest_route=\/wp\/v2\/posts\/28497\/revisions\/28499"}],"wp:featuredmedia":[{"embeddable":true,"href":"https:\/\/www.press7.tv\/index.php?rest_route=\/wp\/v2\/media\/28498"}],"wp:attachment":[{"href":"https:\/\/www.press7.tv\/index.php?rest_route=%2Fwp%2Fv2%2Fmedia&parent=28497"}],"wp:term":[{"taxonomy":"category","embeddable":true,"href":"https:\/\/www.press7.tv\/index.php?rest_route=%2Fwp%2Fv2%2Fcategories&post=28497"},{"taxonomy":"post_tag","embeddable":true,"href":"https:\/\/www.press7.tv\/index.php?rest_route=%2Fwp%2Fv2%2Ftags&post=28497"}],"curies":[{"name":"wp","href":"https:\/\/api.w.org\/{rel}","templated":true}]}}