{"id":28482,"date":"2026-04-28T11:52:22","date_gmt":"2026-04-28T11:52:22","guid":{"rendered":"https:\/\/www.press7.tv\/?p=28482"},"modified":"2026-04-28T11:52:22","modified_gmt":"2026-04-28T11:52:22","slug":"trump-i-pakenaqur-me-porpozimin-iranian-rubio-irani-po-e-perdor-hormuzin-si-arme-berthamore-ekonomike","status":"publish","type":"post","link":"https:\/\/www.press7.tv\/?p=28482","title":{"rendered":"Trump i pak\u00ebnaqur me porpozimin iranian, Rubio: Irani po e p\u00ebrdor Hormuzin si arm\u00eb b\u00ebrthamore ekonomike"},"content":{"rendered":"\n    <div class=\"xs_social_share_widget xs_share_url before_content \t\tmain_content  wslu-style-2 wslu-share-box-shaped wslu-fill-colored wslu-share-m-5 wslu-none wslu-share-vertical wslu-theme-font-no wslu-main_content\">\n\n\t\t\n        <ul>\n\t\t\t        <\/ul>\n    <\/div> \n<p>Presidenti amerikan Donald Trump \u00ebsht\u00eb i pak\u00ebnaqur me propozimet e fundit t\u00eb Iranit p\u00ebr t\u2019i dh\u00ebn\u00eb fund luft\u00ebs 2-mujore. K\u00ebte tha nj\u00eb zyrtar amerikan, duke zbehur shpresat p\u00ebr nj\u00eb zgjidhje t\u00eb konfliktit q\u00eb ka rritur \u00e7mimet e energjis\u00eb e inflacionin, dhe ka vrar\u00eb me mij\u00ebra, shkruan A2CNN-i.<\/p>\n<p>Sipas planit iranian, diskutimet p\u00ebr programin b\u00ebrthamor do t\u00eb shtyheshin p\u00ebr nj\u00eb moment t\u00eb dyt\u00eb, pasi lufta t\u00eb ket\u00eb p\u00ebrfunduar dhe mosmarr\u00ebveshjet p\u00ebr lundrimin n\u00eb gji, t\u00eb jen\u00eb zgjidhur. Por di\u00e7ka e till\u00eb nuk k\u00ebnaq presidentin Trump, i cili n\u00eb mbr\u00ebmje mblodhi K\u00ebshillin e Siguris\u00eb Komb\u00ebtare p\u00ebr t\u00eb diskutuar pik\u00ebrisht propozimin e Iranit.<\/p>\n<p>Nj\u00eb z\u00ebdh\u00ebn\u00ebse e Sht\u00ebpis\u00eb s\u00eb Bardh\u00eb, deklaroi se Trump nuk do t\u00eb negocioj\u00eb p\u00ebrmes shtypit dhe se ai ka qen\u00eb i qart\u00eb p\u00ebr vijat e kuqe. \u201cNuk dua t\u00eb dal p\u00ebrpara presidentit apo ekipit t\u00eb tij t\u00eb Siguris\u00eb Komb\u00ebtare. Ajo q\u00eb mund t\u00eb ritheksoj \u00ebsht\u00eb se vijat e kuqe t\u00eb presidentit n\u00eb lidhje me Iranin jan\u00eb b\u00ebr\u00eb shum\u00eb, shum\u00eb t\u00eb qarta, jo vet\u00ebm p\u00ebr publikun amerikan, por edhe p\u00ebr vet\u00eb ata.\u201d<\/p>\n<p>Sekretari amerikan i Shtetit Marco Rubio tha n\u00eb nj\u00eb intervist\u00eb televizive se Irani po p\u00ebrdorte Hormuzin si arm\u00eb b\u00ebrthamore ekonomike dhe se Teherani po i b\u00ebnte presion bot\u00ebs, nd\u00ebrsa shtynte bisedimet p\u00ebr programin nuklear.<\/p>\n<p>\u201cNgushtica \u00ebsht\u00eb n\u00eb thelb ekuivalenti i nj\u00eb arme b\u00ebrthamore ekonomike q\u00eb ata po p\u00ebrpiqen ta p\u00ebrdorin kund\u00ebr bot\u00ebs. Dhe madje po mburren p\u00ebr k\u00ebt\u00eb. Po vendosin tabela n\u00eb Teheran, duke u mburrur se mund t\u00eb mbajn\u00eb peng 25% ose 20% t\u00eb energjis\u00eb s\u00eb bot\u00ebs. Imagjinojeni sikur po k\u00ebta njer\u00ebz t\u00eb kishin akses n\u00eb nj\u00eb arm\u00eb b\u00ebrthamore. Ata do ta mbanin gjith\u00eb rajonin peng\u201d, tha Rubio.<\/p>\n<p>Irani nd\u00ebrkoh\u00eb \u00ebsht\u00eb angazhuar n\u00eb nj\u00eb blic diplomatik, me ministrin e jasht\u00ebm Abasa Arakci q\u00eb udh\u00ebtoi n\u00eb Pakistan, Oman dhe Rusi gjat\u00eb dit\u00ebve t\u00eb fundit. N\u00eb Mosk\u00eb u prit me fjal\u00eb mb\u00ebshtet\u00ebse nga aleati Putin. Teksa pal\u00ebt n\u00eb konfikt mbeten larg nj\u00eb marr\u00ebveshjeje, \u00e7mimi i naft\u00ebs bruto u rrit me m\u00eb shum\u00eb se 2% t\u00eb mart\u00ebn.  <\/p>\n","protected":false},"excerpt":{"rendered":"<p>Presidenti amerikan Donald Trump \u00ebsht\u00eb i pak\u00ebnaqur me propozimet e fundit t\u00eb Iranit p\u00ebr t\u2019i dh\u00ebn\u00eb fund luft\u00ebs 2-mujore. K\u00ebte tha nj\u00eb zyrtar amerikan, duke zbehur shpresat p\u00ebr nj\u00eb zgjidhje t\u00eb konfliktit q\u00eb ka rritur \u00e7mimet e energjis\u00eb e inflacionin, dhe ka vrar\u00eb me mij\u00ebra, shkruan A2CNN-i. Sipas planit iranian, diskutimet p\u00ebr programin b\u00ebrthamor do [&hellip;]<\/p>\n","protected":false},"author":8,"featured_media":28483,"comment_status":"closed","ping_status":"closed","sticky":false,"template":"","format":"standard","meta":{"footnotes":""},"categories":[217,213],"tags":[],"class_list":["post-28482","post","type-post","status-publish","format-standard","has-post-thumbnail","hentry","category-bote","category-lajme"],"yoast_head":"<!-- This site is optimized with the Yoast SEO plugin v25.1 - https:\/\/yoast.com\/wordpress\/plugins\/seo\/ -->\n<title>Trump i pak\u00ebnaqur me porpozimin iranian, Rubio: Irani po e p\u00ebrdor Hormuzin si arm\u00eb b\u00ebrthamore ekonomike - press7.tv<\/title>\n<meta name=\"robots\" content=\"index, follow, max-snippet:-1, max-image-preview:large, max-video-preview:-1\" \/>\n<link rel=\"canonical\" href=\"https:\/\/www.press7.tv\/?p=28482\" \/>\n<meta property=\"og:locale\" content=\"en_US\" \/>\n<meta property=\"og:type\" content=\"article\" \/>\n<meta property=\"og:title\" content=\"Trump i pak\u00ebnaqur me porpozimin iranian, Rubio: Irani po e p\u00ebrdor Hormuzin si arm\u00eb b\u00ebrthamore ekonomike - press7.tv\" \/>\n<meta property=\"og:description\" content=\"Presidenti amerikan Donald Trump \u00ebsht\u00eb i pak\u00ebnaqur me propozimet e fundit t\u00eb Iranit p\u00ebr t\u2019i dh\u00ebn\u00eb fund luft\u00ebs 2-mujore. K\u00ebte tha nj\u00eb zyrtar amerikan, duke zbehur shpresat p\u00ebr nj\u00eb zgjidhje t\u00eb konfliktit q\u00eb ka rritur \u00e7mimet e energjis\u00eb e inflacionin, dhe ka vrar\u00eb me mij\u00ebra, shkruan A2CNN-i. Sipas planit iranian, diskutimet p\u00ebr programin b\u00ebrthamor do [&hellip;]\" \/>\n<meta property=\"og:url\" content=\"https:\/\/www.press7.tv\/?p=28482\" \/>\n<meta property=\"og:site_name\" content=\"press7.tv\" \/>\n<meta property=\"article:publisher\" content=\"https:\/\/www.facebook.com\/press7.tv\" \/>\n<meta property=\"article:published_time\" content=\"2026-04-28T11:52:22+00:00\" \/>\n<meta property=\"og:image\" content=\"https:\/\/www.press7.tv\/wp-content\/uploads\/2026\/04\/trump-4-1.avif\" \/>\n\t<meta property=\"og:image:width\" content=\"843\" \/>\n\t<meta property=\"og:image:height\" content=\"480\" \/>\n\t<meta property=\"og:image:type\" content=\"image\/png\" \/>\n<meta name=\"author\" content=\"gazetar2\" \/>\n<meta name=\"twitter:card\" content=\"summary_large_image\" \/>\n<meta name=\"twitter:label1\" content=\"Written by\" \/>\n\t<meta name=\"twitter:data1\" content=\"gazetar2\" \/>\n\t<meta name=\"twitter:label2\" content=\"Est. reading time\" \/>\n\t<meta name=\"twitter:data2\" content=\"1 minute\" \/>\n<script type=\"application\/ld+json\" class=\"yoast-schema-graph\">{\"@context\":\"https:\/\/schema.org\",\"@graph\":[{\"@type\":\"Article\",\"@id\":\"https:\/\/www.press7.tv\/?p=28482#article\",\"isPartOf\":{\"@id\":\"https:\/\/www.press7.tv\/?p=28482\"},\"author\":{\"name\":\"gazetar2\",\"@id\":\"https:\/\/www.news33.tv\/#\/schema\/person\/5a04a38a23ccdba82f9bd665cd8f9efa\"},\"headline\":\"Trump i pak\u00ebnaqur me porpozimin iranian, Rubio: Irani po e p\u00ebrdor Hormuzin si arm\u00eb b\u00ebrthamore ekonomike\",\"datePublished\":\"2026-04-28T11:52:22+00:00\",\"mainEntityOfPage\":{\"@id\":\"https:\/\/www.press7.tv\/?p=28482\"},\"wordCount\":403,\"publisher\":{\"@id\":\"https:\/\/www.news33.tv\/#organization\"},\"image\":{\"@id\":\"https:\/\/www.press7.tv\/?p=28482#primaryimage\"},\"thumbnailUrl\":\"https:\/\/www.press7.tv\/wp-content\/uploads\/2026\/04\/trump-4-1.avif\",\"articleSection\":[\"Bot\u00eb\",\"Lajme\"],\"inLanguage\":\"en-US\"},{\"@type\":\"WebPage\",\"@id\":\"https:\/\/www.press7.tv\/?p=28482\",\"url\":\"https:\/\/www.press7.tv\/?p=28482\",\"name\":\"Trump i pak\u00ebnaqur me porpozimin iranian, Rubio: Irani po e p\u00ebrdor Hormuzin si arm\u00eb b\u00ebrthamore ekonomike - press7.tv\",\"isPartOf\":{\"@id\":\"https:\/\/www.news33.tv\/#website\"},\"primaryImageOfPage\":{\"@id\":\"https:\/\/www.press7.tv\/?p=28482#primaryimage\"},\"image\":{\"@id\":\"https:\/\/www.press7.tv\/?p=28482#primaryimage\"},\"thumbnailUrl\":\"https:\/\/www.press7.tv\/wp-content\/uploads\/2026\/04\/trump-4-1.avif\",\"datePublished\":\"2026-04-28T11:52:22+00:00\",\"breadcrumb\":{\"@id\":\"https:\/\/www.press7.tv\/?p=28482#breadcrumb\"},\"inLanguage\":\"en-US\",\"potentialAction\":[{\"@type\":\"ReadAction\",\"target\":[\"https:\/\/www.press7.tv\/?p=28482\"]}]},{\"@type\":\"ImageObject\",\"inLanguage\":\"en-US\",\"@id\":\"https:\/\/www.press7.tv\/?p=28482#primaryimage\",\"url\":\"https:\/\/www.press7.tv\/wp-content\/uploads\/2026\/04\/trump-4-1.avif\",\"contentUrl\":\"https:\/\/www.press7.tv\/wp-content\/uploads\/2026\/04\/trump-4-1.avif\",\"width\":843,\"height\":480},{\"@type\":\"BreadcrumbList\",\"@id\":\"https:\/\/www.press7.tv\/?p=28482#breadcrumb\",\"itemListElement\":[{\"@type\":\"ListItem\",\"position\":1,\"name\":\"Home\",\"item\":\"https:\/\/www.press7.tv\/\"},{\"@type\":\"ListItem\",\"position\":2,\"name\":\"Trump i pak\u00ebnaqur me porpozimin iranian, Rubio: Irani po e p\u00ebrdor Hormuzin si arm\u00eb b\u00ebrthamore ekonomike\"}]},{\"@type\":\"WebSite\",\"@id\":\"https:\/\/www.news33.tv\/#website\",\"url\":\"https:\/\/www.news33.tv\/\",\"name\":\"News33.tv Media\",\"description\":\"Media\",\"publisher\":{\"@id\":\"https:\/\/www.news33.tv\/#organization\"},\"potentialAction\":[{\"@type\":\"SearchAction\",\"target\":{\"@type\":\"EntryPoint\",\"urlTemplate\":\"https:\/\/www.news33.tv\/?s={search_term_string}\"},\"query-input\":{\"@type\":\"PropertyValueSpecification\",\"valueRequired\":true,\"valueName\":\"search_term_string\"}}],\"inLanguage\":\"en-US\"},{\"@type\":\"Organization\",\"@id\":\"https:\/\/www.news33.tv\/#organization\",\"name\":\"News33.tv Media\",\"url\":\"https:\/\/www.news33.tv\/\",\"logo\":{\"@type\":\"ImageObject\",\"inLanguage\":\"en-US\",\"@id\":\"https:\/\/www.news33.tv\/#\/schema\/logo\/image\/\",\"url\":\"https:\/\/www.press7.tv\/wp-content\/uploads\/2024\/02\/logo-news33-black.png\",\"contentUrl\":\"https:\/\/www.press7.tv\/wp-content\/uploads\/2024\/02\/logo-news33-black.png\",\"width\":180,\"height\":37,\"caption\":\"News33.tv Media\"},\"image\":{\"@id\":\"https:\/\/www.news33.tv\/#\/schema\/logo\/image\/\"},\"sameAs\":[\"https:\/\/www.facebook.com\/press7.tv\"]},{\"@type\":\"Person\",\"@id\":\"https:\/\/www.news33.tv\/#\/schema\/person\/5a04a38a23ccdba82f9bd665cd8f9efa\",\"name\":\"gazetar2\",\"image\":{\"@type\":\"ImageObject\",\"inLanguage\":\"en-US\",\"@id\":\"https:\/\/www.news33.tv\/#\/schema\/person\/image\/\",\"url\":\"https:\/\/www.press7.tv\/wp-content\/litespeed\/avatar\/41975e402c3049d9ddb03adca8f7a883.jpg?ver=1777169572\",\"contentUrl\":\"https:\/\/www.press7.tv\/wp-content\/litespeed\/avatar\/41975e402c3049d9ddb03adca8f7a883.jpg?ver=1777169572\",\"caption\":\"gazetar2\"},\"url\":\"https:\/\/www.press7.tv\/?author=8\"}]}<\/script>\n<!-- \/ Yoast SEO plugin. -->","yoast_head_json":{"title":"Trump i pak\u00ebnaqur me porpozimin iranian, Rubio: Irani po e p\u00ebrdor Hormuzin si arm\u00eb b\u00ebrthamore ekonomike - press7.tv","robots":{"index":"index","follow":"follow","max-snippet":"max-snippet:-1","max-image-preview":"max-image-preview:large","max-video-preview":"max-video-preview:-1"},"canonical":"https:\/\/www.press7.tv\/?p=28482","og_locale":"en_US","og_type":"article","og_title":"Trump i pak\u00ebnaqur me porpozimin iranian, Rubio: Irani po e p\u00ebrdor Hormuzin si arm\u00eb b\u00ebrthamore ekonomike - press7.tv","og_description":"Presidenti amerikan Donald Trump \u00ebsht\u00eb i pak\u00ebnaqur me propozimet e fundit t\u00eb Iranit p\u00ebr t\u2019i dh\u00ebn\u00eb fund luft\u00ebs 2-mujore. K\u00ebte tha nj\u00eb zyrtar amerikan, duke zbehur shpresat p\u00ebr nj\u00eb zgjidhje t\u00eb konfliktit q\u00eb ka rritur \u00e7mimet e energjis\u00eb e inflacionin, dhe ka vrar\u00eb me mij\u00ebra, shkruan A2CNN-i. Sipas planit iranian, diskutimet p\u00ebr programin b\u00ebrthamor do [&hellip;]","og_url":"https:\/\/www.press7.tv\/?p=28482","og_site_name":"press7.tv","article_publisher":"https:\/\/www.facebook.com\/press7.tv","article_published_time":"2026-04-28T11:52:22+00:00","og_image":[{"width":843,"height":480,"url":"https:\/\/www.press7.tv\/wp-content\/uploads\/2026\/04\/trump-4-1.avif","type":"image\/png"}],"author":"gazetar2","twitter_card":"summary_large_image","twitter_misc":{"Written by":"gazetar2","Est. reading time":"1 minute"},"schema":{"@context":"https:\/\/schema.org","@graph":[{"@type":"Article","@id":"https:\/\/www.press7.tv\/?p=28482#article","isPartOf":{"@id":"https:\/\/www.press7.tv\/?p=28482"},"author":{"name":"gazetar2","@id":"https:\/\/www.news33.tv\/#\/schema\/person\/5a04a38a23ccdba82f9bd665cd8f9efa"},"headline":"Trump i pak\u00ebnaqur me porpozimin iranian, Rubio: Irani po e p\u00ebrdor Hormuzin si arm\u00eb b\u00ebrthamore ekonomike","datePublished":"2026-04-28T11:52:22+00:00","mainEntityOfPage":{"@id":"https:\/\/www.press7.tv\/?p=28482"},"wordCount":403,"publisher":{"@id":"https:\/\/www.news33.tv\/#organization"},"image":{"@id":"https:\/\/www.press7.tv\/?p=28482#primaryimage"},"thumbnailUrl":"https:\/\/www.press7.tv\/wp-content\/uploads\/2026\/04\/trump-4-1.avif","articleSection":["Bot\u00eb","Lajme"],"inLanguage":"en-US"},{"@type":"WebPage","@id":"https:\/\/www.press7.tv\/?p=28482","url":"https:\/\/www.press7.tv\/?p=28482","name":"Trump i pak\u00ebnaqur me porpozimin iranian, Rubio: Irani po e p\u00ebrdor Hormuzin si arm\u00eb b\u00ebrthamore ekonomike - press7.tv","isPartOf":{"@id":"https:\/\/www.news33.tv\/#website"},"primaryImageOfPage":{"@id":"https:\/\/www.press7.tv\/?p=28482#primaryimage"},"image":{"@id":"https:\/\/www.press7.tv\/?p=28482#primaryimage"},"thumbnailUrl":"https:\/\/www.press7.tv\/wp-content\/uploads\/2026\/04\/trump-4-1.avif","datePublished":"2026-04-28T11:52:22+00:00","breadcrumb":{"@id":"https:\/\/www.press7.tv\/?p=28482#breadcrumb"},"inLanguage":"en-US","potentialAction":[{"@type":"ReadAction","target":["https:\/\/www.press7.tv\/?p=28482"]}]},{"@type":"ImageObject","inLanguage":"en-US","@id":"https:\/\/www.press7.tv\/?p=28482#primaryimage","url":"https:\/\/www.press7.tv\/wp-content\/uploads\/2026\/04\/trump-4-1.avif","contentUrl":"https:\/\/www.press7.tv\/wp-content\/uploads\/2026\/04\/trump-4-1.avif","width":843,"height":480},{"@type":"BreadcrumbList","@id":"https:\/\/www.press7.tv\/?p=28482#breadcrumb","itemListElement":[{"@type":"ListItem","position":1,"name":"Home","item":"https:\/\/www.press7.tv\/"},{"@type":"ListItem","position":2,"name":"Trump i pak\u00ebnaqur me porpozimin iranian, Rubio: Irani po e p\u00ebrdor Hormuzin si arm\u00eb b\u00ebrthamore ekonomike"}]},{"@type":"WebSite","@id":"https:\/\/www.news33.tv\/#website","url":"https:\/\/www.news33.tv\/","name":"News33.tv Media","description":"Media","publisher":{"@id":"https:\/\/www.news33.tv\/#organization"},"potentialAction":[{"@type":"SearchAction","target":{"@type":"EntryPoint","urlTemplate":"https:\/\/www.news33.tv\/?s={search_term_string}"},"query-input":{"@type":"PropertyValueSpecification","valueRequired":true,"valueName":"search_term_string"}}],"inLanguage":"en-US"},{"@type":"Organization","@id":"https:\/\/www.news33.tv\/#organization","name":"News33.tv Media","url":"https:\/\/www.news33.tv\/","logo":{"@type":"ImageObject","inLanguage":"en-US","@id":"https:\/\/www.news33.tv\/#\/schema\/logo\/image\/","url":"https:\/\/www.press7.tv\/wp-content\/uploads\/2024\/02\/logo-news33-black.png","contentUrl":"https:\/\/www.press7.tv\/wp-content\/uploads\/2024\/02\/logo-news33-black.png","width":180,"height":37,"caption":"News33.tv Media"},"image":{"@id":"https:\/\/www.news33.tv\/#\/schema\/logo\/image\/"},"sameAs":["https:\/\/www.facebook.com\/press7.tv"]},{"@type":"Person","@id":"https:\/\/www.news33.tv\/#\/schema\/person\/5a04a38a23ccdba82f9bd665cd8f9efa","name":"gazetar2","image":{"@type":"ImageObject","inLanguage":"en-US","@id":"https:\/\/www.news33.tv\/#\/schema\/person\/image\/","url":"https:\/\/www.press7.tv\/wp-content\/litespeed\/avatar\/41975e402c3049d9ddb03adca8f7a883.jpg?ver=1777169572","contentUrl":"https:\/\/www.press7.tv\/wp-content\/litespeed\/avatar\/41975e402c3049d9ddb03adca8f7a883.jpg?ver=1777169572","caption":"gazetar2"},"url":"https:\/\/www.press7.tv\/?author=8"}]}},"amp_enabled":true,"_links":{"self":[{"href":"https:\/\/www.press7.tv\/index.php?rest_route=\/wp\/v2\/posts\/28482","targetHints":{"allow":["GET"]}}],"collection":[{"href":"https:\/\/www.press7.tv\/index.php?rest_route=\/wp\/v2\/posts"}],"about":[{"href":"https:\/\/www.press7.tv\/index.php?rest_route=\/wp\/v2\/types\/post"}],"author":[{"embeddable":true,"href":"https:\/\/www.press7.tv\/index.php?rest_route=\/wp\/v2\/users\/8"}],"replies":[{"embeddable":true,"href":"https:\/\/www.press7.tv\/index.php?rest_route=%2Fwp%2Fv2%2Fcomments&post=28482"}],"version-history":[{"count":1,"href":"https:\/\/www.press7.tv\/index.php?rest_route=\/wp\/v2\/posts\/28482\/revisions"}],"predecessor-version":[{"id":28484,"href":"https:\/\/www.press7.tv\/index.php?rest_route=\/wp\/v2\/posts\/28482\/revisions\/28484"}],"wp:featuredmedia":[{"embeddable":true,"href":"https:\/\/www.press7.tv\/index.php?rest_route=\/wp\/v2\/media\/28483"}],"wp:attachment":[{"href":"https:\/\/www.press7.tv\/index.php?rest_route=%2Fwp%2Fv2%2Fmedia&parent=28482"}],"wp:term":[{"taxonomy":"category","embeddable":true,"href":"https:\/\/www.press7.tv\/index.php?rest_route=%2Fwp%2Fv2%2Fcategories&post=28482"},{"taxonomy":"post_tag","embeddable":true,"href":"https:\/\/www.press7.tv\/index.php?rest_route=%2Fwp%2Fv2%2Ftags&post=28482"}],"curies":[{"name":"wp","href":"https:\/\/api.w.org\/{rel}","templated":true}]}}