{"id":28479,"date":"2026-04-28T11:48:59","date_gmt":"2026-04-28T11:48:59","guid":{"rendered":"https:\/\/www.press7.tv\/?p=28479"},"modified":"2026-04-28T11:48:59","modified_gmt":"2026-04-28T11:48:59","slug":"murati-te-vetmit-qe-po-e-shkelin-kushtetuten-jane-deputetet-e-opozites-qe-nuk-po-marrin-pjese-ne-seancen-e-zgjidhjes-se-presidentit","status":"publish","type":"post","link":"https:\/\/www.press7.tv\/?p=28479","title":{"rendered":"Murati: T\u00eb vetmit q\u00eb po e shkelin Kushtetut\u00ebn jan\u00eb deputet\u00ebt e opozit\u00ebs q\u00eb nuk po marrin pjes\u00eb n\u00eb seanc\u00ebn e zgjidhjes s\u00eb Presidentit"},"content":{"rendered":"\n    <div class=\"xs_social_share_widget xs_share_url before_content \t\tmain_content  wslu-style-2 wslu-share-box-shaped wslu-fill-colored wslu-share-m-5 wslu-none wslu-share-vertical wslu-theme-font-no wslu-main_content\">\n\n\t\t\n        <ul>\n\t\t\t        <\/ul>\n    <\/div> \n<p>Shkruan Hekuran Murati<\/p>\n<p>T\u00eb vetmit q\u00eb po e shkelin Kushtetut\u00ebn jan\u00eb deputet\u00ebt e opozit\u00ebs q\u00eb nuk po marrin pjes\u00eb n\u00eb seanc\u00ebn e zgjidhjes s\u00eb Presidentit.<\/p>\n<p>K\u00ebrkuan q\u00eb nj\u00eb subjekt politik t\u00eb mos i ket\u00eb t\u00eb tri pozitat e larta shtet\u00ebrore.<\/p>\n<p>Ua ofruam Kryetarin e Kuvendit, nuk e pranuan.<\/p>\n<p>Ua ofruam q\u00eb t\u2019i sjellin 3 propozime konsensuale, nuk e soll\u00ebn asnj\u00eb em\u00ebr.<\/p>\n<p>Propozuam znj. Feride Rushiti, nj\u00eb profesioniste e shquar dhe e vler\u00ebsuar nd\u00ebrkomb\u00ebtarisht, e cila do t\u2019i b\u00ebnte nder vendit si Presidente, dhe opozita p\u00ebrs\u00ebri nuk merr pjes\u00eb.<\/p>\n<p>Pse me \u00e7do kusht opozita po d\u00ebshiron ta d\u00ebrgoj\u00eb p\u00ebrs\u00ebri vendin n\u00eb zgjedhje?<\/p>\n","protected":false},"excerpt":{"rendered":"<p>Shkruan Hekuran Murati T\u00eb vetmit q\u00eb po e shkelin Kushtetut\u00ebn jan\u00eb deputet\u00ebt e opozit\u00ebs q\u00eb nuk po marrin pjes\u00eb n\u00eb seanc\u00ebn e zgjidhjes s\u00eb Presidentit. K\u00ebrkuan q\u00eb nj\u00eb subjekt politik t\u00eb mos i ket\u00eb t\u00eb tri pozitat e larta shtet\u00ebrore. Ua ofruam Kryetarin e Kuvendit, nuk e pranuan. Ua ofruam q\u00eb t\u2019i sjellin 3 propozime [&hellip;]<\/p>\n","protected":false},"author":8,"featured_media":28480,"comment_status":"closed","ping_status":"closed","sticky":false,"template":"","format":"standard","meta":{"footnotes":""},"categories":[215,213],"tags":[],"class_list":["post-28479","post","type-post","status-publish","format-standard","has-post-thumbnail","hentry","category-kosove","category-lajme"],"yoast_head":"<!-- This site is optimized with the Yoast SEO plugin v25.1 - https:\/\/yoast.com\/wordpress\/plugins\/seo\/ -->\n<title>Murati: T\u00eb vetmit q\u00eb po e shkelin Kushtetut\u00ebn jan\u00eb deputet\u00ebt e opozit\u00ebs q\u00eb nuk po marrin pjes\u00eb n\u00eb seanc\u00ebn e zgjidhjes s\u00eb Presidentit - press7.tv<\/title>\n<meta name=\"robots\" content=\"index, follow, max-snippet:-1, max-image-preview:large, max-video-preview:-1\" \/>\n<link rel=\"canonical\" href=\"https:\/\/www.press7.tv\/?p=28479\" \/>\n<meta property=\"og:locale\" content=\"en_US\" \/>\n<meta property=\"og:type\" content=\"article\" \/>\n<meta property=\"og:title\" content=\"Murati: T\u00eb vetmit q\u00eb po e shkelin Kushtetut\u00ebn jan\u00eb deputet\u00ebt e opozit\u00ebs q\u00eb nuk po marrin pjes\u00eb n\u00eb seanc\u00ebn e zgjidhjes s\u00eb Presidentit - press7.tv\" \/>\n<meta property=\"og:description\" content=\"Shkruan Hekuran Murati T\u00eb vetmit q\u00eb po e shkelin Kushtetut\u00ebn jan\u00eb deputet\u00ebt e opozit\u00ebs q\u00eb nuk po marrin pjes\u00eb n\u00eb seanc\u00ebn e zgjidhjes s\u00eb Presidentit. K\u00ebrkuan q\u00eb nj\u00eb subjekt politik t\u00eb mos i ket\u00eb t\u00eb tri pozitat e larta shtet\u00ebrore. Ua ofruam Kryetarin e Kuvendit, nuk e pranuan. Ua ofruam q\u00eb t\u2019i sjellin 3 propozime [&hellip;]\" \/>\n<meta property=\"og:url\" content=\"https:\/\/www.press7.tv\/?p=28479\" \/>\n<meta property=\"og:site_name\" content=\"press7.tv\" \/>\n<meta property=\"article:publisher\" content=\"https:\/\/www.facebook.com\/press7.tv\" \/>\n<meta property=\"article:published_time\" content=\"2026-04-28T11:48:59+00:00\" \/>\n<meta property=\"og:image\" content=\"https:\/\/www.press7.tv\/wp-content\/uploads\/2026\/04\/Foto-Web-AR-2026-04-28T133921.648-800x445-1.avif\" \/>\n\t<meta property=\"og:image:width\" content=\"800\" \/>\n\t<meta property=\"og:image:height\" content=\"445\" \/>\n\t<meta property=\"og:image:type\" content=\"image\/jpeg\" \/>\n<meta name=\"author\" content=\"gazetar2\" \/>\n<meta name=\"twitter:card\" content=\"summary_large_image\" \/>\n<meta name=\"twitter:label1\" content=\"Written by\" \/>\n\t<meta name=\"twitter:data1\" content=\"gazetar2\" \/>\n\t<meta name=\"twitter:label2\" content=\"Est. reading time\" \/>\n\t<meta name=\"twitter:data2\" content=\"1 minute\" \/>\n<script type=\"application\/ld+json\" class=\"yoast-schema-graph\">{\"@context\":\"https:\/\/schema.org\",\"@graph\":[{\"@type\":\"Article\",\"@id\":\"https:\/\/www.press7.tv\/?p=28479#article\",\"isPartOf\":{\"@id\":\"https:\/\/www.press7.tv\/?p=28479\"},\"author\":{\"name\":\"gazetar2\",\"@id\":\"https:\/\/www.news33.tv\/#\/schema\/person\/5a04a38a23ccdba82f9bd665cd8f9efa\"},\"headline\":\"Murati: T\u00eb vetmit q\u00eb po e shkelin Kushtetut\u00ebn jan\u00eb deputet\u00ebt e opozit\u00ebs q\u00eb nuk po marrin pjes\u00eb n\u00eb seanc\u00ebn e zgjidhjes s\u00eb Presidentit\",\"datePublished\":\"2026-04-28T11:48:59+00:00\",\"mainEntityOfPage\":{\"@id\":\"https:\/\/www.press7.tv\/?p=28479\"},\"wordCount\":147,\"publisher\":{\"@id\":\"https:\/\/www.news33.tv\/#organization\"},\"image\":{\"@id\":\"https:\/\/www.press7.tv\/?p=28479#primaryimage\"},\"thumbnailUrl\":\"https:\/\/www.press7.tv\/wp-content\/uploads\/2026\/04\/Foto-Web-AR-2026-04-28T133921.648-800x445-1.avif\",\"articleSection\":[\"Kosov\u00eb\",\"Lajme\"],\"inLanguage\":\"en-US\"},{\"@type\":\"WebPage\",\"@id\":\"https:\/\/www.press7.tv\/?p=28479\",\"url\":\"https:\/\/www.press7.tv\/?p=28479\",\"name\":\"Murati: T\u00eb vetmit q\u00eb po e shkelin Kushtetut\u00ebn jan\u00eb deputet\u00ebt e opozit\u00ebs q\u00eb nuk po marrin pjes\u00eb n\u00eb seanc\u00ebn e zgjidhjes s\u00eb Presidentit - press7.tv\",\"isPartOf\":{\"@id\":\"https:\/\/www.news33.tv\/#website\"},\"primaryImageOfPage\":{\"@id\":\"https:\/\/www.press7.tv\/?p=28479#primaryimage\"},\"image\":{\"@id\":\"https:\/\/www.press7.tv\/?p=28479#primaryimage\"},\"thumbnailUrl\":\"https:\/\/www.press7.tv\/wp-content\/uploads\/2026\/04\/Foto-Web-AR-2026-04-28T133921.648-800x445-1.avif\",\"datePublished\":\"2026-04-28T11:48:59+00:00\",\"breadcrumb\":{\"@id\":\"https:\/\/www.press7.tv\/?p=28479#breadcrumb\"},\"inLanguage\":\"en-US\",\"potentialAction\":[{\"@type\":\"ReadAction\",\"target\":[\"https:\/\/www.press7.tv\/?p=28479\"]}]},{\"@type\":\"ImageObject\",\"inLanguage\":\"en-US\",\"@id\":\"https:\/\/www.press7.tv\/?p=28479#primaryimage\",\"url\":\"https:\/\/www.press7.tv\/wp-content\/uploads\/2026\/04\/Foto-Web-AR-2026-04-28T133921.648-800x445-1.avif\",\"contentUrl\":\"https:\/\/www.press7.tv\/wp-content\/uploads\/2026\/04\/Foto-Web-AR-2026-04-28T133921.648-800x445-1.avif\",\"width\":800,\"height\":445},{\"@type\":\"BreadcrumbList\",\"@id\":\"https:\/\/www.press7.tv\/?p=28479#breadcrumb\",\"itemListElement\":[{\"@type\":\"ListItem\",\"position\":1,\"name\":\"Home\",\"item\":\"https:\/\/www.press7.tv\/\"},{\"@type\":\"ListItem\",\"position\":2,\"name\":\"Murati: T\u00eb vetmit q\u00eb po e shkelin Kushtetut\u00ebn jan\u00eb deputet\u00ebt e opozit\u00ebs q\u00eb nuk po marrin pjes\u00eb n\u00eb seanc\u00ebn e zgjidhjes s\u00eb Presidentit\"}]},{\"@type\":\"WebSite\",\"@id\":\"https:\/\/www.news33.tv\/#website\",\"url\":\"https:\/\/www.news33.tv\/\",\"name\":\"News33.tv Media\",\"description\":\"Media\",\"publisher\":{\"@id\":\"https:\/\/www.news33.tv\/#organization\"},\"potentialAction\":[{\"@type\":\"SearchAction\",\"target\":{\"@type\":\"EntryPoint\",\"urlTemplate\":\"https:\/\/www.news33.tv\/?s={search_term_string}\"},\"query-input\":{\"@type\":\"PropertyValueSpecification\",\"valueRequired\":true,\"valueName\":\"search_term_string\"}}],\"inLanguage\":\"en-US\"},{\"@type\":\"Organization\",\"@id\":\"https:\/\/www.news33.tv\/#organization\",\"name\":\"News33.tv Media\",\"url\":\"https:\/\/www.news33.tv\/\",\"logo\":{\"@type\":\"ImageObject\",\"inLanguage\":\"en-US\",\"@id\":\"https:\/\/www.news33.tv\/#\/schema\/logo\/image\/\",\"url\":\"https:\/\/www.press7.tv\/wp-content\/uploads\/2024\/02\/logo-news33-black.png\",\"contentUrl\":\"https:\/\/www.press7.tv\/wp-content\/uploads\/2024\/02\/logo-news33-black.png\",\"width\":180,\"height\":37,\"caption\":\"News33.tv Media\"},\"image\":{\"@id\":\"https:\/\/www.news33.tv\/#\/schema\/logo\/image\/\"},\"sameAs\":[\"https:\/\/www.facebook.com\/press7.tv\"]},{\"@type\":\"Person\",\"@id\":\"https:\/\/www.news33.tv\/#\/schema\/person\/5a04a38a23ccdba82f9bd665cd8f9efa\",\"name\":\"gazetar2\",\"image\":{\"@type\":\"ImageObject\",\"inLanguage\":\"en-US\",\"@id\":\"https:\/\/www.news33.tv\/#\/schema\/person\/image\/\",\"url\":\"https:\/\/www.press7.tv\/wp-content\/litespeed\/avatar\/41975e402c3049d9ddb03adca8f7a883.jpg?ver=1777169572\",\"contentUrl\":\"https:\/\/www.press7.tv\/wp-content\/litespeed\/avatar\/41975e402c3049d9ddb03adca8f7a883.jpg?ver=1777169572\",\"caption\":\"gazetar2\"},\"url\":\"https:\/\/www.press7.tv\/?author=8\"}]}<\/script>\n<!-- \/ Yoast SEO plugin. -->","yoast_head_json":{"title":"Murati: T\u00eb vetmit q\u00eb po e shkelin Kushtetut\u00ebn jan\u00eb deputet\u00ebt e opozit\u00ebs q\u00eb nuk po marrin pjes\u00eb n\u00eb seanc\u00ebn e zgjidhjes s\u00eb Presidentit - press7.tv","robots":{"index":"index","follow":"follow","max-snippet":"max-snippet:-1","max-image-preview":"max-image-preview:large","max-video-preview":"max-video-preview:-1"},"canonical":"https:\/\/www.press7.tv\/?p=28479","og_locale":"en_US","og_type":"article","og_title":"Murati: T\u00eb vetmit q\u00eb po e shkelin Kushtetut\u00ebn jan\u00eb deputet\u00ebt e opozit\u00ebs q\u00eb nuk po marrin pjes\u00eb n\u00eb seanc\u00ebn e zgjidhjes s\u00eb Presidentit - press7.tv","og_description":"Shkruan Hekuran Murati T\u00eb vetmit q\u00eb po e shkelin Kushtetut\u00ebn jan\u00eb deputet\u00ebt e opozit\u00ebs q\u00eb nuk po marrin pjes\u00eb n\u00eb seanc\u00ebn e zgjidhjes s\u00eb Presidentit. K\u00ebrkuan q\u00eb nj\u00eb subjekt politik t\u00eb mos i ket\u00eb t\u00eb tri pozitat e larta shtet\u00ebrore. Ua ofruam Kryetarin e Kuvendit, nuk e pranuan. Ua ofruam q\u00eb t\u2019i sjellin 3 propozime [&hellip;]","og_url":"https:\/\/www.press7.tv\/?p=28479","og_site_name":"press7.tv","article_publisher":"https:\/\/www.facebook.com\/press7.tv","article_published_time":"2026-04-28T11:48:59+00:00","og_image":[{"width":800,"height":445,"url":"https:\/\/www.press7.tv\/wp-content\/uploads\/2026\/04\/Foto-Web-AR-2026-04-28T133921.648-800x445-1.avif","type":"image\/jpeg"}],"author":"gazetar2","twitter_card":"summary_large_image","twitter_misc":{"Written by":"gazetar2","Est. reading time":"1 minute"},"schema":{"@context":"https:\/\/schema.org","@graph":[{"@type":"Article","@id":"https:\/\/www.press7.tv\/?p=28479#article","isPartOf":{"@id":"https:\/\/www.press7.tv\/?p=28479"},"author":{"name":"gazetar2","@id":"https:\/\/www.news33.tv\/#\/schema\/person\/5a04a38a23ccdba82f9bd665cd8f9efa"},"headline":"Murati: T\u00eb vetmit q\u00eb po e shkelin Kushtetut\u00ebn jan\u00eb deputet\u00ebt e opozit\u00ebs q\u00eb nuk po marrin pjes\u00eb n\u00eb seanc\u00ebn e zgjidhjes s\u00eb Presidentit","datePublished":"2026-04-28T11:48:59+00:00","mainEntityOfPage":{"@id":"https:\/\/www.press7.tv\/?p=28479"},"wordCount":147,"publisher":{"@id":"https:\/\/www.news33.tv\/#organization"},"image":{"@id":"https:\/\/www.press7.tv\/?p=28479#primaryimage"},"thumbnailUrl":"https:\/\/www.press7.tv\/wp-content\/uploads\/2026\/04\/Foto-Web-AR-2026-04-28T133921.648-800x445-1.avif","articleSection":["Kosov\u00eb","Lajme"],"inLanguage":"en-US"},{"@type":"WebPage","@id":"https:\/\/www.press7.tv\/?p=28479","url":"https:\/\/www.press7.tv\/?p=28479","name":"Murati: T\u00eb vetmit q\u00eb po e shkelin Kushtetut\u00ebn jan\u00eb deputet\u00ebt e opozit\u00ebs q\u00eb nuk po marrin pjes\u00eb n\u00eb seanc\u00ebn e zgjidhjes s\u00eb Presidentit - press7.tv","isPartOf":{"@id":"https:\/\/www.news33.tv\/#website"},"primaryImageOfPage":{"@id":"https:\/\/www.press7.tv\/?p=28479#primaryimage"},"image":{"@id":"https:\/\/www.press7.tv\/?p=28479#primaryimage"},"thumbnailUrl":"https:\/\/www.press7.tv\/wp-content\/uploads\/2026\/04\/Foto-Web-AR-2026-04-28T133921.648-800x445-1.avif","datePublished":"2026-04-28T11:48:59+00:00","breadcrumb":{"@id":"https:\/\/www.press7.tv\/?p=28479#breadcrumb"},"inLanguage":"en-US","potentialAction":[{"@type":"ReadAction","target":["https:\/\/www.press7.tv\/?p=28479"]}]},{"@type":"ImageObject","inLanguage":"en-US","@id":"https:\/\/www.press7.tv\/?p=28479#primaryimage","url":"https:\/\/www.press7.tv\/wp-content\/uploads\/2026\/04\/Foto-Web-AR-2026-04-28T133921.648-800x445-1.avif","contentUrl":"https:\/\/www.press7.tv\/wp-content\/uploads\/2026\/04\/Foto-Web-AR-2026-04-28T133921.648-800x445-1.avif","width":800,"height":445},{"@type":"BreadcrumbList","@id":"https:\/\/www.press7.tv\/?p=28479#breadcrumb","itemListElement":[{"@type":"ListItem","position":1,"name":"Home","item":"https:\/\/www.press7.tv\/"},{"@type":"ListItem","position":2,"name":"Murati: T\u00eb vetmit q\u00eb po e shkelin Kushtetut\u00ebn jan\u00eb deputet\u00ebt e opozit\u00ebs q\u00eb nuk po marrin pjes\u00eb n\u00eb seanc\u00ebn e zgjidhjes s\u00eb Presidentit"}]},{"@type":"WebSite","@id":"https:\/\/www.news33.tv\/#website","url":"https:\/\/www.news33.tv\/","name":"News33.tv Media","description":"Media","publisher":{"@id":"https:\/\/www.news33.tv\/#organization"},"potentialAction":[{"@type":"SearchAction","target":{"@type":"EntryPoint","urlTemplate":"https:\/\/www.news33.tv\/?s={search_term_string}"},"query-input":{"@type":"PropertyValueSpecification","valueRequired":true,"valueName":"search_term_string"}}],"inLanguage":"en-US"},{"@type":"Organization","@id":"https:\/\/www.news33.tv\/#organization","name":"News33.tv Media","url":"https:\/\/www.news33.tv\/","logo":{"@type":"ImageObject","inLanguage":"en-US","@id":"https:\/\/www.news33.tv\/#\/schema\/logo\/image\/","url":"https:\/\/www.press7.tv\/wp-content\/uploads\/2024\/02\/logo-news33-black.png","contentUrl":"https:\/\/www.press7.tv\/wp-content\/uploads\/2024\/02\/logo-news33-black.png","width":180,"height":37,"caption":"News33.tv Media"},"image":{"@id":"https:\/\/www.news33.tv\/#\/schema\/logo\/image\/"},"sameAs":["https:\/\/www.facebook.com\/press7.tv"]},{"@type":"Person","@id":"https:\/\/www.news33.tv\/#\/schema\/person\/5a04a38a23ccdba82f9bd665cd8f9efa","name":"gazetar2","image":{"@type":"ImageObject","inLanguage":"en-US","@id":"https:\/\/www.news33.tv\/#\/schema\/person\/image\/","url":"https:\/\/www.press7.tv\/wp-content\/litespeed\/avatar\/41975e402c3049d9ddb03adca8f7a883.jpg?ver=1777169572","contentUrl":"https:\/\/www.press7.tv\/wp-content\/litespeed\/avatar\/41975e402c3049d9ddb03adca8f7a883.jpg?ver=1777169572","caption":"gazetar2"},"url":"https:\/\/www.press7.tv\/?author=8"}]}},"amp_enabled":true,"_links":{"self":[{"href":"https:\/\/www.press7.tv\/index.php?rest_route=\/wp\/v2\/posts\/28479","targetHints":{"allow":["GET"]}}],"collection":[{"href":"https:\/\/www.press7.tv\/index.php?rest_route=\/wp\/v2\/posts"}],"about":[{"href":"https:\/\/www.press7.tv\/index.php?rest_route=\/wp\/v2\/types\/post"}],"author":[{"embeddable":true,"href":"https:\/\/www.press7.tv\/index.php?rest_route=\/wp\/v2\/users\/8"}],"replies":[{"embeddable":true,"href":"https:\/\/www.press7.tv\/index.php?rest_route=%2Fwp%2Fv2%2Fcomments&post=28479"}],"version-history":[{"count":1,"href":"https:\/\/www.press7.tv\/index.php?rest_route=\/wp\/v2\/posts\/28479\/revisions"}],"predecessor-version":[{"id":28481,"href":"https:\/\/www.press7.tv\/index.php?rest_route=\/wp\/v2\/posts\/28479\/revisions\/28481"}],"wp:featuredmedia":[{"embeddable":true,"href":"https:\/\/www.press7.tv\/index.php?rest_route=\/wp\/v2\/media\/28480"}],"wp:attachment":[{"href":"https:\/\/www.press7.tv\/index.php?rest_route=%2Fwp%2Fv2%2Fmedia&parent=28479"}],"wp:term":[{"taxonomy":"category","embeddable":true,"href":"https:\/\/www.press7.tv\/index.php?rest_route=%2Fwp%2Fv2%2Fcategories&post=28479"},{"taxonomy":"post_tag","embeddable":true,"href":"https:\/\/www.press7.tv\/index.php?rest_route=%2Fwp%2Fv2%2Ftags&post=28479"}],"curies":[{"name":"wp","href":"https:\/\/api.w.org\/{rel}","templated":true}]}}