{"id":28471,"date":"2026-04-28T10:35:19","date_gmt":"2026-04-28T10:35:19","guid":{"rendered":"https:\/\/www.press7.tv\/?p=28471"},"modified":"2026-04-28T10:35:19","modified_gmt":"2026-04-28T10:35:19","slug":"nje-super-kandidature-per-presidente-te-republikes-se-kosoves","status":"publish","type":"post","link":"https:\/\/www.press7.tv\/?p=28471","title":{"rendered":"Nj\u00eb super kandidatur\u00eb p\u00ebr Presidente t\u00eb Republik\u00ebs s\u00eb Kosov\u00ebs"},"content":{"rendered":"\n    <div class=\"xs_social_share_widget xs_share_url before_content \t\tmain_content  wslu-style-2 wslu-share-box-shaped wslu-fill-colored wslu-share-m-5 wslu-none wslu-share-vertical wslu-theme-font-no wslu-main_content\">\n\n\t\t\n        <ul>\n\t\t\t        <\/ul>\n    <\/div> \n<p>Nj\u00eb super kandidatur\u00eb p\u00ebr Presidente t\u00eb Republik\u00ebs s\u00eb Kosov\u00ebs\u2026<\/p>\n<p>dr. Feride Rushiti<\/p>\n<p>Nj\u00eb zonj\u00eb e nderuar dhe e respektuar q\u00eb vjen nga shoq\u00ebria civile me nj\u00eb biografi t\u00eb pasur dhe t\u00eb past\u00ebrt q\u00eb vjen nga fusha e Humanizmit dhe \u00ebsht\u00eb person jo partiake.<\/p>\n<p>Zonja ka t\u00eb kryer mjeksin\u00eb n\u00eb Tiran\u00eb e specializuar n\u00eb Gastroenterologji.<br \/>\nN\u00eb vitet 1998-1999 ka sh\u00ebrbyer si mjeke n\u00eb kampet e refugjat\u00ebve n\u00eb Kuk\u00ebs e Tropoj\u00eb duke i trajtuar viktimat e dhun\u00ebs,tortur\u00ebs dhe traumave psikologjike.<\/p>\n<p>N\u00eb vitin 1999 themeluese dhe drejtuese e Qendr\u00ebs Kosovare p\u00ebr Rehabilitimin e t\u00eb Mbijetuarve t\u00eb Tortur\u00ebs (KRCT\/QKRMT)<\/p>\n<p>Pjesmar\u00ebse n\u00eb nj\u00eb num\u00ebr t\u00eb madh simpoziumesh komb\u00ebtare e nd\u00ebrkomb\u00ebtare se si duhet rehabilituar viktimat e dhun\u00ebs n\u00eb zonat e konflikteve si Irak e Ukrain\u00eb e Kolumbi etj.<\/p>\n<p>Zonja asht e vlersuar dhe me \u00e7mime t\u00eb r\u00ebnd\u00ebsishme komb\u00ebtare e nd\u00ebrkomb\u00ebtare si ajo e vitit 1918 me \u00e7mimin Amerikan , \u201cInternational Women of Courage Award\u201d nga Departamenti i Shtetit.<br \/>\nNd\u00ebrsa n\u00eb vitin 2025 e nominuar p\u00ebr \u00e7mimin Nobel p\u00ebr Paqe.<\/p>\n<p>znj.Feride Rushitin plotson t\u00eb gjitha kriteret p\u00ebr postin e Presidentes.<\/p>\n<p>Opozita shqiptare t\u00eb reflektoj mos ta d\u00ebrgoj\u00eb Kosov\u00ebn n\u00eb zgjedhje t\u00eb radh\u00ebs se mund t\u00eb ndodhi q\u00eb t\u00eb nd\u00ebshkohet r\u00ebnd\u00eb nga elektorati shqiptar i Kosov\u00ebs.<\/p>\n","protected":false},"excerpt":{"rendered":"<p>Nj\u00eb super kandidatur\u00eb p\u00ebr Presidente t\u00eb Republik\u00ebs s\u00eb Kosov\u00ebs\u2026 dr. Feride Rushiti Nj\u00eb zonj\u00eb e nderuar dhe e respektuar q\u00eb vjen nga shoq\u00ebria civile me nj\u00eb biografi t\u00eb pasur dhe t\u00eb past\u00ebrt q\u00eb vjen nga fusha e Humanizmit dhe \u00ebsht\u00eb person jo partiake. Zonja ka t\u00eb kryer mjeksin\u00eb n\u00eb Tiran\u00eb e specializuar n\u00eb Gastroenterologji. N\u00eb [&hellip;]<\/p>\n","protected":false},"author":8,"featured_media":28472,"comment_status":"closed","ping_status":"closed","sticky":false,"template":"","format":"standard","meta":{"footnotes":""},"categories":[215,213],"tags":[],"class_list":["post-28471","post","type-post","status-publish","format-standard","has-post-thumbnail","hentry","category-kosove","category-lajme"],"yoast_head":"<!-- This site is optimized with the Yoast SEO plugin v25.1 - https:\/\/yoast.com\/wordpress\/plugins\/seo\/ -->\n<title>Nj\u00eb super kandidatur\u00eb p\u00ebr Presidente t\u00eb Republik\u00ebs s\u00eb Kosov\u00ebs - press7.tv<\/title>\n<meta name=\"robots\" content=\"index, follow, max-snippet:-1, max-image-preview:large, max-video-preview:-1\" \/>\n<link rel=\"canonical\" href=\"https:\/\/www.press7.tv\/?p=28471\" \/>\n<meta property=\"og:locale\" content=\"en_US\" \/>\n<meta property=\"og:type\" content=\"article\" \/>\n<meta property=\"og:title\" content=\"Nj\u00eb super kandidatur\u00eb p\u00ebr Presidente t\u00eb Republik\u00ebs s\u00eb Kosov\u00ebs - press7.tv\" \/>\n<meta property=\"og:description\" content=\"Nj\u00eb super kandidatur\u00eb p\u00ebr Presidente t\u00eb Republik\u00ebs s\u00eb Kosov\u00ebs\u2026 dr. Feride Rushiti Nj\u00eb zonj\u00eb e nderuar dhe e respektuar q\u00eb vjen nga shoq\u00ebria civile me nj\u00eb biografi t\u00eb pasur dhe t\u00eb past\u00ebrt q\u00eb vjen nga fusha e Humanizmit dhe \u00ebsht\u00eb person jo partiake. Zonja ka t\u00eb kryer mjeksin\u00eb n\u00eb Tiran\u00eb e specializuar n\u00eb Gastroenterologji. N\u00eb [&hellip;]\" \/>\n<meta property=\"og:url\" content=\"https:\/\/www.press7.tv\/?p=28471\" \/>\n<meta property=\"og:site_name\" content=\"press7.tv\" \/>\n<meta property=\"article:publisher\" content=\"https:\/\/www.facebook.com\/press7.tv\" \/>\n<meta property=\"article:published_time\" content=\"2026-04-28T10:35:19+00:00\" \/>\n<meta property=\"og:image\" content=\"https:\/\/www.press7.tv\/wp-content\/uploads\/2026\/04\/IMG_2528-696x485-1.avif\" \/>\n\t<meta property=\"og:image:width\" content=\"696\" \/>\n\t<meta property=\"og:image:height\" content=\"485\" \/>\n\t<meta property=\"og:image:type\" content=\"image\/jpeg\" \/>\n<meta name=\"author\" content=\"gazetar2\" \/>\n<meta name=\"twitter:card\" content=\"summary_large_image\" \/>\n<meta name=\"twitter:label1\" content=\"Written by\" \/>\n\t<meta name=\"twitter:data1\" content=\"gazetar2\" \/>\n\t<meta name=\"twitter:label2\" content=\"Est. reading time\" \/>\n\t<meta name=\"twitter:data2\" content=\"1 minute\" \/>\n<script type=\"application\/ld+json\" class=\"yoast-schema-graph\">{\"@context\":\"https:\/\/schema.org\",\"@graph\":[{\"@type\":\"Article\",\"@id\":\"https:\/\/www.press7.tv\/?p=28471#article\",\"isPartOf\":{\"@id\":\"https:\/\/www.press7.tv\/?p=28471\"},\"author\":{\"name\":\"gazetar2\",\"@id\":\"https:\/\/www.news33.tv\/#\/schema\/person\/5a04a38a23ccdba82f9bd665cd8f9efa\"},\"headline\":\"Nj\u00eb super kandidatur\u00eb p\u00ebr Presidente t\u00eb Republik\u00ebs s\u00eb Kosov\u00ebs\",\"datePublished\":\"2026-04-28T10:35:19+00:00\",\"mainEntityOfPage\":{\"@id\":\"https:\/\/www.press7.tv\/?p=28471\"},\"wordCount\":244,\"publisher\":{\"@id\":\"https:\/\/www.news33.tv\/#organization\"},\"image\":{\"@id\":\"https:\/\/www.press7.tv\/?p=28471#primaryimage\"},\"thumbnailUrl\":\"https:\/\/www.press7.tv\/wp-content\/uploads\/2026\/04\/IMG_2528-696x485-1.avif\",\"articleSection\":[\"Kosov\u00eb\",\"Lajme\"],\"inLanguage\":\"en-US\"},{\"@type\":\"WebPage\",\"@id\":\"https:\/\/www.press7.tv\/?p=28471\",\"url\":\"https:\/\/www.press7.tv\/?p=28471\",\"name\":\"Nj\u00eb super kandidatur\u00eb p\u00ebr Presidente t\u00eb Republik\u00ebs s\u00eb Kosov\u00ebs - press7.tv\",\"isPartOf\":{\"@id\":\"https:\/\/www.news33.tv\/#website\"},\"primaryImageOfPage\":{\"@id\":\"https:\/\/www.press7.tv\/?p=28471#primaryimage\"},\"image\":{\"@id\":\"https:\/\/www.press7.tv\/?p=28471#primaryimage\"},\"thumbnailUrl\":\"https:\/\/www.press7.tv\/wp-content\/uploads\/2026\/04\/IMG_2528-696x485-1.avif\",\"datePublished\":\"2026-04-28T10:35:19+00:00\",\"breadcrumb\":{\"@id\":\"https:\/\/www.press7.tv\/?p=28471#breadcrumb\"},\"inLanguage\":\"en-US\",\"potentialAction\":[{\"@type\":\"ReadAction\",\"target\":[\"https:\/\/www.press7.tv\/?p=28471\"]}]},{\"@type\":\"ImageObject\",\"inLanguage\":\"en-US\",\"@id\":\"https:\/\/www.press7.tv\/?p=28471#primaryimage\",\"url\":\"https:\/\/www.press7.tv\/wp-content\/uploads\/2026\/04\/IMG_2528-696x485-1.avif\",\"contentUrl\":\"https:\/\/www.press7.tv\/wp-content\/uploads\/2026\/04\/IMG_2528-696x485-1.avif\",\"width\":696,\"height\":485},{\"@type\":\"BreadcrumbList\",\"@id\":\"https:\/\/www.press7.tv\/?p=28471#breadcrumb\",\"itemListElement\":[{\"@type\":\"ListItem\",\"position\":1,\"name\":\"Home\",\"item\":\"https:\/\/www.press7.tv\/\"},{\"@type\":\"ListItem\",\"position\":2,\"name\":\"Nj\u00eb super kandidatur\u00eb p\u00ebr Presidente t\u00eb Republik\u00ebs s\u00eb Kosov\u00ebs\"}]},{\"@type\":\"WebSite\",\"@id\":\"https:\/\/www.news33.tv\/#website\",\"url\":\"https:\/\/www.news33.tv\/\",\"name\":\"News33.tv Media\",\"description\":\"Media\",\"publisher\":{\"@id\":\"https:\/\/www.news33.tv\/#organization\"},\"potentialAction\":[{\"@type\":\"SearchAction\",\"target\":{\"@type\":\"EntryPoint\",\"urlTemplate\":\"https:\/\/www.news33.tv\/?s={search_term_string}\"},\"query-input\":{\"@type\":\"PropertyValueSpecification\",\"valueRequired\":true,\"valueName\":\"search_term_string\"}}],\"inLanguage\":\"en-US\"},{\"@type\":\"Organization\",\"@id\":\"https:\/\/www.news33.tv\/#organization\",\"name\":\"News33.tv Media\",\"url\":\"https:\/\/www.news33.tv\/\",\"logo\":{\"@type\":\"ImageObject\",\"inLanguage\":\"en-US\",\"@id\":\"https:\/\/www.news33.tv\/#\/schema\/logo\/image\/\",\"url\":\"https:\/\/www.press7.tv\/wp-content\/uploads\/2024\/02\/logo-news33-black.png\",\"contentUrl\":\"https:\/\/www.press7.tv\/wp-content\/uploads\/2024\/02\/logo-news33-black.png\",\"width\":180,\"height\":37,\"caption\":\"News33.tv Media\"},\"image\":{\"@id\":\"https:\/\/www.news33.tv\/#\/schema\/logo\/image\/\"},\"sameAs\":[\"https:\/\/www.facebook.com\/press7.tv\"]},{\"@type\":\"Person\",\"@id\":\"https:\/\/www.news33.tv\/#\/schema\/person\/5a04a38a23ccdba82f9bd665cd8f9efa\",\"name\":\"gazetar2\",\"image\":{\"@type\":\"ImageObject\",\"inLanguage\":\"en-US\",\"@id\":\"https:\/\/www.news33.tv\/#\/schema\/person\/image\/\",\"url\":\"https:\/\/www.press7.tv\/wp-content\/litespeed\/avatar\/41975e402c3049d9ddb03adca8f7a883.jpg?ver=1777169572\",\"contentUrl\":\"https:\/\/www.press7.tv\/wp-content\/litespeed\/avatar\/41975e402c3049d9ddb03adca8f7a883.jpg?ver=1777169572\",\"caption\":\"gazetar2\"},\"url\":\"https:\/\/www.press7.tv\/?author=8\"}]}<\/script>\n<!-- \/ Yoast SEO plugin. -->","yoast_head_json":{"title":"Nj\u00eb super kandidatur\u00eb p\u00ebr Presidente t\u00eb Republik\u00ebs s\u00eb Kosov\u00ebs - press7.tv","robots":{"index":"index","follow":"follow","max-snippet":"max-snippet:-1","max-image-preview":"max-image-preview:large","max-video-preview":"max-video-preview:-1"},"canonical":"https:\/\/www.press7.tv\/?p=28471","og_locale":"en_US","og_type":"article","og_title":"Nj\u00eb super kandidatur\u00eb p\u00ebr Presidente t\u00eb Republik\u00ebs s\u00eb Kosov\u00ebs - press7.tv","og_description":"Nj\u00eb super kandidatur\u00eb p\u00ebr Presidente t\u00eb Republik\u00ebs s\u00eb Kosov\u00ebs\u2026 dr. Feride Rushiti Nj\u00eb zonj\u00eb e nderuar dhe e respektuar q\u00eb vjen nga shoq\u00ebria civile me nj\u00eb biografi t\u00eb pasur dhe t\u00eb past\u00ebrt q\u00eb vjen nga fusha e Humanizmit dhe \u00ebsht\u00eb person jo partiake. Zonja ka t\u00eb kryer mjeksin\u00eb n\u00eb Tiran\u00eb e specializuar n\u00eb Gastroenterologji. N\u00eb [&hellip;]","og_url":"https:\/\/www.press7.tv\/?p=28471","og_site_name":"press7.tv","article_publisher":"https:\/\/www.facebook.com\/press7.tv","article_published_time":"2026-04-28T10:35:19+00:00","og_image":[{"width":696,"height":485,"url":"https:\/\/www.press7.tv\/wp-content\/uploads\/2026\/04\/IMG_2528-696x485-1.avif","type":"image\/jpeg"}],"author":"gazetar2","twitter_card":"summary_large_image","twitter_misc":{"Written by":"gazetar2","Est. reading time":"1 minute"},"schema":{"@context":"https:\/\/schema.org","@graph":[{"@type":"Article","@id":"https:\/\/www.press7.tv\/?p=28471#article","isPartOf":{"@id":"https:\/\/www.press7.tv\/?p=28471"},"author":{"name":"gazetar2","@id":"https:\/\/www.news33.tv\/#\/schema\/person\/5a04a38a23ccdba82f9bd665cd8f9efa"},"headline":"Nj\u00eb super kandidatur\u00eb p\u00ebr Presidente t\u00eb Republik\u00ebs s\u00eb Kosov\u00ebs","datePublished":"2026-04-28T10:35:19+00:00","mainEntityOfPage":{"@id":"https:\/\/www.press7.tv\/?p=28471"},"wordCount":244,"publisher":{"@id":"https:\/\/www.news33.tv\/#organization"},"image":{"@id":"https:\/\/www.press7.tv\/?p=28471#primaryimage"},"thumbnailUrl":"https:\/\/www.press7.tv\/wp-content\/uploads\/2026\/04\/IMG_2528-696x485-1.avif","articleSection":["Kosov\u00eb","Lajme"],"inLanguage":"en-US"},{"@type":"WebPage","@id":"https:\/\/www.press7.tv\/?p=28471","url":"https:\/\/www.press7.tv\/?p=28471","name":"Nj\u00eb super kandidatur\u00eb p\u00ebr Presidente t\u00eb Republik\u00ebs s\u00eb Kosov\u00ebs - press7.tv","isPartOf":{"@id":"https:\/\/www.news33.tv\/#website"},"primaryImageOfPage":{"@id":"https:\/\/www.press7.tv\/?p=28471#primaryimage"},"image":{"@id":"https:\/\/www.press7.tv\/?p=28471#primaryimage"},"thumbnailUrl":"https:\/\/www.press7.tv\/wp-content\/uploads\/2026\/04\/IMG_2528-696x485-1.avif","datePublished":"2026-04-28T10:35:19+00:00","breadcrumb":{"@id":"https:\/\/www.press7.tv\/?p=28471#breadcrumb"},"inLanguage":"en-US","potentialAction":[{"@type":"ReadAction","target":["https:\/\/www.press7.tv\/?p=28471"]}]},{"@type":"ImageObject","inLanguage":"en-US","@id":"https:\/\/www.press7.tv\/?p=28471#primaryimage","url":"https:\/\/www.press7.tv\/wp-content\/uploads\/2026\/04\/IMG_2528-696x485-1.avif","contentUrl":"https:\/\/www.press7.tv\/wp-content\/uploads\/2026\/04\/IMG_2528-696x485-1.avif","width":696,"height":485},{"@type":"BreadcrumbList","@id":"https:\/\/www.press7.tv\/?p=28471#breadcrumb","itemListElement":[{"@type":"ListItem","position":1,"name":"Home","item":"https:\/\/www.press7.tv\/"},{"@type":"ListItem","position":2,"name":"Nj\u00eb super kandidatur\u00eb p\u00ebr Presidente t\u00eb Republik\u00ebs s\u00eb Kosov\u00ebs"}]},{"@type":"WebSite","@id":"https:\/\/www.news33.tv\/#website","url":"https:\/\/www.news33.tv\/","name":"News33.tv Media","description":"Media","publisher":{"@id":"https:\/\/www.news33.tv\/#organization"},"potentialAction":[{"@type":"SearchAction","target":{"@type":"EntryPoint","urlTemplate":"https:\/\/www.news33.tv\/?s={search_term_string}"},"query-input":{"@type":"PropertyValueSpecification","valueRequired":true,"valueName":"search_term_string"}}],"inLanguage":"en-US"},{"@type":"Organization","@id":"https:\/\/www.news33.tv\/#organization","name":"News33.tv Media","url":"https:\/\/www.news33.tv\/","logo":{"@type":"ImageObject","inLanguage":"en-US","@id":"https:\/\/www.news33.tv\/#\/schema\/logo\/image\/","url":"https:\/\/www.press7.tv\/wp-content\/uploads\/2024\/02\/logo-news33-black.png","contentUrl":"https:\/\/www.press7.tv\/wp-content\/uploads\/2024\/02\/logo-news33-black.png","width":180,"height":37,"caption":"News33.tv Media"},"image":{"@id":"https:\/\/www.news33.tv\/#\/schema\/logo\/image\/"},"sameAs":["https:\/\/www.facebook.com\/press7.tv"]},{"@type":"Person","@id":"https:\/\/www.news33.tv\/#\/schema\/person\/5a04a38a23ccdba82f9bd665cd8f9efa","name":"gazetar2","image":{"@type":"ImageObject","inLanguage":"en-US","@id":"https:\/\/www.news33.tv\/#\/schema\/person\/image\/","url":"https:\/\/www.press7.tv\/wp-content\/litespeed\/avatar\/41975e402c3049d9ddb03adca8f7a883.jpg?ver=1777169572","contentUrl":"https:\/\/www.press7.tv\/wp-content\/litespeed\/avatar\/41975e402c3049d9ddb03adca8f7a883.jpg?ver=1777169572","caption":"gazetar2"},"url":"https:\/\/www.press7.tv\/?author=8"}]}},"amp_enabled":true,"_links":{"self":[{"href":"https:\/\/www.press7.tv\/index.php?rest_route=\/wp\/v2\/posts\/28471","targetHints":{"allow":["GET"]}}],"collection":[{"href":"https:\/\/www.press7.tv\/index.php?rest_route=\/wp\/v2\/posts"}],"about":[{"href":"https:\/\/www.press7.tv\/index.php?rest_route=\/wp\/v2\/types\/post"}],"author":[{"embeddable":true,"href":"https:\/\/www.press7.tv\/index.php?rest_route=\/wp\/v2\/users\/8"}],"replies":[{"embeddable":true,"href":"https:\/\/www.press7.tv\/index.php?rest_route=%2Fwp%2Fv2%2Fcomments&post=28471"}],"version-history":[{"count":1,"href":"https:\/\/www.press7.tv\/index.php?rest_route=\/wp\/v2\/posts\/28471\/revisions"}],"predecessor-version":[{"id":28473,"href":"https:\/\/www.press7.tv\/index.php?rest_route=\/wp\/v2\/posts\/28471\/revisions\/28473"}],"wp:featuredmedia":[{"embeddable":true,"href":"https:\/\/www.press7.tv\/index.php?rest_route=\/wp\/v2\/media\/28472"}],"wp:attachment":[{"href":"https:\/\/www.press7.tv\/index.php?rest_route=%2Fwp%2Fv2%2Fmedia&parent=28471"}],"wp:term":[{"taxonomy":"category","embeddable":true,"href":"https:\/\/www.press7.tv\/index.php?rest_route=%2Fwp%2Fv2%2Fcategories&post=28471"},{"taxonomy":"post_tag","embeddable":true,"href":"https:\/\/www.press7.tv\/index.php?rest_route=%2Fwp%2Fv2%2Ftags&post=28471"}],"curies":[{"name":"wp","href":"https:\/\/api.w.org\/{rel}","templated":true}]}}