{"id":28452,"date":"2026-04-27T18:47:26","date_gmt":"2026-04-27T18:47:26","guid":{"rendered":"https:\/\/www.press7.tv\/?p=28452"},"modified":"2026-04-27T18:47:26","modified_gmt":"2026-04-27T18:47:26","slug":"kurti-opozites-aman-na-ndihmoni-te-mos-i-mbajme-tri-pozita-boll-na-dalin-dy","status":"publish","type":"post","link":"https:\/\/www.press7.tv\/?p=28452","title":{"rendered":"Kurti \u2013 opozit\u00ebs: Aman na ndihmoni t\u00eb mos i mbajm\u00eb tri pozita, boll na dalin dy"},"content":{"rendered":"\n    <div class=\"xs_social_share_widget xs_share_url before_content \t\tmain_content  wslu-style-2 wslu-share-box-shaped wslu-fill-colored wslu-share-m-5 wslu-none wslu-share-vertical wslu-theme-font-no wslu-main_content\">\n\n\t\t\n        <ul>\n\t\t\t        <\/ul>\n    <\/div> \n<p>Kryeministri i Kosov\u00ebs, Albin Kurti, ka th\u00ebn\u00eb se k\u00ebt\u00eb bojkot t\u00eb opozit\u00ebs n\u00eb lidhur me zgjedhjen e presidentit mund ta kuptoj\u00eb vet\u00ebm si mosrespektim t\u00eb verdiktit t\u00eb popullit.<\/p>\n<p>Kurti ka th\u00ebn\u00eb se arsyetimi i opozit\u00ebs se nuk duan q\u00eb Vet\u00ebvendosja t\u00eb mbaj\u00eb tri pozitat, nuk q\u00ebndron. Thot\u00eb se \u00ebsht\u00eb ofruar pozita e kryeparlamentarit, e po ashtu \u00ebsht\u00eb b\u00ebr\u00eb ofert\u00eb q\u00eb t\u00eb propozohen tre emra p\u00ebr president konsensual.<\/p>\n<p>Ai ka th\u00ebn\u00eb se aktualisht ushtruese e detyr\u00ebs s\u00eb presidentes s\u00eb Kosov\u00ebs \u00ebsht\u00eb Albulena Haxhiu, dhe Vet\u00ebvendosja i ka t\u00eb tri pozitat. Kurti ka th\u00ebn\u00eb se nj\u00eb situat\u00eb e ngjashme do t\u00eb vazhdoj\u00eb edhe m\u00ebtutje, n\u00ebse opozita s\u2019pranon ofert\u00ebn.<\/p>\n<p>\u201cAman na ndihmoni t\u00eb mos i kemi tri pozitat. Po k\u00ebrkojm\u00eb mb\u00ebshtetjen, ndihm\u00ebn e opozit\u00ebs. Boll na dalin dy pozita. Si duam tri. T\u00eb dashur deputet\u00eb t\u00eb opozit\u00ebs ejani na ndihmoni t\u00eb mos i kemi tri pozita,  se tash i kemi tre pozita\u201d, tha Kurti. <\/p>\n<p>Kurti: Koalicione paszgjedhore t\u00eb padeklaruara jan\u00eb arsye e k\u00ebsaj bllokade<\/p>\n<p>Kryeministri i Kosov\u00ebs, Albin Kurti, n\u00eb seanc\u00ebn e jasht\u00ebzakonshme t\u00eb Kuvendit t\u00eb Kosov\u00ebs p\u00ebr \u00e7\u00ebshtjen e presidentit ka th\u00ebn\u00eb se nuk q\u00ebndrojn\u00eb deklarimet se L\u00ebvizja Vet\u00ebvendosje nuk do marr\u00ebveshje politike.<\/p>\n<p>Sipas Kurtit, ka koalicione paszgjedhore t\u00eb cilat nuk po deklarohen por q\u00eb \u00ebsht\u00eb arsye e madhe e k\u00ebsaj bllokade. Kurti deklaroi se q\u00ebllim kan\u00eb ta d\u00ebmtojn\u00eb LVV-n\u00eb.<\/p>\n<p>\u201cVitin e kaluar Nisma me tre deputet\u00eb sillej sikur t\u2019i kishte 48. Nd\u00ebrkoh\u00eb LDK-ja p\u00ebrbuzi \u00e7do ofert\u00eb q\u00eb ia b\u00ebm\u00eb duke refuzuar edhe takimet. Ata q\u00eb sot thon\u00eb se L\u00ebvizja Vet\u00ebvendosje nuk do marr\u00ebveshje politike dhe nuk mund t\u00eb qeveris\u00eb n\u00eb koalicion nuk e thon\u00eb t\u00eb v\u00ebrtet\u00ebn. Koalicionet parazgjedhore jan\u00eb form\u00eb e ndershme e marr\u00ebveshjes politike sepse qytetar\u00ebt e din\u00eb paraprakisht se kush do t\u00eb qeveris\u00eb bashk\u00eb. Por ne kemi koalicione paszgjedhore q\u00eb nuk po lidhen por q\u00eb po dihen se jan\u00eb koalicione paszgjedhore dhe k\u00ebtu \u00ebsht\u00eb nj\u00eb pjes\u00eb e madhe e arsyes s\u00eb bllokad\u00ebs. Pik\u00ebrisht p\u00ebr shkak se ka preferenca p\u00ebr koalicione t\u00eb padeklaruara. Kjo \u00ebsht\u00eb kronologjia e fakteve, t\u00eb tjerat jan\u00eb supozime e manipulime q\u00eb nj\u00ebjt\u00eb si vitin e kaluar, q\u00ebllim e kan\u00eb d\u00ebmtimin sado pak t\u00eb subjektit fitues, L\u00ebvizjes Vet\u00ebvendosje\u201d, deklaroi Kurti mes tjerash.<\/p>\n","protected":false},"excerpt":{"rendered":"<p>Kryeministri i Kosov\u00ebs, Albin Kurti, ka th\u00ebn\u00eb se k\u00ebt\u00eb bojkot t\u00eb opozit\u00ebs n\u00eb lidhur me zgjedhjen e presidentit mund ta kuptoj\u00eb vet\u00ebm si mosrespektim t\u00eb verdiktit t\u00eb popullit. Kurti ka th\u00ebn\u00eb se arsyetimi i opozit\u00ebs se nuk duan q\u00eb Vet\u00ebvendosja t\u00eb mbaj\u00eb tri pozitat, nuk q\u00ebndron. Thot\u00eb se \u00ebsht\u00eb ofruar pozita e kryeparlamentarit, e po [&hellip;]<\/p>\n","protected":false},"author":8,"featured_media":28453,"comment_status":"closed","ping_status":"closed","sticky":false,"template":"","format":"standard","meta":{"footnotes":""},"categories":[215,213],"tags":[],"class_list":["post-28452","post","type-post","status-publish","format-standard","has-post-thumbnail","hentry","category-kosove","category-lajme"],"yoast_head":"<!-- This site is optimized with the Yoast SEO plugin v25.1 - https:\/\/yoast.com\/wordpress\/plugins\/seo\/ -->\n<title>Kurti \u2013 opozit\u00ebs: Aman na ndihmoni t\u00eb mos i mbajm\u00eb tri pozita, boll na dalin dy - press7.tv<\/title>\n<meta name=\"robots\" content=\"index, follow, max-snippet:-1, max-image-preview:large, max-video-preview:-1\" \/>\n<link rel=\"canonical\" href=\"https:\/\/www.press7.tv\/?p=28452\" \/>\n<meta property=\"og:locale\" content=\"en_US\" \/>\n<meta property=\"og:type\" content=\"article\" \/>\n<meta property=\"og:title\" content=\"Kurti \u2013 opozit\u00ebs: Aman na ndihmoni t\u00eb mos i mbajm\u00eb tri pozita, boll na dalin dy - press7.tv\" \/>\n<meta property=\"og:description\" content=\"Kryeministri i Kosov\u00ebs, Albin Kurti, ka th\u00ebn\u00eb se k\u00ebt\u00eb bojkot t\u00eb opozit\u00ebs n\u00eb lidhur me zgjedhjen e presidentit mund ta kuptoj\u00eb vet\u00ebm si mosrespektim t\u00eb verdiktit t\u00eb popullit. Kurti ka th\u00ebn\u00eb se arsyetimi i opozit\u00ebs se nuk duan q\u00eb Vet\u00ebvendosja t\u00eb mbaj\u00eb tri pozitat, nuk q\u00ebndron. Thot\u00eb se \u00ebsht\u00eb ofruar pozita e kryeparlamentarit, e po [&hellip;]\" \/>\n<meta property=\"og:url\" content=\"https:\/\/www.press7.tv\/?p=28452\" \/>\n<meta property=\"og:site_name\" content=\"press7.tv\" \/>\n<meta property=\"article:publisher\" content=\"https:\/\/www.facebook.com\/press7.tv\" \/>\n<meta property=\"article:published_time\" content=\"2026-04-27T18:47:26+00:00\" \/>\n<meta property=\"og:image\" content=\"https:\/\/www.press7.tv\/wp-content\/uploads\/2026\/04\/Foto-Web-AR-2026-04-27T185544.737-800x445-1.avif\" \/>\n\t<meta property=\"og:image:width\" content=\"800\" \/>\n\t<meta property=\"og:image:height\" content=\"445\" \/>\n\t<meta property=\"og:image:type\" content=\"image\/jpeg\" \/>\n<meta name=\"author\" content=\"gazetar2\" \/>\n<meta name=\"twitter:card\" content=\"summary_large_image\" \/>\n<meta name=\"twitter:label1\" content=\"Written by\" \/>\n\t<meta name=\"twitter:data1\" content=\"gazetar2\" \/>\n\t<meta name=\"twitter:label2\" content=\"Est. reading time\" \/>\n\t<meta name=\"twitter:data2\" content=\"1 minute\" \/>\n<script type=\"application\/ld+json\" class=\"yoast-schema-graph\">{\"@context\":\"https:\/\/schema.org\",\"@graph\":[{\"@type\":\"Article\",\"@id\":\"https:\/\/www.press7.tv\/?p=28452#article\",\"isPartOf\":{\"@id\":\"https:\/\/www.press7.tv\/?p=28452\"},\"author\":{\"name\":\"gazetar2\",\"@id\":\"https:\/\/www.news33.tv\/#\/schema\/person\/5a04a38a23ccdba82f9bd665cd8f9efa\"},\"headline\":\"Kurti \u2013 opozit\u00ebs: Aman na ndihmoni t\u00eb mos i mbajm\u00eb tri pozita, boll na dalin dy\",\"datePublished\":\"2026-04-27T18:47:26+00:00\",\"mainEntityOfPage\":{\"@id\":\"https:\/\/www.press7.tv\/?p=28452\"},\"wordCount\":430,\"publisher\":{\"@id\":\"https:\/\/www.news33.tv\/#organization\"},\"image\":{\"@id\":\"https:\/\/www.press7.tv\/?p=28452#primaryimage\"},\"thumbnailUrl\":\"https:\/\/www.press7.tv\/wp-content\/uploads\/2026\/04\/Foto-Web-AR-2026-04-27T185544.737-800x445-1.avif\",\"articleSection\":[\"Kosov\u00eb\",\"Lajme\"],\"inLanguage\":\"en-US\"},{\"@type\":\"WebPage\",\"@id\":\"https:\/\/www.press7.tv\/?p=28452\",\"url\":\"https:\/\/www.press7.tv\/?p=28452\",\"name\":\"Kurti \u2013 opozit\u00ebs: Aman na ndihmoni t\u00eb mos i mbajm\u00eb tri pozita, boll na dalin dy - press7.tv\",\"isPartOf\":{\"@id\":\"https:\/\/www.news33.tv\/#website\"},\"primaryImageOfPage\":{\"@id\":\"https:\/\/www.press7.tv\/?p=28452#primaryimage\"},\"image\":{\"@id\":\"https:\/\/www.press7.tv\/?p=28452#primaryimage\"},\"thumbnailUrl\":\"https:\/\/www.press7.tv\/wp-content\/uploads\/2026\/04\/Foto-Web-AR-2026-04-27T185544.737-800x445-1.avif\",\"datePublished\":\"2026-04-27T18:47:26+00:00\",\"breadcrumb\":{\"@id\":\"https:\/\/www.press7.tv\/?p=28452#breadcrumb\"},\"inLanguage\":\"en-US\",\"potentialAction\":[{\"@type\":\"ReadAction\",\"target\":[\"https:\/\/www.press7.tv\/?p=28452\"]}]},{\"@type\":\"ImageObject\",\"inLanguage\":\"en-US\",\"@id\":\"https:\/\/www.press7.tv\/?p=28452#primaryimage\",\"url\":\"https:\/\/www.press7.tv\/wp-content\/uploads\/2026\/04\/Foto-Web-AR-2026-04-27T185544.737-800x445-1.avif\",\"contentUrl\":\"https:\/\/www.press7.tv\/wp-content\/uploads\/2026\/04\/Foto-Web-AR-2026-04-27T185544.737-800x445-1.avif\",\"width\":800,\"height\":445},{\"@type\":\"BreadcrumbList\",\"@id\":\"https:\/\/www.press7.tv\/?p=28452#breadcrumb\",\"itemListElement\":[{\"@type\":\"ListItem\",\"position\":1,\"name\":\"Home\",\"item\":\"https:\/\/www.press7.tv\/\"},{\"@type\":\"ListItem\",\"position\":2,\"name\":\"Kurti \u2013 opozit\u00ebs: Aman na ndihmoni t\u00eb mos i mbajm\u00eb tri pozita, boll na dalin dy\"}]},{\"@type\":\"WebSite\",\"@id\":\"https:\/\/www.news33.tv\/#website\",\"url\":\"https:\/\/www.news33.tv\/\",\"name\":\"News33.tv Media\",\"description\":\"Media\",\"publisher\":{\"@id\":\"https:\/\/www.news33.tv\/#organization\"},\"potentialAction\":[{\"@type\":\"SearchAction\",\"target\":{\"@type\":\"EntryPoint\",\"urlTemplate\":\"https:\/\/www.news33.tv\/?s={search_term_string}\"},\"query-input\":{\"@type\":\"PropertyValueSpecification\",\"valueRequired\":true,\"valueName\":\"search_term_string\"}}],\"inLanguage\":\"en-US\"},{\"@type\":\"Organization\",\"@id\":\"https:\/\/www.news33.tv\/#organization\",\"name\":\"News33.tv Media\",\"url\":\"https:\/\/www.news33.tv\/\",\"logo\":{\"@type\":\"ImageObject\",\"inLanguage\":\"en-US\",\"@id\":\"https:\/\/www.news33.tv\/#\/schema\/logo\/image\/\",\"url\":\"https:\/\/www.press7.tv\/wp-content\/uploads\/2024\/02\/logo-news33-black.png\",\"contentUrl\":\"https:\/\/www.press7.tv\/wp-content\/uploads\/2024\/02\/logo-news33-black.png\",\"width\":180,\"height\":37,\"caption\":\"News33.tv Media\"},\"image\":{\"@id\":\"https:\/\/www.news33.tv\/#\/schema\/logo\/image\/\"},\"sameAs\":[\"https:\/\/www.facebook.com\/press7.tv\"]},{\"@type\":\"Person\",\"@id\":\"https:\/\/www.news33.tv\/#\/schema\/person\/5a04a38a23ccdba82f9bd665cd8f9efa\",\"name\":\"gazetar2\",\"image\":{\"@type\":\"ImageObject\",\"inLanguage\":\"en-US\",\"@id\":\"https:\/\/www.news33.tv\/#\/schema\/person\/image\/\",\"url\":\"https:\/\/www.press7.tv\/wp-content\/litespeed\/avatar\/41975e402c3049d9ddb03adca8f7a883.jpg?ver=1777169572\",\"contentUrl\":\"https:\/\/www.press7.tv\/wp-content\/litespeed\/avatar\/41975e402c3049d9ddb03adca8f7a883.jpg?ver=1777169572\",\"caption\":\"gazetar2\"},\"url\":\"https:\/\/www.press7.tv\/?author=8\"}]}<\/script>\n<!-- \/ Yoast SEO plugin. -->","yoast_head_json":{"title":"Kurti \u2013 opozit\u00ebs: Aman na ndihmoni t\u00eb mos i mbajm\u00eb tri pozita, boll na dalin dy - press7.tv","robots":{"index":"index","follow":"follow","max-snippet":"max-snippet:-1","max-image-preview":"max-image-preview:large","max-video-preview":"max-video-preview:-1"},"canonical":"https:\/\/www.press7.tv\/?p=28452","og_locale":"en_US","og_type":"article","og_title":"Kurti \u2013 opozit\u00ebs: Aman na ndihmoni t\u00eb mos i mbajm\u00eb tri pozita, boll na dalin dy - press7.tv","og_description":"Kryeministri i Kosov\u00ebs, Albin Kurti, ka th\u00ebn\u00eb se k\u00ebt\u00eb bojkot t\u00eb opozit\u00ebs n\u00eb lidhur me zgjedhjen e presidentit mund ta kuptoj\u00eb vet\u00ebm si mosrespektim t\u00eb verdiktit t\u00eb popullit. Kurti ka th\u00ebn\u00eb se arsyetimi i opozit\u00ebs se nuk duan q\u00eb Vet\u00ebvendosja t\u00eb mbaj\u00eb tri pozitat, nuk q\u00ebndron. Thot\u00eb se \u00ebsht\u00eb ofruar pozita e kryeparlamentarit, e po [&hellip;]","og_url":"https:\/\/www.press7.tv\/?p=28452","og_site_name":"press7.tv","article_publisher":"https:\/\/www.facebook.com\/press7.tv","article_published_time":"2026-04-27T18:47:26+00:00","og_image":[{"width":800,"height":445,"url":"https:\/\/www.press7.tv\/wp-content\/uploads\/2026\/04\/Foto-Web-AR-2026-04-27T185544.737-800x445-1.avif","type":"image\/jpeg"}],"author":"gazetar2","twitter_card":"summary_large_image","twitter_misc":{"Written by":"gazetar2","Est. reading time":"1 minute"},"schema":{"@context":"https:\/\/schema.org","@graph":[{"@type":"Article","@id":"https:\/\/www.press7.tv\/?p=28452#article","isPartOf":{"@id":"https:\/\/www.press7.tv\/?p=28452"},"author":{"name":"gazetar2","@id":"https:\/\/www.news33.tv\/#\/schema\/person\/5a04a38a23ccdba82f9bd665cd8f9efa"},"headline":"Kurti \u2013 opozit\u00ebs: Aman na ndihmoni t\u00eb mos i mbajm\u00eb tri pozita, boll na dalin dy","datePublished":"2026-04-27T18:47:26+00:00","mainEntityOfPage":{"@id":"https:\/\/www.press7.tv\/?p=28452"},"wordCount":430,"publisher":{"@id":"https:\/\/www.news33.tv\/#organization"},"image":{"@id":"https:\/\/www.press7.tv\/?p=28452#primaryimage"},"thumbnailUrl":"https:\/\/www.press7.tv\/wp-content\/uploads\/2026\/04\/Foto-Web-AR-2026-04-27T185544.737-800x445-1.avif","articleSection":["Kosov\u00eb","Lajme"],"inLanguage":"en-US"},{"@type":"WebPage","@id":"https:\/\/www.press7.tv\/?p=28452","url":"https:\/\/www.press7.tv\/?p=28452","name":"Kurti \u2013 opozit\u00ebs: Aman na ndihmoni t\u00eb mos i mbajm\u00eb tri pozita, boll na dalin dy - press7.tv","isPartOf":{"@id":"https:\/\/www.news33.tv\/#website"},"primaryImageOfPage":{"@id":"https:\/\/www.press7.tv\/?p=28452#primaryimage"},"image":{"@id":"https:\/\/www.press7.tv\/?p=28452#primaryimage"},"thumbnailUrl":"https:\/\/www.press7.tv\/wp-content\/uploads\/2026\/04\/Foto-Web-AR-2026-04-27T185544.737-800x445-1.avif","datePublished":"2026-04-27T18:47:26+00:00","breadcrumb":{"@id":"https:\/\/www.press7.tv\/?p=28452#breadcrumb"},"inLanguage":"en-US","potentialAction":[{"@type":"ReadAction","target":["https:\/\/www.press7.tv\/?p=28452"]}]},{"@type":"ImageObject","inLanguage":"en-US","@id":"https:\/\/www.press7.tv\/?p=28452#primaryimage","url":"https:\/\/www.press7.tv\/wp-content\/uploads\/2026\/04\/Foto-Web-AR-2026-04-27T185544.737-800x445-1.avif","contentUrl":"https:\/\/www.press7.tv\/wp-content\/uploads\/2026\/04\/Foto-Web-AR-2026-04-27T185544.737-800x445-1.avif","width":800,"height":445},{"@type":"BreadcrumbList","@id":"https:\/\/www.press7.tv\/?p=28452#breadcrumb","itemListElement":[{"@type":"ListItem","position":1,"name":"Home","item":"https:\/\/www.press7.tv\/"},{"@type":"ListItem","position":2,"name":"Kurti \u2013 opozit\u00ebs: Aman na ndihmoni t\u00eb mos i mbajm\u00eb tri pozita, boll na dalin dy"}]},{"@type":"WebSite","@id":"https:\/\/www.news33.tv\/#website","url":"https:\/\/www.news33.tv\/","name":"News33.tv Media","description":"Media","publisher":{"@id":"https:\/\/www.news33.tv\/#organization"},"potentialAction":[{"@type":"SearchAction","target":{"@type":"EntryPoint","urlTemplate":"https:\/\/www.news33.tv\/?s={search_term_string}"},"query-input":{"@type":"PropertyValueSpecification","valueRequired":true,"valueName":"search_term_string"}}],"inLanguage":"en-US"},{"@type":"Organization","@id":"https:\/\/www.news33.tv\/#organization","name":"News33.tv Media","url":"https:\/\/www.news33.tv\/","logo":{"@type":"ImageObject","inLanguage":"en-US","@id":"https:\/\/www.news33.tv\/#\/schema\/logo\/image\/","url":"https:\/\/www.press7.tv\/wp-content\/uploads\/2024\/02\/logo-news33-black.png","contentUrl":"https:\/\/www.press7.tv\/wp-content\/uploads\/2024\/02\/logo-news33-black.png","width":180,"height":37,"caption":"News33.tv Media"},"image":{"@id":"https:\/\/www.news33.tv\/#\/schema\/logo\/image\/"},"sameAs":["https:\/\/www.facebook.com\/press7.tv"]},{"@type":"Person","@id":"https:\/\/www.news33.tv\/#\/schema\/person\/5a04a38a23ccdba82f9bd665cd8f9efa","name":"gazetar2","image":{"@type":"ImageObject","inLanguage":"en-US","@id":"https:\/\/www.news33.tv\/#\/schema\/person\/image\/","url":"https:\/\/www.press7.tv\/wp-content\/litespeed\/avatar\/41975e402c3049d9ddb03adca8f7a883.jpg?ver=1777169572","contentUrl":"https:\/\/www.press7.tv\/wp-content\/litespeed\/avatar\/41975e402c3049d9ddb03adca8f7a883.jpg?ver=1777169572","caption":"gazetar2"},"url":"https:\/\/www.press7.tv\/?author=8"}]}},"amp_enabled":true,"_links":{"self":[{"href":"https:\/\/www.press7.tv\/index.php?rest_route=\/wp\/v2\/posts\/28452","targetHints":{"allow":["GET"]}}],"collection":[{"href":"https:\/\/www.press7.tv\/index.php?rest_route=\/wp\/v2\/posts"}],"about":[{"href":"https:\/\/www.press7.tv\/index.php?rest_route=\/wp\/v2\/types\/post"}],"author":[{"embeddable":true,"href":"https:\/\/www.press7.tv\/index.php?rest_route=\/wp\/v2\/users\/8"}],"replies":[{"embeddable":true,"href":"https:\/\/www.press7.tv\/index.php?rest_route=%2Fwp%2Fv2%2Fcomments&post=28452"}],"version-history":[{"count":1,"href":"https:\/\/www.press7.tv\/index.php?rest_route=\/wp\/v2\/posts\/28452\/revisions"}],"predecessor-version":[{"id":28454,"href":"https:\/\/www.press7.tv\/index.php?rest_route=\/wp\/v2\/posts\/28452\/revisions\/28454"}],"wp:featuredmedia":[{"embeddable":true,"href":"https:\/\/www.press7.tv\/index.php?rest_route=\/wp\/v2\/media\/28453"}],"wp:attachment":[{"href":"https:\/\/www.press7.tv\/index.php?rest_route=%2Fwp%2Fv2%2Fmedia&parent=28452"}],"wp:term":[{"taxonomy":"category","embeddable":true,"href":"https:\/\/www.press7.tv\/index.php?rest_route=%2Fwp%2Fv2%2Fcategories&post=28452"},{"taxonomy":"post_tag","embeddable":true,"href":"https:\/\/www.press7.tv\/index.php?rest_route=%2Fwp%2Fv2%2Ftags&post=28452"}],"curies":[{"name":"wp","href":"https:\/\/api.w.org\/{rel}","templated":true}]}}