{"id":28448,"date":"2026-04-27T15:50:41","date_gmt":"2026-04-27T15:50:41","guid":{"rendered":"https:\/\/www.press7.tv\/?p=28448"},"modified":"2026-04-27T15:50:41","modified_gmt":"2026-04-27T15:50:41","slug":"zvicra-vazhdon-mbeshtetjen-per-kosoven-lansohet-programi-i-ri-i-bashkepunimit-2026-2029","status":"publish","type":"post","link":"https:\/\/www.press7.tv\/?p=28448","title":{"rendered":"Zvicra vazhdon mb\u00ebshtetjen p\u00ebr Kosov\u00ebn: Lansohet programi i ri i bashk\u00ebpunimit 2026-2029"},"content":{"rendered":"\n    <div class=\"xs_social_share_widget xs_share_url before_content \t\tmain_content  wslu-style-2 wslu-share-box-shaped wslu-fill-colored wslu-share-m-5 wslu-none wslu-share-vertical wslu-theme-font-no wslu-main_content\">\n\n\t\t\n        <ul>\n\t\t\t        <\/ul>\n    <\/div> \n<p>Duke u mb\u00ebshtetur n\u00eb dekada miq\u00ebsie dhe marr\u00ebdh\u00ebnie t\u00eb ngushta mes dy vendeve, Kosova dhe Zvicra sh\u00ebnuan sot partneritetin e tyre t\u00eb q\u00ebndruesh\u00ebm p\u00ebrmes lansimit t\u00eb Programit t\u00eb Bashk\u00ebpunimit t\u00eb Zvicr\u00ebs n\u00eb Kosov\u00eb p\u00ebr periudh\u00ebn 2026\u20132029.<\/p>\n<p>N\u00eb nj\u00eb ngjarje t\u00eb p\u00ebrbashk\u00ebt t\u00eb mbajtur n\u00eb Prishtin\u00eb, me pjes\u00ebmarrjen e p\u00ebrfaq\u00ebsuesve institucional\u00eb, partner\u00ebve dhe p\u00ebrfituesve t\u00eb shumt\u00eb, Ambasadori i Zvicr\u00ebs n\u00eb Kosov\u00eb, J\u00fcrg Sprecher, Ambasadorja Patricia Danzi, Drejtoresh\u00eb e P\u00ebrgjithshme e Agjencis\u00eb Zvicerane p\u00ebr Zhvillim dhe Bashk\u00ebpunim (SDC), si dhe Kryeministri i Kosov\u00ebs, Albin Kurti, ritheksuan miq\u00ebsin\u00eb e fort\u00eb nd\u00ebrmjet dy vendeve.<\/p>\n<p>Ambasadori Sprecher theksoi se mb\u00ebshtetja e Zvicr\u00ebs ka qen\u00eb gjithmon\u00eb e udh\u00ebhequr nga nj\u00eb p\u00ebrkushtim i fort\u00eb ndaj qytetar\u00ebve t\u00eb Kosov\u00ebs dhe zhvillimit t\u00eb vendit, duke n\u00ebnvizuar se, nd\u00ebrsa Kosova vazhdon t\u00eb zhvillohet, programi i ri reflekton nj\u00eb kalim drejt nj\u00eb partneriteti m\u00eb strategjik dhe fuqizimit t\u00eb nd\u00ebrsjell\u00eb.<\/p>\n<p><img data-dominant-color=\"514e51\" data-has-transparency=\"false\" style=\"--dominant-color: #514e51;\" fetchpriority=\"high\" decoding=\"async\" src=\"https:\/\/www.press7.tv\/wp-content\/uploads\/2026\/04\/27.4.2026-ZKM-1-1024x682-1-300x200.avif\" alt=\"\" width=\"300\" height=\"200\" class=\"alignnone size-medium wp-image-28449 not-transparent\" srcset=\"https:\/\/www.press7.tv\/wp-content\/uploads\/2026\/04\/27.4.2026-ZKM-1-1024x682-1-300x200.avif 300w, https:\/\/www.press7.tv\/wp-content\/uploads\/2026\/04\/27.4.2026-ZKM-1-1024x682-1-768x512.avif 768w, https:\/\/www.press7.tv\/wp-content\/uploads\/2026\/04\/27.4.2026-ZKM-1-1024x682-1-900x600.avif 900w, https:\/\/www.press7.tv\/wp-content\/uploads\/2026\/04\/27.4.2026-ZKM-1-1024x682-1.avif 1024w\" sizes=\"(max-width: 300px) 100vw, 300px\" \/><\/p>\n<p>N\u00eb em\u00ebr t\u00eb institucioneve federale zvicerane t\u00eb pranishme n\u00eb k\u00ebt\u00eb ngjarje, pjes\u00ebmarr\u00ebsve iu drejtua Ambasadorja Patricia Danzi, Drejtoresh\u00eb e P\u00ebrgjithshme e Agjencis\u00eb Zvicerane p\u00ebr Zhvillim dhe Bashk\u00ebpunim (SDC) n\u00eb kuad\u00ebr t\u00eb Departamentit Federal p\u00ebr Pun\u00eb t\u00eb Jashtme (FDFA).<\/p>\n<p>\u2018\u2019Fokusi yn\u00eb me Programin e Bashk\u00ebpunimit 2026\u20132029 \u00ebsht\u00eb plot\u00ebsisht n\u00eb p\u00ebrputhje me Strategjin\u00eb Komb\u00ebtare Zhvillimore t\u00eb Kosov\u00ebs dhe i nd\u00ebrtuar n\u00eb partneritet t\u00eb ngusht\u00eb me institucionet qendrore dhe lokale, sektorin privat dhe shoq\u00ebrin\u00eb civile. Nd\u00ebrsa programi p\u00ebrfaq\u00ebson nj\u00eb angazhim t\u00eb konsideruesh\u00ebm prej 70 milion\u00eb eurosh, vlera e tij e v\u00ebrtet\u00eb shkon p\u00ebrtej vet\u00eb financimit. Burimet financiare kan\u00eb r\u00ebnd\u00ebsi vet\u00ebm kur p\u00ebrkthehen n\u00eb ndikim real\u2014kur p\u00ebrmir\u00ebsojn\u00eb jet\u00ebn, forcojn\u00eb sistemet dhe krijojn\u00eb mund\u00ebsi dometh\u00ebn\u00ebse p\u00ebr njer\u00ebzit n\u00eb gjith\u00eb Kosov\u00ebn\u201ddeklaroi Ambasadorja Danzi.<\/p>\n<p>Kryeministri i Kosov\u00ebs, Albin Kurti, fal\u00ebnderoi Zvicr\u00ebn p\u00ebr mb\u00ebshtetjen e vazhdueshme, duke folur p\u00ebr lidhjet e ngushta nd\u00ebrmjet dy vendeve dhe rolin e r\u00ebnd\u00ebsish\u00ebm t\u00eb diaspor\u00ebs kosovare n\u00eb Zvic\u00ebr. Ai vuri n\u00eb dukje se Zvicra \u00ebsht\u00eb nd\u00ebr partner\u00ebt m\u00eb t\u00eb m\u00ebdhenj dypal\u00ebsh t\u00eb bashk\u00ebpunimit p\u00ebr Kosov\u00ebn dhe investitori i dyt\u00eb m\u00eb i madh i huaj, duke theksuar se ky partneritet i fort\u00eb do t\u00eb vazhdoj\u00eb t\u00eb form\u00ebsoj\u00eb bashk\u00ebpunimin nd\u00ebrmjet dy vendeve n\u00eb vitet e ardhshme.<\/p>\n<p>\u2018\u2019Q\u00ebllimi i Kosov\u00ebs \u00ebsht\u00eb i qart\u00eb: an\u00ebtar\u00ebsimi i plot\u00eb n\u00eb Bashkimin Evropian (BE). Strategjia jon\u00eb Komb\u00ebtare p\u00ebr Zhvillim 2030 sh\u00ebrben si udh\u00ebrr\u00ebfyes, nd\u00ebrsa Programi i Bashk\u00ebpunimit t\u00eb Zvicr\u00ebs n\u00eb Kosov\u00eb p\u00ebr periudh\u00ebn 2026-2029 \u00ebsht\u00eb i harmonizuar ngusht\u00eb me t\u00eb dhe me prioritetet e reformave t\u00eb BE-s\u00eb. \u00c7do frank\u00eb zvicerane, \u00e7do or\u00eb e ekspertiz\u00ebs teknike, dhe \u00e7do shk\u00ebmbim n\u00eb fush\u00ebn e politikave \u00ebsht\u00eb nj\u00eb kontribut n\u00eb rug\u00ebtimin ton\u00eb evropian. Zvicr\u00ebs i themi faleminderit, deklaroi Kryeministri Kurti.<\/p>\n<p>Programi i Bashk\u00ebpunimit t\u00eb Zvicr\u00ebs n\u00eb Kosov\u00eb 2026\u20132029 pasqyron p\u00ebrkushtimin e p\u00ebrbashk\u00ebt t\u00eb Zvicr\u00ebs dhe Kosov\u00ebs p\u00ebr t\u00eb ruajtur stabilitetin, p\u00ebr t\u00eb promovuar zhvillimin e q\u00ebndruesh\u00ebm dhe p\u00ebr t\u00eb adresuar sfidat e reja. I harmonizuar me prioritetet e Qeveris\u00eb s\u00eb Kosov\u00ebs, programi fokusohet n\u00eb tri fusha kryesore: Qeverisja Demokratike dhe Paqja; Zhvillimi Ekonomik i Q\u00ebndruesh\u00ebm dhe Tranzicioni i Gjelb\u00ebr; si dhe Zhvillimi i Barabart\u00eb Njer\u00ebzor. Po ashtu, do t\u00eb vazhdoj\u00eb edhe bashk\u00ebpunimi dypal\u00ebsh n\u00eb fush\u00ebn e migrimit.<\/p>\n<p>Kontributi financiar i Zvicr\u00ebs p\u00ebr kat\u00ebr vitet e ardhshme arrin n\u00eb 64.5 milion\u00eb CHF (rreth 70 milion\u00eb euro).<\/p>\n<p>Programi \u00ebsht\u00eb zhvilluar p\u00ebrmes nj\u00eb qasjeje gjith\u00ebp\u00ebrfshir\u00ebse, duke p\u00ebrfshir\u00eb Agjencin\u00eb Zvicerane p\u00ebr Zhvillim dhe Bashk\u00ebpunim (SDC), Divizionin p\u00ebr Paqe dhe t\u00eb Drejtat e Njeriut n\u00eb kuad\u00ebr t\u00eb FDFA-s\u00eb, Sekretariatin Shtet\u00ebror p\u00ebr \u00c7\u00ebshtje Ekonomike (SECO) dhe Sekretariatin Shtet\u00ebror p\u00ebr Migrim (SEM).<\/p>\n","protected":false},"excerpt":{"rendered":"<p>Duke u mb\u00ebshtetur n\u00eb dekada miq\u00ebsie dhe marr\u00ebdh\u00ebnie t\u00eb ngushta mes dy vendeve, Kosova dhe Zvicra sh\u00ebnuan sot partneritetin e tyre t\u00eb q\u00ebndruesh\u00ebm p\u00ebrmes lansimit t\u00eb Programit t\u00eb Bashk\u00ebpunimit t\u00eb Zvicr\u00ebs n\u00eb Kosov\u00eb p\u00ebr periudh\u00ebn 2026\u20132029. N\u00eb nj\u00eb ngjarje t\u00eb p\u00ebrbashk\u00ebt t\u00eb mbajtur n\u00eb Prishtin\u00eb, me pjes\u00ebmarrjen e p\u00ebrfaq\u00ebsuesve institucional\u00eb, partner\u00ebve dhe p\u00ebrfituesve t\u00eb shumt\u00eb, [&hellip;]<\/p>\n","protected":false},"author":8,"featured_media":28450,"comment_status":"closed","ping_status":"closed","sticky":false,"template":"","format":"standard","meta":{"footnotes":""},"categories":[217,213],"tags":[],"class_list":["post-28448","post","type-post","status-publish","format-standard","has-post-thumbnail","hentry","category-bote","category-lajme"],"yoast_head":"<!-- This site is optimized with the Yoast SEO plugin v25.1 - https:\/\/yoast.com\/wordpress\/plugins\/seo\/ -->\n<title>Zvicra vazhdon mb\u00ebshtetjen p\u00ebr Kosov\u00ebn: Lansohet programi i ri i bashk\u00ebpunimit 2026-2029 - press7.tv<\/title>\n<meta name=\"robots\" content=\"index, follow, max-snippet:-1, max-image-preview:large, max-video-preview:-1\" \/>\n<link rel=\"canonical\" href=\"https:\/\/www.press7.tv\/?p=28448\" \/>\n<meta property=\"og:locale\" content=\"en_US\" \/>\n<meta property=\"og:type\" content=\"article\" \/>\n<meta property=\"og:title\" content=\"Zvicra vazhdon mb\u00ebshtetjen p\u00ebr Kosov\u00ebn: Lansohet programi i ri i bashk\u00ebpunimit 2026-2029 - press7.tv\" \/>\n<meta property=\"og:description\" content=\"Duke u mb\u00ebshtetur n\u00eb dekada miq\u00ebsie dhe marr\u00ebdh\u00ebnie t\u00eb ngushta mes dy vendeve, Kosova dhe Zvicra sh\u00ebnuan sot partneritetin e tyre t\u00eb q\u00ebndruesh\u00ebm p\u00ebrmes lansimit t\u00eb Programit t\u00eb Bashk\u00ebpunimit t\u00eb Zvicr\u00ebs n\u00eb Kosov\u00eb p\u00ebr periudh\u00ebn 2026\u20132029. N\u00eb nj\u00eb ngjarje t\u00eb p\u00ebrbashk\u00ebt t\u00eb mbajtur n\u00eb Prishtin\u00eb, me pjes\u00ebmarrjen e p\u00ebrfaq\u00ebsuesve institucional\u00eb, partner\u00ebve dhe p\u00ebrfituesve t\u00eb shumt\u00eb, [&hellip;]\" \/>\n<meta property=\"og:url\" content=\"https:\/\/www.press7.tv\/?p=28448\" \/>\n<meta property=\"og:site_name\" content=\"press7.tv\" \/>\n<meta property=\"article:publisher\" content=\"https:\/\/www.facebook.com\/press7.tv\" \/>\n<meta property=\"article:published_time\" content=\"2026-04-27T15:50:41+00:00\" \/>\n<meta property=\"og:image\" content=\"https:\/\/www.press7.tv\/wp-content\/uploads\/2026\/04\/27.4.2026-ZKM-6-1536x1022-1.avif\" \/>\n\t<meta property=\"og:image:width\" content=\"1536\" \/>\n\t<meta property=\"og:image:height\" content=\"1022\" \/>\n\t<meta property=\"og:image:type\" content=\"image\/jpeg\" \/>\n<meta name=\"author\" content=\"gazetar2\" \/>\n<meta name=\"twitter:card\" content=\"summary_large_image\" \/>\n<meta name=\"twitter:label1\" content=\"Written by\" \/>\n\t<meta name=\"twitter:data1\" content=\"gazetar2\" \/>\n\t<meta name=\"twitter:label2\" content=\"Est. reading time\" \/>\n\t<meta name=\"twitter:data2\" content=\"1 minute\" \/>\n<script type=\"application\/ld+json\" class=\"yoast-schema-graph\">{\"@context\":\"https:\/\/schema.org\",\"@graph\":[{\"@type\":\"Article\",\"@id\":\"https:\/\/www.press7.tv\/?p=28448#article\",\"isPartOf\":{\"@id\":\"https:\/\/www.press7.tv\/?p=28448\"},\"author\":{\"name\":\"gazetar2\",\"@id\":\"https:\/\/www.news33.tv\/#\/schema\/person\/5a04a38a23ccdba82f9bd665cd8f9efa\"},\"headline\":\"Zvicra vazhdon mb\u00ebshtetjen p\u00ebr Kosov\u00ebn: Lansohet programi i ri i bashk\u00ebpunimit 2026-2029\",\"datePublished\":\"2026-04-27T15:50:41+00:00\",\"mainEntityOfPage\":{\"@id\":\"https:\/\/www.press7.tv\/?p=28448\"},\"wordCount\":699,\"publisher\":{\"@id\":\"https:\/\/www.news33.tv\/#organization\"},\"image\":{\"@id\":\"https:\/\/www.press7.tv\/?p=28448#primaryimage\"},\"thumbnailUrl\":\"https:\/\/www.press7.tv\/wp-content\/uploads\/2026\/04\/27.4.2026-ZKM-6-1536x1022-1.avif\",\"articleSection\":[\"Bot\u00eb\",\"Lajme\"],\"inLanguage\":\"en-US\"},{\"@type\":\"WebPage\",\"@id\":\"https:\/\/www.press7.tv\/?p=28448\",\"url\":\"https:\/\/www.press7.tv\/?p=28448\",\"name\":\"Zvicra vazhdon mb\u00ebshtetjen p\u00ebr Kosov\u00ebn: Lansohet programi i ri i bashk\u00ebpunimit 2026-2029 - press7.tv\",\"isPartOf\":{\"@id\":\"https:\/\/www.news33.tv\/#website\"},\"primaryImageOfPage\":{\"@id\":\"https:\/\/www.press7.tv\/?p=28448#primaryimage\"},\"image\":{\"@id\":\"https:\/\/www.press7.tv\/?p=28448#primaryimage\"},\"thumbnailUrl\":\"https:\/\/www.press7.tv\/wp-content\/uploads\/2026\/04\/27.4.2026-ZKM-6-1536x1022-1.avif\",\"datePublished\":\"2026-04-27T15:50:41+00:00\",\"breadcrumb\":{\"@id\":\"https:\/\/www.press7.tv\/?p=28448#breadcrumb\"},\"inLanguage\":\"en-US\",\"potentialAction\":[{\"@type\":\"ReadAction\",\"target\":[\"https:\/\/www.press7.tv\/?p=28448\"]}]},{\"@type\":\"ImageObject\",\"inLanguage\":\"en-US\",\"@id\":\"https:\/\/www.press7.tv\/?p=28448#primaryimage\",\"url\":\"https:\/\/www.press7.tv\/wp-content\/uploads\/2026\/04\/27.4.2026-ZKM-6-1536x1022-1.avif\",\"contentUrl\":\"https:\/\/www.press7.tv\/wp-content\/uploads\/2026\/04\/27.4.2026-ZKM-6-1536x1022-1.avif\",\"width\":1536,\"height\":1022},{\"@type\":\"BreadcrumbList\",\"@id\":\"https:\/\/www.press7.tv\/?p=28448#breadcrumb\",\"itemListElement\":[{\"@type\":\"ListItem\",\"position\":1,\"name\":\"Home\",\"item\":\"https:\/\/www.press7.tv\/\"},{\"@type\":\"ListItem\",\"position\":2,\"name\":\"Zvicra vazhdon mb\u00ebshtetjen p\u00ebr Kosov\u00ebn: Lansohet programi i ri i bashk\u00ebpunimit 2026-2029\"}]},{\"@type\":\"WebSite\",\"@id\":\"https:\/\/www.news33.tv\/#website\",\"url\":\"https:\/\/www.news33.tv\/\",\"name\":\"News33.tv Media\",\"description\":\"Media\",\"publisher\":{\"@id\":\"https:\/\/www.news33.tv\/#organization\"},\"potentialAction\":[{\"@type\":\"SearchAction\",\"target\":{\"@type\":\"EntryPoint\",\"urlTemplate\":\"https:\/\/www.news33.tv\/?s={search_term_string}\"},\"query-input\":{\"@type\":\"PropertyValueSpecification\",\"valueRequired\":true,\"valueName\":\"search_term_string\"}}],\"inLanguage\":\"en-US\"},{\"@type\":\"Organization\",\"@id\":\"https:\/\/www.news33.tv\/#organization\",\"name\":\"News33.tv Media\",\"url\":\"https:\/\/www.news33.tv\/\",\"logo\":{\"@type\":\"ImageObject\",\"inLanguage\":\"en-US\",\"@id\":\"https:\/\/www.news33.tv\/#\/schema\/logo\/image\/\",\"url\":\"https:\/\/www.press7.tv\/wp-content\/uploads\/2024\/02\/logo-news33-black.png\",\"contentUrl\":\"https:\/\/www.press7.tv\/wp-content\/uploads\/2024\/02\/logo-news33-black.png\",\"width\":180,\"height\":37,\"caption\":\"News33.tv Media\"},\"image\":{\"@id\":\"https:\/\/www.news33.tv\/#\/schema\/logo\/image\/\"},\"sameAs\":[\"https:\/\/www.facebook.com\/press7.tv\"]},{\"@type\":\"Person\",\"@id\":\"https:\/\/www.news33.tv\/#\/schema\/person\/5a04a38a23ccdba82f9bd665cd8f9efa\",\"name\":\"gazetar2\",\"image\":{\"@type\":\"ImageObject\",\"inLanguage\":\"en-US\",\"@id\":\"https:\/\/www.news33.tv\/#\/schema\/person\/image\/\",\"url\":\"https:\/\/www.press7.tv\/wp-content\/litespeed\/avatar\/41975e402c3049d9ddb03adca8f7a883.jpg?ver=1777169572\",\"contentUrl\":\"https:\/\/www.press7.tv\/wp-content\/litespeed\/avatar\/41975e402c3049d9ddb03adca8f7a883.jpg?ver=1777169572\",\"caption\":\"gazetar2\"},\"url\":\"https:\/\/www.press7.tv\/?author=8\"}]}<\/script>\n<!-- \/ Yoast SEO plugin. -->","yoast_head_json":{"title":"Zvicra vazhdon mb\u00ebshtetjen p\u00ebr Kosov\u00ebn: Lansohet programi i ri i bashk\u00ebpunimit 2026-2029 - press7.tv","robots":{"index":"index","follow":"follow","max-snippet":"max-snippet:-1","max-image-preview":"max-image-preview:large","max-video-preview":"max-video-preview:-1"},"canonical":"https:\/\/www.press7.tv\/?p=28448","og_locale":"en_US","og_type":"article","og_title":"Zvicra vazhdon mb\u00ebshtetjen p\u00ebr Kosov\u00ebn: Lansohet programi i ri i bashk\u00ebpunimit 2026-2029 - press7.tv","og_description":"Duke u mb\u00ebshtetur n\u00eb dekada miq\u00ebsie dhe marr\u00ebdh\u00ebnie t\u00eb ngushta mes dy vendeve, Kosova dhe Zvicra sh\u00ebnuan sot partneritetin e tyre t\u00eb q\u00ebndruesh\u00ebm p\u00ebrmes lansimit t\u00eb Programit t\u00eb Bashk\u00ebpunimit t\u00eb Zvicr\u00ebs n\u00eb Kosov\u00eb p\u00ebr periudh\u00ebn 2026\u20132029. N\u00eb nj\u00eb ngjarje t\u00eb p\u00ebrbashk\u00ebt t\u00eb mbajtur n\u00eb Prishtin\u00eb, me pjes\u00ebmarrjen e p\u00ebrfaq\u00ebsuesve institucional\u00eb, partner\u00ebve dhe p\u00ebrfituesve t\u00eb shumt\u00eb, [&hellip;]","og_url":"https:\/\/www.press7.tv\/?p=28448","og_site_name":"press7.tv","article_publisher":"https:\/\/www.facebook.com\/press7.tv","article_published_time":"2026-04-27T15:50:41+00:00","og_image":[{"width":1536,"height":1022,"url":"https:\/\/www.press7.tv\/wp-content\/uploads\/2026\/04\/27.4.2026-ZKM-6-1536x1022-1.avif","type":"image\/jpeg"}],"author":"gazetar2","twitter_card":"summary_large_image","twitter_misc":{"Written by":"gazetar2","Est. reading time":"1 minute"},"schema":{"@context":"https:\/\/schema.org","@graph":[{"@type":"Article","@id":"https:\/\/www.press7.tv\/?p=28448#article","isPartOf":{"@id":"https:\/\/www.press7.tv\/?p=28448"},"author":{"name":"gazetar2","@id":"https:\/\/www.news33.tv\/#\/schema\/person\/5a04a38a23ccdba82f9bd665cd8f9efa"},"headline":"Zvicra vazhdon mb\u00ebshtetjen p\u00ebr Kosov\u00ebn: Lansohet programi i ri i bashk\u00ebpunimit 2026-2029","datePublished":"2026-04-27T15:50:41+00:00","mainEntityOfPage":{"@id":"https:\/\/www.press7.tv\/?p=28448"},"wordCount":699,"publisher":{"@id":"https:\/\/www.news33.tv\/#organization"},"image":{"@id":"https:\/\/www.press7.tv\/?p=28448#primaryimage"},"thumbnailUrl":"https:\/\/www.press7.tv\/wp-content\/uploads\/2026\/04\/27.4.2026-ZKM-6-1536x1022-1.avif","articleSection":["Bot\u00eb","Lajme"],"inLanguage":"en-US"},{"@type":"WebPage","@id":"https:\/\/www.press7.tv\/?p=28448","url":"https:\/\/www.press7.tv\/?p=28448","name":"Zvicra vazhdon mb\u00ebshtetjen p\u00ebr Kosov\u00ebn: Lansohet programi i ri i bashk\u00ebpunimit 2026-2029 - press7.tv","isPartOf":{"@id":"https:\/\/www.news33.tv\/#website"},"primaryImageOfPage":{"@id":"https:\/\/www.press7.tv\/?p=28448#primaryimage"},"image":{"@id":"https:\/\/www.press7.tv\/?p=28448#primaryimage"},"thumbnailUrl":"https:\/\/www.press7.tv\/wp-content\/uploads\/2026\/04\/27.4.2026-ZKM-6-1536x1022-1.avif","datePublished":"2026-04-27T15:50:41+00:00","breadcrumb":{"@id":"https:\/\/www.press7.tv\/?p=28448#breadcrumb"},"inLanguage":"en-US","potentialAction":[{"@type":"ReadAction","target":["https:\/\/www.press7.tv\/?p=28448"]}]},{"@type":"ImageObject","inLanguage":"en-US","@id":"https:\/\/www.press7.tv\/?p=28448#primaryimage","url":"https:\/\/www.press7.tv\/wp-content\/uploads\/2026\/04\/27.4.2026-ZKM-6-1536x1022-1.avif","contentUrl":"https:\/\/www.press7.tv\/wp-content\/uploads\/2026\/04\/27.4.2026-ZKM-6-1536x1022-1.avif","width":1536,"height":1022},{"@type":"BreadcrumbList","@id":"https:\/\/www.press7.tv\/?p=28448#breadcrumb","itemListElement":[{"@type":"ListItem","position":1,"name":"Home","item":"https:\/\/www.press7.tv\/"},{"@type":"ListItem","position":2,"name":"Zvicra vazhdon mb\u00ebshtetjen p\u00ebr Kosov\u00ebn: Lansohet programi i ri i bashk\u00ebpunimit 2026-2029"}]},{"@type":"WebSite","@id":"https:\/\/www.news33.tv\/#website","url":"https:\/\/www.news33.tv\/","name":"News33.tv Media","description":"Media","publisher":{"@id":"https:\/\/www.news33.tv\/#organization"},"potentialAction":[{"@type":"SearchAction","target":{"@type":"EntryPoint","urlTemplate":"https:\/\/www.news33.tv\/?s={search_term_string}"},"query-input":{"@type":"PropertyValueSpecification","valueRequired":true,"valueName":"search_term_string"}}],"inLanguage":"en-US"},{"@type":"Organization","@id":"https:\/\/www.news33.tv\/#organization","name":"News33.tv Media","url":"https:\/\/www.news33.tv\/","logo":{"@type":"ImageObject","inLanguage":"en-US","@id":"https:\/\/www.news33.tv\/#\/schema\/logo\/image\/","url":"https:\/\/www.press7.tv\/wp-content\/uploads\/2024\/02\/logo-news33-black.png","contentUrl":"https:\/\/www.press7.tv\/wp-content\/uploads\/2024\/02\/logo-news33-black.png","width":180,"height":37,"caption":"News33.tv Media"},"image":{"@id":"https:\/\/www.news33.tv\/#\/schema\/logo\/image\/"},"sameAs":["https:\/\/www.facebook.com\/press7.tv"]},{"@type":"Person","@id":"https:\/\/www.news33.tv\/#\/schema\/person\/5a04a38a23ccdba82f9bd665cd8f9efa","name":"gazetar2","image":{"@type":"ImageObject","inLanguage":"en-US","@id":"https:\/\/www.news33.tv\/#\/schema\/person\/image\/","url":"https:\/\/www.press7.tv\/wp-content\/litespeed\/avatar\/41975e402c3049d9ddb03adca8f7a883.jpg?ver=1777169572","contentUrl":"https:\/\/www.press7.tv\/wp-content\/litespeed\/avatar\/41975e402c3049d9ddb03adca8f7a883.jpg?ver=1777169572","caption":"gazetar2"},"url":"https:\/\/www.press7.tv\/?author=8"}]}},"amp_enabled":true,"_links":{"self":[{"href":"https:\/\/www.press7.tv\/index.php?rest_route=\/wp\/v2\/posts\/28448","targetHints":{"allow":["GET"]}}],"collection":[{"href":"https:\/\/www.press7.tv\/index.php?rest_route=\/wp\/v2\/posts"}],"about":[{"href":"https:\/\/www.press7.tv\/index.php?rest_route=\/wp\/v2\/types\/post"}],"author":[{"embeddable":true,"href":"https:\/\/www.press7.tv\/index.php?rest_route=\/wp\/v2\/users\/8"}],"replies":[{"embeddable":true,"href":"https:\/\/www.press7.tv\/index.php?rest_route=%2Fwp%2Fv2%2Fcomments&post=28448"}],"version-history":[{"count":1,"href":"https:\/\/www.press7.tv\/index.php?rest_route=\/wp\/v2\/posts\/28448\/revisions"}],"predecessor-version":[{"id":28451,"href":"https:\/\/www.press7.tv\/index.php?rest_route=\/wp\/v2\/posts\/28448\/revisions\/28451"}],"wp:featuredmedia":[{"embeddable":true,"href":"https:\/\/www.press7.tv\/index.php?rest_route=\/wp\/v2\/media\/28450"}],"wp:attachment":[{"href":"https:\/\/www.press7.tv\/index.php?rest_route=%2Fwp%2Fv2%2Fmedia&parent=28448"}],"wp:term":[{"taxonomy":"category","embeddable":true,"href":"https:\/\/www.press7.tv\/index.php?rest_route=%2Fwp%2Fv2%2Fcategories&post=28448"},{"taxonomy":"post_tag","embeddable":true,"href":"https:\/\/www.press7.tv\/index.php?rest_route=%2Fwp%2Fv2%2Ftags&post=28448"}],"curies":[{"name":"wp","href":"https:\/\/api.w.org\/{rel}","templated":true}]}}