{"id":28445,"date":"2026-04-27T15:46:20","date_gmt":"2026-04-27T15:46:20","guid":{"rendered":"https:\/\/www.press7.tv\/?p=28445"},"modified":"2026-04-27T15:46:20","modified_gmt":"2026-04-27T15:46:20","slug":"abdixhiku-i-trembet-seances-per-presidentin-smarrim-pjese","status":"publish","type":"post","link":"https:\/\/www.press7.tv\/?p=28445","title":{"rendered":"Abdixhiku i \u201ctrembet\u201d seanc\u00ebs p\u00ebr presidentin: S\u2019marrim pjes\u00eb"},"content":{"rendered":"\n    <div class=\"xs_social_share_widget xs_share_url before_content \t\tmain_content  wslu-style-2 wslu-share-box-shaped wslu-fill-colored wslu-share-m-5 wslu-none wslu-share-vertical wslu-theme-font-no wslu-main_content\">\n\n\t\t\n        <ul>\n\t\t\t        <\/ul>\n    <\/div> \n<p>Kryetari i LDK-s\u00eb, Lumir Abdixhiku, ka njoftuar se partia e tij nuk do t\u00eb marr\u00eb pjes\u00eb n\u00eb seanc\u00ebn e sotme t\u00eb Kuvendit, ku pritet t\u00eb diskutohen zhvillimet rreth zgjedhjes s\u00eb Presidentit.<\/p>\n<p>Abdixhiku deklaroi para mediave se LDK nuk do t\u00eb b\u00ebhet pjes\u00eb e asaj q\u00eb e quajti \u201cshow propagandues i VV-s\u00eb\u201d, duke refuzuar pjes\u00ebmarrjen vet\u00ebm nj\u00eb dit\u00eb para p\u00ebrfundimit t\u00eb afatit kushtetues p\u00ebr zgjedhjen e kreut t\u00eb shtetit.<\/p>\n<p>\u201cMarrim pjes\u00eb? Jo. Nuk marrim pjes\u00eb n\u00eb seanc\u00eb\u201d, tha ai shkurt para gazetar\u00ebve.<\/p>\n<p>Mungesa e LDK-s\u00eb n\u00eb k\u00ebt\u00eb moment kritik po shihet si shmangie nga nj\u00eb p\u00ebrballje politike n\u00eb Kuvend, n\u00eb koh\u00ebn kur vendi ndodhet p\u00ebrball\u00eb afatit t\u00eb fundit kushtetues dhe pa asnj\u00eb marr\u00ebveshje mes partive p\u00ebr nj\u00eb kandidat konsensual.<\/p>\n<p>Nd\u00ebrkoh\u00eb, nes\u00ebr skadon afati kushtetues p\u00ebr zgjedhjen e Presidentit.<\/p>\n","protected":false},"excerpt":{"rendered":"<p>Kryetari i LDK-s\u00eb, Lumir Abdixhiku, ka njoftuar se partia e tij nuk do t\u00eb marr\u00eb pjes\u00eb n\u00eb seanc\u00ebn e sotme t\u00eb Kuvendit, ku pritet t\u00eb diskutohen zhvillimet rreth zgjedhjes s\u00eb Presidentit. Abdixhiku deklaroi para mediave se LDK nuk do t\u00eb b\u00ebhet pjes\u00eb e asaj q\u00eb e quajti \u201cshow propagandues i VV-s\u00eb\u201d, duke refuzuar pjes\u00ebmarrjen vet\u00ebm [&hellip;]<\/p>\n","protected":false},"author":8,"featured_media":28446,"comment_status":"closed","ping_status":"closed","sticky":false,"template":"","format":"standard","meta":{"footnotes":""},"categories":[215,213],"tags":[],"class_list":["post-28445","post","type-post","status-publish","format-standard","has-post-thumbnail","hentry","category-kosove","category-lajme"],"yoast_head":"<!-- This site is optimized with the Yoast SEO plugin v25.1 - https:\/\/yoast.com\/wordpress\/plugins\/seo\/ -->\n<title>Abdixhiku i \u201ctrembet\u201d seanc\u00ebs p\u00ebr presidentin: S\u2019marrim pjes\u00eb - press7.tv<\/title>\n<meta name=\"robots\" content=\"index, follow, max-snippet:-1, max-image-preview:large, max-video-preview:-1\" \/>\n<link rel=\"canonical\" href=\"https:\/\/www.press7.tv\/?p=28445\" \/>\n<meta property=\"og:locale\" content=\"en_US\" \/>\n<meta property=\"og:type\" content=\"article\" \/>\n<meta property=\"og:title\" content=\"Abdixhiku i \u201ctrembet\u201d seanc\u00ebs p\u00ebr presidentin: S\u2019marrim pjes\u00eb - press7.tv\" \/>\n<meta property=\"og:description\" content=\"Kryetari i LDK-s\u00eb, Lumir Abdixhiku, ka njoftuar se partia e tij nuk do t\u00eb marr\u00eb pjes\u00eb n\u00eb seanc\u00ebn e sotme t\u00eb Kuvendit, ku pritet t\u00eb diskutohen zhvillimet rreth zgjedhjes s\u00eb Presidentit. Abdixhiku deklaroi para mediave se LDK nuk do t\u00eb b\u00ebhet pjes\u00eb e asaj q\u00eb e quajti \u201cshow propagandues i VV-s\u00eb\u201d, duke refuzuar pjes\u00ebmarrjen vet\u00ebm [&hellip;]\" \/>\n<meta property=\"og:url\" content=\"https:\/\/www.press7.tv\/?p=28445\" \/>\n<meta property=\"og:site_name\" content=\"press7.tv\" \/>\n<meta property=\"article:publisher\" content=\"https:\/\/www.facebook.com\/press7.tv\" \/>\n<meta property=\"article:published_time\" content=\"2026-04-27T15:46:20+00:00\" \/>\n<meta property=\"og:image\" content=\"https:\/\/www.press7.tv\/wp-content\/uploads\/2026\/04\/Foto-Web-AR-2026-04-27T160832.211-800x445-1.avif\" \/>\n\t<meta property=\"og:image:width\" content=\"800\" \/>\n\t<meta property=\"og:image:height\" content=\"445\" \/>\n\t<meta property=\"og:image:type\" content=\"image\/jpeg\" \/>\n<meta name=\"author\" content=\"gazetar2\" \/>\n<meta name=\"twitter:card\" content=\"summary_large_image\" \/>\n<meta name=\"twitter:label1\" content=\"Written by\" \/>\n\t<meta name=\"twitter:data1\" content=\"gazetar2\" \/>\n\t<meta name=\"twitter:label2\" content=\"Est. reading time\" \/>\n\t<meta name=\"twitter:data2\" content=\"1 minute\" \/>\n<script type=\"application\/ld+json\" class=\"yoast-schema-graph\">{\"@context\":\"https:\/\/schema.org\",\"@graph\":[{\"@type\":\"Article\",\"@id\":\"https:\/\/www.press7.tv\/?p=28445#article\",\"isPartOf\":{\"@id\":\"https:\/\/www.press7.tv\/?p=28445\"},\"author\":{\"name\":\"gazetar2\",\"@id\":\"https:\/\/www.news33.tv\/#\/schema\/person\/5a04a38a23ccdba82f9bd665cd8f9efa\"},\"headline\":\"Abdixhiku i \u201ctrembet\u201d seanc\u00ebs p\u00ebr presidentin: S\u2019marrim pjes\u00eb\",\"datePublished\":\"2026-04-27T15:46:20+00:00\",\"mainEntityOfPage\":{\"@id\":\"https:\/\/www.press7.tv\/?p=28445\"},\"wordCount\":154,\"publisher\":{\"@id\":\"https:\/\/www.news33.tv\/#organization\"},\"image\":{\"@id\":\"https:\/\/www.press7.tv\/?p=28445#primaryimage\"},\"thumbnailUrl\":\"https:\/\/www.press7.tv\/wp-content\/uploads\/2026\/04\/Foto-Web-AR-2026-04-27T160832.211-800x445-1.avif\",\"articleSection\":[\"Kosov\u00eb\",\"Lajme\"],\"inLanguage\":\"en-US\"},{\"@type\":\"WebPage\",\"@id\":\"https:\/\/www.press7.tv\/?p=28445\",\"url\":\"https:\/\/www.press7.tv\/?p=28445\",\"name\":\"Abdixhiku i \u201ctrembet\u201d seanc\u00ebs p\u00ebr presidentin: S\u2019marrim pjes\u00eb - press7.tv\",\"isPartOf\":{\"@id\":\"https:\/\/www.news33.tv\/#website\"},\"primaryImageOfPage\":{\"@id\":\"https:\/\/www.press7.tv\/?p=28445#primaryimage\"},\"image\":{\"@id\":\"https:\/\/www.press7.tv\/?p=28445#primaryimage\"},\"thumbnailUrl\":\"https:\/\/www.press7.tv\/wp-content\/uploads\/2026\/04\/Foto-Web-AR-2026-04-27T160832.211-800x445-1.avif\",\"datePublished\":\"2026-04-27T15:46:20+00:00\",\"breadcrumb\":{\"@id\":\"https:\/\/www.press7.tv\/?p=28445#breadcrumb\"},\"inLanguage\":\"en-US\",\"potentialAction\":[{\"@type\":\"ReadAction\",\"target\":[\"https:\/\/www.press7.tv\/?p=28445\"]}]},{\"@type\":\"ImageObject\",\"inLanguage\":\"en-US\",\"@id\":\"https:\/\/www.press7.tv\/?p=28445#primaryimage\",\"url\":\"https:\/\/www.press7.tv\/wp-content\/uploads\/2026\/04\/Foto-Web-AR-2026-04-27T160832.211-800x445-1.avif\",\"contentUrl\":\"https:\/\/www.press7.tv\/wp-content\/uploads\/2026\/04\/Foto-Web-AR-2026-04-27T160832.211-800x445-1.avif\",\"width\":800,\"height\":445},{\"@type\":\"BreadcrumbList\",\"@id\":\"https:\/\/www.press7.tv\/?p=28445#breadcrumb\",\"itemListElement\":[{\"@type\":\"ListItem\",\"position\":1,\"name\":\"Home\",\"item\":\"https:\/\/www.press7.tv\/\"},{\"@type\":\"ListItem\",\"position\":2,\"name\":\"Abdixhiku i \u201ctrembet\u201d seanc\u00ebs p\u00ebr presidentin: S\u2019marrim pjes\u00eb\"}]},{\"@type\":\"WebSite\",\"@id\":\"https:\/\/www.news33.tv\/#website\",\"url\":\"https:\/\/www.news33.tv\/\",\"name\":\"News33.tv Media\",\"description\":\"Media\",\"publisher\":{\"@id\":\"https:\/\/www.news33.tv\/#organization\"},\"potentialAction\":[{\"@type\":\"SearchAction\",\"target\":{\"@type\":\"EntryPoint\",\"urlTemplate\":\"https:\/\/www.news33.tv\/?s={search_term_string}\"},\"query-input\":{\"@type\":\"PropertyValueSpecification\",\"valueRequired\":true,\"valueName\":\"search_term_string\"}}],\"inLanguage\":\"en-US\"},{\"@type\":\"Organization\",\"@id\":\"https:\/\/www.news33.tv\/#organization\",\"name\":\"News33.tv Media\",\"url\":\"https:\/\/www.news33.tv\/\",\"logo\":{\"@type\":\"ImageObject\",\"inLanguage\":\"en-US\",\"@id\":\"https:\/\/www.news33.tv\/#\/schema\/logo\/image\/\",\"url\":\"https:\/\/www.press7.tv\/wp-content\/uploads\/2024\/02\/logo-news33-black.png\",\"contentUrl\":\"https:\/\/www.press7.tv\/wp-content\/uploads\/2024\/02\/logo-news33-black.png\",\"width\":180,\"height\":37,\"caption\":\"News33.tv Media\"},\"image\":{\"@id\":\"https:\/\/www.news33.tv\/#\/schema\/logo\/image\/\"},\"sameAs\":[\"https:\/\/www.facebook.com\/press7.tv\"]},{\"@type\":\"Person\",\"@id\":\"https:\/\/www.news33.tv\/#\/schema\/person\/5a04a38a23ccdba82f9bd665cd8f9efa\",\"name\":\"gazetar2\",\"image\":{\"@type\":\"ImageObject\",\"inLanguage\":\"en-US\",\"@id\":\"https:\/\/www.news33.tv\/#\/schema\/person\/image\/\",\"url\":\"https:\/\/www.press7.tv\/wp-content\/litespeed\/avatar\/41975e402c3049d9ddb03adca8f7a883.jpg?ver=1777169572\",\"contentUrl\":\"https:\/\/www.press7.tv\/wp-content\/litespeed\/avatar\/41975e402c3049d9ddb03adca8f7a883.jpg?ver=1777169572\",\"caption\":\"gazetar2\"},\"url\":\"https:\/\/www.press7.tv\/?author=8\"}]}<\/script>\n<!-- \/ Yoast SEO plugin. -->","yoast_head_json":{"title":"Abdixhiku i \u201ctrembet\u201d seanc\u00ebs p\u00ebr presidentin: S\u2019marrim pjes\u00eb - press7.tv","robots":{"index":"index","follow":"follow","max-snippet":"max-snippet:-1","max-image-preview":"max-image-preview:large","max-video-preview":"max-video-preview:-1"},"canonical":"https:\/\/www.press7.tv\/?p=28445","og_locale":"en_US","og_type":"article","og_title":"Abdixhiku i \u201ctrembet\u201d seanc\u00ebs p\u00ebr presidentin: S\u2019marrim pjes\u00eb - press7.tv","og_description":"Kryetari i LDK-s\u00eb, Lumir Abdixhiku, ka njoftuar se partia e tij nuk do t\u00eb marr\u00eb pjes\u00eb n\u00eb seanc\u00ebn e sotme t\u00eb Kuvendit, ku pritet t\u00eb diskutohen zhvillimet rreth zgjedhjes s\u00eb Presidentit. Abdixhiku deklaroi para mediave se LDK nuk do t\u00eb b\u00ebhet pjes\u00eb e asaj q\u00eb e quajti \u201cshow propagandues i VV-s\u00eb\u201d, duke refuzuar pjes\u00ebmarrjen vet\u00ebm [&hellip;]","og_url":"https:\/\/www.press7.tv\/?p=28445","og_site_name":"press7.tv","article_publisher":"https:\/\/www.facebook.com\/press7.tv","article_published_time":"2026-04-27T15:46:20+00:00","og_image":[{"width":800,"height":445,"url":"https:\/\/www.press7.tv\/wp-content\/uploads\/2026\/04\/Foto-Web-AR-2026-04-27T160832.211-800x445-1.avif","type":"image\/jpeg"}],"author":"gazetar2","twitter_card":"summary_large_image","twitter_misc":{"Written by":"gazetar2","Est. reading time":"1 minute"},"schema":{"@context":"https:\/\/schema.org","@graph":[{"@type":"Article","@id":"https:\/\/www.press7.tv\/?p=28445#article","isPartOf":{"@id":"https:\/\/www.press7.tv\/?p=28445"},"author":{"name":"gazetar2","@id":"https:\/\/www.news33.tv\/#\/schema\/person\/5a04a38a23ccdba82f9bd665cd8f9efa"},"headline":"Abdixhiku i \u201ctrembet\u201d seanc\u00ebs p\u00ebr presidentin: S\u2019marrim pjes\u00eb","datePublished":"2026-04-27T15:46:20+00:00","mainEntityOfPage":{"@id":"https:\/\/www.press7.tv\/?p=28445"},"wordCount":154,"publisher":{"@id":"https:\/\/www.news33.tv\/#organization"},"image":{"@id":"https:\/\/www.press7.tv\/?p=28445#primaryimage"},"thumbnailUrl":"https:\/\/www.press7.tv\/wp-content\/uploads\/2026\/04\/Foto-Web-AR-2026-04-27T160832.211-800x445-1.avif","articleSection":["Kosov\u00eb","Lajme"],"inLanguage":"en-US"},{"@type":"WebPage","@id":"https:\/\/www.press7.tv\/?p=28445","url":"https:\/\/www.press7.tv\/?p=28445","name":"Abdixhiku i \u201ctrembet\u201d seanc\u00ebs p\u00ebr presidentin: S\u2019marrim pjes\u00eb - press7.tv","isPartOf":{"@id":"https:\/\/www.news33.tv\/#website"},"primaryImageOfPage":{"@id":"https:\/\/www.press7.tv\/?p=28445#primaryimage"},"image":{"@id":"https:\/\/www.press7.tv\/?p=28445#primaryimage"},"thumbnailUrl":"https:\/\/www.press7.tv\/wp-content\/uploads\/2026\/04\/Foto-Web-AR-2026-04-27T160832.211-800x445-1.avif","datePublished":"2026-04-27T15:46:20+00:00","breadcrumb":{"@id":"https:\/\/www.press7.tv\/?p=28445#breadcrumb"},"inLanguage":"en-US","potentialAction":[{"@type":"ReadAction","target":["https:\/\/www.press7.tv\/?p=28445"]}]},{"@type":"ImageObject","inLanguage":"en-US","@id":"https:\/\/www.press7.tv\/?p=28445#primaryimage","url":"https:\/\/www.press7.tv\/wp-content\/uploads\/2026\/04\/Foto-Web-AR-2026-04-27T160832.211-800x445-1.avif","contentUrl":"https:\/\/www.press7.tv\/wp-content\/uploads\/2026\/04\/Foto-Web-AR-2026-04-27T160832.211-800x445-1.avif","width":800,"height":445},{"@type":"BreadcrumbList","@id":"https:\/\/www.press7.tv\/?p=28445#breadcrumb","itemListElement":[{"@type":"ListItem","position":1,"name":"Home","item":"https:\/\/www.press7.tv\/"},{"@type":"ListItem","position":2,"name":"Abdixhiku i \u201ctrembet\u201d seanc\u00ebs p\u00ebr presidentin: S\u2019marrim pjes\u00eb"}]},{"@type":"WebSite","@id":"https:\/\/www.news33.tv\/#website","url":"https:\/\/www.news33.tv\/","name":"News33.tv Media","description":"Media","publisher":{"@id":"https:\/\/www.news33.tv\/#organization"},"potentialAction":[{"@type":"SearchAction","target":{"@type":"EntryPoint","urlTemplate":"https:\/\/www.news33.tv\/?s={search_term_string}"},"query-input":{"@type":"PropertyValueSpecification","valueRequired":true,"valueName":"search_term_string"}}],"inLanguage":"en-US"},{"@type":"Organization","@id":"https:\/\/www.news33.tv\/#organization","name":"News33.tv Media","url":"https:\/\/www.news33.tv\/","logo":{"@type":"ImageObject","inLanguage":"en-US","@id":"https:\/\/www.news33.tv\/#\/schema\/logo\/image\/","url":"https:\/\/www.press7.tv\/wp-content\/uploads\/2024\/02\/logo-news33-black.png","contentUrl":"https:\/\/www.press7.tv\/wp-content\/uploads\/2024\/02\/logo-news33-black.png","width":180,"height":37,"caption":"News33.tv Media"},"image":{"@id":"https:\/\/www.news33.tv\/#\/schema\/logo\/image\/"},"sameAs":["https:\/\/www.facebook.com\/press7.tv"]},{"@type":"Person","@id":"https:\/\/www.news33.tv\/#\/schema\/person\/5a04a38a23ccdba82f9bd665cd8f9efa","name":"gazetar2","image":{"@type":"ImageObject","inLanguage":"en-US","@id":"https:\/\/www.news33.tv\/#\/schema\/person\/image\/","url":"https:\/\/www.press7.tv\/wp-content\/litespeed\/avatar\/41975e402c3049d9ddb03adca8f7a883.jpg?ver=1777169572","contentUrl":"https:\/\/www.press7.tv\/wp-content\/litespeed\/avatar\/41975e402c3049d9ddb03adca8f7a883.jpg?ver=1777169572","caption":"gazetar2"},"url":"https:\/\/www.press7.tv\/?author=8"}]}},"amp_enabled":true,"_links":{"self":[{"href":"https:\/\/www.press7.tv\/index.php?rest_route=\/wp\/v2\/posts\/28445","targetHints":{"allow":["GET"]}}],"collection":[{"href":"https:\/\/www.press7.tv\/index.php?rest_route=\/wp\/v2\/posts"}],"about":[{"href":"https:\/\/www.press7.tv\/index.php?rest_route=\/wp\/v2\/types\/post"}],"author":[{"embeddable":true,"href":"https:\/\/www.press7.tv\/index.php?rest_route=\/wp\/v2\/users\/8"}],"replies":[{"embeddable":true,"href":"https:\/\/www.press7.tv\/index.php?rest_route=%2Fwp%2Fv2%2Fcomments&post=28445"}],"version-history":[{"count":1,"href":"https:\/\/www.press7.tv\/index.php?rest_route=\/wp\/v2\/posts\/28445\/revisions"}],"predecessor-version":[{"id":28447,"href":"https:\/\/www.press7.tv\/index.php?rest_route=\/wp\/v2\/posts\/28445\/revisions\/28447"}],"wp:featuredmedia":[{"embeddable":true,"href":"https:\/\/www.press7.tv\/index.php?rest_route=\/wp\/v2\/media\/28446"}],"wp:attachment":[{"href":"https:\/\/www.press7.tv\/index.php?rest_route=%2Fwp%2Fv2%2Fmedia&parent=28445"}],"wp:term":[{"taxonomy":"category","embeddable":true,"href":"https:\/\/www.press7.tv\/index.php?rest_route=%2Fwp%2Fv2%2Fcategories&post=28445"},{"taxonomy":"post_tag","embeddable":true,"href":"https:\/\/www.press7.tv\/index.php?rest_route=%2Fwp%2Fv2%2Ftags&post=28445"}],"curies":[{"name":"wp","href":"https:\/\/api.w.org\/{rel}","templated":true}]}}