{"id":28442,"date":"2026-04-27T13:01:52","date_gmt":"2026-04-27T13:01:52","guid":{"rendered":"https:\/\/www.press7.tv\/?p=28442"},"modified":"2026-04-27T13:01:52","modified_gmt":"2026-04-27T13:01:52","slug":"vv-me-propozim-te-papritur-per-presidentin","status":"publish","type":"post","link":"https:\/\/www.press7.tv\/?p=28442","title":{"rendered":"VV me propozim t\u00eb papritur p\u00ebr Presidentin"},"content":{"rendered":"\n    <div class=\"xs_social_share_widget xs_share_url before_content \t\tmain_content  wslu-style-2 wslu-share-box-shaped wslu-fill-colored wslu-share-m-5 wslu-none wslu-share-vertical wslu-theme-font-no wslu-main_content\">\n\n\t\t\n        <ul>\n\t\t\t        <\/ul>\n    <\/div> \n<p>Sonte pritet t\u00eb mbahet seanca e Kuvendit p\u00ebr zgjedhjen e Presidentit t\u00eb Kosov\u00ebs, n\u00eb nj\u00eb moment politik ku procesi \u00ebsht\u00eb futur n\u00eb nj\u00eb faz\u00eb t\u00eb ndjeshme p\u00ebr shkak t\u00eb munges\u00ebs s\u00eb marr\u00ebveshjes mes partive.<\/p>\n<p>Sipas raportimeve t\u00eb \u201cGazeta Minuti\u201d, L\u00ebvizja Vet\u00ebvendosje (VV) pritet t\u00eb dal\u00eb me nj\u00eb propozim t\u00eb ri p\u00ebr kandidatin p\u00ebr president, megjithat\u00eb emri i tij\/saj ende nuk \u00ebsht\u00eb b\u00ebr\u00eb publik. Ky zhvillim vjen pas diskutimeve t\u00eb brendshme politike dhe p\u00ebrpjekjeve p\u00ebr t\u00eb siguruar nj\u00eb shumic\u00eb t\u00eb nevojshme n\u00eb Kuvend p\u00ebr zgjedhjen e kreut t\u00eb shtetit.<\/p>\n<p>Seanca e sotme konsiderohet vendimtare, pasi zgjedhja e presidentit k\u00ebrkon konsensus t\u00eb gjer\u00eb politik dhe \u00e7do propozim i ri mund t\u00eb ndikoj\u00eb drejtp\u00ebrdrejt n\u00eb rrjedh\u00ebn e votimit.<\/p>\n<p>Nga ana tjet\u00ebr, deri m\u00eb tani nuk ka konfirmim zyrtar nga VV apo institucionet e Kuvendit p\u00ebr emrin e kandidatit q\u00eb mund t\u00eb propozohet n\u00eb k\u00ebt\u00eb faz\u00eb.<\/p>\n","protected":false},"excerpt":{"rendered":"<p>Sonte pritet t\u00eb mbahet seanca e Kuvendit p\u00ebr zgjedhjen e Presidentit t\u00eb Kosov\u00ebs, n\u00eb nj\u00eb moment politik ku procesi \u00ebsht\u00eb futur n\u00eb nj\u00eb faz\u00eb t\u00eb ndjeshme p\u00ebr shkak t\u00eb munges\u00ebs s\u00eb marr\u00ebveshjes mes partive. Sipas raportimeve t\u00eb \u201cGazeta Minuti\u201d, L\u00ebvizja Vet\u00ebvendosje (VV) pritet t\u00eb dal\u00eb me nj\u00eb propozim t\u00eb ri p\u00ebr kandidatin p\u00ebr president, megjithat\u00eb [&hellip;]<\/p>\n","protected":false},"author":8,"featured_media":28443,"comment_status":"closed","ping_status":"closed","sticky":false,"template":"","format":"standard","meta":{"footnotes":""},"categories":[215,213],"tags":[],"class_list":["post-28442","post","type-post","status-publish","format-standard","has-post-thumbnail","hentry","category-kosove","category-lajme"],"yoast_head":"<!-- This site is optimized with the Yoast SEO plugin v25.1 - https:\/\/yoast.com\/wordpress\/plugins\/seo\/ -->\n<title>VV me propozim t\u00eb papritur p\u00ebr Presidentin - press7.tv<\/title>\n<meta name=\"robots\" content=\"index, follow, max-snippet:-1, max-image-preview:large, max-video-preview:-1\" \/>\n<link rel=\"canonical\" href=\"https:\/\/www.press7.tv\/?p=28442\" \/>\n<meta property=\"og:locale\" content=\"en_US\" \/>\n<meta property=\"og:type\" content=\"article\" \/>\n<meta property=\"og:title\" content=\"VV me propozim t\u00eb papritur p\u00ebr Presidentin - press7.tv\" \/>\n<meta property=\"og:description\" content=\"Sonte pritet t\u00eb mbahet seanca e Kuvendit p\u00ebr zgjedhjen e Presidentit t\u00eb Kosov\u00ebs, n\u00eb nj\u00eb moment politik ku procesi \u00ebsht\u00eb futur n\u00eb nj\u00eb faz\u00eb t\u00eb ndjeshme p\u00ebr shkak t\u00eb munges\u00ebs s\u00eb marr\u00ebveshjes mes partive. Sipas raportimeve t\u00eb \u201cGazeta Minuti\u201d, L\u00ebvizja Vet\u00ebvendosje (VV) pritet t\u00eb dal\u00eb me nj\u00eb propozim t\u00eb ri p\u00ebr kandidatin p\u00ebr president, megjithat\u00eb [&hellip;]\" \/>\n<meta property=\"og:url\" content=\"https:\/\/www.press7.tv\/?p=28442\" \/>\n<meta property=\"og:site_name\" content=\"press7.tv\" \/>\n<meta property=\"article:publisher\" content=\"https:\/\/www.facebook.com\/press7.tv\" \/>\n<meta property=\"article:published_time\" content=\"2026-04-27T13:01:52+00:00\" \/>\n<meta property=\"og:image\" content=\"https:\/\/www.press7.tv\/wp-content\/uploads\/2026\/04\/att.rGgfE567NYS_i95TLE4BWbBwTT5isGiTtjQHamTsEGo.avif\" \/>\n\t<meta property=\"og:image:width\" content=\"923\" \/>\n\t<meta property=\"og:image:height\" content=\"488\" \/>\n\t<meta property=\"og:image:type\" content=\"image\/jpeg\" \/>\n<meta name=\"author\" content=\"gazetar2\" \/>\n<meta name=\"twitter:card\" content=\"summary_large_image\" \/>\n<meta name=\"twitter:label1\" content=\"Written by\" \/>\n\t<meta name=\"twitter:data1\" content=\"gazetar2\" \/>\n\t<meta name=\"twitter:label2\" content=\"Est. reading time\" \/>\n\t<meta name=\"twitter:data2\" content=\"1 minute\" \/>\n<script type=\"application\/ld+json\" class=\"yoast-schema-graph\">{\"@context\":\"https:\/\/schema.org\",\"@graph\":[{\"@type\":\"Article\",\"@id\":\"https:\/\/www.press7.tv\/?p=28442#article\",\"isPartOf\":{\"@id\":\"https:\/\/www.press7.tv\/?p=28442\"},\"author\":{\"name\":\"gazetar2\",\"@id\":\"https:\/\/www.news33.tv\/#\/schema\/person\/5a04a38a23ccdba82f9bd665cd8f9efa\"},\"headline\":\"VV me propozim t\u00eb papritur p\u00ebr Presidentin\",\"datePublished\":\"2026-04-27T13:01:52+00:00\",\"mainEntityOfPage\":{\"@id\":\"https:\/\/www.press7.tv\/?p=28442\"},\"wordCount\":170,\"publisher\":{\"@id\":\"https:\/\/www.news33.tv\/#organization\"},\"image\":{\"@id\":\"https:\/\/www.press7.tv\/?p=28442#primaryimage\"},\"thumbnailUrl\":\"https:\/\/www.press7.tv\/wp-content\/uploads\/2026\/04\/att.rGgfE567NYS_i95TLE4BWbBwTT5isGiTtjQHamTsEGo.avif\",\"articleSection\":[\"Kosov\u00eb\",\"Lajme\"],\"inLanguage\":\"en-US\"},{\"@type\":\"WebPage\",\"@id\":\"https:\/\/www.press7.tv\/?p=28442\",\"url\":\"https:\/\/www.press7.tv\/?p=28442\",\"name\":\"VV me propozim t\u00eb papritur p\u00ebr Presidentin - press7.tv\",\"isPartOf\":{\"@id\":\"https:\/\/www.news33.tv\/#website\"},\"primaryImageOfPage\":{\"@id\":\"https:\/\/www.press7.tv\/?p=28442#primaryimage\"},\"image\":{\"@id\":\"https:\/\/www.press7.tv\/?p=28442#primaryimage\"},\"thumbnailUrl\":\"https:\/\/www.press7.tv\/wp-content\/uploads\/2026\/04\/att.rGgfE567NYS_i95TLE4BWbBwTT5isGiTtjQHamTsEGo.avif\",\"datePublished\":\"2026-04-27T13:01:52+00:00\",\"breadcrumb\":{\"@id\":\"https:\/\/www.press7.tv\/?p=28442#breadcrumb\"},\"inLanguage\":\"en-US\",\"potentialAction\":[{\"@type\":\"ReadAction\",\"target\":[\"https:\/\/www.press7.tv\/?p=28442\"]}]},{\"@type\":\"ImageObject\",\"inLanguage\":\"en-US\",\"@id\":\"https:\/\/www.press7.tv\/?p=28442#primaryimage\",\"url\":\"https:\/\/www.press7.tv\/wp-content\/uploads\/2026\/04\/att.rGgfE567NYS_i95TLE4BWbBwTT5isGiTtjQHamTsEGo.avif\",\"contentUrl\":\"https:\/\/www.press7.tv\/wp-content\/uploads\/2026\/04\/att.rGgfE567NYS_i95TLE4BWbBwTT5isGiTtjQHamTsEGo.avif\",\"width\":923,\"height\":488},{\"@type\":\"BreadcrumbList\",\"@id\":\"https:\/\/www.press7.tv\/?p=28442#breadcrumb\",\"itemListElement\":[{\"@type\":\"ListItem\",\"position\":1,\"name\":\"Home\",\"item\":\"https:\/\/www.press7.tv\/\"},{\"@type\":\"ListItem\",\"position\":2,\"name\":\"VV me propozim t\u00eb papritur p\u00ebr Presidentin\"}]},{\"@type\":\"WebSite\",\"@id\":\"https:\/\/www.news33.tv\/#website\",\"url\":\"https:\/\/www.news33.tv\/\",\"name\":\"News33.tv Media\",\"description\":\"Media\",\"publisher\":{\"@id\":\"https:\/\/www.news33.tv\/#organization\"},\"potentialAction\":[{\"@type\":\"SearchAction\",\"target\":{\"@type\":\"EntryPoint\",\"urlTemplate\":\"https:\/\/www.news33.tv\/?s={search_term_string}\"},\"query-input\":{\"@type\":\"PropertyValueSpecification\",\"valueRequired\":true,\"valueName\":\"search_term_string\"}}],\"inLanguage\":\"en-US\"},{\"@type\":\"Organization\",\"@id\":\"https:\/\/www.news33.tv\/#organization\",\"name\":\"News33.tv Media\",\"url\":\"https:\/\/www.news33.tv\/\",\"logo\":{\"@type\":\"ImageObject\",\"inLanguage\":\"en-US\",\"@id\":\"https:\/\/www.news33.tv\/#\/schema\/logo\/image\/\",\"url\":\"https:\/\/www.press7.tv\/wp-content\/uploads\/2024\/02\/logo-news33-black.png\",\"contentUrl\":\"https:\/\/www.press7.tv\/wp-content\/uploads\/2024\/02\/logo-news33-black.png\",\"width\":180,\"height\":37,\"caption\":\"News33.tv Media\"},\"image\":{\"@id\":\"https:\/\/www.news33.tv\/#\/schema\/logo\/image\/\"},\"sameAs\":[\"https:\/\/www.facebook.com\/press7.tv\"]},{\"@type\":\"Person\",\"@id\":\"https:\/\/www.news33.tv\/#\/schema\/person\/5a04a38a23ccdba82f9bd665cd8f9efa\",\"name\":\"gazetar2\",\"image\":{\"@type\":\"ImageObject\",\"inLanguage\":\"en-US\",\"@id\":\"https:\/\/www.news33.tv\/#\/schema\/person\/image\/\",\"url\":\"https:\/\/www.press7.tv\/wp-content\/litespeed\/avatar\/41975e402c3049d9ddb03adca8f7a883.jpg?ver=1777169572\",\"contentUrl\":\"https:\/\/www.press7.tv\/wp-content\/litespeed\/avatar\/41975e402c3049d9ddb03adca8f7a883.jpg?ver=1777169572\",\"caption\":\"gazetar2\"},\"url\":\"https:\/\/www.press7.tv\/?author=8\"}]}<\/script>\n<!-- \/ Yoast SEO plugin. -->","yoast_head_json":{"title":"VV me propozim t\u00eb papritur p\u00ebr Presidentin - press7.tv","robots":{"index":"index","follow":"follow","max-snippet":"max-snippet:-1","max-image-preview":"max-image-preview:large","max-video-preview":"max-video-preview:-1"},"canonical":"https:\/\/www.press7.tv\/?p=28442","og_locale":"en_US","og_type":"article","og_title":"VV me propozim t\u00eb papritur p\u00ebr Presidentin - press7.tv","og_description":"Sonte pritet t\u00eb mbahet seanca e Kuvendit p\u00ebr zgjedhjen e Presidentit t\u00eb Kosov\u00ebs, n\u00eb nj\u00eb moment politik ku procesi \u00ebsht\u00eb futur n\u00eb nj\u00eb faz\u00eb t\u00eb ndjeshme p\u00ebr shkak t\u00eb munges\u00ebs s\u00eb marr\u00ebveshjes mes partive. Sipas raportimeve t\u00eb \u201cGazeta Minuti\u201d, L\u00ebvizja Vet\u00ebvendosje (VV) pritet t\u00eb dal\u00eb me nj\u00eb propozim t\u00eb ri p\u00ebr kandidatin p\u00ebr president, megjithat\u00eb [&hellip;]","og_url":"https:\/\/www.press7.tv\/?p=28442","og_site_name":"press7.tv","article_publisher":"https:\/\/www.facebook.com\/press7.tv","article_published_time":"2026-04-27T13:01:52+00:00","og_image":[{"width":923,"height":488,"url":"https:\/\/www.press7.tv\/wp-content\/uploads\/2026\/04\/att.rGgfE567NYS_i95TLE4BWbBwTT5isGiTtjQHamTsEGo.avif","type":"image\/jpeg"}],"author":"gazetar2","twitter_card":"summary_large_image","twitter_misc":{"Written by":"gazetar2","Est. reading time":"1 minute"},"schema":{"@context":"https:\/\/schema.org","@graph":[{"@type":"Article","@id":"https:\/\/www.press7.tv\/?p=28442#article","isPartOf":{"@id":"https:\/\/www.press7.tv\/?p=28442"},"author":{"name":"gazetar2","@id":"https:\/\/www.news33.tv\/#\/schema\/person\/5a04a38a23ccdba82f9bd665cd8f9efa"},"headline":"VV me propozim t\u00eb papritur p\u00ebr Presidentin","datePublished":"2026-04-27T13:01:52+00:00","mainEntityOfPage":{"@id":"https:\/\/www.press7.tv\/?p=28442"},"wordCount":170,"publisher":{"@id":"https:\/\/www.news33.tv\/#organization"},"image":{"@id":"https:\/\/www.press7.tv\/?p=28442#primaryimage"},"thumbnailUrl":"https:\/\/www.press7.tv\/wp-content\/uploads\/2026\/04\/att.rGgfE567NYS_i95TLE4BWbBwTT5isGiTtjQHamTsEGo.avif","articleSection":["Kosov\u00eb","Lajme"],"inLanguage":"en-US"},{"@type":"WebPage","@id":"https:\/\/www.press7.tv\/?p=28442","url":"https:\/\/www.press7.tv\/?p=28442","name":"VV me propozim t\u00eb papritur p\u00ebr Presidentin - press7.tv","isPartOf":{"@id":"https:\/\/www.news33.tv\/#website"},"primaryImageOfPage":{"@id":"https:\/\/www.press7.tv\/?p=28442#primaryimage"},"image":{"@id":"https:\/\/www.press7.tv\/?p=28442#primaryimage"},"thumbnailUrl":"https:\/\/www.press7.tv\/wp-content\/uploads\/2026\/04\/att.rGgfE567NYS_i95TLE4BWbBwTT5isGiTtjQHamTsEGo.avif","datePublished":"2026-04-27T13:01:52+00:00","breadcrumb":{"@id":"https:\/\/www.press7.tv\/?p=28442#breadcrumb"},"inLanguage":"en-US","potentialAction":[{"@type":"ReadAction","target":["https:\/\/www.press7.tv\/?p=28442"]}]},{"@type":"ImageObject","inLanguage":"en-US","@id":"https:\/\/www.press7.tv\/?p=28442#primaryimage","url":"https:\/\/www.press7.tv\/wp-content\/uploads\/2026\/04\/att.rGgfE567NYS_i95TLE4BWbBwTT5isGiTtjQHamTsEGo.avif","contentUrl":"https:\/\/www.press7.tv\/wp-content\/uploads\/2026\/04\/att.rGgfE567NYS_i95TLE4BWbBwTT5isGiTtjQHamTsEGo.avif","width":923,"height":488},{"@type":"BreadcrumbList","@id":"https:\/\/www.press7.tv\/?p=28442#breadcrumb","itemListElement":[{"@type":"ListItem","position":1,"name":"Home","item":"https:\/\/www.press7.tv\/"},{"@type":"ListItem","position":2,"name":"VV me propozim t\u00eb papritur p\u00ebr Presidentin"}]},{"@type":"WebSite","@id":"https:\/\/www.news33.tv\/#website","url":"https:\/\/www.news33.tv\/","name":"News33.tv Media","description":"Media","publisher":{"@id":"https:\/\/www.news33.tv\/#organization"},"potentialAction":[{"@type":"SearchAction","target":{"@type":"EntryPoint","urlTemplate":"https:\/\/www.news33.tv\/?s={search_term_string}"},"query-input":{"@type":"PropertyValueSpecification","valueRequired":true,"valueName":"search_term_string"}}],"inLanguage":"en-US"},{"@type":"Organization","@id":"https:\/\/www.news33.tv\/#organization","name":"News33.tv Media","url":"https:\/\/www.news33.tv\/","logo":{"@type":"ImageObject","inLanguage":"en-US","@id":"https:\/\/www.news33.tv\/#\/schema\/logo\/image\/","url":"https:\/\/www.press7.tv\/wp-content\/uploads\/2024\/02\/logo-news33-black.png","contentUrl":"https:\/\/www.press7.tv\/wp-content\/uploads\/2024\/02\/logo-news33-black.png","width":180,"height":37,"caption":"News33.tv Media"},"image":{"@id":"https:\/\/www.news33.tv\/#\/schema\/logo\/image\/"},"sameAs":["https:\/\/www.facebook.com\/press7.tv"]},{"@type":"Person","@id":"https:\/\/www.news33.tv\/#\/schema\/person\/5a04a38a23ccdba82f9bd665cd8f9efa","name":"gazetar2","image":{"@type":"ImageObject","inLanguage":"en-US","@id":"https:\/\/www.news33.tv\/#\/schema\/person\/image\/","url":"https:\/\/www.press7.tv\/wp-content\/litespeed\/avatar\/41975e402c3049d9ddb03adca8f7a883.jpg?ver=1777169572","contentUrl":"https:\/\/www.press7.tv\/wp-content\/litespeed\/avatar\/41975e402c3049d9ddb03adca8f7a883.jpg?ver=1777169572","caption":"gazetar2"},"url":"https:\/\/www.press7.tv\/?author=8"}]}},"amp_enabled":true,"_links":{"self":[{"href":"https:\/\/www.press7.tv\/index.php?rest_route=\/wp\/v2\/posts\/28442","targetHints":{"allow":["GET"]}}],"collection":[{"href":"https:\/\/www.press7.tv\/index.php?rest_route=\/wp\/v2\/posts"}],"about":[{"href":"https:\/\/www.press7.tv\/index.php?rest_route=\/wp\/v2\/types\/post"}],"author":[{"embeddable":true,"href":"https:\/\/www.press7.tv\/index.php?rest_route=\/wp\/v2\/users\/8"}],"replies":[{"embeddable":true,"href":"https:\/\/www.press7.tv\/index.php?rest_route=%2Fwp%2Fv2%2Fcomments&post=28442"}],"version-history":[{"count":1,"href":"https:\/\/www.press7.tv\/index.php?rest_route=\/wp\/v2\/posts\/28442\/revisions"}],"predecessor-version":[{"id":28444,"href":"https:\/\/www.press7.tv\/index.php?rest_route=\/wp\/v2\/posts\/28442\/revisions\/28444"}],"wp:featuredmedia":[{"embeddable":true,"href":"https:\/\/www.press7.tv\/index.php?rest_route=\/wp\/v2\/media\/28443"}],"wp:attachment":[{"href":"https:\/\/www.press7.tv\/index.php?rest_route=%2Fwp%2Fv2%2Fmedia&parent=28442"}],"wp:term":[{"taxonomy":"category","embeddable":true,"href":"https:\/\/www.press7.tv\/index.php?rest_route=%2Fwp%2Fv2%2Fcategories&post=28442"},{"taxonomy":"post_tag","embeddable":true,"href":"https:\/\/www.press7.tv\/index.php?rest_route=%2Fwp%2Fv2%2Ftags&post=28442"}],"curies":[{"name":"wp","href":"https:\/\/api.w.org\/{rel}","templated":true}]}}