{"id":28439,"date":"2026-04-27T12:50:31","date_gmt":"2026-04-27T12:50:31","guid":{"rendered":"https:\/\/www.press7.tv\/?p=28439"},"modified":"2026-04-27T12:50:31","modified_gmt":"2026-04-27T12:50:31","slug":"rama-te-gatshem-per-ligjin-per-mbrojtjen-e-vlerave-te-luftes-se-uck-se-ne-pritje-te-zhvillimeve-ne-kuvend","status":"publish","type":"post","link":"https:\/\/www.press7.tv\/?p=28439","title":{"rendered":"Rama: T\u00eb gatsh\u00ebm p\u00ebr ligjin p\u00ebr mbrojtjen e vlerave t\u00eb luft\u00ebs s\u00eb U\u00c7K-s\u00eb, n\u00eb pritje t\u00eb zhvillimeve n\u00eb Kuvend"},"content":{"rendered":"\n    <div class=\"xs_social_share_widget xs_share_url before_content \t\tmain_content  wslu-style-2 wslu-share-box-shaped wslu-fill-colored wslu-share-m-5 wslu-none wslu-share-vertical wslu-theme-font-no wslu-main_content\">\n\n\t\t\n        <ul>\n\t\t\t        <\/ul>\n    <\/div> \n<p>Deputeti i Partis\u00eb Demokratike t\u00eb Kosov\u00ebs, Rrahman Rama, ka njoftuar se s\u00eb bashku me 40 deputet\u00eb t\u00eb tjer\u00eb kan\u00eb nd\u00ebrmarr\u00eb veprimet e nevojshme institucionale p\u00ebr inicimin e Ligjit p\u00ebr Mbrojtjen e Vlerave t\u00eb Luft\u00ebs s\u00eb U\u00c7K-s\u00eb.<\/p>\n<p>Sipas tij, projektligji \u00ebsht\u00eb p\u00ebrgatitur dhe kompletuar me t\u00eb gjith\u00eb dokumentacionin p\u00ebrkat\u00ebs, por ende nuk \u00ebsht\u00eb dor\u00ebzuar zyrtarisht, p\u00ebr shkak t\u00eb, si\u00e7 ka th\u00ebn\u00eb, paqart\u00ebsive rreth mund\u00ebsis\u00eb s\u00eb shp\u00ebrndarjes s\u00eb Kuvendit, duke shtuar se jan\u00eb n\u00eb pritje t\u00eb zhvillimeve t\u00eb m\u00ebtejshme institucionale. <\/p>\n<p>Ai ka theksuar se n\u00eb rast se Kuvendi nuk shp\u00ebrndahet, projektligji do t\u00eb procedohet pa vones\u00eb.<\/p>\n<p>\u201cUn\u00eb, s\u00eb bashku me 40 deputet\u00eb t\u00eb Kuvendit t\u00eb Kosov\u00ebs, kemi nd\u00ebrmarr\u00eb t\u00eb gjitha veprimet e nevojshme institucionale p\u00ebr inicimin dhe miratimin e Ligjit p\u00ebr Mbrojtjen e Vlerave t\u00eb Luft\u00ebs s\u00eb U\u00c7K-s\u00eb. Projektligji \u00ebsht\u00eb p\u00ebrgatitur dhe kompletuar me t\u00eb gjith\u00eb dokumentacionin p\u00ebrkat\u00ebs. Megjithat\u00eb, deri m\u00eb tani nuk kemi proceduar me dor\u00ebzimin zyrtar t\u00eb k\u00ebrkes\u00ebs, p\u00ebr shkak t\u00eb paqart\u00ebsive lidhur me mund\u00ebsin\u00eb e shp\u00ebrndarjes s\u00eb Kuvendit. Jemi n\u00eb pritje t\u00eb zhvillimeve t\u00eb m\u00ebtejshme p\u00ebr t\u00eb vepruar n\u00eb p\u00ebrputhje me situat\u00ebn institucionale. N\u00eb rast se Kuvendi nuk shp\u00ebrndahet, projektligji do t\u00eb procedohet pa vones\u00eb, pasi jemi t\u00eb bindur se lufta jon\u00eb p\u00ebr liri dhe vlerat q\u00eb ajo p\u00ebrfaq\u00ebson meritojn\u00eb t\u00eb mbrohen dhe t\u00eb institucionalizohen p\u00ebrmes ligjit\u201d, ka shkruar Rama n\u00eb Facebook. <\/p>\n<p>Ai m\u00eb tej ka shprehur mir\u00ebnjohjen p\u00ebr deputet\u00ebt q\u00eb kan\u00eb mb\u00ebshtetur nism\u00ebn.<\/p>\n","protected":false},"excerpt":{"rendered":"<p>Deputeti i Partis\u00eb Demokratike t\u00eb Kosov\u00ebs, Rrahman Rama, ka njoftuar se s\u00eb bashku me 40 deputet\u00eb t\u00eb tjer\u00eb kan\u00eb nd\u00ebrmarr\u00eb veprimet e nevojshme institucionale p\u00ebr inicimin e Ligjit p\u00ebr Mbrojtjen e Vlerave t\u00eb Luft\u00ebs s\u00eb U\u00c7K-s\u00eb. Sipas tij, projektligji \u00ebsht\u00eb p\u00ebrgatitur dhe kompletuar me t\u00eb gjith\u00eb dokumentacionin p\u00ebrkat\u00ebs, por ende nuk \u00ebsht\u00eb dor\u00ebzuar zyrtarisht, p\u00ebr [&hellip;]<\/p>\n","protected":false},"author":8,"featured_media":28440,"comment_status":"closed","ping_status":"closed","sticky":false,"template":"","format":"standard","meta":{"footnotes":""},"categories":[216],"tags":[],"class_list":["post-28439","post","type-post","status-publish","format-standard","has-post-thumbnail","hentry","category-shqiperi"],"yoast_head":"<!-- This site is optimized with the Yoast SEO plugin v25.1 - https:\/\/yoast.com\/wordpress\/plugins\/seo\/ -->\n<title>Rama: T\u00eb gatsh\u00ebm p\u00ebr ligjin p\u00ebr mbrojtjen e vlerave t\u00eb luft\u00ebs s\u00eb U\u00c7K-s\u00eb, n\u00eb pritje t\u00eb zhvillimeve n\u00eb Kuvend - press7.tv<\/title>\n<meta name=\"robots\" content=\"index, follow, max-snippet:-1, max-image-preview:large, max-video-preview:-1\" \/>\n<link rel=\"canonical\" href=\"https:\/\/www.press7.tv\/?p=28439\" \/>\n<meta property=\"og:locale\" content=\"en_US\" \/>\n<meta property=\"og:type\" content=\"article\" \/>\n<meta property=\"og:title\" content=\"Rama: T\u00eb gatsh\u00ebm p\u00ebr ligjin p\u00ebr mbrojtjen e vlerave t\u00eb luft\u00ebs s\u00eb U\u00c7K-s\u00eb, n\u00eb pritje t\u00eb zhvillimeve n\u00eb Kuvend - press7.tv\" \/>\n<meta property=\"og:description\" content=\"Deputeti i Partis\u00eb Demokratike t\u00eb Kosov\u00ebs, Rrahman Rama, ka njoftuar se s\u00eb bashku me 40 deputet\u00eb t\u00eb tjer\u00eb kan\u00eb nd\u00ebrmarr\u00eb veprimet e nevojshme institucionale p\u00ebr inicimin e Ligjit p\u00ebr Mbrojtjen e Vlerave t\u00eb Luft\u00ebs s\u00eb U\u00c7K-s\u00eb. Sipas tij, projektligji \u00ebsht\u00eb p\u00ebrgatitur dhe kompletuar me t\u00eb gjith\u00eb dokumentacionin p\u00ebrkat\u00ebs, por ende nuk \u00ebsht\u00eb dor\u00ebzuar zyrtarisht, p\u00ebr [&hellip;]\" \/>\n<meta property=\"og:url\" content=\"https:\/\/www.press7.tv\/?p=28439\" \/>\n<meta property=\"og:site_name\" content=\"press7.tv\" \/>\n<meta property=\"article:publisher\" content=\"https:\/\/www.facebook.com\/press7.tv\" \/>\n<meta property=\"article:published_time\" content=\"2026-04-27T12:50:31+00:00\" \/>\n<meta property=\"og:image\" content=\"https:\/\/www.press7.tv\/wp-content\/uploads\/2026\/04\/1c43d300-b565-4fd6-9339-280ba593f4fd.avif\" \/>\n\t<meta property=\"og:image:width\" content=\"675\" \/>\n\t<meta property=\"og:image:height\" content=\"435\" \/>\n\t<meta property=\"og:image:type\" content=\"image\/webp\" \/>\n<meta name=\"author\" content=\"gazetar2\" \/>\n<meta name=\"twitter:card\" content=\"summary_large_image\" \/>\n<meta name=\"twitter:label1\" content=\"Written by\" \/>\n\t<meta name=\"twitter:data1\" content=\"gazetar2\" \/>\n\t<meta name=\"twitter:label2\" content=\"Est. reading time\" \/>\n\t<meta name=\"twitter:data2\" content=\"1 minute\" \/>\n<script type=\"application\/ld+json\" class=\"yoast-schema-graph\">{\"@context\":\"https:\/\/schema.org\",\"@graph\":[{\"@type\":\"Article\",\"@id\":\"https:\/\/www.press7.tv\/?p=28439#article\",\"isPartOf\":{\"@id\":\"https:\/\/www.press7.tv\/?p=28439\"},\"author\":{\"name\":\"gazetar2\",\"@id\":\"https:\/\/www.news33.tv\/#\/schema\/person\/5a04a38a23ccdba82f9bd665cd8f9efa\"},\"headline\":\"Rama: T\u00eb gatsh\u00ebm p\u00ebr ligjin p\u00ebr mbrojtjen e vlerave t\u00eb luft\u00ebs s\u00eb U\u00c7K-s\u00eb, n\u00eb pritje t\u00eb zhvillimeve n\u00eb Kuvend\",\"datePublished\":\"2026-04-27T12:50:31+00:00\",\"mainEntityOfPage\":{\"@id\":\"https:\/\/www.press7.tv\/?p=28439\"},\"wordCount\":294,\"publisher\":{\"@id\":\"https:\/\/www.news33.tv\/#organization\"},\"image\":{\"@id\":\"https:\/\/www.press7.tv\/?p=28439#primaryimage\"},\"thumbnailUrl\":\"https:\/\/www.press7.tv\/wp-content\/uploads\/2026\/04\/1c43d300-b565-4fd6-9339-280ba593f4fd.avif\",\"articleSection\":[\"Shqip\u00ebri\"],\"inLanguage\":\"en-US\"},{\"@type\":\"WebPage\",\"@id\":\"https:\/\/www.press7.tv\/?p=28439\",\"url\":\"https:\/\/www.press7.tv\/?p=28439\",\"name\":\"Rama: T\u00eb gatsh\u00ebm p\u00ebr ligjin p\u00ebr mbrojtjen e vlerave t\u00eb luft\u00ebs s\u00eb U\u00c7K-s\u00eb, n\u00eb pritje t\u00eb zhvillimeve n\u00eb Kuvend - press7.tv\",\"isPartOf\":{\"@id\":\"https:\/\/www.news33.tv\/#website\"},\"primaryImageOfPage\":{\"@id\":\"https:\/\/www.press7.tv\/?p=28439#primaryimage\"},\"image\":{\"@id\":\"https:\/\/www.press7.tv\/?p=28439#primaryimage\"},\"thumbnailUrl\":\"https:\/\/www.press7.tv\/wp-content\/uploads\/2026\/04\/1c43d300-b565-4fd6-9339-280ba593f4fd.avif\",\"datePublished\":\"2026-04-27T12:50:31+00:00\",\"breadcrumb\":{\"@id\":\"https:\/\/www.press7.tv\/?p=28439#breadcrumb\"},\"inLanguage\":\"en-US\",\"potentialAction\":[{\"@type\":\"ReadAction\",\"target\":[\"https:\/\/www.press7.tv\/?p=28439\"]}]},{\"@type\":\"ImageObject\",\"inLanguage\":\"en-US\",\"@id\":\"https:\/\/www.press7.tv\/?p=28439#primaryimage\",\"url\":\"https:\/\/www.press7.tv\/wp-content\/uploads\/2026\/04\/1c43d300-b565-4fd6-9339-280ba593f4fd.avif\",\"contentUrl\":\"https:\/\/www.press7.tv\/wp-content\/uploads\/2026\/04\/1c43d300-b565-4fd6-9339-280ba593f4fd.avif\",\"width\":675,\"height\":435},{\"@type\":\"BreadcrumbList\",\"@id\":\"https:\/\/www.press7.tv\/?p=28439#breadcrumb\",\"itemListElement\":[{\"@type\":\"ListItem\",\"position\":1,\"name\":\"Home\",\"item\":\"https:\/\/www.press7.tv\/\"},{\"@type\":\"ListItem\",\"position\":2,\"name\":\"Rama: T\u00eb gatsh\u00ebm p\u00ebr ligjin p\u00ebr mbrojtjen e vlerave t\u00eb luft\u00ebs s\u00eb U\u00c7K-s\u00eb, n\u00eb pritje t\u00eb zhvillimeve n\u00eb Kuvend\"}]},{\"@type\":\"WebSite\",\"@id\":\"https:\/\/www.news33.tv\/#website\",\"url\":\"https:\/\/www.news33.tv\/\",\"name\":\"News33.tv Media\",\"description\":\"Media\",\"publisher\":{\"@id\":\"https:\/\/www.news33.tv\/#organization\"},\"potentialAction\":[{\"@type\":\"SearchAction\",\"target\":{\"@type\":\"EntryPoint\",\"urlTemplate\":\"https:\/\/www.news33.tv\/?s={search_term_string}\"},\"query-input\":{\"@type\":\"PropertyValueSpecification\",\"valueRequired\":true,\"valueName\":\"search_term_string\"}}],\"inLanguage\":\"en-US\"},{\"@type\":\"Organization\",\"@id\":\"https:\/\/www.news33.tv\/#organization\",\"name\":\"News33.tv Media\",\"url\":\"https:\/\/www.news33.tv\/\",\"logo\":{\"@type\":\"ImageObject\",\"inLanguage\":\"en-US\",\"@id\":\"https:\/\/www.news33.tv\/#\/schema\/logo\/image\/\",\"url\":\"https:\/\/www.press7.tv\/wp-content\/uploads\/2024\/02\/logo-news33-black.png\",\"contentUrl\":\"https:\/\/www.press7.tv\/wp-content\/uploads\/2024\/02\/logo-news33-black.png\",\"width\":180,\"height\":37,\"caption\":\"News33.tv Media\"},\"image\":{\"@id\":\"https:\/\/www.news33.tv\/#\/schema\/logo\/image\/\"},\"sameAs\":[\"https:\/\/www.facebook.com\/press7.tv\"]},{\"@type\":\"Person\",\"@id\":\"https:\/\/www.news33.tv\/#\/schema\/person\/5a04a38a23ccdba82f9bd665cd8f9efa\",\"name\":\"gazetar2\",\"image\":{\"@type\":\"ImageObject\",\"inLanguage\":\"en-US\",\"@id\":\"https:\/\/www.news33.tv\/#\/schema\/person\/image\/\",\"url\":\"https:\/\/www.press7.tv\/wp-content\/litespeed\/avatar\/41975e402c3049d9ddb03adca8f7a883.jpg?ver=1777169572\",\"contentUrl\":\"https:\/\/www.press7.tv\/wp-content\/litespeed\/avatar\/41975e402c3049d9ddb03adca8f7a883.jpg?ver=1777169572\",\"caption\":\"gazetar2\"},\"url\":\"https:\/\/www.press7.tv\/?author=8\"}]}<\/script>\n<!-- \/ Yoast SEO plugin. -->","yoast_head_json":{"title":"Rama: T\u00eb gatsh\u00ebm p\u00ebr ligjin p\u00ebr mbrojtjen e vlerave t\u00eb luft\u00ebs s\u00eb U\u00c7K-s\u00eb, n\u00eb pritje t\u00eb zhvillimeve n\u00eb Kuvend - press7.tv","robots":{"index":"index","follow":"follow","max-snippet":"max-snippet:-1","max-image-preview":"max-image-preview:large","max-video-preview":"max-video-preview:-1"},"canonical":"https:\/\/www.press7.tv\/?p=28439","og_locale":"en_US","og_type":"article","og_title":"Rama: T\u00eb gatsh\u00ebm p\u00ebr ligjin p\u00ebr mbrojtjen e vlerave t\u00eb luft\u00ebs s\u00eb U\u00c7K-s\u00eb, n\u00eb pritje t\u00eb zhvillimeve n\u00eb Kuvend - press7.tv","og_description":"Deputeti i Partis\u00eb Demokratike t\u00eb Kosov\u00ebs, Rrahman Rama, ka njoftuar se s\u00eb bashku me 40 deputet\u00eb t\u00eb tjer\u00eb kan\u00eb nd\u00ebrmarr\u00eb veprimet e nevojshme institucionale p\u00ebr inicimin e Ligjit p\u00ebr Mbrojtjen e Vlerave t\u00eb Luft\u00ebs s\u00eb U\u00c7K-s\u00eb. Sipas tij, projektligji \u00ebsht\u00eb p\u00ebrgatitur dhe kompletuar me t\u00eb gjith\u00eb dokumentacionin p\u00ebrkat\u00ebs, por ende nuk \u00ebsht\u00eb dor\u00ebzuar zyrtarisht, p\u00ebr [&hellip;]","og_url":"https:\/\/www.press7.tv\/?p=28439","og_site_name":"press7.tv","article_publisher":"https:\/\/www.facebook.com\/press7.tv","article_published_time":"2026-04-27T12:50:31+00:00","og_image":[{"width":675,"height":435,"url":"https:\/\/www.press7.tv\/wp-content\/uploads\/2026\/04\/1c43d300-b565-4fd6-9339-280ba593f4fd.avif","type":"image\/webp"}],"author":"gazetar2","twitter_card":"summary_large_image","twitter_misc":{"Written by":"gazetar2","Est. reading time":"1 minute"},"schema":{"@context":"https:\/\/schema.org","@graph":[{"@type":"Article","@id":"https:\/\/www.press7.tv\/?p=28439#article","isPartOf":{"@id":"https:\/\/www.press7.tv\/?p=28439"},"author":{"name":"gazetar2","@id":"https:\/\/www.news33.tv\/#\/schema\/person\/5a04a38a23ccdba82f9bd665cd8f9efa"},"headline":"Rama: T\u00eb gatsh\u00ebm p\u00ebr ligjin p\u00ebr mbrojtjen e vlerave t\u00eb luft\u00ebs s\u00eb U\u00c7K-s\u00eb, n\u00eb pritje t\u00eb zhvillimeve n\u00eb Kuvend","datePublished":"2026-04-27T12:50:31+00:00","mainEntityOfPage":{"@id":"https:\/\/www.press7.tv\/?p=28439"},"wordCount":294,"publisher":{"@id":"https:\/\/www.news33.tv\/#organization"},"image":{"@id":"https:\/\/www.press7.tv\/?p=28439#primaryimage"},"thumbnailUrl":"https:\/\/www.press7.tv\/wp-content\/uploads\/2026\/04\/1c43d300-b565-4fd6-9339-280ba593f4fd.avif","articleSection":["Shqip\u00ebri"],"inLanguage":"en-US"},{"@type":"WebPage","@id":"https:\/\/www.press7.tv\/?p=28439","url":"https:\/\/www.press7.tv\/?p=28439","name":"Rama: T\u00eb gatsh\u00ebm p\u00ebr ligjin p\u00ebr mbrojtjen e vlerave t\u00eb luft\u00ebs s\u00eb U\u00c7K-s\u00eb, n\u00eb pritje t\u00eb zhvillimeve n\u00eb Kuvend - press7.tv","isPartOf":{"@id":"https:\/\/www.news33.tv\/#website"},"primaryImageOfPage":{"@id":"https:\/\/www.press7.tv\/?p=28439#primaryimage"},"image":{"@id":"https:\/\/www.press7.tv\/?p=28439#primaryimage"},"thumbnailUrl":"https:\/\/www.press7.tv\/wp-content\/uploads\/2026\/04\/1c43d300-b565-4fd6-9339-280ba593f4fd.avif","datePublished":"2026-04-27T12:50:31+00:00","breadcrumb":{"@id":"https:\/\/www.press7.tv\/?p=28439#breadcrumb"},"inLanguage":"en-US","potentialAction":[{"@type":"ReadAction","target":["https:\/\/www.press7.tv\/?p=28439"]}]},{"@type":"ImageObject","inLanguage":"en-US","@id":"https:\/\/www.press7.tv\/?p=28439#primaryimage","url":"https:\/\/www.press7.tv\/wp-content\/uploads\/2026\/04\/1c43d300-b565-4fd6-9339-280ba593f4fd.avif","contentUrl":"https:\/\/www.press7.tv\/wp-content\/uploads\/2026\/04\/1c43d300-b565-4fd6-9339-280ba593f4fd.avif","width":675,"height":435},{"@type":"BreadcrumbList","@id":"https:\/\/www.press7.tv\/?p=28439#breadcrumb","itemListElement":[{"@type":"ListItem","position":1,"name":"Home","item":"https:\/\/www.press7.tv\/"},{"@type":"ListItem","position":2,"name":"Rama: T\u00eb gatsh\u00ebm p\u00ebr ligjin p\u00ebr mbrojtjen e vlerave t\u00eb luft\u00ebs s\u00eb U\u00c7K-s\u00eb, n\u00eb pritje t\u00eb zhvillimeve n\u00eb Kuvend"}]},{"@type":"WebSite","@id":"https:\/\/www.news33.tv\/#website","url":"https:\/\/www.news33.tv\/","name":"News33.tv Media","description":"Media","publisher":{"@id":"https:\/\/www.news33.tv\/#organization"},"potentialAction":[{"@type":"SearchAction","target":{"@type":"EntryPoint","urlTemplate":"https:\/\/www.news33.tv\/?s={search_term_string}"},"query-input":{"@type":"PropertyValueSpecification","valueRequired":true,"valueName":"search_term_string"}}],"inLanguage":"en-US"},{"@type":"Organization","@id":"https:\/\/www.news33.tv\/#organization","name":"News33.tv Media","url":"https:\/\/www.news33.tv\/","logo":{"@type":"ImageObject","inLanguage":"en-US","@id":"https:\/\/www.news33.tv\/#\/schema\/logo\/image\/","url":"https:\/\/www.press7.tv\/wp-content\/uploads\/2024\/02\/logo-news33-black.png","contentUrl":"https:\/\/www.press7.tv\/wp-content\/uploads\/2024\/02\/logo-news33-black.png","width":180,"height":37,"caption":"News33.tv Media"},"image":{"@id":"https:\/\/www.news33.tv\/#\/schema\/logo\/image\/"},"sameAs":["https:\/\/www.facebook.com\/press7.tv"]},{"@type":"Person","@id":"https:\/\/www.news33.tv\/#\/schema\/person\/5a04a38a23ccdba82f9bd665cd8f9efa","name":"gazetar2","image":{"@type":"ImageObject","inLanguage":"en-US","@id":"https:\/\/www.news33.tv\/#\/schema\/person\/image\/","url":"https:\/\/www.press7.tv\/wp-content\/litespeed\/avatar\/41975e402c3049d9ddb03adca8f7a883.jpg?ver=1777169572","contentUrl":"https:\/\/www.press7.tv\/wp-content\/litespeed\/avatar\/41975e402c3049d9ddb03adca8f7a883.jpg?ver=1777169572","caption":"gazetar2"},"url":"https:\/\/www.press7.tv\/?author=8"}]}},"amp_enabled":true,"_links":{"self":[{"href":"https:\/\/www.press7.tv\/index.php?rest_route=\/wp\/v2\/posts\/28439","targetHints":{"allow":["GET"]}}],"collection":[{"href":"https:\/\/www.press7.tv\/index.php?rest_route=\/wp\/v2\/posts"}],"about":[{"href":"https:\/\/www.press7.tv\/index.php?rest_route=\/wp\/v2\/types\/post"}],"author":[{"embeddable":true,"href":"https:\/\/www.press7.tv\/index.php?rest_route=\/wp\/v2\/users\/8"}],"replies":[{"embeddable":true,"href":"https:\/\/www.press7.tv\/index.php?rest_route=%2Fwp%2Fv2%2Fcomments&post=28439"}],"version-history":[{"count":1,"href":"https:\/\/www.press7.tv\/index.php?rest_route=\/wp\/v2\/posts\/28439\/revisions"}],"predecessor-version":[{"id":28441,"href":"https:\/\/www.press7.tv\/index.php?rest_route=\/wp\/v2\/posts\/28439\/revisions\/28441"}],"wp:featuredmedia":[{"embeddable":true,"href":"https:\/\/www.press7.tv\/index.php?rest_route=\/wp\/v2\/media\/28440"}],"wp:attachment":[{"href":"https:\/\/www.press7.tv\/index.php?rest_route=%2Fwp%2Fv2%2Fmedia&parent=28439"}],"wp:term":[{"taxonomy":"category","embeddable":true,"href":"https:\/\/www.press7.tv\/index.php?rest_route=%2Fwp%2Fv2%2Fcategories&post=28439"},{"taxonomy":"post_tag","embeddable":true,"href":"https:\/\/www.press7.tv\/index.php?rest_route=%2Fwp%2Fv2%2Ftags&post=28439"}],"curies":[{"name":"wp","href":"https:\/\/api.w.org\/{rel}","templated":true}]}}