{"id":28433,"date":"2026-04-27T10:59:51","date_gmt":"2026-04-27T10:59:51","guid":{"rendered":"https:\/\/www.press7.tv\/?p=28433"},"modified":"2026-04-27T10:59:51","modified_gmt":"2026-04-27T10:59:51","slug":"kurti-kerkon-presion-nderkombetar-ndaj-serbise-per-te-pagjeturit","status":"publish","type":"post","link":"https:\/\/www.press7.tv\/?p=28433","title":{"rendered":"Kurti k\u00ebrkon presion nd\u00ebrkomb\u00ebtar ndaj Serbis\u00eb p\u00ebr t\u00eb pagjeturit"},"content":{"rendered":"\n    <div class=\"xs_social_share_widget xs_share_url before_content \t\tmain_content  wslu-style-2 wslu-share-box-shaped wslu-fill-colored wslu-share-m-5 wslu-none wslu-share-vertical wslu-theme-font-no wslu-main_content\">\n\n\t\t\n        <ul>\n\t\t\t        <\/ul>\n    <\/div> \n<p>Kryeministri, Albin Kurti, bashk\u00eb me n\u00ebn\u00eb Ferdonijen nga Gjakova, bashk\u00ebpun\u00ebtore nga Qeveria e Kuvendi i Kosov\u00ebs, kan\u00eb b\u00ebr\u00eb homazhe pran\u00eb monumentit, n\u00eb Dit\u00ebn e t\u00eb Pagjeturve.<\/p>\n<p>Kurti tha se \u201cKosova ende i k\u00ebrkon edhe 1565 persona q\u00eb figurojn\u00eb si t\u00eb pagjetur, derisa i ka b\u00ebr\u00eb thirrje faktorit nd\u00ebrkomb\u00ebtar q\u00eb t\u00eb shtoj\u00eb trysnin\u00eb ndaj Serbis\u00eb, p\u00ebr t\u00eb treguar t\u00eb v\u00ebrtet\u00ebn p\u00ebr t\u00eb zhdukurit.<\/p>\n<p>\u201cNe i b\u00ebjm\u00eb thirrje faktorit nd\u00ebrkomb\u00ebtar q\u00eb t\u00eb b\u00ebj\u00eb trysni mbi Beogradin zyrtar dhe t\u00eb zbardh\u00eb t\u00eb v\u00ebrtet\u00ebn p\u00ebr t\u00eb zhdukurit tan\u00eb, meqen\u00ebse ata e mbajn\u00eb p\u00ebrgjegj\u00ebsin\u00eb dhe ata e din\u00eb t\u00eb v\u00ebrtet\u00ebn. Jan\u00eb edhe 11 varreza masive, p\u00ebrve\u00e7 atyre pes\u00eb, q\u00eb tashm\u00eb jan\u00eb zbuluar e p\u00ebr t\u00eb cilat Serbia nuk jep informacion, sepse \u00ebsht\u00eb komunikuar edhe nga vet\u00eb ata publikisht se jan\u00eb 16 varreza masive gjithsej. E vet\u00ebm n\u00eb nj\u00ebr\u00ebn prej tyre q\u00eb \u00ebsht\u00eb zbuluar, n\u00eb Batajnic\u00eb i kemi 744 t\u00eb pagjetur t\u00eb zhvarrosur prej atje, nd\u00ebrsa gjithsej deri tani jan\u00eb rreth 1 mij\u00eb shqiptar\u00eb q\u00eb jan\u00eb zbuluar n\u00eb varrezat masive n\u00eb Serbi\u201d, tha Kurti.<\/p>\n<p>Kreu qeveritar deklaroi se faktori nd\u00ebrkomb\u00ebtar, evropian e amerikan duhet t\u2019i b\u00ebjn\u00eb m\u00eb shum\u00eb trysni Beogradit, ashtu q\u00eb t\u00eb zbardhet e v\u00ebrteta e p\u00ebrgjegj\u00ebsit t t\u00eb dalin para gjyqit. Nd\u00ebrkoh\u00eb ai tha se ndon\u00ebse po b\u00ebhet pun\u00eb n\u00eb gjykimin e tyre, duhet t\u00eb b\u00ebhet edhe m\u00eb shum\u00eb, sepse d\u00ebshmitar\u00ebt, tha ai, po plaken, \u00e7ka sipas Kurtit e v\u00ebshtir\u00ebson p\u00ebrndjekjen dhe sjelljen e kriminel\u00ebve serb para drejt\u00ebsis\u00eb.<\/p>\n<p>Kreu i ekzekutivit tha se komisioni qeveritar p\u00ebr personat e zhdukur, Instituti i Mjek\u00ebsis\u00eb Ligjore, Policia e Kosov\u00ebs dhe t\u00eb gjitha institucionet e vendit, po b\u00ebjn\u00eb p\u00ebrpjekje maksimale p\u00ebr t\u00eb zbardhur fatin e t\u00eb zhdukurve.<\/p>\n<p>Ai tha se jan\u00eb edhe 11 varreza masive p\u00ebrve\u00e7 atyre pes\u00eb, q\u00eb tashm\u00eb jan\u00eb zbuluar e p\u00ebr t\u00eb cilat Serbia nuk jep informacion, sepse \u00ebsht\u00eb komunikuar edhe nga vet\u00eb ata publikisht se jan\u00eb 16 varreza masive gjithsej.<\/p>\n","protected":false},"excerpt":{"rendered":"<p>Kryeministri, Albin Kurti, bashk\u00eb me n\u00ebn\u00eb Ferdonijen nga Gjakova, bashk\u00ebpun\u00ebtore nga Qeveria e Kuvendi i Kosov\u00ebs, kan\u00eb b\u00ebr\u00eb homazhe pran\u00eb monumentit, n\u00eb Dit\u00ebn e t\u00eb Pagjeturve. Kurti tha se \u201cKosova ende i k\u00ebrkon edhe 1565 persona q\u00eb figurojn\u00eb si t\u00eb pagjetur, derisa i ka b\u00ebr\u00eb thirrje faktorit nd\u00ebrkomb\u00ebtar q\u00eb t\u00eb shtoj\u00eb trysnin\u00eb ndaj Serbis\u00eb, p\u00ebr [&hellip;]<\/p>\n","protected":false},"author":8,"featured_media":28434,"comment_status":"closed","ping_status":"closed","sticky":false,"template":"","format":"standard","meta":{"footnotes":""},"categories":[215,213],"tags":[],"class_list":["post-28433","post","type-post","status-publish","format-standard","has-post-thumbnail","hentry","category-kosove","category-lajme"],"yoast_head":"<!-- This site is optimized with the Yoast SEO plugin v25.1 - https:\/\/yoast.com\/wordpress\/plugins\/seo\/ -->\n<title>Kurti k\u00ebrkon presion nd\u00ebrkomb\u00ebtar ndaj Serbis\u00eb p\u00ebr t\u00eb pagjeturit - press7.tv<\/title>\n<meta name=\"robots\" content=\"index, follow, max-snippet:-1, max-image-preview:large, max-video-preview:-1\" \/>\n<link rel=\"canonical\" href=\"https:\/\/www.press7.tv\/?p=28433\" \/>\n<meta property=\"og:locale\" content=\"en_US\" \/>\n<meta property=\"og:type\" content=\"article\" \/>\n<meta property=\"og:title\" content=\"Kurti k\u00ebrkon presion nd\u00ebrkomb\u00ebtar ndaj Serbis\u00eb p\u00ebr t\u00eb pagjeturit - press7.tv\" \/>\n<meta property=\"og:description\" content=\"Kryeministri, Albin Kurti, bashk\u00eb me n\u00ebn\u00eb Ferdonijen nga Gjakova, bashk\u00ebpun\u00ebtore nga Qeveria e Kuvendi i Kosov\u00ebs, kan\u00eb b\u00ebr\u00eb homazhe pran\u00eb monumentit, n\u00eb Dit\u00ebn e t\u00eb Pagjeturve. Kurti tha se \u201cKosova ende i k\u00ebrkon edhe 1565 persona q\u00eb figurojn\u00eb si t\u00eb pagjetur, derisa i ka b\u00ebr\u00eb thirrje faktorit nd\u00ebrkomb\u00ebtar q\u00eb t\u00eb shtoj\u00eb trysnin\u00eb ndaj Serbis\u00eb, p\u00ebr [&hellip;]\" \/>\n<meta property=\"og:url\" content=\"https:\/\/www.press7.tv\/?p=28433\" \/>\n<meta property=\"og:site_name\" content=\"press7.tv\" \/>\n<meta property=\"article:publisher\" content=\"https:\/\/www.facebook.com\/press7.tv\" \/>\n<meta property=\"article:published_time\" content=\"2026-04-27T10:59:51+00:00\" \/>\n<meta property=\"og:image\" content=\"https:\/\/www.press7.tv\/wp-content\/uploads\/2026\/04\/Albin-KUrti-Ferdonijaa-888.avif\" \/>\n\t<meta property=\"og:image:width\" content=\"862\" \/>\n\t<meta property=\"og:image:height\" content=\"655\" \/>\n\t<meta property=\"og:image:type\" content=\"image\/jpeg\" \/>\n<meta name=\"author\" content=\"gazetar2\" \/>\n<meta name=\"twitter:card\" content=\"summary_large_image\" \/>\n<meta name=\"twitter:label1\" content=\"Written by\" \/>\n\t<meta name=\"twitter:data1\" content=\"gazetar2\" \/>\n\t<meta name=\"twitter:label2\" content=\"Est. reading time\" \/>\n\t<meta name=\"twitter:data2\" content=\"1 minute\" \/>\n<script type=\"application\/ld+json\" class=\"yoast-schema-graph\">{\"@context\":\"https:\/\/schema.org\",\"@graph\":[{\"@type\":\"Article\",\"@id\":\"https:\/\/www.press7.tv\/?p=28433#article\",\"isPartOf\":{\"@id\":\"https:\/\/www.press7.tv\/?p=28433\"},\"author\":{\"name\":\"gazetar2\",\"@id\":\"https:\/\/www.news33.tv\/#\/schema\/person\/5a04a38a23ccdba82f9bd665cd8f9efa\"},\"headline\":\"Kurti k\u00ebrkon presion nd\u00ebrkomb\u00ebtar ndaj Serbis\u00eb p\u00ebr t\u00eb pagjeturit\",\"datePublished\":\"2026-04-27T10:59:51+00:00\",\"mainEntityOfPage\":{\"@id\":\"https:\/\/www.press7.tv\/?p=28433\"},\"wordCount\":370,\"publisher\":{\"@id\":\"https:\/\/www.news33.tv\/#organization\"},\"image\":{\"@id\":\"https:\/\/www.press7.tv\/?p=28433#primaryimage\"},\"thumbnailUrl\":\"https:\/\/www.press7.tv\/wp-content\/uploads\/2026\/04\/Albin-KUrti-Ferdonijaa-888.avif\",\"articleSection\":[\"Kosov\u00eb\",\"Lajme\"],\"inLanguage\":\"en-US\"},{\"@type\":\"WebPage\",\"@id\":\"https:\/\/www.press7.tv\/?p=28433\",\"url\":\"https:\/\/www.press7.tv\/?p=28433\",\"name\":\"Kurti k\u00ebrkon presion nd\u00ebrkomb\u00ebtar ndaj Serbis\u00eb p\u00ebr t\u00eb pagjeturit - press7.tv\",\"isPartOf\":{\"@id\":\"https:\/\/www.news33.tv\/#website\"},\"primaryImageOfPage\":{\"@id\":\"https:\/\/www.press7.tv\/?p=28433#primaryimage\"},\"image\":{\"@id\":\"https:\/\/www.press7.tv\/?p=28433#primaryimage\"},\"thumbnailUrl\":\"https:\/\/www.press7.tv\/wp-content\/uploads\/2026\/04\/Albin-KUrti-Ferdonijaa-888.avif\",\"datePublished\":\"2026-04-27T10:59:51+00:00\",\"breadcrumb\":{\"@id\":\"https:\/\/www.press7.tv\/?p=28433#breadcrumb\"},\"inLanguage\":\"en-US\",\"potentialAction\":[{\"@type\":\"ReadAction\",\"target\":[\"https:\/\/www.press7.tv\/?p=28433\"]}]},{\"@type\":\"ImageObject\",\"inLanguage\":\"en-US\",\"@id\":\"https:\/\/www.press7.tv\/?p=28433#primaryimage\",\"url\":\"https:\/\/www.press7.tv\/wp-content\/uploads\/2026\/04\/Albin-KUrti-Ferdonijaa-888.avif\",\"contentUrl\":\"https:\/\/www.press7.tv\/wp-content\/uploads\/2026\/04\/Albin-KUrti-Ferdonijaa-888.avif\",\"width\":862,\"height\":655},{\"@type\":\"BreadcrumbList\",\"@id\":\"https:\/\/www.press7.tv\/?p=28433#breadcrumb\",\"itemListElement\":[{\"@type\":\"ListItem\",\"position\":1,\"name\":\"Home\",\"item\":\"https:\/\/www.press7.tv\/\"},{\"@type\":\"ListItem\",\"position\":2,\"name\":\"Kurti k\u00ebrkon presion nd\u00ebrkomb\u00ebtar ndaj Serbis\u00eb p\u00ebr t\u00eb pagjeturit\"}]},{\"@type\":\"WebSite\",\"@id\":\"https:\/\/www.news33.tv\/#website\",\"url\":\"https:\/\/www.news33.tv\/\",\"name\":\"News33.tv Media\",\"description\":\"Media\",\"publisher\":{\"@id\":\"https:\/\/www.news33.tv\/#organization\"},\"potentialAction\":[{\"@type\":\"SearchAction\",\"target\":{\"@type\":\"EntryPoint\",\"urlTemplate\":\"https:\/\/www.news33.tv\/?s={search_term_string}\"},\"query-input\":{\"@type\":\"PropertyValueSpecification\",\"valueRequired\":true,\"valueName\":\"search_term_string\"}}],\"inLanguage\":\"en-US\"},{\"@type\":\"Organization\",\"@id\":\"https:\/\/www.news33.tv\/#organization\",\"name\":\"News33.tv Media\",\"url\":\"https:\/\/www.news33.tv\/\",\"logo\":{\"@type\":\"ImageObject\",\"inLanguage\":\"en-US\",\"@id\":\"https:\/\/www.news33.tv\/#\/schema\/logo\/image\/\",\"url\":\"https:\/\/www.press7.tv\/wp-content\/uploads\/2024\/02\/logo-news33-black.png\",\"contentUrl\":\"https:\/\/www.press7.tv\/wp-content\/uploads\/2024\/02\/logo-news33-black.png\",\"width\":180,\"height\":37,\"caption\":\"News33.tv Media\"},\"image\":{\"@id\":\"https:\/\/www.news33.tv\/#\/schema\/logo\/image\/\"},\"sameAs\":[\"https:\/\/www.facebook.com\/press7.tv\"]},{\"@type\":\"Person\",\"@id\":\"https:\/\/www.news33.tv\/#\/schema\/person\/5a04a38a23ccdba82f9bd665cd8f9efa\",\"name\":\"gazetar2\",\"image\":{\"@type\":\"ImageObject\",\"inLanguage\":\"en-US\",\"@id\":\"https:\/\/www.news33.tv\/#\/schema\/person\/image\/\",\"url\":\"https:\/\/www.press7.tv\/wp-content\/litespeed\/avatar\/41975e402c3049d9ddb03adca8f7a883.jpg?ver=1777169572\",\"contentUrl\":\"https:\/\/www.press7.tv\/wp-content\/litespeed\/avatar\/41975e402c3049d9ddb03adca8f7a883.jpg?ver=1777169572\",\"caption\":\"gazetar2\"},\"url\":\"https:\/\/www.press7.tv\/?author=8\"}]}<\/script>\n<!-- \/ Yoast SEO plugin. -->","yoast_head_json":{"title":"Kurti k\u00ebrkon presion nd\u00ebrkomb\u00ebtar ndaj Serbis\u00eb p\u00ebr t\u00eb pagjeturit - press7.tv","robots":{"index":"index","follow":"follow","max-snippet":"max-snippet:-1","max-image-preview":"max-image-preview:large","max-video-preview":"max-video-preview:-1"},"canonical":"https:\/\/www.press7.tv\/?p=28433","og_locale":"en_US","og_type":"article","og_title":"Kurti k\u00ebrkon presion nd\u00ebrkomb\u00ebtar ndaj Serbis\u00eb p\u00ebr t\u00eb pagjeturit - press7.tv","og_description":"Kryeministri, Albin Kurti, bashk\u00eb me n\u00ebn\u00eb Ferdonijen nga Gjakova, bashk\u00ebpun\u00ebtore nga Qeveria e Kuvendi i Kosov\u00ebs, kan\u00eb b\u00ebr\u00eb homazhe pran\u00eb monumentit, n\u00eb Dit\u00ebn e t\u00eb Pagjeturve. Kurti tha se \u201cKosova ende i k\u00ebrkon edhe 1565 persona q\u00eb figurojn\u00eb si t\u00eb pagjetur, derisa i ka b\u00ebr\u00eb thirrje faktorit nd\u00ebrkomb\u00ebtar q\u00eb t\u00eb shtoj\u00eb trysnin\u00eb ndaj Serbis\u00eb, p\u00ebr [&hellip;]","og_url":"https:\/\/www.press7.tv\/?p=28433","og_site_name":"press7.tv","article_publisher":"https:\/\/www.facebook.com\/press7.tv","article_published_time":"2026-04-27T10:59:51+00:00","og_image":[{"width":862,"height":655,"url":"https:\/\/www.press7.tv\/wp-content\/uploads\/2026\/04\/Albin-KUrti-Ferdonijaa-888.avif","type":"image\/jpeg"}],"author":"gazetar2","twitter_card":"summary_large_image","twitter_misc":{"Written by":"gazetar2","Est. reading time":"1 minute"},"schema":{"@context":"https:\/\/schema.org","@graph":[{"@type":"Article","@id":"https:\/\/www.press7.tv\/?p=28433#article","isPartOf":{"@id":"https:\/\/www.press7.tv\/?p=28433"},"author":{"name":"gazetar2","@id":"https:\/\/www.news33.tv\/#\/schema\/person\/5a04a38a23ccdba82f9bd665cd8f9efa"},"headline":"Kurti k\u00ebrkon presion nd\u00ebrkomb\u00ebtar ndaj Serbis\u00eb p\u00ebr t\u00eb pagjeturit","datePublished":"2026-04-27T10:59:51+00:00","mainEntityOfPage":{"@id":"https:\/\/www.press7.tv\/?p=28433"},"wordCount":370,"publisher":{"@id":"https:\/\/www.news33.tv\/#organization"},"image":{"@id":"https:\/\/www.press7.tv\/?p=28433#primaryimage"},"thumbnailUrl":"https:\/\/www.press7.tv\/wp-content\/uploads\/2026\/04\/Albin-KUrti-Ferdonijaa-888.avif","articleSection":["Kosov\u00eb","Lajme"],"inLanguage":"en-US"},{"@type":"WebPage","@id":"https:\/\/www.press7.tv\/?p=28433","url":"https:\/\/www.press7.tv\/?p=28433","name":"Kurti k\u00ebrkon presion nd\u00ebrkomb\u00ebtar ndaj Serbis\u00eb p\u00ebr t\u00eb pagjeturit - press7.tv","isPartOf":{"@id":"https:\/\/www.news33.tv\/#website"},"primaryImageOfPage":{"@id":"https:\/\/www.press7.tv\/?p=28433#primaryimage"},"image":{"@id":"https:\/\/www.press7.tv\/?p=28433#primaryimage"},"thumbnailUrl":"https:\/\/www.press7.tv\/wp-content\/uploads\/2026\/04\/Albin-KUrti-Ferdonijaa-888.avif","datePublished":"2026-04-27T10:59:51+00:00","breadcrumb":{"@id":"https:\/\/www.press7.tv\/?p=28433#breadcrumb"},"inLanguage":"en-US","potentialAction":[{"@type":"ReadAction","target":["https:\/\/www.press7.tv\/?p=28433"]}]},{"@type":"ImageObject","inLanguage":"en-US","@id":"https:\/\/www.press7.tv\/?p=28433#primaryimage","url":"https:\/\/www.press7.tv\/wp-content\/uploads\/2026\/04\/Albin-KUrti-Ferdonijaa-888.avif","contentUrl":"https:\/\/www.press7.tv\/wp-content\/uploads\/2026\/04\/Albin-KUrti-Ferdonijaa-888.avif","width":862,"height":655},{"@type":"BreadcrumbList","@id":"https:\/\/www.press7.tv\/?p=28433#breadcrumb","itemListElement":[{"@type":"ListItem","position":1,"name":"Home","item":"https:\/\/www.press7.tv\/"},{"@type":"ListItem","position":2,"name":"Kurti k\u00ebrkon presion nd\u00ebrkomb\u00ebtar ndaj Serbis\u00eb p\u00ebr t\u00eb pagjeturit"}]},{"@type":"WebSite","@id":"https:\/\/www.news33.tv\/#website","url":"https:\/\/www.news33.tv\/","name":"News33.tv Media","description":"Media","publisher":{"@id":"https:\/\/www.news33.tv\/#organization"},"potentialAction":[{"@type":"SearchAction","target":{"@type":"EntryPoint","urlTemplate":"https:\/\/www.news33.tv\/?s={search_term_string}"},"query-input":{"@type":"PropertyValueSpecification","valueRequired":true,"valueName":"search_term_string"}}],"inLanguage":"en-US"},{"@type":"Organization","@id":"https:\/\/www.news33.tv\/#organization","name":"News33.tv Media","url":"https:\/\/www.news33.tv\/","logo":{"@type":"ImageObject","inLanguage":"en-US","@id":"https:\/\/www.news33.tv\/#\/schema\/logo\/image\/","url":"https:\/\/www.press7.tv\/wp-content\/uploads\/2024\/02\/logo-news33-black.png","contentUrl":"https:\/\/www.press7.tv\/wp-content\/uploads\/2024\/02\/logo-news33-black.png","width":180,"height":37,"caption":"News33.tv Media"},"image":{"@id":"https:\/\/www.news33.tv\/#\/schema\/logo\/image\/"},"sameAs":["https:\/\/www.facebook.com\/press7.tv"]},{"@type":"Person","@id":"https:\/\/www.news33.tv\/#\/schema\/person\/5a04a38a23ccdba82f9bd665cd8f9efa","name":"gazetar2","image":{"@type":"ImageObject","inLanguage":"en-US","@id":"https:\/\/www.news33.tv\/#\/schema\/person\/image\/","url":"https:\/\/www.press7.tv\/wp-content\/litespeed\/avatar\/41975e402c3049d9ddb03adca8f7a883.jpg?ver=1777169572","contentUrl":"https:\/\/www.press7.tv\/wp-content\/litespeed\/avatar\/41975e402c3049d9ddb03adca8f7a883.jpg?ver=1777169572","caption":"gazetar2"},"url":"https:\/\/www.press7.tv\/?author=8"}]}},"amp_enabled":true,"_links":{"self":[{"href":"https:\/\/www.press7.tv\/index.php?rest_route=\/wp\/v2\/posts\/28433","targetHints":{"allow":["GET"]}}],"collection":[{"href":"https:\/\/www.press7.tv\/index.php?rest_route=\/wp\/v2\/posts"}],"about":[{"href":"https:\/\/www.press7.tv\/index.php?rest_route=\/wp\/v2\/types\/post"}],"author":[{"embeddable":true,"href":"https:\/\/www.press7.tv\/index.php?rest_route=\/wp\/v2\/users\/8"}],"replies":[{"embeddable":true,"href":"https:\/\/www.press7.tv\/index.php?rest_route=%2Fwp%2Fv2%2Fcomments&post=28433"}],"version-history":[{"count":1,"href":"https:\/\/www.press7.tv\/index.php?rest_route=\/wp\/v2\/posts\/28433\/revisions"}],"predecessor-version":[{"id":28435,"href":"https:\/\/www.press7.tv\/index.php?rest_route=\/wp\/v2\/posts\/28433\/revisions\/28435"}],"wp:featuredmedia":[{"embeddable":true,"href":"https:\/\/www.press7.tv\/index.php?rest_route=\/wp\/v2\/media\/28434"}],"wp:attachment":[{"href":"https:\/\/www.press7.tv\/index.php?rest_route=%2Fwp%2Fv2%2Fmedia&parent=28433"}],"wp:term":[{"taxonomy":"category","embeddable":true,"href":"https:\/\/www.press7.tv\/index.php?rest_route=%2Fwp%2Fv2%2Fcategories&post=28433"},{"taxonomy":"post_tag","embeddable":true,"href":"https:\/\/www.press7.tv\/index.php?rest_route=%2Fwp%2Fv2%2Ftags&post=28433"}],"curies":[{"name":"wp","href":"https:\/\/api.w.org\/{rel}","templated":true}]}}