{"id":28430,"date":"2026-04-27T10:58:06","date_gmt":"2026-04-27T10:58:06","guid":{"rendered":"https:\/\/www.press7.tv\/?p=28430"},"modified":"2026-04-27T10:58:06","modified_gmt":"2026-04-27T10:58:06","slug":"presidenti-zviceran-si-heqim-ushtaret-nga-kfor-jemi-ndermjetes-joformal-ne-bisedimet-kosove-serbi","status":"publish","type":"post","link":"https:\/\/www.press7.tv\/?p=28430","title":{"rendered":"Presidenti zviceran: S\u2019i heqim ushtar\u00ebt nga KFOR, jemi nd\u00ebrmjet\u00ebs joformal n\u00eb bisedimet Kosov\u00eb-Serbi"},"content":{"rendered":"\n    <div class=\"xs_social_share_widget xs_share_url before_content \t\tmain_content  wslu-style-2 wslu-share-box-shaped wslu-fill-colored wslu-share-m-5 wslu-none wslu-share-vertical wslu-theme-font-no wslu-main_content\">\n\n\t\t\n        <ul>\n\t\t\t        <\/ul>\n    <\/div> \n<p>Presidenti i Zvicr\u00ebs Guy Parmelin tha se vendi i tij nuk e ka n\u00eb plan t\u2019i largoj\u00eb ushtar\u00ebt e vet\u00eb nga Kosova dhe se numri i tyre, q\u00eb aktualisht \u00ebsht\u00eb 215, nuk do t\u00eb zvog\u00eblohet, t\u00eb pakt\u00ebn edhe tri vjet.<\/p>\n<p>\u201cQ\u00ebndrimi i Zvicr\u00ebs \u00ebsht\u00eb se KFOR-i mbetet i r\u00ebnd\u00ebsish\u00ebm p\u00ebr sigurin\u00eb dhe stabilitetin. Aktualisht, 215 ushtar\u00eb zviceran\u00eb jan\u00eb t\u00eb dislokuar n\u00eb misionin Swisscoy, q\u00eb \u00ebsht\u00eb kontributi yn\u00eb n\u00eb k\u00ebt\u00eb nd\u00ebrmarrje t\u00eb p\u00ebrbashk\u00ebt nd\u00ebrkomb\u00ebtare. Mandati zgjat deri m\u00eb 31 dhjetor 2026\u201d, tha ai n\u00eb nj\u00eb intervist\u00eb p\u00ebr gazet\u00ebn Blic, transmeton KosovaPress. \u201cK\u00ebshilli Federal i Zvicr\u00ebs i ka paraqitur k\u00ebrkes\u00eb parlamentit zviceran q\u00eb Swisscoy t\u00eb mbetet aktiv n\u00eb Kosov\u00eb deri n\u00eb vitin 2029. Parlamenti pritet t\u00eb vendos\u00eb s\u00eb shpejti\u201d.<\/p>\n<p>Parmelin foli edhe p\u00ebr marr\u00ebdh\u00ebniet mes Kosov\u00ebs e Serbis\u00eb, p\u00ebr \u00e7far\u00eb tha se t\u00eb dyja vendet duhet t\u00eb dialogojn\u00eb, nd\u00ebrsa pranoi se vendi I tij, n\u00eb nj\u00ebfar\u00eb m\u00ebnyr\u00eb, \u00ebsht\u00eb nd\u00ebrmjet\u00ebs mes tyre, n\u00eb nj\u00eb proces joformal negociimi.<\/p>\n<p>\u201cQ\u00ebndrimi afatgjat\u00eb i Zvicr\u00ebs \u00ebsht\u00eb se zgjidhja q\u00ebndron n\u00eb dialog, normalizim dhe p\u00ebrparim praktik q\u00eb p\u00ebrmir\u00ebson jet\u00ebn e p\u00ebrditshme t\u00eb njer\u00ebzve n\u00eb t\u00eb dyja an\u00ebt\u201d, tha ai. \u201cP\u00ebr t\u00eb mb\u00ebshtetur procesin e dialogut n\u00ebn nd\u00ebrmjet\u00ebsimin e Bashkimit Evropian, vendi im u ofron t\u00eb dyja pal\u00ebve nj\u00eb proces t\u00eb p\u00ebrbashk\u00ebt joformal nd\u00ebrmjet\u00ebsimi. Duke krijuar mund\u00ebsi t\u00eb tilla p\u00ebr dialog, Zvicra mund t\u00eb kontribuoj\u00eb n\u00eb gjetjen e zgjidhjeve. Stabiliteti i k\u00ebtij rajoni dhe integrimet evropiane jan\u00eb prioritet i politik\u00ebs son\u00eb t\u00eb jashtme\u201d.<\/p>\n<p>Sa i p\u00ebrket situat\u00ebs m\u00eb t\u00eb gjer\u00eb n\u00eb rajon, Parmelin vler\u00ebsoi progresin ekonomik t\u00eb vendeve t\u00eb Ballkanit Per\u00ebndimor gjat\u00eb dy dekadave t\u00eb fundit, por theksoi se stabiliteti mbetet nj\u00eb proces i vazhduesh\u00ebm q\u00eb k\u00ebrkon vullnet t\u00eb nd\u00ebrsjell\u00eb. Ai b\u00ebri thirrje p\u00ebr m\u00eb shum\u00eb kujdes dhe qasje racionale nga t\u00eb gjith\u00eb, n\u00eb si\u00e7 tha, \u201cnj\u00eb koh\u00eb sfidash p\u00ebr rendin nd\u00ebrkomb\u00ebtar dhe krizash gjeopolitike\u201d.<\/p>\n","protected":false},"excerpt":{"rendered":"<p>Presidenti i Zvicr\u00ebs Guy Parmelin tha se vendi i tij nuk e ka n\u00eb plan t\u2019i largoj\u00eb ushtar\u00ebt e vet\u00eb nga Kosova dhe se numri i tyre, q\u00eb aktualisht \u00ebsht\u00eb 215, nuk do t\u00eb zvog\u00eblohet, t\u00eb pakt\u00ebn edhe tri vjet. \u201cQ\u00ebndrimi i Zvicr\u00ebs \u00ebsht\u00eb se KFOR-i mbetet i r\u00ebnd\u00ebsish\u00ebm p\u00ebr sigurin\u00eb dhe stabilitetin. Aktualisht, 215 [&hellip;]<\/p>\n","protected":false},"author":8,"featured_media":28431,"comment_status":"closed","ping_status":"closed","sticky":false,"template":"","format":"standard","meta":{"footnotes":""},"categories":[217,213],"tags":[],"class_list":["post-28430","post","type-post","status-publish","format-standard","has-post-thumbnail","hentry","category-bote","category-lajme"],"yoast_head":"<!-- This site is optimized with the Yoast SEO plugin v25.1 - https:\/\/yoast.com\/wordpress\/plugins\/seo\/ -->\n<title>Presidenti zviceran: S\u2019i heqim ushtar\u00ebt nga KFOR, jemi nd\u00ebrmjet\u00ebs joformal n\u00eb bisedimet Kosov\u00eb-Serbi - press7.tv<\/title>\n<meta name=\"robots\" content=\"index, follow, max-snippet:-1, max-image-preview:large, max-video-preview:-1\" \/>\n<link rel=\"canonical\" href=\"https:\/\/www.press7.tv\/?p=28430\" \/>\n<meta property=\"og:locale\" content=\"en_US\" \/>\n<meta property=\"og:type\" content=\"article\" \/>\n<meta property=\"og:title\" content=\"Presidenti zviceran: S\u2019i heqim ushtar\u00ebt nga KFOR, jemi nd\u00ebrmjet\u00ebs joformal n\u00eb bisedimet Kosov\u00eb-Serbi - press7.tv\" \/>\n<meta property=\"og:description\" content=\"Presidenti i Zvicr\u00ebs Guy Parmelin tha se vendi i tij nuk e ka n\u00eb plan t\u2019i largoj\u00eb ushtar\u00ebt e vet\u00eb nga Kosova dhe se numri i tyre, q\u00eb aktualisht \u00ebsht\u00eb 215, nuk do t\u00eb zvog\u00eblohet, t\u00eb pakt\u00ebn edhe tri vjet. \u201cQ\u00ebndrimi i Zvicr\u00ebs \u00ebsht\u00eb se KFOR-i mbetet i r\u00ebnd\u00ebsish\u00ebm p\u00ebr sigurin\u00eb dhe stabilitetin. Aktualisht, 215 [&hellip;]\" \/>\n<meta property=\"og:url\" content=\"https:\/\/www.press7.tv\/?p=28430\" \/>\n<meta property=\"og:site_name\" content=\"press7.tv\" \/>\n<meta property=\"article:publisher\" content=\"https:\/\/www.facebook.com\/press7.tv\" \/>\n<meta property=\"article:published_time\" content=\"2026-04-27T10:58:06+00:00\" \/>\n<meta property=\"og:image\" content=\"https:\/\/www.press7.tv\/wp-content\/uploads\/2026\/04\/presidenti-zvicran.avif\" \/>\n\t<meta property=\"og:image:width\" content=\"600\" \/>\n\t<meta property=\"og:image:height\" content=\"478\" \/>\n\t<meta property=\"og:image:type\" content=\"image\/jpeg\" \/>\n<meta name=\"author\" content=\"gazetar2\" \/>\n<meta name=\"twitter:card\" content=\"summary_large_image\" \/>\n<meta name=\"twitter:label1\" content=\"Written by\" \/>\n\t<meta name=\"twitter:data1\" content=\"gazetar2\" \/>\n\t<meta name=\"twitter:label2\" content=\"Est. reading time\" \/>\n\t<meta name=\"twitter:data2\" content=\"1 minute\" \/>\n<script type=\"application\/ld+json\" class=\"yoast-schema-graph\">{\"@context\":\"https:\/\/schema.org\",\"@graph\":[{\"@type\":\"Article\",\"@id\":\"https:\/\/www.press7.tv\/?p=28430#article\",\"isPartOf\":{\"@id\":\"https:\/\/www.press7.tv\/?p=28430\"},\"author\":{\"name\":\"gazetar2\",\"@id\":\"https:\/\/www.news33.tv\/#\/schema\/person\/5a04a38a23ccdba82f9bd665cd8f9efa\"},\"headline\":\"Presidenti zviceran: S\u2019i heqim ushtar\u00ebt nga KFOR, jemi nd\u00ebrmjet\u00ebs joformal n\u00eb bisedimet Kosov\u00eb-Serbi\",\"datePublished\":\"2026-04-27T10:58:06+00:00\",\"mainEntityOfPage\":{\"@id\":\"https:\/\/www.press7.tv\/?p=28430\"},\"wordCount\":377,\"publisher\":{\"@id\":\"https:\/\/www.news33.tv\/#organization\"},\"image\":{\"@id\":\"https:\/\/www.press7.tv\/?p=28430#primaryimage\"},\"thumbnailUrl\":\"https:\/\/www.press7.tv\/wp-content\/uploads\/2026\/04\/presidenti-zvicran.avif\",\"articleSection\":[\"Bot\u00eb\",\"Lajme\"],\"inLanguage\":\"en-US\"},{\"@type\":\"WebPage\",\"@id\":\"https:\/\/www.press7.tv\/?p=28430\",\"url\":\"https:\/\/www.press7.tv\/?p=28430\",\"name\":\"Presidenti zviceran: S\u2019i heqim ushtar\u00ebt nga KFOR, jemi nd\u00ebrmjet\u00ebs joformal n\u00eb bisedimet Kosov\u00eb-Serbi - press7.tv\",\"isPartOf\":{\"@id\":\"https:\/\/www.news33.tv\/#website\"},\"primaryImageOfPage\":{\"@id\":\"https:\/\/www.press7.tv\/?p=28430#primaryimage\"},\"image\":{\"@id\":\"https:\/\/www.press7.tv\/?p=28430#primaryimage\"},\"thumbnailUrl\":\"https:\/\/www.press7.tv\/wp-content\/uploads\/2026\/04\/presidenti-zvicran.avif\",\"datePublished\":\"2026-04-27T10:58:06+00:00\",\"breadcrumb\":{\"@id\":\"https:\/\/www.press7.tv\/?p=28430#breadcrumb\"},\"inLanguage\":\"en-US\",\"potentialAction\":[{\"@type\":\"ReadAction\",\"target\":[\"https:\/\/www.press7.tv\/?p=28430\"]}]},{\"@type\":\"ImageObject\",\"inLanguage\":\"en-US\",\"@id\":\"https:\/\/www.press7.tv\/?p=28430#primaryimage\",\"url\":\"https:\/\/www.press7.tv\/wp-content\/uploads\/2026\/04\/presidenti-zvicran.avif\",\"contentUrl\":\"https:\/\/www.press7.tv\/wp-content\/uploads\/2026\/04\/presidenti-zvicran.avif\",\"width\":600,\"height\":478},{\"@type\":\"BreadcrumbList\",\"@id\":\"https:\/\/www.press7.tv\/?p=28430#breadcrumb\",\"itemListElement\":[{\"@type\":\"ListItem\",\"position\":1,\"name\":\"Home\",\"item\":\"https:\/\/www.press7.tv\/\"},{\"@type\":\"ListItem\",\"position\":2,\"name\":\"Presidenti zviceran: S\u2019i heqim ushtar\u00ebt nga KFOR, jemi nd\u00ebrmjet\u00ebs joformal n\u00eb bisedimet Kosov\u00eb-Serbi\"}]},{\"@type\":\"WebSite\",\"@id\":\"https:\/\/www.news33.tv\/#website\",\"url\":\"https:\/\/www.news33.tv\/\",\"name\":\"News33.tv Media\",\"description\":\"Media\",\"publisher\":{\"@id\":\"https:\/\/www.news33.tv\/#organization\"},\"potentialAction\":[{\"@type\":\"SearchAction\",\"target\":{\"@type\":\"EntryPoint\",\"urlTemplate\":\"https:\/\/www.news33.tv\/?s={search_term_string}\"},\"query-input\":{\"@type\":\"PropertyValueSpecification\",\"valueRequired\":true,\"valueName\":\"search_term_string\"}}],\"inLanguage\":\"en-US\"},{\"@type\":\"Organization\",\"@id\":\"https:\/\/www.news33.tv\/#organization\",\"name\":\"News33.tv Media\",\"url\":\"https:\/\/www.news33.tv\/\",\"logo\":{\"@type\":\"ImageObject\",\"inLanguage\":\"en-US\",\"@id\":\"https:\/\/www.news33.tv\/#\/schema\/logo\/image\/\",\"url\":\"https:\/\/www.press7.tv\/wp-content\/uploads\/2024\/02\/logo-news33-black.png\",\"contentUrl\":\"https:\/\/www.press7.tv\/wp-content\/uploads\/2024\/02\/logo-news33-black.png\",\"width\":180,\"height\":37,\"caption\":\"News33.tv Media\"},\"image\":{\"@id\":\"https:\/\/www.news33.tv\/#\/schema\/logo\/image\/\"},\"sameAs\":[\"https:\/\/www.facebook.com\/press7.tv\"]},{\"@type\":\"Person\",\"@id\":\"https:\/\/www.news33.tv\/#\/schema\/person\/5a04a38a23ccdba82f9bd665cd8f9efa\",\"name\":\"gazetar2\",\"image\":{\"@type\":\"ImageObject\",\"inLanguage\":\"en-US\",\"@id\":\"https:\/\/www.news33.tv\/#\/schema\/person\/image\/\",\"url\":\"https:\/\/www.press7.tv\/wp-content\/litespeed\/avatar\/41975e402c3049d9ddb03adca8f7a883.jpg?ver=1777169572\",\"contentUrl\":\"https:\/\/www.press7.tv\/wp-content\/litespeed\/avatar\/41975e402c3049d9ddb03adca8f7a883.jpg?ver=1777169572\",\"caption\":\"gazetar2\"},\"url\":\"https:\/\/www.press7.tv\/?author=8\"}]}<\/script>\n<!-- \/ Yoast SEO plugin. -->","yoast_head_json":{"title":"Presidenti zviceran: S\u2019i heqim ushtar\u00ebt nga KFOR, jemi nd\u00ebrmjet\u00ebs joformal n\u00eb bisedimet Kosov\u00eb-Serbi - press7.tv","robots":{"index":"index","follow":"follow","max-snippet":"max-snippet:-1","max-image-preview":"max-image-preview:large","max-video-preview":"max-video-preview:-1"},"canonical":"https:\/\/www.press7.tv\/?p=28430","og_locale":"en_US","og_type":"article","og_title":"Presidenti zviceran: S\u2019i heqim ushtar\u00ebt nga KFOR, jemi nd\u00ebrmjet\u00ebs joformal n\u00eb bisedimet Kosov\u00eb-Serbi - press7.tv","og_description":"Presidenti i Zvicr\u00ebs Guy Parmelin tha se vendi i tij nuk e ka n\u00eb plan t\u2019i largoj\u00eb ushtar\u00ebt e vet\u00eb nga Kosova dhe se numri i tyre, q\u00eb aktualisht \u00ebsht\u00eb 215, nuk do t\u00eb zvog\u00eblohet, t\u00eb pakt\u00ebn edhe tri vjet. \u201cQ\u00ebndrimi i Zvicr\u00ebs \u00ebsht\u00eb se KFOR-i mbetet i r\u00ebnd\u00ebsish\u00ebm p\u00ebr sigurin\u00eb dhe stabilitetin. Aktualisht, 215 [&hellip;]","og_url":"https:\/\/www.press7.tv\/?p=28430","og_site_name":"press7.tv","article_publisher":"https:\/\/www.facebook.com\/press7.tv","article_published_time":"2026-04-27T10:58:06+00:00","og_image":[{"width":600,"height":478,"url":"https:\/\/www.press7.tv\/wp-content\/uploads\/2026\/04\/presidenti-zvicran.avif","type":"image\/jpeg"}],"author":"gazetar2","twitter_card":"summary_large_image","twitter_misc":{"Written by":"gazetar2","Est. reading time":"1 minute"},"schema":{"@context":"https:\/\/schema.org","@graph":[{"@type":"Article","@id":"https:\/\/www.press7.tv\/?p=28430#article","isPartOf":{"@id":"https:\/\/www.press7.tv\/?p=28430"},"author":{"name":"gazetar2","@id":"https:\/\/www.news33.tv\/#\/schema\/person\/5a04a38a23ccdba82f9bd665cd8f9efa"},"headline":"Presidenti zviceran: S\u2019i heqim ushtar\u00ebt nga KFOR, jemi nd\u00ebrmjet\u00ebs joformal n\u00eb bisedimet Kosov\u00eb-Serbi","datePublished":"2026-04-27T10:58:06+00:00","mainEntityOfPage":{"@id":"https:\/\/www.press7.tv\/?p=28430"},"wordCount":377,"publisher":{"@id":"https:\/\/www.news33.tv\/#organization"},"image":{"@id":"https:\/\/www.press7.tv\/?p=28430#primaryimage"},"thumbnailUrl":"https:\/\/www.press7.tv\/wp-content\/uploads\/2026\/04\/presidenti-zvicran.avif","articleSection":["Bot\u00eb","Lajme"],"inLanguage":"en-US"},{"@type":"WebPage","@id":"https:\/\/www.press7.tv\/?p=28430","url":"https:\/\/www.press7.tv\/?p=28430","name":"Presidenti zviceran: S\u2019i heqim ushtar\u00ebt nga KFOR, jemi nd\u00ebrmjet\u00ebs joformal n\u00eb bisedimet Kosov\u00eb-Serbi - press7.tv","isPartOf":{"@id":"https:\/\/www.news33.tv\/#website"},"primaryImageOfPage":{"@id":"https:\/\/www.press7.tv\/?p=28430#primaryimage"},"image":{"@id":"https:\/\/www.press7.tv\/?p=28430#primaryimage"},"thumbnailUrl":"https:\/\/www.press7.tv\/wp-content\/uploads\/2026\/04\/presidenti-zvicran.avif","datePublished":"2026-04-27T10:58:06+00:00","breadcrumb":{"@id":"https:\/\/www.press7.tv\/?p=28430#breadcrumb"},"inLanguage":"en-US","potentialAction":[{"@type":"ReadAction","target":["https:\/\/www.press7.tv\/?p=28430"]}]},{"@type":"ImageObject","inLanguage":"en-US","@id":"https:\/\/www.press7.tv\/?p=28430#primaryimage","url":"https:\/\/www.press7.tv\/wp-content\/uploads\/2026\/04\/presidenti-zvicran.avif","contentUrl":"https:\/\/www.press7.tv\/wp-content\/uploads\/2026\/04\/presidenti-zvicran.avif","width":600,"height":478},{"@type":"BreadcrumbList","@id":"https:\/\/www.press7.tv\/?p=28430#breadcrumb","itemListElement":[{"@type":"ListItem","position":1,"name":"Home","item":"https:\/\/www.press7.tv\/"},{"@type":"ListItem","position":2,"name":"Presidenti zviceran: S\u2019i heqim ushtar\u00ebt nga KFOR, jemi nd\u00ebrmjet\u00ebs joformal n\u00eb bisedimet Kosov\u00eb-Serbi"}]},{"@type":"WebSite","@id":"https:\/\/www.news33.tv\/#website","url":"https:\/\/www.news33.tv\/","name":"News33.tv Media","description":"Media","publisher":{"@id":"https:\/\/www.news33.tv\/#organization"},"potentialAction":[{"@type":"SearchAction","target":{"@type":"EntryPoint","urlTemplate":"https:\/\/www.news33.tv\/?s={search_term_string}"},"query-input":{"@type":"PropertyValueSpecification","valueRequired":true,"valueName":"search_term_string"}}],"inLanguage":"en-US"},{"@type":"Organization","@id":"https:\/\/www.news33.tv\/#organization","name":"News33.tv Media","url":"https:\/\/www.news33.tv\/","logo":{"@type":"ImageObject","inLanguage":"en-US","@id":"https:\/\/www.news33.tv\/#\/schema\/logo\/image\/","url":"https:\/\/www.press7.tv\/wp-content\/uploads\/2024\/02\/logo-news33-black.png","contentUrl":"https:\/\/www.press7.tv\/wp-content\/uploads\/2024\/02\/logo-news33-black.png","width":180,"height":37,"caption":"News33.tv Media"},"image":{"@id":"https:\/\/www.news33.tv\/#\/schema\/logo\/image\/"},"sameAs":["https:\/\/www.facebook.com\/press7.tv"]},{"@type":"Person","@id":"https:\/\/www.news33.tv\/#\/schema\/person\/5a04a38a23ccdba82f9bd665cd8f9efa","name":"gazetar2","image":{"@type":"ImageObject","inLanguage":"en-US","@id":"https:\/\/www.news33.tv\/#\/schema\/person\/image\/","url":"https:\/\/www.press7.tv\/wp-content\/litespeed\/avatar\/41975e402c3049d9ddb03adca8f7a883.jpg?ver=1777169572","contentUrl":"https:\/\/www.press7.tv\/wp-content\/litespeed\/avatar\/41975e402c3049d9ddb03adca8f7a883.jpg?ver=1777169572","caption":"gazetar2"},"url":"https:\/\/www.press7.tv\/?author=8"}]}},"amp_enabled":true,"_links":{"self":[{"href":"https:\/\/www.press7.tv\/index.php?rest_route=\/wp\/v2\/posts\/28430","targetHints":{"allow":["GET"]}}],"collection":[{"href":"https:\/\/www.press7.tv\/index.php?rest_route=\/wp\/v2\/posts"}],"about":[{"href":"https:\/\/www.press7.tv\/index.php?rest_route=\/wp\/v2\/types\/post"}],"author":[{"embeddable":true,"href":"https:\/\/www.press7.tv\/index.php?rest_route=\/wp\/v2\/users\/8"}],"replies":[{"embeddable":true,"href":"https:\/\/www.press7.tv\/index.php?rest_route=%2Fwp%2Fv2%2Fcomments&post=28430"}],"version-history":[{"count":1,"href":"https:\/\/www.press7.tv\/index.php?rest_route=\/wp\/v2\/posts\/28430\/revisions"}],"predecessor-version":[{"id":28432,"href":"https:\/\/www.press7.tv\/index.php?rest_route=\/wp\/v2\/posts\/28430\/revisions\/28432"}],"wp:featuredmedia":[{"embeddable":true,"href":"https:\/\/www.press7.tv\/index.php?rest_route=\/wp\/v2\/media\/28431"}],"wp:attachment":[{"href":"https:\/\/www.press7.tv\/index.php?rest_route=%2Fwp%2Fv2%2Fmedia&parent=28430"}],"wp:term":[{"taxonomy":"category","embeddable":true,"href":"https:\/\/www.press7.tv\/index.php?rest_route=%2Fwp%2Fv2%2Fcategories&post=28430"},{"taxonomy":"post_tag","embeddable":true,"href":"https:\/\/www.press7.tv\/index.php?rest_route=%2Fwp%2Fv2%2Ftags&post=28430"}],"curies":[{"name":"wp","href":"https:\/\/api.w.org\/{rel}","templated":true}]}}