{"id":28417,"date":"2026-04-27T08:57:24","date_gmt":"2026-04-27T08:57:24","guid":{"rendered":"https:\/\/www.press7.tv\/?p=28417"},"modified":"2026-04-27T08:57:24","modified_gmt":"2026-04-27T08:57:24","slug":"deputetet-nderojne-akademikun-rexhep-qosja-mbajne-nje-minute-heshtje","status":"publish","type":"post","link":"https:\/\/www.press7.tv\/?p=28417","title":{"rendered":"Deputet\u00ebt nderojn\u00eb akademikun Rexhep Qosja, mbajn\u00eb nj\u00eb minut\u00eb heshtje"},"content":{"rendered":"\n    <div class=\"xs_social_share_widget xs_share_url before_content \t\tmain_content  wslu-style-2 wslu-share-box-shaped wslu-fill-colored wslu-share-m-5 wslu-none wslu-share-vertical wslu-theme-font-no wslu-main_content\">\n\n\t\t\n        <ul>\n\t\t\t        <\/ul>\n    <\/div> \n<p>Kuvendi i Kosov\u00ebs ka filluar seanc\u00ebn e ve\u00e7ant\u00eb n\u00eb shenj\u00eb nderimi p\u00ebr akademikun Rexhep Qosja, me nj\u00eb minut\u00eb heshtje.<\/p>\n<p>Akademiku, shkrimtari dhe kritiku letrar shqiptar, Rexhep Qosja, ka vdekur t\u00eb enjten n\u00eb mosh\u00ebn 90-vje\u00e7are, njoftoi familja e tij. N\u00eb nderim t\u00eb jet\u00ebs s\u00eb Qosjes, n\u00eb Kosov\u00eb 24 prilli ishte dit\u00eb zie.<\/p>\n<p>Valjet Rexhepi, nipi i tij, shkroi n\u00eb Facebook se Qosja vdiq dhe u varros t\u00eb enjten n\u00eb nj\u00eb ceremoni private familjare.<\/p>\n<p>\u201cMe d\u00ebshir\u00eb t\u00eb t\u00eb ndjerit, nuk do t\u00eb organizohet ceremoni pritjeje nga familja. Familja nuk do t\u00eb marr\u00eb pjes\u00eb n\u00eb organizime institucionale. Lusim q\u00eb privat\u00ebsia jon\u00eb t\u00eb respektohet dhe t\u00eb na mund\u00ebsohet t\u00eb mbajm\u00eb zi n\u00eb qet\u00ebsi\u201d, shkroi Rexhepi.<\/p>\n","protected":false},"excerpt":{"rendered":"<p>Kuvendi i Kosov\u00ebs ka filluar seanc\u00ebn e ve\u00e7ant\u00eb n\u00eb shenj\u00eb nderimi p\u00ebr akademikun Rexhep Qosja, me nj\u00eb minut\u00eb heshtje. Akademiku, shkrimtari dhe kritiku letrar shqiptar, Rexhep Qosja, ka vdekur t\u00eb enjten n\u00eb mosh\u00ebn 90-vje\u00e7are, njoftoi familja e tij. N\u00eb nderim t\u00eb jet\u00ebs s\u00eb Qosjes, n\u00eb Kosov\u00eb 24 prilli ishte dit\u00eb zie. Valjet Rexhepi, nipi i [&hellip;]<\/p>\n","protected":false},"author":8,"featured_media":28418,"comment_status":"closed","ping_status":"closed","sticky":false,"template":"","format":"standard","meta":{"footnotes":""},"categories":[215,213],"tags":[],"class_list":["post-28417","post","type-post","status-publish","format-standard","has-post-thumbnail","hentry","category-kosove","category-lajme"],"yoast_head":"<!-- This site is optimized with the Yoast SEO plugin v25.1 - https:\/\/yoast.com\/wordpress\/plugins\/seo\/ -->\n<title>Deputet\u00ebt nderojn\u00eb akademikun Rexhep Qosja, mbajn\u00eb nj\u00eb minut\u00eb heshtje - press7.tv<\/title>\n<meta name=\"robots\" content=\"index, follow, max-snippet:-1, max-image-preview:large, max-video-preview:-1\" \/>\n<link rel=\"canonical\" href=\"https:\/\/www.press7.tv\/?p=28417\" \/>\n<meta property=\"og:locale\" content=\"en_US\" \/>\n<meta property=\"og:type\" content=\"article\" \/>\n<meta property=\"og:title\" content=\"Deputet\u00ebt nderojn\u00eb akademikun Rexhep Qosja, mbajn\u00eb nj\u00eb minut\u00eb heshtje - press7.tv\" \/>\n<meta property=\"og:description\" content=\"Kuvendi i Kosov\u00ebs ka filluar seanc\u00ebn e ve\u00e7ant\u00eb n\u00eb shenj\u00eb nderimi p\u00ebr akademikun Rexhep Qosja, me nj\u00eb minut\u00eb heshtje. Akademiku, shkrimtari dhe kritiku letrar shqiptar, Rexhep Qosja, ka vdekur t\u00eb enjten n\u00eb mosh\u00ebn 90-vje\u00e7are, njoftoi familja e tij. N\u00eb nderim t\u00eb jet\u00ebs s\u00eb Qosjes, n\u00eb Kosov\u00eb 24 prilli ishte dit\u00eb zie. Valjet Rexhepi, nipi i [&hellip;]\" \/>\n<meta property=\"og:url\" content=\"https:\/\/www.press7.tv\/?p=28417\" \/>\n<meta property=\"og:site_name\" content=\"press7.tv\" \/>\n<meta property=\"article:publisher\" content=\"https:\/\/www.facebook.com\/press7.tv\" \/>\n<meta property=\"article:published_time\" content=\"2026-04-27T08:57:24+00:00\" \/>\n<meta property=\"og:image\" content=\"https:\/\/www.press7.tv\/wp-content\/uploads\/2026\/04\/kuvendi-qosjaaaa.avif\" \/>\n\t<meta property=\"og:image:width\" content=\"850\" \/>\n\t<meta property=\"og:image:height\" content=\"638\" \/>\n\t<meta property=\"og:image:type\" content=\"image\/jpeg\" \/>\n<meta name=\"author\" content=\"gazetar2\" \/>\n<meta name=\"twitter:card\" content=\"summary_large_image\" \/>\n<meta name=\"twitter:label1\" content=\"Written by\" \/>\n\t<meta name=\"twitter:data1\" content=\"gazetar2\" \/>\n\t<meta name=\"twitter:label2\" content=\"Est. reading time\" \/>\n\t<meta name=\"twitter:data2\" content=\"1 minute\" \/>\n<script type=\"application\/ld+json\" class=\"yoast-schema-graph\">{\"@context\":\"https:\/\/schema.org\",\"@graph\":[{\"@type\":\"Article\",\"@id\":\"https:\/\/www.press7.tv\/?p=28417#article\",\"isPartOf\":{\"@id\":\"https:\/\/www.press7.tv\/?p=28417\"},\"author\":{\"name\":\"gazetar2\",\"@id\":\"https:\/\/www.news33.tv\/#\/schema\/person\/5a04a38a23ccdba82f9bd665cd8f9efa\"},\"headline\":\"Deputet\u00ebt nderojn\u00eb akademikun Rexhep Qosja, mbajn\u00eb nj\u00eb minut\u00eb heshtje\",\"datePublished\":\"2026-04-27T08:57:24+00:00\",\"mainEntityOfPage\":{\"@id\":\"https:\/\/www.press7.tv\/?p=28417\"},\"wordCount\":131,\"publisher\":{\"@id\":\"https:\/\/www.news33.tv\/#organization\"},\"image\":{\"@id\":\"https:\/\/www.press7.tv\/?p=28417#primaryimage\"},\"thumbnailUrl\":\"https:\/\/www.press7.tv\/wp-content\/uploads\/2026\/04\/kuvendi-qosjaaaa.avif\",\"articleSection\":[\"Kosov\u00eb\",\"Lajme\"],\"inLanguage\":\"en-US\"},{\"@type\":\"WebPage\",\"@id\":\"https:\/\/www.press7.tv\/?p=28417\",\"url\":\"https:\/\/www.press7.tv\/?p=28417\",\"name\":\"Deputet\u00ebt nderojn\u00eb akademikun Rexhep Qosja, mbajn\u00eb nj\u00eb minut\u00eb heshtje - press7.tv\",\"isPartOf\":{\"@id\":\"https:\/\/www.news33.tv\/#website\"},\"primaryImageOfPage\":{\"@id\":\"https:\/\/www.press7.tv\/?p=28417#primaryimage\"},\"image\":{\"@id\":\"https:\/\/www.press7.tv\/?p=28417#primaryimage\"},\"thumbnailUrl\":\"https:\/\/www.press7.tv\/wp-content\/uploads\/2026\/04\/kuvendi-qosjaaaa.avif\",\"datePublished\":\"2026-04-27T08:57:24+00:00\",\"breadcrumb\":{\"@id\":\"https:\/\/www.press7.tv\/?p=28417#breadcrumb\"},\"inLanguage\":\"en-US\",\"potentialAction\":[{\"@type\":\"ReadAction\",\"target\":[\"https:\/\/www.press7.tv\/?p=28417\"]}]},{\"@type\":\"ImageObject\",\"inLanguage\":\"en-US\",\"@id\":\"https:\/\/www.press7.tv\/?p=28417#primaryimage\",\"url\":\"https:\/\/www.press7.tv\/wp-content\/uploads\/2026\/04\/kuvendi-qosjaaaa.avif\",\"contentUrl\":\"https:\/\/www.press7.tv\/wp-content\/uploads\/2026\/04\/kuvendi-qosjaaaa.avif\",\"width\":850,\"height\":638},{\"@type\":\"BreadcrumbList\",\"@id\":\"https:\/\/www.press7.tv\/?p=28417#breadcrumb\",\"itemListElement\":[{\"@type\":\"ListItem\",\"position\":1,\"name\":\"Home\",\"item\":\"https:\/\/www.press7.tv\/\"},{\"@type\":\"ListItem\",\"position\":2,\"name\":\"Deputet\u00ebt nderojn\u00eb akademikun Rexhep Qosja, mbajn\u00eb nj\u00eb minut\u00eb heshtje\"}]},{\"@type\":\"WebSite\",\"@id\":\"https:\/\/www.news33.tv\/#website\",\"url\":\"https:\/\/www.news33.tv\/\",\"name\":\"News33.tv Media\",\"description\":\"Media\",\"publisher\":{\"@id\":\"https:\/\/www.news33.tv\/#organization\"},\"potentialAction\":[{\"@type\":\"SearchAction\",\"target\":{\"@type\":\"EntryPoint\",\"urlTemplate\":\"https:\/\/www.news33.tv\/?s={search_term_string}\"},\"query-input\":{\"@type\":\"PropertyValueSpecification\",\"valueRequired\":true,\"valueName\":\"search_term_string\"}}],\"inLanguage\":\"en-US\"},{\"@type\":\"Organization\",\"@id\":\"https:\/\/www.news33.tv\/#organization\",\"name\":\"News33.tv Media\",\"url\":\"https:\/\/www.news33.tv\/\",\"logo\":{\"@type\":\"ImageObject\",\"inLanguage\":\"en-US\",\"@id\":\"https:\/\/www.news33.tv\/#\/schema\/logo\/image\/\",\"url\":\"https:\/\/www.press7.tv\/wp-content\/uploads\/2024\/02\/logo-news33-black.png\",\"contentUrl\":\"https:\/\/www.press7.tv\/wp-content\/uploads\/2024\/02\/logo-news33-black.png\",\"width\":180,\"height\":37,\"caption\":\"News33.tv Media\"},\"image\":{\"@id\":\"https:\/\/www.news33.tv\/#\/schema\/logo\/image\/\"},\"sameAs\":[\"https:\/\/www.facebook.com\/press7.tv\"]},{\"@type\":\"Person\",\"@id\":\"https:\/\/www.news33.tv\/#\/schema\/person\/5a04a38a23ccdba82f9bd665cd8f9efa\",\"name\":\"gazetar2\",\"image\":{\"@type\":\"ImageObject\",\"inLanguage\":\"en-US\",\"@id\":\"https:\/\/www.news33.tv\/#\/schema\/person\/image\/\",\"url\":\"https:\/\/www.press7.tv\/wp-content\/litespeed\/avatar\/41975e402c3049d9ddb03adca8f7a883.jpg?ver=1777169572\",\"contentUrl\":\"https:\/\/www.press7.tv\/wp-content\/litespeed\/avatar\/41975e402c3049d9ddb03adca8f7a883.jpg?ver=1777169572\",\"caption\":\"gazetar2\"},\"url\":\"https:\/\/www.press7.tv\/?author=8\"}]}<\/script>\n<!-- \/ Yoast SEO plugin. -->","yoast_head_json":{"title":"Deputet\u00ebt nderojn\u00eb akademikun Rexhep Qosja, mbajn\u00eb nj\u00eb minut\u00eb heshtje - press7.tv","robots":{"index":"index","follow":"follow","max-snippet":"max-snippet:-1","max-image-preview":"max-image-preview:large","max-video-preview":"max-video-preview:-1"},"canonical":"https:\/\/www.press7.tv\/?p=28417","og_locale":"en_US","og_type":"article","og_title":"Deputet\u00ebt nderojn\u00eb akademikun Rexhep Qosja, mbajn\u00eb nj\u00eb minut\u00eb heshtje - press7.tv","og_description":"Kuvendi i Kosov\u00ebs ka filluar seanc\u00ebn e ve\u00e7ant\u00eb n\u00eb shenj\u00eb nderimi p\u00ebr akademikun Rexhep Qosja, me nj\u00eb minut\u00eb heshtje. Akademiku, shkrimtari dhe kritiku letrar shqiptar, Rexhep Qosja, ka vdekur t\u00eb enjten n\u00eb mosh\u00ebn 90-vje\u00e7are, njoftoi familja e tij. N\u00eb nderim t\u00eb jet\u00ebs s\u00eb Qosjes, n\u00eb Kosov\u00eb 24 prilli ishte dit\u00eb zie. Valjet Rexhepi, nipi i [&hellip;]","og_url":"https:\/\/www.press7.tv\/?p=28417","og_site_name":"press7.tv","article_publisher":"https:\/\/www.facebook.com\/press7.tv","article_published_time":"2026-04-27T08:57:24+00:00","og_image":[{"width":850,"height":638,"url":"https:\/\/www.press7.tv\/wp-content\/uploads\/2026\/04\/kuvendi-qosjaaaa.avif","type":"image\/jpeg"}],"author":"gazetar2","twitter_card":"summary_large_image","twitter_misc":{"Written by":"gazetar2","Est. reading time":"1 minute"},"schema":{"@context":"https:\/\/schema.org","@graph":[{"@type":"Article","@id":"https:\/\/www.press7.tv\/?p=28417#article","isPartOf":{"@id":"https:\/\/www.press7.tv\/?p=28417"},"author":{"name":"gazetar2","@id":"https:\/\/www.news33.tv\/#\/schema\/person\/5a04a38a23ccdba82f9bd665cd8f9efa"},"headline":"Deputet\u00ebt nderojn\u00eb akademikun Rexhep Qosja, mbajn\u00eb nj\u00eb minut\u00eb heshtje","datePublished":"2026-04-27T08:57:24+00:00","mainEntityOfPage":{"@id":"https:\/\/www.press7.tv\/?p=28417"},"wordCount":131,"publisher":{"@id":"https:\/\/www.news33.tv\/#organization"},"image":{"@id":"https:\/\/www.press7.tv\/?p=28417#primaryimage"},"thumbnailUrl":"https:\/\/www.press7.tv\/wp-content\/uploads\/2026\/04\/kuvendi-qosjaaaa.avif","articleSection":["Kosov\u00eb","Lajme"],"inLanguage":"en-US"},{"@type":"WebPage","@id":"https:\/\/www.press7.tv\/?p=28417","url":"https:\/\/www.press7.tv\/?p=28417","name":"Deputet\u00ebt nderojn\u00eb akademikun Rexhep Qosja, mbajn\u00eb nj\u00eb minut\u00eb heshtje - press7.tv","isPartOf":{"@id":"https:\/\/www.news33.tv\/#website"},"primaryImageOfPage":{"@id":"https:\/\/www.press7.tv\/?p=28417#primaryimage"},"image":{"@id":"https:\/\/www.press7.tv\/?p=28417#primaryimage"},"thumbnailUrl":"https:\/\/www.press7.tv\/wp-content\/uploads\/2026\/04\/kuvendi-qosjaaaa.avif","datePublished":"2026-04-27T08:57:24+00:00","breadcrumb":{"@id":"https:\/\/www.press7.tv\/?p=28417#breadcrumb"},"inLanguage":"en-US","potentialAction":[{"@type":"ReadAction","target":["https:\/\/www.press7.tv\/?p=28417"]}]},{"@type":"ImageObject","inLanguage":"en-US","@id":"https:\/\/www.press7.tv\/?p=28417#primaryimage","url":"https:\/\/www.press7.tv\/wp-content\/uploads\/2026\/04\/kuvendi-qosjaaaa.avif","contentUrl":"https:\/\/www.press7.tv\/wp-content\/uploads\/2026\/04\/kuvendi-qosjaaaa.avif","width":850,"height":638},{"@type":"BreadcrumbList","@id":"https:\/\/www.press7.tv\/?p=28417#breadcrumb","itemListElement":[{"@type":"ListItem","position":1,"name":"Home","item":"https:\/\/www.press7.tv\/"},{"@type":"ListItem","position":2,"name":"Deputet\u00ebt nderojn\u00eb akademikun Rexhep Qosja, mbajn\u00eb nj\u00eb minut\u00eb heshtje"}]},{"@type":"WebSite","@id":"https:\/\/www.news33.tv\/#website","url":"https:\/\/www.news33.tv\/","name":"News33.tv Media","description":"Media","publisher":{"@id":"https:\/\/www.news33.tv\/#organization"},"potentialAction":[{"@type":"SearchAction","target":{"@type":"EntryPoint","urlTemplate":"https:\/\/www.news33.tv\/?s={search_term_string}"},"query-input":{"@type":"PropertyValueSpecification","valueRequired":true,"valueName":"search_term_string"}}],"inLanguage":"en-US"},{"@type":"Organization","@id":"https:\/\/www.news33.tv\/#organization","name":"News33.tv Media","url":"https:\/\/www.news33.tv\/","logo":{"@type":"ImageObject","inLanguage":"en-US","@id":"https:\/\/www.news33.tv\/#\/schema\/logo\/image\/","url":"https:\/\/www.press7.tv\/wp-content\/uploads\/2024\/02\/logo-news33-black.png","contentUrl":"https:\/\/www.press7.tv\/wp-content\/uploads\/2024\/02\/logo-news33-black.png","width":180,"height":37,"caption":"News33.tv Media"},"image":{"@id":"https:\/\/www.news33.tv\/#\/schema\/logo\/image\/"},"sameAs":["https:\/\/www.facebook.com\/press7.tv"]},{"@type":"Person","@id":"https:\/\/www.news33.tv\/#\/schema\/person\/5a04a38a23ccdba82f9bd665cd8f9efa","name":"gazetar2","image":{"@type":"ImageObject","inLanguage":"en-US","@id":"https:\/\/www.news33.tv\/#\/schema\/person\/image\/","url":"https:\/\/www.press7.tv\/wp-content\/litespeed\/avatar\/41975e402c3049d9ddb03adca8f7a883.jpg?ver=1777169572","contentUrl":"https:\/\/www.press7.tv\/wp-content\/litespeed\/avatar\/41975e402c3049d9ddb03adca8f7a883.jpg?ver=1777169572","caption":"gazetar2"},"url":"https:\/\/www.press7.tv\/?author=8"}]}},"amp_enabled":true,"_links":{"self":[{"href":"https:\/\/www.press7.tv\/index.php?rest_route=\/wp\/v2\/posts\/28417","targetHints":{"allow":["GET"]}}],"collection":[{"href":"https:\/\/www.press7.tv\/index.php?rest_route=\/wp\/v2\/posts"}],"about":[{"href":"https:\/\/www.press7.tv\/index.php?rest_route=\/wp\/v2\/types\/post"}],"author":[{"embeddable":true,"href":"https:\/\/www.press7.tv\/index.php?rest_route=\/wp\/v2\/users\/8"}],"replies":[{"embeddable":true,"href":"https:\/\/www.press7.tv\/index.php?rest_route=%2Fwp%2Fv2%2Fcomments&post=28417"}],"version-history":[{"count":1,"href":"https:\/\/www.press7.tv\/index.php?rest_route=\/wp\/v2\/posts\/28417\/revisions"}],"predecessor-version":[{"id":28419,"href":"https:\/\/www.press7.tv\/index.php?rest_route=\/wp\/v2\/posts\/28417\/revisions\/28419"}],"wp:featuredmedia":[{"embeddable":true,"href":"https:\/\/www.press7.tv\/index.php?rest_route=\/wp\/v2\/media\/28418"}],"wp:attachment":[{"href":"https:\/\/www.press7.tv\/index.php?rest_route=%2Fwp%2Fv2%2Fmedia&parent=28417"}],"wp:term":[{"taxonomy":"category","embeddable":true,"href":"https:\/\/www.press7.tv\/index.php?rest_route=%2Fwp%2Fv2%2Fcategories&post=28417"},{"taxonomy":"post_tag","embeddable":true,"href":"https:\/\/www.press7.tv\/index.php?rest_route=%2Fwp%2Fv2%2Ftags&post=28417"}],"curies":[{"name":"wp","href":"https:\/\/api.w.org\/{rel}","templated":true}]}}