{"id":28414,"date":"2026-04-27T08:55:30","date_gmt":"2026-04-27T08:55:30","guid":{"rendered":"https:\/\/www.press7.tv\/?p=28414"},"modified":"2026-04-27T08:55:30","modified_gmt":"2026-04-27T08:55:30","slug":"konjufca-gjithcka-qe-prodhoi-qosja-e-ka-formen-e-luftes-kunder-shtypjes","status":"publish","type":"post","link":"https:\/\/www.press7.tv\/?p=28414","title":{"rendered":"Konjufca: Gjith\u00e7ka q\u00eb prodhoi Qosja e ka form\u00ebn e luft\u00ebs kund\u00ebr shtypjes"},"content":{"rendered":"\n    <div class=\"xs_social_share_widget xs_share_url before_content \t\tmain_content  wslu-style-2 wslu-share-box-shaped wslu-fill-colored wslu-share-m-5 wslu-none wslu-share-vertical wslu-theme-font-no wslu-main_content\">\n\n\t\t\n        <ul>\n\t\t\t        <\/ul>\n    <\/div> \n<p>Z\u00ebvend\u00ebskryeministri i Kosov\u00ebs, Glauk Konjufca, ka vler\u00ebsuar figur\u00ebn dhe vepr\u00ebn e akademikut Rexhep Qosja gjat\u00eb seanc\u00ebs s\u00eb ve\u00e7ant\u00eb t\u00eb mbajtur n\u00eb Kuvendin e Kosov\u00ebs n\u00eb nderim t\u00eb tij<\/p>\n<p>Konjufca e cil\u00ebsoi Qosjen si nj\u00eb nga figurat m\u00eb t\u00eb r\u00ebnd\u00ebsishme intelektuale t\u00eb kombit, duke theksuar se veprimtaria e tij ishte e udh\u00ebhequr nga ideali i liris\u00eb komb\u00ebtare.<\/p>\n<p>\u201cAi ishte nj\u00eb nga intelektual\u00ebt, shkrimtar\u00ebt, veprimtar\u00ebt m\u00eb t\u00eb r\u00ebnd\u00ebsish\u00ebm t\u00eb kombit ton\u00eb.<\/p>\n<p>\u00c7do krijues p\u00ebrshkohet nga nj\u00eb princip suprem q\u00ebllimor, i cili \u00ebsht\u00eb forca e v\u00ebrtet\u00eb shtyt\u00ebse e veprimtaris\u00eb s\u00eb tij. Por cili ishte principi i Qosjes?<\/p>\n<p>Elani i tij ishte liria komb\u00ebtare. Prandaj gjith\u00e7ka q\u00eb prodhoi e ka form\u00ebn e luft\u00ebs kund\u00ebr shtypjes.<\/p>\n<p>E lufta \u00ebsht\u00eb strategji. Bazamenti i saj i par\u00eb, shtresa e themelit, \u00ebsht\u00eb vet\u00ebdija. Mbi t\u00eb pastaj nd\u00ebrtohet e sigurt ngrehina e shtetit komb\u00ebtar.<\/p>\n<p>N\u00eb k\u00ebt\u00eb kuptim, me t\u00eb drejt\u00eb u tha edhe k\u00ebto dit\u00eb q\u00eb ai \u00ebsht\u00eb rilind\u00ebsi i fundit. Qosja besonte se, duke qen\u00eb nj\u00eb komb i rr\u00ebnjosur n\u00eb gjuh\u00eb, unifikimi gjuh\u00ebsor i shqiptar\u00ebve ishte procesi i domosdosh\u00ebm i unitetit t\u00eb vet\u00ebdijes komb\u00ebtare\u201d, tha ai.<\/p>\n","protected":false},"excerpt":{"rendered":"<p>Z\u00ebvend\u00ebskryeministri i Kosov\u00ebs, Glauk Konjufca, ka vler\u00ebsuar figur\u00ebn dhe vepr\u00ebn e akademikut Rexhep Qosja gjat\u00eb seanc\u00ebs s\u00eb ve\u00e7ant\u00eb t\u00eb mbajtur n\u00eb Kuvendin e Kosov\u00ebs n\u00eb nderim t\u00eb tij Konjufca e cil\u00ebsoi Qosjen si nj\u00eb nga figurat m\u00eb t\u00eb r\u00ebnd\u00ebsishme intelektuale t\u00eb kombit, duke theksuar se veprimtaria e tij ishte e udh\u00ebhequr nga ideali i liris\u00eb [&hellip;]<\/p>\n","protected":false},"author":8,"featured_media":28415,"comment_status":"closed","ping_status":"closed","sticky":false,"template":"","format":"standard","meta":{"footnotes":""},"categories":[215,213],"tags":[],"class_list":["post-28414","post","type-post","status-publish","format-standard","has-post-thumbnail","hentry","category-kosove","category-lajme"],"yoast_head":"<!-- This site is optimized with the Yoast SEO plugin v25.1 - https:\/\/yoast.com\/wordpress\/plugins\/seo\/ -->\n<title>Konjufca: Gjith\u00e7ka q\u00eb prodhoi Qosja e ka form\u00ebn e luft\u00ebs kund\u00ebr shtypjes - press7.tv<\/title>\n<meta name=\"robots\" content=\"index, follow, max-snippet:-1, max-image-preview:large, max-video-preview:-1\" \/>\n<link rel=\"canonical\" href=\"https:\/\/www.press7.tv\/?p=28414\" \/>\n<meta property=\"og:locale\" content=\"en_US\" \/>\n<meta property=\"og:type\" content=\"article\" \/>\n<meta property=\"og:title\" content=\"Konjufca: Gjith\u00e7ka q\u00eb prodhoi Qosja e ka form\u00ebn e luft\u00ebs kund\u00ebr shtypjes - press7.tv\" \/>\n<meta property=\"og:description\" content=\"Z\u00ebvend\u00ebskryeministri i Kosov\u00ebs, Glauk Konjufca, ka vler\u00ebsuar figur\u00ebn dhe vepr\u00ebn e akademikut Rexhep Qosja gjat\u00eb seanc\u00ebs s\u00eb ve\u00e7ant\u00eb t\u00eb mbajtur n\u00eb Kuvendin e Kosov\u00ebs n\u00eb nderim t\u00eb tij Konjufca e cil\u00ebsoi Qosjen si nj\u00eb nga figurat m\u00eb t\u00eb r\u00ebnd\u00ebsishme intelektuale t\u00eb kombit, duke theksuar se veprimtaria e tij ishte e udh\u00ebhequr nga ideali i liris\u00eb [&hellip;]\" \/>\n<meta property=\"og:url\" content=\"https:\/\/www.press7.tv\/?p=28414\" \/>\n<meta property=\"og:site_name\" content=\"press7.tv\" \/>\n<meta property=\"article:publisher\" content=\"https:\/\/www.facebook.com\/press7.tv\" \/>\n<meta property=\"article:published_time\" content=\"2026-04-27T08:55:30+00:00\" \/>\n<meta property=\"og:image\" content=\"https:\/\/www.press7.tv\/wp-content\/uploads\/2026\/04\/974f1427-b917-4a0e-ab7b-ace7e4b10001.avif\" \/>\n\t<meta property=\"og:image:width\" content=\"634\" \/>\n\t<meta property=\"og:image:height\" content=\"436\" \/>\n\t<meta property=\"og:image:type\" content=\"image\/jpeg\" \/>\n<meta name=\"author\" content=\"gazetar2\" \/>\n<meta name=\"twitter:card\" content=\"summary_large_image\" \/>\n<meta name=\"twitter:label1\" content=\"Written by\" \/>\n\t<meta name=\"twitter:data1\" content=\"gazetar2\" \/>\n\t<meta name=\"twitter:label2\" content=\"Est. reading time\" \/>\n\t<meta name=\"twitter:data2\" content=\"1 minute\" \/>\n<script type=\"application\/ld+json\" class=\"yoast-schema-graph\">{\"@context\":\"https:\/\/schema.org\",\"@graph\":[{\"@type\":\"Article\",\"@id\":\"https:\/\/www.press7.tv\/?p=28414#article\",\"isPartOf\":{\"@id\":\"https:\/\/www.press7.tv\/?p=28414\"},\"author\":{\"name\":\"gazetar2\",\"@id\":\"https:\/\/www.news33.tv\/#\/schema\/person\/5a04a38a23ccdba82f9bd665cd8f9efa\"},\"headline\":\"Konjufca: Gjith\u00e7ka q\u00eb prodhoi Qosja e ka form\u00ebn e luft\u00ebs kund\u00ebr shtypjes\",\"datePublished\":\"2026-04-27T08:55:30+00:00\",\"mainEntityOfPage\":{\"@id\":\"https:\/\/www.press7.tv\/?p=28414\"},\"wordCount\":235,\"publisher\":{\"@id\":\"https:\/\/www.news33.tv\/#organization\"},\"image\":{\"@id\":\"https:\/\/www.press7.tv\/?p=28414#primaryimage\"},\"thumbnailUrl\":\"https:\/\/www.press7.tv\/wp-content\/uploads\/2026\/04\/974f1427-b917-4a0e-ab7b-ace7e4b10001.avif\",\"articleSection\":[\"Kosov\u00eb\",\"Lajme\"],\"inLanguage\":\"en-US\"},{\"@type\":\"WebPage\",\"@id\":\"https:\/\/www.press7.tv\/?p=28414\",\"url\":\"https:\/\/www.press7.tv\/?p=28414\",\"name\":\"Konjufca: Gjith\u00e7ka q\u00eb prodhoi Qosja e ka form\u00ebn e luft\u00ebs kund\u00ebr shtypjes - press7.tv\",\"isPartOf\":{\"@id\":\"https:\/\/www.news33.tv\/#website\"},\"primaryImageOfPage\":{\"@id\":\"https:\/\/www.press7.tv\/?p=28414#primaryimage\"},\"image\":{\"@id\":\"https:\/\/www.press7.tv\/?p=28414#primaryimage\"},\"thumbnailUrl\":\"https:\/\/www.press7.tv\/wp-content\/uploads\/2026\/04\/974f1427-b917-4a0e-ab7b-ace7e4b10001.avif\",\"datePublished\":\"2026-04-27T08:55:30+00:00\",\"breadcrumb\":{\"@id\":\"https:\/\/www.press7.tv\/?p=28414#breadcrumb\"},\"inLanguage\":\"en-US\",\"potentialAction\":[{\"@type\":\"ReadAction\",\"target\":[\"https:\/\/www.press7.tv\/?p=28414\"]}]},{\"@type\":\"ImageObject\",\"inLanguage\":\"en-US\",\"@id\":\"https:\/\/www.press7.tv\/?p=28414#primaryimage\",\"url\":\"https:\/\/www.press7.tv\/wp-content\/uploads\/2026\/04\/974f1427-b917-4a0e-ab7b-ace7e4b10001.avif\",\"contentUrl\":\"https:\/\/www.press7.tv\/wp-content\/uploads\/2026\/04\/974f1427-b917-4a0e-ab7b-ace7e4b10001.avif\",\"width\":634,\"height\":436},{\"@type\":\"BreadcrumbList\",\"@id\":\"https:\/\/www.press7.tv\/?p=28414#breadcrumb\",\"itemListElement\":[{\"@type\":\"ListItem\",\"position\":1,\"name\":\"Home\",\"item\":\"https:\/\/www.press7.tv\/\"},{\"@type\":\"ListItem\",\"position\":2,\"name\":\"Konjufca: Gjith\u00e7ka q\u00eb prodhoi Qosja e ka form\u00ebn e luft\u00ebs kund\u00ebr shtypjes\"}]},{\"@type\":\"WebSite\",\"@id\":\"https:\/\/www.news33.tv\/#website\",\"url\":\"https:\/\/www.news33.tv\/\",\"name\":\"News33.tv Media\",\"description\":\"Media\",\"publisher\":{\"@id\":\"https:\/\/www.news33.tv\/#organization\"},\"potentialAction\":[{\"@type\":\"SearchAction\",\"target\":{\"@type\":\"EntryPoint\",\"urlTemplate\":\"https:\/\/www.news33.tv\/?s={search_term_string}\"},\"query-input\":{\"@type\":\"PropertyValueSpecification\",\"valueRequired\":true,\"valueName\":\"search_term_string\"}}],\"inLanguage\":\"en-US\"},{\"@type\":\"Organization\",\"@id\":\"https:\/\/www.news33.tv\/#organization\",\"name\":\"News33.tv Media\",\"url\":\"https:\/\/www.news33.tv\/\",\"logo\":{\"@type\":\"ImageObject\",\"inLanguage\":\"en-US\",\"@id\":\"https:\/\/www.news33.tv\/#\/schema\/logo\/image\/\",\"url\":\"https:\/\/www.press7.tv\/wp-content\/uploads\/2024\/02\/logo-news33-black.png\",\"contentUrl\":\"https:\/\/www.press7.tv\/wp-content\/uploads\/2024\/02\/logo-news33-black.png\",\"width\":180,\"height\":37,\"caption\":\"News33.tv Media\"},\"image\":{\"@id\":\"https:\/\/www.news33.tv\/#\/schema\/logo\/image\/\"},\"sameAs\":[\"https:\/\/www.facebook.com\/press7.tv\"]},{\"@type\":\"Person\",\"@id\":\"https:\/\/www.news33.tv\/#\/schema\/person\/5a04a38a23ccdba82f9bd665cd8f9efa\",\"name\":\"gazetar2\",\"image\":{\"@type\":\"ImageObject\",\"inLanguage\":\"en-US\",\"@id\":\"https:\/\/www.news33.tv\/#\/schema\/person\/image\/\",\"url\":\"https:\/\/www.press7.tv\/wp-content\/litespeed\/avatar\/41975e402c3049d9ddb03adca8f7a883.jpg?ver=1777169572\",\"contentUrl\":\"https:\/\/www.press7.tv\/wp-content\/litespeed\/avatar\/41975e402c3049d9ddb03adca8f7a883.jpg?ver=1777169572\",\"caption\":\"gazetar2\"},\"url\":\"https:\/\/www.press7.tv\/?author=8\"}]}<\/script>\n<!-- \/ Yoast SEO plugin. -->","yoast_head_json":{"title":"Konjufca: Gjith\u00e7ka q\u00eb prodhoi Qosja e ka form\u00ebn e luft\u00ebs kund\u00ebr shtypjes - press7.tv","robots":{"index":"index","follow":"follow","max-snippet":"max-snippet:-1","max-image-preview":"max-image-preview:large","max-video-preview":"max-video-preview:-1"},"canonical":"https:\/\/www.press7.tv\/?p=28414","og_locale":"en_US","og_type":"article","og_title":"Konjufca: Gjith\u00e7ka q\u00eb prodhoi Qosja e ka form\u00ebn e luft\u00ebs kund\u00ebr shtypjes - press7.tv","og_description":"Z\u00ebvend\u00ebskryeministri i Kosov\u00ebs, Glauk Konjufca, ka vler\u00ebsuar figur\u00ebn dhe vepr\u00ebn e akademikut Rexhep Qosja gjat\u00eb seanc\u00ebs s\u00eb ve\u00e7ant\u00eb t\u00eb mbajtur n\u00eb Kuvendin e Kosov\u00ebs n\u00eb nderim t\u00eb tij Konjufca e cil\u00ebsoi Qosjen si nj\u00eb nga figurat m\u00eb t\u00eb r\u00ebnd\u00ebsishme intelektuale t\u00eb kombit, duke theksuar se veprimtaria e tij ishte e udh\u00ebhequr nga ideali i liris\u00eb [&hellip;]","og_url":"https:\/\/www.press7.tv\/?p=28414","og_site_name":"press7.tv","article_publisher":"https:\/\/www.facebook.com\/press7.tv","article_published_time":"2026-04-27T08:55:30+00:00","og_image":[{"width":634,"height":436,"url":"https:\/\/www.press7.tv\/wp-content\/uploads\/2026\/04\/974f1427-b917-4a0e-ab7b-ace7e4b10001.avif","type":"image\/jpeg"}],"author":"gazetar2","twitter_card":"summary_large_image","twitter_misc":{"Written by":"gazetar2","Est. reading time":"1 minute"},"schema":{"@context":"https:\/\/schema.org","@graph":[{"@type":"Article","@id":"https:\/\/www.press7.tv\/?p=28414#article","isPartOf":{"@id":"https:\/\/www.press7.tv\/?p=28414"},"author":{"name":"gazetar2","@id":"https:\/\/www.news33.tv\/#\/schema\/person\/5a04a38a23ccdba82f9bd665cd8f9efa"},"headline":"Konjufca: Gjith\u00e7ka q\u00eb prodhoi Qosja e ka form\u00ebn e luft\u00ebs kund\u00ebr shtypjes","datePublished":"2026-04-27T08:55:30+00:00","mainEntityOfPage":{"@id":"https:\/\/www.press7.tv\/?p=28414"},"wordCount":235,"publisher":{"@id":"https:\/\/www.news33.tv\/#organization"},"image":{"@id":"https:\/\/www.press7.tv\/?p=28414#primaryimage"},"thumbnailUrl":"https:\/\/www.press7.tv\/wp-content\/uploads\/2026\/04\/974f1427-b917-4a0e-ab7b-ace7e4b10001.avif","articleSection":["Kosov\u00eb","Lajme"],"inLanguage":"en-US"},{"@type":"WebPage","@id":"https:\/\/www.press7.tv\/?p=28414","url":"https:\/\/www.press7.tv\/?p=28414","name":"Konjufca: Gjith\u00e7ka q\u00eb prodhoi Qosja e ka form\u00ebn e luft\u00ebs kund\u00ebr shtypjes - press7.tv","isPartOf":{"@id":"https:\/\/www.news33.tv\/#website"},"primaryImageOfPage":{"@id":"https:\/\/www.press7.tv\/?p=28414#primaryimage"},"image":{"@id":"https:\/\/www.press7.tv\/?p=28414#primaryimage"},"thumbnailUrl":"https:\/\/www.press7.tv\/wp-content\/uploads\/2026\/04\/974f1427-b917-4a0e-ab7b-ace7e4b10001.avif","datePublished":"2026-04-27T08:55:30+00:00","breadcrumb":{"@id":"https:\/\/www.press7.tv\/?p=28414#breadcrumb"},"inLanguage":"en-US","potentialAction":[{"@type":"ReadAction","target":["https:\/\/www.press7.tv\/?p=28414"]}]},{"@type":"ImageObject","inLanguage":"en-US","@id":"https:\/\/www.press7.tv\/?p=28414#primaryimage","url":"https:\/\/www.press7.tv\/wp-content\/uploads\/2026\/04\/974f1427-b917-4a0e-ab7b-ace7e4b10001.avif","contentUrl":"https:\/\/www.press7.tv\/wp-content\/uploads\/2026\/04\/974f1427-b917-4a0e-ab7b-ace7e4b10001.avif","width":634,"height":436},{"@type":"BreadcrumbList","@id":"https:\/\/www.press7.tv\/?p=28414#breadcrumb","itemListElement":[{"@type":"ListItem","position":1,"name":"Home","item":"https:\/\/www.press7.tv\/"},{"@type":"ListItem","position":2,"name":"Konjufca: Gjith\u00e7ka q\u00eb prodhoi Qosja e ka form\u00ebn e luft\u00ebs kund\u00ebr shtypjes"}]},{"@type":"WebSite","@id":"https:\/\/www.news33.tv\/#website","url":"https:\/\/www.news33.tv\/","name":"News33.tv Media","description":"Media","publisher":{"@id":"https:\/\/www.news33.tv\/#organization"},"potentialAction":[{"@type":"SearchAction","target":{"@type":"EntryPoint","urlTemplate":"https:\/\/www.news33.tv\/?s={search_term_string}"},"query-input":{"@type":"PropertyValueSpecification","valueRequired":true,"valueName":"search_term_string"}}],"inLanguage":"en-US"},{"@type":"Organization","@id":"https:\/\/www.news33.tv\/#organization","name":"News33.tv Media","url":"https:\/\/www.news33.tv\/","logo":{"@type":"ImageObject","inLanguage":"en-US","@id":"https:\/\/www.news33.tv\/#\/schema\/logo\/image\/","url":"https:\/\/www.press7.tv\/wp-content\/uploads\/2024\/02\/logo-news33-black.png","contentUrl":"https:\/\/www.press7.tv\/wp-content\/uploads\/2024\/02\/logo-news33-black.png","width":180,"height":37,"caption":"News33.tv Media"},"image":{"@id":"https:\/\/www.news33.tv\/#\/schema\/logo\/image\/"},"sameAs":["https:\/\/www.facebook.com\/press7.tv"]},{"@type":"Person","@id":"https:\/\/www.news33.tv\/#\/schema\/person\/5a04a38a23ccdba82f9bd665cd8f9efa","name":"gazetar2","image":{"@type":"ImageObject","inLanguage":"en-US","@id":"https:\/\/www.news33.tv\/#\/schema\/person\/image\/","url":"https:\/\/www.press7.tv\/wp-content\/litespeed\/avatar\/41975e402c3049d9ddb03adca8f7a883.jpg?ver=1777169572","contentUrl":"https:\/\/www.press7.tv\/wp-content\/litespeed\/avatar\/41975e402c3049d9ddb03adca8f7a883.jpg?ver=1777169572","caption":"gazetar2"},"url":"https:\/\/www.press7.tv\/?author=8"}]}},"amp_enabled":true,"_links":{"self":[{"href":"https:\/\/www.press7.tv\/index.php?rest_route=\/wp\/v2\/posts\/28414","targetHints":{"allow":["GET"]}}],"collection":[{"href":"https:\/\/www.press7.tv\/index.php?rest_route=\/wp\/v2\/posts"}],"about":[{"href":"https:\/\/www.press7.tv\/index.php?rest_route=\/wp\/v2\/types\/post"}],"author":[{"embeddable":true,"href":"https:\/\/www.press7.tv\/index.php?rest_route=\/wp\/v2\/users\/8"}],"replies":[{"embeddable":true,"href":"https:\/\/www.press7.tv\/index.php?rest_route=%2Fwp%2Fv2%2Fcomments&post=28414"}],"version-history":[{"count":1,"href":"https:\/\/www.press7.tv\/index.php?rest_route=\/wp\/v2\/posts\/28414\/revisions"}],"predecessor-version":[{"id":28416,"href":"https:\/\/www.press7.tv\/index.php?rest_route=\/wp\/v2\/posts\/28414\/revisions\/28416"}],"wp:featuredmedia":[{"embeddable":true,"href":"https:\/\/www.press7.tv\/index.php?rest_route=\/wp\/v2\/media\/28415"}],"wp:attachment":[{"href":"https:\/\/www.press7.tv\/index.php?rest_route=%2Fwp%2Fv2%2Fmedia&parent=28414"}],"wp:term":[{"taxonomy":"category","embeddable":true,"href":"https:\/\/www.press7.tv\/index.php?rest_route=%2Fwp%2Fv2%2Fcategories&post=28414"},{"taxonomy":"post_tag","embeddable":true,"href":"https:\/\/www.press7.tv\/index.php?rest_route=%2Fwp%2Fv2%2Ftags&post=28414"}],"curies":[{"name":"wp","href":"https:\/\/api.w.org\/{rel}","templated":true}]}}