{"id":28401,"date":"2026-04-26T16:03:23","date_gmt":"2026-04-26T16:03:23","guid":{"rendered":"https:\/\/www.press7.tv\/?p=28401"},"modified":"2026-04-26T16:03:23","modified_gmt":"2026-04-26T16:03:23","slug":"lideret-boterore-reagojne-pas-sulmit-ne-darken-e-shtepise-se-bardhe","status":"publish","type":"post","link":"https:\/\/www.press7.tv\/?p=28401","title":{"rendered":"Lider\u00ebt bot\u00ebror\u00eb reagojn\u00eb pas sulmit n\u00eb dark\u00ebn e Sht\u00ebpis\u00eb s\u00eb Bardh\u00eb"},"content":{"rendered":"\n    <div class=\"xs_social_share_widget xs_share_url before_content \t\tmain_content  wslu-style-2 wslu-share-box-shaped wslu-fill-colored wslu-share-m-5 wslu-none wslu-share-vertical wslu-theme-font-no wslu-main_content\">\n\n\t\t\n        <ul>\n\t\t\t        <\/ul>\n    <\/div> \n<p>Udh\u00ebheq\u00ebs nga e gjith\u00eb bota kan\u00eb reaguar ndaj t\u00eb sht\u00ebnave n\u00eb dark\u00ebn e korrespondent\u00ebve t\u00eb Sht\u00ebpis\u00eb s\u00eb Bardh\u00eb t\u00eb shtun\u00ebn n\u00eb mbr\u00ebmje.<\/p>\n<p>Kryeministri kanadez, Mark Carney, ka th\u00ebn\u00eb se \u00ebsht\u00eb &#8220;i leht\u00ebsuar&#8221; q\u00eb presidenti Trump dhe Zonja e Par\u00eb, s\u00eb bashku me t\u00eb pranishmit, jan\u00eb t\u00eb sigurt.<\/p>\n<p>&#8220;Mendimet e mia jan\u00eb me t\u00eb gjith\u00eb ata q\u00eb jan\u00eb tronditur nga kjo ngjarje shqet\u00ebsuese\u201d, ka deklaruar ai.<br \/>\nHomologu i tij australian, Anthony Albanese, ka th\u00ebn\u00eb gjithashtu se \u00ebsht\u00eb &#8220;i k\u00ebnaqur t\u00eb d\u00ebgjoj\u00eb&#8221; se ata q\u00eb jan\u00eb n\u00eb vendngjarje jan\u00eb t\u00eb sigurt. <\/p>\n<p>\u201cDuartrokasim pun\u00ebn e Sh\u00ebrbimit Sekret dhe zbatimit t\u00eb ligjit&#8221;, ka deklaruar ai.<br \/>\nKaja Kallas, diplomatja m\u00eb e lart\u00eb e Bashkimit Evropian, ka shprehur mb\u00ebshtetjen e saj p\u00ebr presidentin amerikan, Zonj\u00ebn e Par\u00eb dhe t\u00eb gjith\u00eb t\u00eb pranishmit, duke shtuar se &#8220;dhuna politike nuk ka vend n\u00eb demokraci&#8221;.<\/p>\n<p>Presidentja n\u00eb detyr\u00eb e Venezuel\u00ebs, Delcy Rodr\u00edguez, ka d\u00ebnuar po ashtu fuqimisht \u201ctentativ\u00ebn e sulmit\u201d.<\/p>\n<p>Shehbaz Sharif, kryeministri i Pakistanit, ka th\u00ebn\u00eb se \u00ebsht\u00eb &#8220;thell\u00ebsisht i tronditur&#8221; nga t\u00eb sht\u00ebnat dhe i shprehur &#8220;mendimet dhe lutjet&#8221; e tij Trumpit.<\/p>\n<p>Kryeministri i Indis\u00eb, Narendra Modi, ka th\u00ebn\u00eb se u d\u00ebrgon &#8220;urimet m\u00eb t\u00eb mira p\u00ebr sigurin\u00eb dhe mir\u00ebqenien e tyre t\u00eb vazhdueshme&#8221; presidentit, Zonj\u00ebs s\u00eb Par\u00eb dhe z\u00ebvend\u00ebspresidentit.<\/p>\n<p>Edhe presidentja e Meksik\u00ebs, Cludia Sheinbaum ka d\u00ebnuar sulmin, teksa ka deklaruar se &#8220;dhuna nuk duhet t\u00eb jet\u00eb kurr\u00eb rruga e duhur&#8221;.<\/p>\n","protected":false},"excerpt":{"rendered":"<p>Udh\u00ebheq\u00ebs nga e gjith\u00eb bota kan\u00eb reaguar ndaj t\u00eb sht\u00ebnave n\u00eb dark\u00ebn e korrespondent\u00ebve t\u00eb Sht\u00ebpis\u00eb s\u00eb Bardh\u00eb t\u00eb shtun\u00ebn n\u00eb mbr\u00ebmje. Kryeministri kanadez, Mark Carney, ka th\u00ebn\u00eb se \u00ebsht\u00eb &#8220;i leht\u00ebsuar&#8221; q\u00eb presidenti Trump dhe Zonja e Par\u00eb, s\u00eb bashku me t\u00eb pranishmit, jan\u00eb t\u00eb sigurt. &#8220;Mendimet e mia jan\u00eb me t\u00eb gjith\u00eb ata [&hellip;]<\/p>\n","protected":false},"author":8,"featured_media":28402,"comment_status":"closed","ping_status":"closed","sticky":false,"template":"","format":"standard","meta":{"footnotes":""},"categories":[217,213],"tags":[],"class_list":["post-28401","post","type-post","status-publish","format-standard","has-post-thumbnail","hentry","category-bote","category-lajme"],"yoast_head":"<!-- This site is optimized with the Yoast SEO plugin v25.1 - https:\/\/yoast.com\/wordpress\/plugins\/seo\/ -->\n<title>Lider\u00ebt bot\u00ebror\u00eb reagojn\u00eb pas sulmit n\u00eb dark\u00ebn e Sht\u00ebpis\u00eb s\u00eb Bardh\u00eb - press7.tv<\/title>\n<meta name=\"robots\" content=\"index, follow, max-snippet:-1, max-image-preview:large, max-video-preview:-1\" \/>\n<link rel=\"canonical\" href=\"https:\/\/www.press7.tv\/?p=28401\" \/>\n<meta property=\"og:locale\" content=\"en_US\" \/>\n<meta property=\"og:type\" content=\"article\" \/>\n<meta property=\"og:title\" content=\"Lider\u00ebt bot\u00ebror\u00eb reagojn\u00eb pas sulmit n\u00eb dark\u00ebn e Sht\u00ebpis\u00eb s\u00eb Bardh\u00eb - press7.tv\" \/>\n<meta property=\"og:description\" content=\"Udh\u00ebheq\u00ebs nga e gjith\u00eb bota kan\u00eb reaguar ndaj t\u00eb sht\u00ebnave n\u00eb dark\u00ebn e korrespondent\u00ebve t\u00eb Sht\u00ebpis\u00eb s\u00eb Bardh\u00eb t\u00eb shtun\u00ebn n\u00eb mbr\u00ebmje. Kryeministri kanadez, Mark Carney, ka th\u00ebn\u00eb se \u00ebsht\u00eb &#8220;i leht\u00ebsuar&#8221; q\u00eb presidenti Trump dhe Zonja e Par\u00eb, s\u00eb bashku me t\u00eb pranishmit, jan\u00eb t\u00eb sigurt. &#8220;Mendimet e mia jan\u00eb me t\u00eb gjith\u00eb ata [&hellip;]\" \/>\n<meta property=\"og:url\" content=\"https:\/\/www.press7.tv\/?p=28401\" \/>\n<meta property=\"og:site_name\" content=\"press7.tv\" \/>\n<meta property=\"article:publisher\" content=\"https:\/\/www.facebook.com\/press7.tv\" \/>\n<meta property=\"article:published_time\" content=\"2026-04-26T16:03:23+00:00\" \/>\n<meta property=\"og:image\" content=\"https:\/\/www.press7.tv\/wp-content\/uploads\/2026\/04\/b28a22c9-3b03-4180-afce-dc5f08d87209.avif\" \/>\n\t<meta property=\"og:image:width\" content=\"860\" \/>\n\t<meta property=\"og:image:height\" content=\"550\" \/>\n\t<meta property=\"og:image:type\" content=\"image\/webp\" \/>\n<meta name=\"author\" content=\"gazetar2\" \/>\n<meta name=\"twitter:card\" content=\"summary_large_image\" \/>\n<meta name=\"twitter:label1\" content=\"Written by\" \/>\n\t<meta name=\"twitter:data1\" content=\"gazetar2\" \/>\n\t<meta name=\"twitter:label2\" content=\"Est. reading time\" \/>\n\t<meta name=\"twitter:data2\" content=\"1 minute\" \/>\n<script type=\"application\/ld+json\" class=\"yoast-schema-graph\">{\"@context\":\"https:\/\/schema.org\",\"@graph\":[{\"@type\":\"Article\",\"@id\":\"https:\/\/www.press7.tv\/?p=28401#article\",\"isPartOf\":{\"@id\":\"https:\/\/www.press7.tv\/?p=28401\"},\"author\":{\"name\":\"gazetar2\",\"@id\":\"https:\/\/www.news33.tv\/#\/schema\/person\/5a04a38a23ccdba82f9bd665cd8f9efa\"},\"headline\":\"Lider\u00ebt bot\u00ebror\u00eb reagojn\u00eb pas sulmit n\u00eb dark\u00ebn e Sht\u00ebpis\u00eb s\u00eb Bardh\u00eb\",\"datePublished\":\"2026-04-26T16:03:23+00:00\",\"mainEntityOfPage\":{\"@id\":\"https:\/\/www.press7.tv\/?p=28401\"},\"wordCount\":275,\"publisher\":{\"@id\":\"https:\/\/www.news33.tv\/#organization\"},\"image\":{\"@id\":\"https:\/\/www.press7.tv\/?p=28401#primaryimage\"},\"thumbnailUrl\":\"https:\/\/www.press7.tv\/wp-content\/uploads\/2026\/04\/b28a22c9-3b03-4180-afce-dc5f08d87209.avif\",\"articleSection\":[\"Bot\u00eb\",\"Lajme\"],\"inLanguage\":\"en-US\"},{\"@type\":\"WebPage\",\"@id\":\"https:\/\/www.press7.tv\/?p=28401\",\"url\":\"https:\/\/www.press7.tv\/?p=28401\",\"name\":\"Lider\u00ebt bot\u00ebror\u00eb reagojn\u00eb pas sulmit n\u00eb dark\u00ebn e Sht\u00ebpis\u00eb s\u00eb Bardh\u00eb - press7.tv\",\"isPartOf\":{\"@id\":\"https:\/\/www.news33.tv\/#website\"},\"primaryImageOfPage\":{\"@id\":\"https:\/\/www.press7.tv\/?p=28401#primaryimage\"},\"image\":{\"@id\":\"https:\/\/www.press7.tv\/?p=28401#primaryimage\"},\"thumbnailUrl\":\"https:\/\/www.press7.tv\/wp-content\/uploads\/2026\/04\/b28a22c9-3b03-4180-afce-dc5f08d87209.avif\",\"datePublished\":\"2026-04-26T16:03:23+00:00\",\"breadcrumb\":{\"@id\":\"https:\/\/www.press7.tv\/?p=28401#breadcrumb\"},\"inLanguage\":\"en-US\",\"potentialAction\":[{\"@type\":\"ReadAction\",\"target\":[\"https:\/\/www.press7.tv\/?p=28401\"]}]},{\"@type\":\"ImageObject\",\"inLanguage\":\"en-US\",\"@id\":\"https:\/\/www.press7.tv\/?p=28401#primaryimage\",\"url\":\"https:\/\/www.press7.tv\/wp-content\/uploads\/2026\/04\/b28a22c9-3b03-4180-afce-dc5f08d87209.avif\",\"contentUrl\":\"https:\/\/www.press7.tv\/wp-content\/uploads\/2026\/04\/b28a22c9-3b03-4180-afce-dc5f08d87209.avif\",\"width\":860,\"height\":550},{\"@type\":\"BreadcrumbList\",\"@id\":\"https:\/\/www.press7.tv\/?p=28401#breadcrumb\",\"itemListElement\":[{\"@type\":\"ListItem\",\"position\":1,\"name\":\"Home\",\"item\":\"https:\/\/www.press7.tv\/\"},{\"@type\":\"ListItem\",\"position\":2,\"name\":\"Lider\u00ebt bot\u00ebror\u00eb reagojn\u00eb pas sulmit n\u00eb dark\u00ebn e Sht\u00ebpis\u00eb s\u00eb Bardh\u00eb\"}]},{\"@type\":\"WebSite\",\"@id\":\"https:\/\/www.news33.tv\/#website\",\"url\":\"https:\/\/www.news33.tv\/\",\"name\":\"News33.tv Media\",\"description\":\"Media\",\"publisher\":{\"@id\":\"https:\/\/www.news33.tv\/#organization\"},\"potentialAction\":[{\"@type\":\"SearchAction\",\"target\":{\"@type\":\"EntryPoint\",\"urlTemplate\":\"https:\/\/www.news33.tv\/?s={search_term_string}\"},\"query-input\":{\"@type\":\"PropertyValueSpecification\",\"valueRequired\":true,\"valueName\":\"search_term_string\"}}],\"inLanguage\":\"en-US\"},{\"@type\":\"Organization\",\"@id\":\"https:\/\/www.news33.tv\/#organization\",\"name\":\"News33.tv Media\",\"url\":\"https:\/\/www.news33.tv\/\",\"logo\":{\"@type\":\"ImageObject\",\"inLanguage\":\"en-US\",\"@id\":\"https:\/\/www.news33.tv\/#\/schema\/logo\/image\/\",\"url\":\"https:\/\/www.press7.tv\/wp-content\/uploads\/2024\/02\/logo-news33-black.png\",\"contentUrl\":\"https:\/\/www.press7.tv\/wp-content\/uploads\/2024\/02\/logo-news33-black.png\",\"width\":180,\"height\":37,\"caption\":\"News33.tv Media\"},\"image\":{\"@id\":\"https:\/\/www.news33.tv\/#\/schema\/logo\/image\/\"},\"sameAs\":[\"https:\/\/www.facebook.com\/press7.tv\"]},{\"@type\":\"Person\",\"@id\":\"https:\/\/www.news33.tv\/#\/schema\/person\/5a04a38a23ccdba82f9bd665cd8f9efa\",\"name\":\"gazetar2\",\"image\":{\"@type\":\"ImageObject\",\"inLanguage\":\"en-US\",\"@id\":\"https:\/\/www.news33.tv\/#\/schema\/person\/image\/\",\"url\":\"https:\/\/www.press7.tv\/wp-content\/litespeed\/avatar\/41975e402c3049d9ddb03adca8f7a883.jpg?ver=1777169572\",\"contentUrl\":\"https:\/\/www.press7.tv\/wp-content\/litespeed\/avatar\/41975e402c3049d9ddb03adca8f7a883.jpg?ver=1777169572\",\"caption\":\"gazetar2\"},\"url\":\"https:\/\/www.press7.tv\/?author=8\"}]}<\/script>\n<!-- \/ Yoast SEO plugin. -->","yoast_head_json":{"title":"Lider\u00ebt bot\u00ebror\u00eb reagojn\u00eb pas sulmit n\u00eb dark\u00ebn e Sht\u00ebpis\u00eb s\u00eb Bardh\u00eb - press7.tv","robots":{"index":"index","follow":"follow","max-snippet":"max-snippet:-1","max-image-preview":"max-image-preview:large","max-video-preview":"max-video-preview:-1"},"canonical":"https:\/\/www.press7.tv\/?p=28401","og_locale":"en_US","og_type":"article","og_title":"Lider\u00ebt bot\u00ebror\u00eb reagojn\u00eb pas sulmit n\u00eb dark\u00ebn e Sht\u00ebpis\u00eb s\u00eb Bardh\u00eb - press7.tv","og_description":"Udh\u00ebheq\u00ebs nga e gjith\u00eb bota kan\u00eb reaguar ndaj t\u00eb sht\u00ebnave n\u00eb dark\u00ebn e korrespondent\u00ebve t\u00eb Sht\u00ebpis\u00eb s\u00eb Bardh\u00eb t\u00eb shtun\u00ebn n\u00eb mbr\u00ebmje. Kryeministri kanadez, Mark Carney, ka th\u00ebn\u00eb se \u00ebsht\u00eb &#8220;i leht\u00ebsuar&#8221; q\u00eb presidenti Trump dhe Zonja e Par\u00eb, s\u00eb bashku me t\u00eb pranishmit, jan\u00eb t\u00eb sigurt. &#8220;Mendimet e mia jan\u00eb me t\u00eb gjith\u00eb ata [&hellip;]","og_url":"https:\/\/www.press7.tv\/?p=28401","og_site_name":"press7.tv","article_publisher":"https:\/\/www.facebook.com\/press7.tv","article_published_time":"2026-04-26T16:03:23+00:00","og_image":[{"width":860,"height":550,"url":"https:\/\/www.press7.tv\/wp-content\/uploads\/2026\/04\/b28a22c9-3b03-4180-afce-dc5f08d87209.avif","type":"image\/webp"}],"author":"gazetar2","twitter_card":"summary_large_image","twitter_misc":{"Written by":"gazetar2","Est. reading time":"1 minute"},"schema":{"@context":"https:\/\/schema.org","@graph":[{"@type":"Article","@id":"https:\/\/www.press7.tv\/?p=28401#article","isPartOf":{"@id":"https:\/\/www.press7.tv\/?p=28401"},"author":{"name":"gazetar2","@id":"https:\/\/www.news33.tv\/#\/schema\/person\/5a04a38a23ccdba82f9bd665cd8f9efa"},"headline":"Lider\u00ebt bot\u00ebror\u00eb reagojn\u00eb pas sulmit n\u00eb dark\u00ebn e Sht\u00ebpis\u00eb s\u00eb Bardh\u00eb","datePublished":"2026-04-26T16:03:23+00:00","mainEntityOfPage":{"@id":"https:\/\/www.press7.tv\/?p=28401"},"wordCount":275,"publisher":{"@id":"https:\/\/www.news33.tv\/#organization"},"image":{"@id":"https:\/\/www.press7.tv\/?p=28401#primaryimage"},"thumbnailUrl":"https:\/\/www.press7.tv\/wp-content\/uploads\/2026\/04\/b28a22c9-3b03-4180-afce-dc5f08d87209.avif","articleSection":["Bot\u00eb","Lajme"],"inLanguage":"en-US"},{"@type":"WebPage","@id":"https:\/\/www.press7.tv\/?p=28401","url":"https:\/\/www.press7.tv\/?p=28401","name":"Lider\u00ebt bot\u00ebror\u00eb reagojn\u00eb pas sulmit n\u00eb dark\u00ebn e Sht\u00ebpis\u00eb s\u00eb Bardh\u00eb - press7.tv","isPartOf":{"@id":"https:\/\/www.news33.tv\/#website"},"primaryImageOfPage":{"@id":"https:\/\/www.press7.tv\/?p=28401#primaryimage"},"image":{"@id":"https:\/\/www.press7.tv\/?p=28401#primaryimage"},"thumbnailUrl":"https:\/\/www.press7.tv\/wp-content\/uploads\/2026\/04\/b28a22c9-3b03-4180-afce-dc5f08d87209.avif","datePublished":"2026-04-26T16:03:23+00:00","breadcrumb":{"@id":"https:\/\/www.press7.tv\/?p=28401#breadcrumb"},"inLanguage":"en-US","potentialAction":[{"@type":"ReadAction","target":["https:\/\/www.press7.tv\/?p=28401"]}]},{"@type":"ImageObject","inLanguage":"en-US","@id":"https:\/\/www.press7.tv\/?p=28401#primaryimage","url":"https:\/\/www.press7.tv\/wp-content\/uploads\/2026\/04\/b28a22c9-3b03-4180-afce-dc5f08d87209.avif","contentUrl":"https:\/\/www.press7.tv\/wp-content\/uploads\/2026\/04\/b28a22c9-3b03-4180-afce-dc5f08d87209.avif","width":860,"height":550},{"@type":"BreadcrumbList","@id":"https:\/\/www.press7.tv\/?p=28401#breadcrumb","itemListElement":[{"@type":"ListItem","position":1,"name":"Home","item":"https:\/\/www.press7.tv\/"},{"@type":"ListItem","position":2,"name":"Lider\u00ebt bot\u00ebror\u00eb reagojn\u00eb pas sulmit n\u00eb dark\u00ebn e Sht\u00ebpis\u00eb s\u00eb Bardh\u00eb"}]},{"@type":"WebSite","@id":"https:\/\/www.news33.tv\/#website","url":"https:\/\/www.news33.tv\/","name":"News33.tv Media","description":"Media","publisher":{"@id":"https:\/\/www.news33.tv\/#organization"},"potentialAction":[{"@type":"SearchAction","target":{"@type":"EntryPoint","urlTemplate":"https:\/\/www.news33.tv\/?s={search_term_string}"},"query-input":{"@type":"PropertyValueSpecification","valueRequired":true,"valueName":"search_term_string"}}],"inLanguage":"en-US"},{"@type":"Organization","@id":"https:\/\/www.news33.tv\/#organization","name":"News33.tv Media","url":"https:\/\/www.news33.tv\/","logo":{"@type":"ImageObject","inLanguage":"en-US","@id":"https:\/\/www.news33.tv\/#\/schema\/logo\/image\/","url":"https:\/\/www.press7.tv\/wp-content\/uploads\/2024\/02\/logo-news33-black.png","contentUrl":"https:\/\/www.press7.tv\/wp-content\/uploads\/2024\/02\/logo-news33-black.png","width":180,"height":37,"caption":"News33.tv Media"},"image":{"@id":"https:\/\/www.news33.tv\/#\/schema\/logo\/image\/"},"sameAs":["https:\/\/www.facebook.com\/press7.tv"]},{"@type":"Person","@id":"https:\/\/www.news33.tv\/#\/schema\/person\/5a04a38a23ccdba82f9bd665cd8f9efa","name":"gazetar2","image":{"@type":"ImageObject","inLanguage":"en-US","@id":"https:\/\/www.news33.tv\/#\/schema\/person\/image\/","url":"https:\/\/www.press7.tv\/wp-content\/litespeed\/avatar\/41975e402c3049d9ddb03adca8f7a883.jpg?ver=1777169572","contentUrl":"https:\/\/www.press7.tv\/wp-content\/litespeed\/avatar\/41975e402c3049d9ddb03adca8f7a883.jpg?ver=1777169572","caption":"gazetar2"},"url":"https:\/\/www.press7.tv\/?author=8"}]}},"amp_enabled":true,"_links":{"self":[{"href":"https:\/\/www.press7.tv\/index.php?rest_route=\/wp\/v2\/posts\/28401","targetHints":{"allow":["GET"]}}],"collection":[{"href":"https:\/\/www.press7.tv\/index.php?rest_route=\/wp\/v2\/posts"}],"about":[{"href":"https:\/\/www.press7.tv\/index.php?rest_route=\/wp\/v2\/types\/post"}],"author":[{"embeddable":true,"href":"https:\/\/www.press7.tv\/index.php?rest_route=\/wp\/v2\/users\/8"}],"replies":[{"embeddable":true,"href":"https:\/\/www.press7.tv\/index.php?rest_route=%2Fwp%2Fv2%2Fcomments&post=28401"}],"version-history":[{"count":1,"href":"https:\/\/www.press7.tv\/index.php?rest_route=\/wp\/v2\/posts\/28401\/revisions"}],"predecessor-version":[{"id":28403,"href":"https:\/\/www.press7.tv\/index.php?rest_route=\/wp\/v2\/posts\/28401\/revisions\/28403"}],"wp:featuredmedia":[{"embeddable":true,"href":"https:\/\/www.press7.tv\/index.php?rest_route=\/wp\/v2\/media\/28402"}],"wp:attachment":[{"href":"https:\/\/www.press7.tv\/index.php?rest_route=%2Fwp%2Fv2%2Fmedia&parent=28401"}],"wp:term":[{"taxonomy":"category","embeddable":true,"href":"https:\/\/www.press7.tv\/index.php?rest_route=%2Fwp%2Fv2%2Fcategories&post=28401"},{"taxonomy":"post_tag","embeddable":true,"href":"https:\/\/www.press7.tv\/index.php?rest_route=%2Fwp%2Fv2%2Ftags&post=28401"}],"curies":[{"name":"wp","href":"https:\/\/api.w.org\/{rel}","templated":true}]}}