{"id":28392,"date":"2026-04-26T15:45:46","date_gmt":"2026-04-26T15:45:46","guid":{"rendered":"https:\/\/www.press7.tv\/?p=28392"},"modified":"2026-04-26T15:45:46","modified_gmt":"2026-04-26T15:45:46","slug":"osmani-solidarizohet-me-trump-dhe-zonjen-e-pare-sulm-qyqar","status":"publish","type":"post","link":"https:\/\/www.press7.tv\/?p=28392","title":{"rendered":"Osmani solidarizohet me Trump dhe Zonj\u00ebn e Par\u00eb: Sulm qyqar"},"content":{"rendered":"\n    <div class=\"xs_social_share_widget xs_share_url before_content \t\tmain_content  wslu-style-2 wslu-share-box-shaped wslu-fill-colored wslu-share-m-5 wslu-none wslu-share-vertical wslu-theme-font-no wslu-main_content\">\n\n\t\t\n        <ul>\n\t\t\t        <\/ul>\n    <\/div> \n<p>Ish-presidentja e Kosov\u00ebs, Vjosa Osmani ka reaguar lidhur me sulmin n\u00eb dark\u00ebn e korrespodent\u00ebve t\u00eb Sht\u00ebpis\u00eb s\u00eb Bardh\u00eb n\u00eb Uashington, aty ku po merrte pjes\u00eb presidenti amerikan, Donald Trump dhe Zonja e Par\u00eb, Melania Trump.<\/p>\n<p>P\u00ebrmes nj\u00eb postimi n\u00eb X, Osmani theksoi se ka d\u00ebrguar lutje p\u00ebr Trumpin, bashk\u00ebshorten e tij dhe popullin amerikan, nd\u00ebrsa shtoi se Kosova beson n\u00eb q\u00ebndrueshm\u00ebrin\u00eb e Shteteve t\u00eb Bashkuara dhe institucioneve t\u00eb saj, dhe mbetet partner i pal\u00ebkundur n\u00eb promovimin e paqes, siguris\u00eb dhe stabilitetit n\u00eb mbar\u00eb bot\u00ebn.<\/p>\n","protected":false},"excerpt":{"rendered":"<p>Ish-presidentja e Kosov\u00ebs, Vjosa Osmani ka reaguar lidhur me sulmin n\u00eb dark\u00ebn e korrespodent\u00ebve t\u00eb Sht\u00ebpis\u00eb s\u00eb Bardh\u00eb n\u00eb Uashington, aty ku po merrte pjes\u00eb presidenti amerikan, Donald Trump dhe Zonja e Par\u00eb, Melania Trump. P\u00ebrmes nj\u00eb postimi n\u00eb X, Osmani theksoi se ka d\u00ebrguar lutje p\u00ebr Trumpin, bashk\u00ebshorten e tij dhe popullin amerikan, nd\u00ebrsa [&hellip;]<\/p>\n","protected":false},"author":8,"featured_media":28393,"comment_status":"closed","ping_status":"closed","sticky":false,"template":"","format":"standard","meta":{"footnotes":""},"categories":[215,213],"tags":[],"class_list":["post-28392","post","type-post","status-publish","format-standard","has-post-thumbnail","hentry","category-kosove","category-lajme"],"yoast_head":"<!-- This site is optimized with the Yoast SEO plugin v25.1 - https:\/\/yoast.com\/wordpress\/plugins\/seo\/ -->\n<title>Osmani solidarizohet me Trump dhe Zonj\u00ebn e Par\u00eb: Sulm qyqar - press7.tv<\/title>\n<meta name=\"robots\" content=\"index, follow, max-snippet:-1, max-image-preview:large, max-video-preview:-1\" \/>\n<link rel=\"canonical\" href=\"https:\/\/www.press7.tv\/?p=28392\" \/>\n<meta property=\"og:locale\" content=\"en_US\" \/>\n<meta property=\"og:type\" content=\"article\" \/>\n<meta property=\"og:title\" content=\"Osmani solidarizohet me Trump dhe Zonj\u00ebn e Par\u00eb: Sulm qyqar - press7.tv\" \/>\n<meta property=\"og:description\" content=\"Ish-presidentja e Kosov\u00ebs, Vjosa Osmani ka reaguar lidhur me sulmin n\u00eb dark\u00ebn e korrespodent\u00ebve t\u00eb Sht\u00ebpis\u00eb s\u00eb Bardh\u00eb n\u00eb Uashington, aty ku po merrte pjes\u00eb presidenti amerikan, Donald Trump dhe Zonja e Par\u00eb, Melania Trump. P\u00ebrmes nj\u00eb postimi n\u00eb X, Osmani theksoi se ka d\u00ebrguar lutje p\u00ebr Trumpin, bashk\u00ebshorten e tij dhe popullin amerikan, nd\u00ebrsa [&hellip;]\" \/>\n<meta property=\"og:url\" content=\"https:\/\/www.press7.tv\/?p=28392\" \/>\n<meta property=\"og:site_name\" content=\"press7.tv\" \/>\n<meta property=\"article:publisher\" content=\"https:\/\/www.facebook.com\/press7.tv\" \/>\n<meta property=\"article:published_time\" content=\"2026-04-26T15:45:46+00:00\" \/>\n<meta property=\"og:image\" content=\"https:\/\/www.press7.tv\/wp-content\/uploads\/2026\/04\/trump-osmani-davos-2026-bordi-i-paqes-ap.avif\" \/>\n\t<meta property=\"og:image:width\" content=\"1024\" \/>\n\t<meta property=\"og:image:height\" content=\"683\" \/>\n\t<meta property=\"og:image:type\" content=\"image\/jpeg\" \/>\n<meta name=\"author\" content=\"gazetar2\" \/>\n<meta name=\"twitter:card\" content=\"summary_large_image\" \/>\n<meta name=\"twitter:label1\" content=\"Written by\" \/>\n\t<meta name=\"twitter:data1\" content=\"gazetar2\" \/>\n<script type=\"application\/ld+json\" class=\"yoast-schema-graph\">{\"@context\":\"https:\/\/schema.org\",\"@graph\":[{\"@type\":\"Article\",\"@id\":\"https:\/\/www.press7.tv\/?p=28392#article\",\"isPartOf\":{\"@id\":\"https:\/\/www.press7.tv\/?p=28392\"},\"author\":{\"name\":\"gazetar2\",\"@id\":\"https:\/\/www.news33.tv\/#\/schema\/person\/5a04a38a23ccdba82f9bd665cd8f9efa\"},\"headline\":\"Osmani solidarizohet me Trump dhe Zonj\u00ebn e Par\u00eb: Sulm qyqar\",\"datePublished\":\"2026-04-26T15:45:46+00:00\",\"mainEntityOfPage\":{\"@id\":\"https:\/\/www.press7.tv\/?p=28392\"},\"wordCount\":108,\"publisher\":{\"@id\":\"https:\/\/www.news33.tv\/#organization\"},\"image\":{\"@id\":\"https:\/\/www.press7.tv\/?p=28392#primaryimage\"},\"thumbnailUrl\":\"https:\/\/www.press7.tv\/wp-content\/uploads\/2026\/04\/trump-osmani-davos-2026-bordi-i-paqes-ap.avif\",\"articleSection\":[\"Kosov\u00eb\",\"Lajme\"],\"inLanguage\":\"en-US\"},{\"@type\":\"WebPage\",\"@id\":\"https:\/\/www.press7.tv\/?p=28392\",\"url\":\"https:\/\/www.press7.tv\/?p=28392\",\"name\":\"Osmani solidarizohet me Trump dhe Zonj\u00ebn e Par\u00eb: Sulm qyqar - press7.tv\",\"isPartOf\":{\"@id\":\"https:\/\/www.news33.tv\/#website\"},\"primaryImageOfPage\":{\"@id\":\"https:\/\/www.press7.tv\/?p=28392#primaryimage\"},\"image\":{\"@id\":\"https:\/\/www.press7.tv\/?p=28392#primaryimage\"},\"thumbnailUrl\":\"https:\/\/www.press7.tv\/wp-content\/uploads\/2026\/04\/trump-osmani-davos-2026-bordi-i-paqes-ap.avif\",\"datePublished\":\"2026-04-26T15:45:46+00:00\",\"breadcrumb\":{\"@id\":\"https:\/\/www.press7.tv\/?p=28392#breadcrumb\"},\"inLanguage\":\"en-US\",\"potentialAction\":[{\"@type\":\"ReadAction\",\"target\":[\"https:\/\/www.press7.tv\/?p=28392\"]}]},{\"@type\":\"ImageObject\",\"inLanguage\":\"en-US\",\"@id\":\"https:\/\/www.press7.tv\/?p=28392#primaryimage\",\"url\":\"https:\/\/www.press7.tv\/wp-content\/uploads\/2026\/04\/trump-osmani-davos-2026-bordi-i-paqes-ap.avif\",\"contentUrl\":\"https:\/\/www.press7.tv\/wp-content\/uploads\/2026\/04\/trump-osmani-davos-2026-bordi-i-paqes-ap.avif\",\"width\":1024,\"height\":683,\"caption\":\"President Donald Trump, left, speaks with Kosovo's President Vjosa Osmani-Sadriu during a signing of the Board of Peace charter during the Annual Meeting of the World Economic Forum in Davos, Switzerland, Thursday, Jan. 22, 2026. (AP Photo\/Evan Vucci)\"},{\"@type\":\"BreadcrumbList\",\"@id\":\"https:\/\/www.press7.tv\/?p=28392#breadcrumb\",\"itemListElement\":[{\"@type\":\"ListItem\",\"position\":1,\"name\":\"Home\",\"item\":\"https:\/\/www.press7.tv\/\"},{\"@type\":\"ListItem\",\"position\":2,\"name\":\"Osmani solidarizohet me Trump dhe Zonj\u00ebn e Par\u00eb: Sulm qyqar\"}]},{\"@type\":\"WebSite\",\"@id\":\"https:\/\/www.news33.tv\/#website\",\"url\":\"https:\/\/www.news33.tv\/\",\"name\":\"News33.tv Media\",\"description\":\"Media\",\"publisher\":{\"@id\":\"https:\/\/www.news33.tv\/#organization\"},\"potentialAction\":[{\"@type\":\"SearchAction\",\"target\":{\"@type\":\"EntryPoint\",\"urlTemplate\":\"https:\/\/www.news33.tv\/?s={search_term_string}\"},\"query-input\":{\"@type\":\"PropertyValueSpecification\",\"valueRequired\":true,\"valueName\":\"search_term_string\"}}],\"inLanguage\":\"en-US\"},{\"@type\":\"Organization\",\"@id\":\"https:\/\/www.news33.tv\/#organization\",\"name\":\"News33.tv Media\",\"url\":\"https:\/\/www.news33.tv\/\",\"logo\":{\"@type\":\"ImageObject\",\"inLanguage\":\"en-US\",\"@id\":\"https:\/\/www.news33.tv\/#\/schema\/logo\/image\/\",\"url\":\"https:\/\/www.press7.tv\/wp-content\/uploads\/2024\/02\/logo-news33-black.png\",\"contentUrl\":\"https:\/\/www.press7.tv\/wp-content\/uploads\/2024\/02\/logo-news33-black.png\",\"width\":180,\"height\":37,\"caption\":\"News33.tv Media\"},\"image\":{\"@id\":\"https:\/\/www.news33.tv\/#\/schema\/logo\/image\/\"},\"sameAs\":[\"https:\/\/www.facebook.com\/press7.tv\"]},{\"@type\":\"Person\",\"@id\":\"https:\/\/www.news33.tv\/#\/schema\/person\/5a04a38a23ccdba82f9bd665cd8f9efa\",\"name\":\"gazetar2\",\"image\":{\"@type\":\"ImageObject\",\"inLanguage\":\"en-US\",\"@id\":\"https:\/\/www.news33.tv\/#\/schema\/person\/image\/\",\"url\":\"https:\/\/www.press7.tv\/wp-content\/litespeed\/avatar\/41975e402c3049d9ddb03adca8f7a883.jpg?ver=1777169572\",\"contentUrl\":\"https:\/\/www.press7.tv\/wp-content\/litespeed\/avatar\/41975e402c3049d9ddb03adca8f7a883.jpg?ver=1777169572\",\"caption\":\"gazetar2\"},\"url\":\"https:\/\/www.press7.tv\/?author=8\"}]}<\/script>\n<!-- \/ Yoast SEO plugin. -->","yoast_head_json":{"title":"Osmani solidarizohet me Trump dhe Zonj\u00ebn e Par\u00eb: Sulm qyqar - press7.tv","robots":{"index":"index","follow":"follow","max-snippet":"max-snippet:-1","max-image-preview":"max-image-preview:large","max-video-preview":"max-video-preview:-1"},"canonical":"https:\/\/www.press7.tv\/?p=28392","og_locale":"en_US","og_type":"article","og_title":"Osmani solidarizohet me Trump dhe Zonj\u00ebn e Par\u00eb: Sulm qyqar - press7.tv","og_description":"Ish-presidentja e Kosov\u00ebs, Vjosa Osmani ka reaguar lidhur me sulmin n\u00eb dark\u00ebn e korrespodent\u00ebve t\u00eb Sht\u00ebpis\u00eb s\u00eb Bardh\u00eb n\u00eb Uashington, aty ku po merrte pjes\u00eb presidenti amerikan, Donald Trump dhe Zonja e Par\u00eb, Melania Trump. P\u00ebrmes nj\u00eb postimi n\u00eb X, Osmani theksoi se ka d\u00ebrguar lutje p\u00ebr Trumpin, bashk\u00ebshorten e tij dhe popullin amerikan, nd\u00ebrsa [&hellip;]","og_url":"https:\/\/www.press7.tv\/?p=28392","og_site_name":"press7.tv","article_publisher":"https:\/\/www.facebook.com\/press7.tv","article_published_time":"2026-04-26T15:45:46+00:00","og_image":[{"width":1024,"height":683,"url":"https:\/\/www.press7.tv\/wp-content\/uploads\/2026\/04\/trump-osmani-davos-2026-bordi-i-paqes-ap.avif","type":"image\/jpeg"}],"author":"gazetar2","twitter_card":"summary_large_image","twitter_misc":{"Written by":"gazetar2"},"schema":{"@context":"https:\/\/schema.org","@graph":[{"@type":"Article","@id":"https:\/\/www.press7.tv\/?p=28392#article","isPartOf":{"@id":"https:\/\/www.press7.tv\/?p=28392"},"author":{"name":"gazetar2","@id":"https:\/\/www.news33.tv\/#\/schema\/person\/5a04a38a23ccdba82f9bd665cd8f9efa"},"headline":"Osmani solidarizohet me Trump dhe Zonj\u00ebn e Par\u00eb: Sulm qyqar","datePublished":"2026-04-26T15:45:46+00:00","mainEntityOfPage":{"@id":"https:\/\/www.press7.tv\/?p=28392"},"wordCount":108,"publisher":{"@id":"https:\/\/www.news33.tv\/#organization"},"image":{"@id":"https:\/\/www.press7.tv\/?p=28392#primaryimage"},"thumbnailUrl":"https:\/\/www.press7.tv\/wp-content\/uploads\/2026\/04\/trump-osmani-davos-2026-bordi-i-paqes-ap.avif","articleSection":["Kosov\u00eb","Lajme"],"inLanguage":"en-US"},{"@type":"WebPage","@id":"https:\/\/www.press7.tv\/?p=28392","url":"https:\/\/www.press7.tv\/?p=28392","name":"Osmani solidarizohet me Trump dhe Zonj\u00ebn e Par\u00eb: Sulm qyqar - press7.tv","isPartOf":{"@id":"https:\/\/www.news33.tv\/#website"},"primaryImageOfPage":{"@id":"https:\/\/www.press7.tv\/?p=28392#primaryimage"},"image":{"@id":"https:\/\/www.press7.tv\/?p=28392#primaryimage"},"thumbnailUrl":"https:\/\/www.press7.tv\/wp-content\/uploads\/2026\/04\/trump-osmani-davos-2026-bordi-i-paqes-ap.avif","datePublished":"2026-04-26T15:45:46+00:00","breadcrumb":{"@id":"https:\/\/www.press7.tv\/?p=28392#breadcrumb"},"inLanguage":"en-US","potentialAction":[{"@type":"ReadAction","target":["https:\/\/www.press7.tv\/?p=28392"]}]},{"@type":"ImageObject","inLanguage":"en-US","@id":"https:\/\/www.press7.tv\/?p=28392#primaryimage","url":"https:\/\/www.press7.tv\/wp-content\/uploads\/2026\/04\/trump-osmani-davos-2026-bordi-i-paqes-ap.avif","contentUrl":"https:\/\/www.press7.tv\/wp-content\/uploads\/2026\/04\/trump-osmani-davos-2026-bordi-i-paqes-ap.avif","width":1024,"height":683,"caption":"President Donald Trump, left, speaks with Kosovo's President Vjosa Osmani-Sadriu during a signing of the Board of Peace charter during the Annual Meeting of the World Economic Forum in Davos, Switzerland, Thursday, Jan. 22, 2026. (AP Photo\/Evan Vucci)"},{"@type":"BreadcrumbList","@id":"https:\/\/www.press7.tv\/?p=28392#breadcrumb","itemListElement":[{"@type":"ListItem","position":1,"name":"Home","item":"https:\/\/www.press7.tv\/"},{"@type":"ListItem","position":2,"name":"Osmani solidarizohet me Trump dhe Zonj\u00ebn e Par\u00eb: Sulm qyqar"}]},{"@type":"WebSite","@id":"https:\/\/www.news33.tv\/#website","url":"https:\/\/www.news33.tv\/","name":"News33.tv Media","description":"Media","publisher":{"@id":"https:\/\/www.news33.tv\/#organization"},"potentialAction":[{"@type":"SearchAction","target":{"@type":"EntryPoint","urlTemplate":"https:\/\/www.news33.tv\/?s={search_term_string}"},"query-input":{"@type":"PropertyValueSpecification","valueRequired":true,"valueName":"search_term_string"}}],"inLanguage":"en-US"},{"@type":"Organization","@id":"https:\/\/www.news33.tv\/#organization","name":"News33.tv Media","url":"https:\/\/www.news33.tv\/","logo":{"@type":"ImageObject","inLanguage":"en-US","@id":"https:\/\/www.news33.tv\/#\/schema\/logo\/image\/","url":"https:\/\/www.press7.tv\/wp-content\/uploads\/2024\/02\/logo-news33-black.png","contentUrl":"https:\/\/www.press7.tv\/wp-content\/uploads\/2024\/02\/logo-news33-black.png","width":180,"height":37,"caption":"News33.tv Media"},"image":{"@id":"https:\/\/www.news33.tv\/#\/schema\/logo\/image\/"},"sameAs":["https:\/\/www.facebook.com\/press7.tv"]},{"@type":"Person","@id":"https:\/\/www.news33.tv\/#\/schema\/person\/5a04a38a23ccdba82f9bd665cd8f9efa","name":"gazetar2","image":{"@type":"ImageObject","inLanguage":"en-US","@id":"https:\/\/www.news33.tv\/#\/schema\/person\/image\/","url":"https:\/\/www.press7.tv\/wp-content\/litespeed\/avatar\/41975e402c3049d9ddb03adca8f7a883.jpg?ver=1777169572","contentUrl":"https:\/\/www.press7.tv\/wp-content\/litespeed\/avatar\/41975e402c3049d9ddb03adca8f7a883.jpg?ver=1777169572","caption":"gazetar2"},"url":"https:\/\/www.press7.tv\/?author=8"}]}},"amp_enabled":true,"_links":{"self":[{"href":"https:\/\/www.press7.tv\/index.php?rest_route=\/wp\/v2\/posts\/28392","targetHints":{"allow":["GET"]}}],"collection":[{"href":"https:\/\/www.press7.tv\/index.php?rest_route=\/wp\/v2\/posts"}],"about":[{"href":"https:\/\/www.press7.tv\/index.php?rest_route=\/wp\/v2\/types\/post"}],"author":[{"embeddable":true,"href":"https:\/\/www.press7.tv\/index.php?rest_route=\/wp\/v2\/users\/8"}],"replies":[{"embeddable":true,"href":"https:\/\/www.press7.tv\/index.php?rest_route=%2Fwp%2Fv2%2Fcomments&post=28392"}],"version-history":[{"count":1,"href":"https:\/\/www.press7.tv\/index.php?rest_route=\/wp\/v2\/posts\/28392\/revisions"}],"predecessor-version":[{"id":28394,"href":"https:\/\/www.press7.tv\/index.php?rest_route=\/wp\/v2\/posts\/28392\/revisions\/28394"}],"wp:featuredmedia":[{"embeddable":true,"href":"https:\/\/www.press7.tv\/index.php?rest_route=\/wp\/v2\/media\/28393"}],"wp:attachment":[{"href":"https:\/\/www.press7.tv\/index.php?rest_route=%2Fwp%2Fv2%2Fmedia&parent=28392"}],"wp:term":[{"taxonomy":"category","embeddable":true,"href":"https:\/\/www.press7.tv\/index.php?rest_route=%2Fwp%2Fv2%2Fcategories&post=28392"},{"taxonomy":"post_tag","embeddable":true,"href":"https:\/\/www.press7.tv\/index.php?rest_route=%2Fwp%2Fv2%2Ftags&post=28392"}],"curies":[{"name":"wp","href":"https:\/\/api.w.org\/{rel}","templated":true}]}}