{"id":26740,"date":"2026-03-17T18:15:45","date_gmt":"2026-03-17T18:15:45","guid":{"rendered":"https:\/\/www.press7.tv\/?p=26740"},"modified":"2026-03-17T18:15:45","modified_gmt":"2026-03-17T18:15:45","slug":"franca-sdo-te-marre-pjese-ne-zhbllokimin-e-hormuzit-thote-macroni","status":"publish","type":"post","link":"https:\/\/www.press7.tv\/?p=26740","title":{"rendered":"Franca s\u2019do t\u00eb marr\u00eb pjes\u00eb n\u00eb zhbllokimin e Hormuzit, thot\u00eb Macroni"},"content":{"rendered":"\n    <div class=\"xs_social_share_widget xs_share_url before_content \t\tmain_content  wslu-style-2 wslu-share-box-shaped wslu-fill-colored wslu-share-m-5 wslu-none wslu-share-vertical wslu-theme-font-no wslu-main_content\">\n\n\t\t\n        <ul>\n\t\t\t        <\/ul>\n    <\/div> \n<p>Presidenti francez, Emmanuel Macron, ka th\u00ebn\u00eb t\u00eb mart\u00ebn se Franca nuk do t\u00eb marr\u00eb kurr\u00eb pjes\u00eb n\u00eb operacione p\u00ebr t\u00eb zhbllokuar Ngushtic\u00ebn e Hormuzit, duke hedhur k\u00ebshtu posht\u00eb komentet e presidentit amerikan, Donald Trump, se Parisi zyrtar ishte i gatsh\u00ebm t\u00eb ndihmonte.<\/p>\n<p>Duke folur n\u00eb nj\u00eb aktivitet n\u00eb Sht\u00ebpin\u00eb e Bardh\u00eb t\u00eb h\u00ebn\u00ebn, Trumpi ka deklaruar se kishte folur me Macronin, duke i dh\u00ebn\u00eb nj\u00eb vler\u00ebsim \u201c8 nga 10\u201d p\u00ebr q\u00ebndrimin e tij ndaj p\u00ebrpjekjeve p\u00ebr t\u00eb nxitur aleat\u00ebt q\u00eb t\u00eb zhbllokojn\u00eb Ngushtic\u00ebn e Hormuzit, dhe ka sugjeruar po ashtu se Macroni do t\u2019i bashkohej p\u00ebrpjekjeve t\u00eb mb\u00ebshtetura nga SHBA-ja.<\/p>\n<p>\u201cNe nuk jemi pal\u00eb n\u00eb konflikt dhe p\u00ebr k\u00ebt\u00eb arsye Franca nuk do t\u00eb marr\u00eb kurr\u00eb pjes\u00eb n\u00eb operacione p\u00ebr t\u00eb hapur apo \u00e7liruar Ngushtic\u00ebn e Hormuzit n\u00eb kontekstin aktual\u201d, ka th\u00ebn\u00eb Macroni n\u00eb fillim t\u00eb nj\u00eb mbledhjeje t\u00eb kabinetit p\u00ebr t\u00eb diskutuar konfliktet n\u00eb Lindjen e Mesme.<\/p>\n<p>Zyrtar\u00ebt francez\u00eb kan\u00eb th\u00ebn\u00eb se Franca po vazhdon me p\u00ebrpjekjet e saj p\u00ebr t\u00eb krijuar nj\u00eb koalicion q\u00eb do t\u00eb siguroj\u00eb Ngushtic\u00ebn e Hormuzit sapo situata e siguris\u00eb t\u00eb stabilizohet, dhe pa nj\u00eb rol t\u00eb SHBA-s\u00eb.<\/p>\n<p>\u201cNe jemi t\u00eb bindur se sapo situata t\u00eb qet\u00ebsohet, dhe e p\u00ebrdor q\u00ebllimisht k\u00ebt\u00eb term n\u00eb m\u00ebnyr\u00eb t\u00eb gjer\u00eb \u2014 sapo situata t\u00eb qet\u00ebsohet, pra kur bombardimet kryesore t\u00eb ken\u00eb pushuar, ne jemi t\u00eb gatsh\u00ebm, s\u00eb bashku me kombe t\u00eb tjera, t\u00eb marrim p\u00ebrgjegj\u00ebsin\u00eb p\u00ebr sistemin e eskort\u00ebs\u201d, ka shtuar Macron.<\/p>\n<p>Shtetet evropiane kan\u00eb qen\u00eb kryesisht t\u00eb anashkaluara nd\u00ebrsa lufta SHBA-Izrael kund\u00ebr Iranit \u00ebsht\u00eb p\u00ebrshkall\u00ebzuar, teksa Irani ka kryer sulme ndaj Izraelit, bazave amerikane dhe shteteve t\u00eb Gjirit.<\/p>\n<p>Por, p\u00ebrderisa rrug\u00ebt detare jan\u00eb t\u00eb prekura dhe konflikti po rrit \u00e7mimet e naft\u00ebs, fuqit\u00eb evropiane po p\u00ebrpiqen t\u00eb gjejn\u00eb m\u00ebnyra p\u00ebr t\u00eb mbrojtur interesat e tyre.<\/p>\n<p>Zyrtar\u00ebt kan\u00eb th\u00ebn\u00eb se Franca tashm\u00eb ka zhvilluar konsultime me shtete evropiane, aziatike, p\u00ebrfshir\u00eb Indin\u00eb, dhe vendet arabe t\u00eb Gjirit gjat\u00eb jav\u00ebs s\u00eb kaluar, me synimin p\u00ebr t\u00eb hartuar nj\u00eb plan q\u00eb n\u00eb t\u00eb ardhmen anijet luftarake t\u00eb shoq\u00ebrojn\u00eb cisternat dhe anijet tregtare p\u00ebrmes ngushtic\u00ebs.<\/p>\n","protected":false},"excerpt":{"rendered":"<p>Presidenti francez, Emmanuel Macron, ka th\u00ebn\u00eb t\u00eb mart\u00ebn se Franca nuk do t\u00eb marr\u00eb kurr\u00eb pjes\u00eb n\u00eb operacione p\u00ebr t\u00eb zhbllokuar Ngushtic\u00ebn e Hormuzit, duke hedhur k\u00ebshtu posht\u00eb komentet e presidentit amerikan, Donald Trump, se Parisi zyrtar ishte i gatsh\u00ebm t\u00eb ndihmonte. Duke folur n\u00eb nj\u00eb aktivitet n\u00eb Sht\u00ebpin\u00eb e Bardh\u00eb t\u00eb h\u00ebn\u00ebn, Trumpi ka [&hellip;]<\/p>\n","protected":false},"author":8,"featured_media":26741,"comment_status":"closed","ping_status":"closed","sticky":false,"template":"","format":"standard","meta":{"footnotes":""},"categories":[217,213],"tags":[],"class_list":["post-26740","post","type-post","status-publish","format-standard","has-post-thumbnail","hentry","category-bote","category-lajme"],"yoast_head":"<!-- This site is optimized with the Yoast SEO plugin v25.1 - https:\/\/yoast.com\/wordpress\/plugins\/seo\/ -->\n<title>Franca s\u2019do t\u00eb marr\u00eb pjes\u00eb n\u00eb zhbllokimin e Hormuzit, thot\u00eb Macroni - press7.tv<\/title>\n<meta name=\"robots\" content=\"index, follow, max-snippet:-1, max-image-preview:large, max-video-preview:-1\" \/>\n<link rel=\"canonical\" href=\"https:\/\/www.press7.tv\/?p=26740\" \/>\n<meta property=\"og:locale\" content=\"en_US\" \/>\n<meta property=\"og:type\" content=\"article\" \/>\n<meta property=\"og:title\" content=\"Franca s\u2019do t\u00eb marr\u00eb pjes\u00eb n\u00eb zhbllokimin e Hormuzit, thot\u00eb Macroni - press7.tv\" \/>\n<meta property=\"og:description\" content=\"Presidenti francez, Emmanuel Macron, ka th\u00ebn\u00eb t\u00eb mart\u00ebn se Franca nuk do t\u00eb marr\u00eb kurr\u00eb pjes\u00eb n\u00eb operacione p\u00ebr t\u00eb zhbllokuar Ngushtic\u00ebn e Hormuzit, duke hedhur k\u00ebshtu posht\u00eb komentet e presidentit amerikan, Donald Trump, se Parisi zyrtar ishte i gatsh\u00ebm t\u00eb ndihmonte. Duke folur n\u00eb nj\u00eb aktivitet n\u00eb Sht\u00ebpin\u00eb e Bardh\u00eb t\u00eb h\u00ebn\u00ebn, Trumpi ka [&hellip;]\" \/>\n<meta property=\"og:url\" content=\"https:\/\/www.press7.tv\/?p=26740\" \/>\n<meta property=\"og:site_name\" content=\"press7.tv\" \/>\n<meta property=\"article:publisher\" content=\"https:\/\/www.facebook.com\/press7.tv\" \/>\n<meta property=\"article:published_time\" content=\"2026-03-17T18:15:45+00:00\" \/>\n<meta property=\"og:image\" content=\"https:\/\/www.press7.tv\/wp-content\/uploads\/2026\/03\/IMG_7943.avif\" \/>\n\t<meta property=\"og:image:width\" content=\"1360\" \/>\n\t<meta property=\"og:image:height\" content=\"870\" \/>\n\t<meta property=\"og:image:type\" content=\"image\/webp\" \/>\n<meta name=\"author\" content=\"gazetar2\" \/>\n<meta name=\"twitter:card\" content=\"summary_large_image\" \/>\n<meta name=\"twitter:label1\" content=\"Written by\" \/>\n\t<meta name=\"twitter:data1\" content=\"gazetar2\" \/>\n\t<meta name=\"twitter:label2\" content=\"Est. reading time\" \/>\n\t<meta name=\"twitter:data2\" content=\"1 minute\" \/>\n<script type=\"application\/ld+json\" class=\"yoast-schema-graph\">{\"@context\":\"https:\/\/schema.org\",\"@graph\":[{\"@type\":\"Article\",\"@id\":\"https:\/\/www.press7.tv\/?p=26740#article\",\"isPartOf\":{\"@id\":\"https:\/\/www.press7.tv\/?p=26740\"},\"author\":{\"name\":\"gazetar2\",\"@id\":\"https:\/\/www.news33.tv\/#\/schema\/person\/5a04a38a23ccdba82f9bd665cd8f9efa\"},\"headline\":\"Franca s\u2019do t\u00eb marr\u00eb pjes\u00eb n\u00eb zhbllokimin e Hormuzit, thot\u00eb Macroni\",\"datePublished\":\"2026-03-17T18:15:45+00:00\",\"mainEntityOfPage\":{\"@id\":\"https:\/\/www.press7.tv\/?p=26740\"},\"wordCount\":403,\"publisher\":{\"@id\":\"https:\/\/www.news33.tv\/#organization\"},\"image\":{\"@id\":\"https:\/\/www.press7.tv\/?p=26740#primaryimage\"},\"thumbnailUrl\":\"https:\/\/www.press7.tv\/wp-content\/uploads\/2026\/03\/IMG_7943.avif\",\"articleSection\":[\"Bot\u00eb\",\"Lajme\"],\"inLanguage\":\"en-US\"},{\"@type\":\"WebPage\",\"@id\":\"https:\/\/www.press7.tv\/?p=26740\",\"url\":\"https:\/\/www.press7.tv\/?p=26740\",\"name\":\"Franca s\u2019do t\u00eb marr\u00eb pjes\u00eb n\u00eb zhbllokimin e Hormuzit, thot\u00eb Macroni - press7.tv\",\"isPartOf\":{\"@id\":\"https:\/\/www.news33.tv\/#website\"},\"primaryImageOfPage\":{\"@id\":\"https:\/\/www.press7.tv\/?p=26740#primaryimage\"},\"image\":{\"@id\":\"https:\/\/www.press7.tv\/?p=26740#primaryimage\"},\"thumbnailUrl\":\"https:\/\/www.press7.tv\/wp-content\/uploads\/2026\/03\/IMG_7943.avif\",\"datePublished\":\"2026-03-17T18:15:45+00:00\",\"breadcrumb\":{\"@id\":\"https:\/\/www.press7.tv\/?p=26740#breadcrumb\"},\"inLanguage\":\"en-US\",\"potentialAction\":[{\"@type\":\"ReadAction\",\"target\":[\"https:\/\/www.press7.tv\/?p=26740\"]}]},{\"@type\":\"ImageObject\",\"inLanguage\":\"en-US\",\"@id\":\"https:\/\/www.press7.tv\/?p=26740#primaryimage\",\"url\":\"https:\/\/www.press7.tv\/wp-content\/uploads\/2026\/03\/IMG_7943.avif\",\"contentUrl\":\"https:\/\/www.press7.tv\/wp-content\/uploads\/2026\/03\/IMG_7943.avif\",\"width\":1360,\"height\":870},{\"@type\":\"BreadcrumbList\",\"@id\":\"https:\/\/www.press7.tv\/?p=26740#breadcrumb\",\"itemListElement\":[{\"@type\":\"ListItem\",\"position\":1,\"name\":\"Home\",\"item\":\"https:\/\/www.press7.tv\/\"},{\"@type\":\"ListItem\",\"position\":2,\"name\":\"Franca s\u2019do t\u00eb marr\u00eb pjes\u00eb n\u00eb zhbllokimin e Hormuzit, thot\u00eb Macroni\"}]},{\"@type\":\"WebSite\",\"@id\":\"https:\/\/www.news33.tv\/#website\",\"url\":\"https:\/\/www.news33.tv\/\",\"name\":\"News33.tv Media\",\"description\":\"Media\",\"publisher\":{\"@id\":\"https:\/\/www.news33.tv\/#organization\"},\"potentialAction\":[{\"@type\":\"SearchAction\",\"target\":{\"@type\":\"EntryPoint\",\"urlTemplate\":\"https:\/\/www.news33.tv\/?s={search_term_string}\"},\"query-input\":{\"@type\":\"PropertyValueSpecification\",\"valueRequired\":true,\"valueName\":\"search_term_string\"}}],\"inLanguage\":\"en-US\"},{\"@type\":\"Organization\",\"@id\":\"https:\/\/www.news33.tv\/#organization\",\"name\":\"News33.tv Media\",\"url\":\"https:\/\/www.news33.tv\/\",\"logo\":{\"@type\":\"ImageObject\",\"inLanguage\":\"en-US\",\"@id\":\"https:\/\/www.news33.tv\/#\/schema\/logo\/image\/\",\"url\":\"https:\/\/www.press7.tv\/wp-content\/uploads\/2024\/02\/logo-news33-black.png\",\"contentUrl\":\"https:\/\/www.press7.tv\/wp-content\/uploads\/2024\/02\/logo-news33-black.png\",\"width\":180,\"height\":37,\"caption\":\"News33.tv Media\"},\"image\":{\"@id\":\"https:\/\/www.news33.tv\/#\/schema\/logo\/image\/\"},\"sameAs\":[\"https:\/\/www.facebook.com\/press7.tv\"]},{\"@type\":\"Person\",\"@id\":\"https:\/\/www.news33.tv\/#\/schema\/person\/5a04a38a23ccdba82f9bd665cd8f9efa\",\"name\":\"gazetar2\",\"image\":{\"@type\":\"ImageObject\",\"inLanguage\":\"en-US\",\"@id\":\"https:\/\/www.news33.tv\/#\/schema\/person\/image\/\",\"url\":\"https:\/\/www.press7.tv\/wp-content\/litespeed\/avatar\/41975e402c3049d9ddb03adca8f7a883.jpg?ver=1777169572\",\"contentUrl\":\"https:\/\/www.press7.tv\/wp-content\/litespeed\/avatar\/41975e402c3049d9ddb03adca8f7a883.jpg?ver=1777169572\",\"caption\":\"gazetar2\"},\"url\":\"https:\/\/www.press7.tv\/?author=8\"}]}<\/script>\n<!-- \/ Yoast SEO plugin. -->","yoast_head_json":{"title":"Franca s\u2019do t\u00eb marr\u00eb pjes\u00eb n\u00eb zhbllokimin e Hormuzit, thot\u00eb Macroni - press7.tv","robots":{"index":"index","follow":"follow","max-snippet":"max-snippet:-1","max-image-preview":"max-image-preview:large","max-video-preview":"max-video-preview:-1"},"canonical":"https:\/\/www.press7.tv\/?p=26740","og_locale":"en_US","og_type":"article","og_title":"Franca s\u2019do t\u00eb marr\u00eb pjes\u00eb n\u00eb zhbllokimin e Hormuzit, thot\u00eb Macroni - press7.tv","og_description":"Presidenti francez, Emmanuel Macron, ka th\u00ebn\u00eb t\u00eb mart\u00ebn se Franca nuk do t\u00eb marr\u00eb kurr\u00eb pjes\u00eb n\u00eb operacione p\u00ebr t\u00eb zhbllokuar Ngushtic\u00ebn e Hormuzit, duke hedhur k\u00ebshtu posht\u00eb komentet e presidentit amerikan, Donald Trump, se Parisi zyrtar ishte i gatsh\u00ebm t\u00eb ndihmonte. Duke folur n\u00eb nj\u00eb aktivitet n\u00eb Sht\u00ebpin\u00eb e Bardh\u00eb t\u00eb h\u00ebn\u00ebn, Trumpi ka [&hellip;]","og_url":"https:\/\/www.press7.tv\/?p=26740","og_site_name":"press7.tv","article_publisher":"https:\/\/www.facebook.com\/press7.tv","article_published_time":"2026-03-17T18:15:45+00:00","og_image":[{"width":1360,"height":870,"url":"https:\/\/www.press7.tv\/wp-content\/uploads\/2026\/03\/IMG_7943.avif","type":"image\/webp"}],"author":"gazetar2","twitter_card":"summary_large_image","twitter_misc":{"Written by":"gazetar2","Est. reading time":"1 minute"},"schema":{"@context":"https:\/\/schema.org","@graph":[{"@type":"Article","@id":"https:\/\/www.press7.tv\/?p=26740#article","isPartOf":{"@id":"https:\/\/www.press7.tv\/?p=26740"},"author":{"name":"gazetar2","@id":"https:\/\/www.news33.tv\/#\/schema\/person\/5a04a38a23ccdba82f9bd665cd8f9efa"},"headline":"Franca s\u2019do t\u00eb marr\u00eb pjes\u00eb n\u00eb zhbllokimin e Hormuzit, thot\u00eb Macroni","datePublished":"2026-03-17T18:15:45+00:00","mainEntityOfPage":{"@id":"https:\/\/www.press7.tv\/?p=26740"},"wordCount":403,"publisher":{"@id":"https:\/\/www.news33.tv\/#organization"},"image":{"@id":"https:\/\/www.press7.tv\/?p=26740#primaryimage"},"thumbnailUrl":"https:\/\/www.press7.tv\/wp-content\/uploads\/2026\/03\/IMG_7943.avif","articleSection":["Bot\u00eb","Lajme"],"inLanguage":"en-US"},{"@type":"WebPage","@id":"https:\/\/www.press7.tv\/?p=26740","url":"https:\/\/www.press7.tv\/?p=26740","name":"Franca s\u2019do t\u00eb marr\u00eb pjes\u00eb n\u00eb zhbllokimin e Hormuzit, thot\u00eb Macroni - press7.tv","isPartOf":{"@id":"https:\/\/www.news33.tv\/#website"},"primaryImageOfPage":{"@id":"https:\/\/www.press7.tv\/?p=26740#primaryimage"},"image":{"@id":"https:\/\/www.press7.tv\/?p=26740#primaryimage"},"thumbnailUrl":"https:\/\/www.press7.tv\/wp-content\/uploads\/2026\/03\/IMG_7943.avif","datePublished":"2026-03-17T18:15:45+00:00","breadcrumb":{"@id":"https:\/\/www.press7.tv\/?p=26740#breadcrumb"},"inLanguage":"en-US","potentialAction":[{"@type":"ReadAction","target":["https:\/\/www.press7.tv\/?p=26740"]}]},{"@type":"ImageObject","inLanguage":"en-US","@id":"https:\/\/www.press7.tv\/?p=26740#primaryimage","url":"https:\/\/www.press7.tv\/wp-content\/uploads\/2026\/03\/IMG_7943.avif","contentUrl":"https:\/\/www.press7.tv\/wp-content\/uploads\/2026\/03\/IMG_7943.avif","width":1360,"height":870},{"@type":"BreadcrumbList","@id":"https:\/\/www.press7.tv\/?p=26740#breadcrumb","itemListElement":[{"@type":"ListItem","position":1,"name":"Home","item":"https:\/\/www.press7.tv\/"},{"@type":"ListItem","position":2,"name":"Franca s\u2019do t\u00eb marr\u00eb pjes\u00eb n\u00eb zhbllokimin e Hormuzit, thot\u00eb Macroni"}]},{"@type":"WebSite","@id":"https:\/\/www.news33.tv\/#website","url":"https:\/\/www.news33.tv\/","name":"News33.tv Media","description":"Media","publisher":{"@id":"https:\/\/www.news33.tv\/#organization"},"potentialAction":[{"@type":"SearchAction","target":{"@type":"EntryPoint","urlTemplate":"https:\/\/www.news33.tv\/?s={search_term_string}"},"query-input":{"@type":"PropertyValueSpecification","valueRequired":true,"valueName":"search_term_string"}}],"inLanguage":"en-US"},{"@type":"Organization","@id":"https:\/\/www.news33.tv\/#organization","name":"News33.tv Media","url":"https:\/\/www.news33.tv\/","logo":{"@type":"ImageObject","inLanguage":"en-US","@id":"https:\/\/www.news33.tv\/#\/schema\/logo\/image\/","url":"https:\/\/www.press7.tv\/wp-content\/uploads\/2024\/02\/logo-news33-black.png","contentUrl":"https:\/\/www.press7.tv\/wp-content\/uploads\/2024\/02\/logo-news33-black.png","width":180,"height":37,"caption":"News33.tv Media"},"image":{"@id":"https:\/\/www.news33.tv\/#\/schema\/logo\/image\/"},"sameAs":["https:\/\/www.facebook.com\/press7.tv"]},{"@type":"Person","@id":"https:\/\/www.news33.tv\/#\/schema\/person\/5a04a38a23ccdba82f9bd665cd8f9efa","name":"gazetar2","image":{"@type":"ImageObject","inLanguage":"en-US","@id":"https:\/\/www.news33.tv\/#\/schema\/person\/image\/","url":"https:\/\/www.press7.tv\/wp-content\/litespeed\/avatar\/41975e402c3049d9ddb03adca8f7a883.jpg?ver=1777169572","contentUrl":"https:\/\/www.press7.tv\/wp-content\/litespeed\/avatar\/41975e402c3049d9ddb03adca8f7a883.jpg?ver=1777169572","caption":"gazetar2"},"url":"https:\/\/www.press7.tv\/?author=8"}]}},"amp_enabled":true,"_links":{"self":[{"href":"https:\/\/www.press7.tv\/index.php?rest_route=\/wp\/v2\/posts\/26740","targetHints":{"allow":["GET"]}}],"collection":[{"href":"https:\/\/www.press7.tv\/index.php?rest_route=\/wp\/v2\/posts"}],"about":[{"href":"https:\/\/www.press7.tv\/index.php?rest_route=\/wp\/v2\/types\/post"}],"author":[{"embeddable":true,"href":"https:\/\/www.press7.tv\/index.php?rest_route=\/wp\/v2\/users\/8"}],"replies":[{"embeddable":true,"href":"https:\/\/www.press7.tv\/index.php?rest_route=%2Fwp%2Fv2%2Fcomments&post=26740"}],"version-history":[{"count":1,"href":"https:\/\/www.press7.tv\/index.php?rest_route=\/wp\/v2\/posts\/26740\/revisions"}],"predecessor-version":[{"id":26742,"href":"https:\/\/www.press7.tv\/index.php?rest_route=\/wp\/v2\/posts\/26740\/revisions\/26742"}],"wp:featuredmedia":[{"embeddable":true,"href":"https:\/\/www.press7.tv\/index.php?rest_route=\/wp\/v2\/media\/26741"}],"wp:attachment":[{"href":"https:\/\/www.press7.tv\/index.php?rest_route=%2Fwp%2Fv2%2Fmedia&parent=26740"}],"wp:term":[{"taxonomy":"category","embeddable":true,"href":"https:\/\/www.press7.tv\/index.php?rest_route=%2Fwp%2Fv2%2Fcategories&post=26740"},{"taxonomy":"post_tag","embeddable":true,"href":"https:\/\/www.press7.tv\/index.php?rest_route=%2Fwp%2Fv2%2Ftags&post=26740"}],"curies":[{"name":"wp","href":"https:\/\/api.w.org\/{rel}","templated":true}]}}