{"id":26737,"date":"2026-03-17T17:38:26","date_gmt":"2026-03-17T17:38:26","guid":{"rendered":"https:\/\/www.press7.tv\/?p=26737"},"modified":"2026-03-17T17:38:26","modified_gmt":"2026-03-17T17:38:26","slug":"be-heq-masat-ndaj-kosoves-konjufca-hap-i-rendesishem-drejt-integrimit","status":"publish","type":"post","link":"https:\/\/www.press7.tv\/?p=26737","title":{"rendered":"BE heq masat ndaj Kosov\u00ebs, Konjufca: Hap i r\u00ebnd\u00ebsish\u00ebm drejt integrimit"},"content":{"rendered":"\n    <div class=\"xs_social_share_widget xs_share_url before_content \t\tmain_content  wslu-style-2 wslu-share-box-shaped wslu-fill-colored wslu-share-m-5 wslu-none wslu-share-vertical wslu-theme-font-no wslu-main_content\">\n\n\t\t\n        <ul>\n\t\t\t        <\/ul>\n    <\/div> \n<p>Ministri i Pun\u00ebve t\u00eb Jashtme dhe Diaspor\u00ebs, Glauk Konjufca, thot\u00eb se ka mir\u00ebpritur vendimin p\u00ebr heqjen e t\u00eb gjitha masave financiare t\u00eb vendosura ndaj Kosov\u00eb nga Komisioni Evropian.<\/p>\n<p>P\u00ebrmes nj\u00eb postimi n\u00eb X, Konjufca e ka cil\u00ebsuar k\u00ebt\u00eb zhvillim si nj\u00eb hap t\u00eb r\u00ebnd\u00ebsish\u00ebm p\u00ebr vendin dhe p\u00ebr rrug\u00ebn e tij integruese.<\/p>\n<p>\u201cMir\u00ebpresim konfirmimin e sot\u00ebm nga Komisioni Evropian n\u00eb Komitetin p\u00ebr Pun\u00eb t\u00eb Jashtme t\u00eb Parlamentit Evropian. T\u00eb gjitha masat e BE-s\u00eb ndaj Kosov\u00ebs jan\u00eb hequr dhe e gjith\u00eb ndihma financiare e pezulluar m\u00eb par\u00eb \u00ebsht\u00eb liruar. Presim q\u00eb kjo t\u00eb hap\u00eb nj\u00eb faz\u00eb t\u00eb re t\u00eb angazhimit konstruktiv dhe progresit konkret n\u00eb rrug\u00ebn ton\u00eb drejt BE-s\u00eb\u201d, ka shkruar ai n\u00eb rrjetin social X.<\/p>\n<p>Heqja e masave u konfirmua sot, gjat\u00eb debatit p\u00ebr Raportin p\u00ebr Kosov\u00ebn n\u00eb Parlamentin Evropian.<\/p>\n<p> \u201cMund t\u00eb konfirmoj se Komisioni Evropian ka liruar t\u00eb gjith\u00eb ndihm\u00ebn financiare q\u00eb m\u00eb par\u00eb ishte n\u00ebn masa dhe gjithashtu po planifikojm\u00eb t\u00eb riangazhohemi plot\u00ebsisht me homolog\u00ebt tan\u00eb n\u00eb Kosov\u00eb n\u00eb m\u00ebnyr\u00eb q\u00eb ta rikthejm\u00eb Kosov\u00ebn n\u00eb rrug\u00ebn e duhur n\u00eb agjend\u00ebn e saj t\u00eb BE-s\u00eb\u201d, tha Jiri Plecity, p\u00ebrfaq\u00ebsues i Komisionit Evropian.<\/p>\n","protected":false},"excerpt":{"rendered":"<p>Ministri i Pun\u00ebve t\u00eb Jashtme dhe Diaspor\u00ebs, Glauk Konjufca, thot\u00eb se ka mir\u00ebpritur vendimin p\u00ebr heqjen e t\u00eb gjitha masave financiare t\u00eb vendosura ndaj Kosov\u00eb nga Komisioni Evropian. P\u00ebrmes nj\u00eb postimi n\u00eb X, Konjufca e ka cil\u00ebsuar k\u00ebt\u00eb zhvillim si nj\u00eb hap t\u00eb r\u00ebnd\u00ebsish\u00ebm p\u00ebr vendin dhe p\u00ebr rrug\u00ebn e tij integruese. \u201cMir\u00ebpresim konfirmimin e [&hellip;]<\/p>\n","protected":false},"author":8,"featured_media":26738,"comment_status":"closed","ping_status":"closed","sticky":false,"template":"","format":"standard","meta":{"footnotes":""},"categories":[215,213],"tags":[],"class_list":["post-26737","post","type-post","status-publish","format-standard","has-post-thumbnail","hentry","category-kosove","category-lajme"],"yoast_head":"<!-- This site is optimized with the Yoast SEO plugin v25.1 - https:\/\/yoast.com\/wordpress\/plugins\/seo\/ -->\n<title>BE heq masat ndaj Kosov\u00ebs, Konjufca: Hap i r\u00ebnd\u00ebsish\u00ebm drejt integrimit - press7.tv<\/title>\n<meta name=\"robots\" content=\"index, follow, max-snippet:-1, max-image-preview:large, max-video-preview:-1\" \/>\n<link rel=\"canonical\" href=\"https:\/\/www.press7.tv\/?p=26737\" \/>\n<meta property=\"og:locale\" content=\"en_US\" \/>\n<meta property=\"og:type\" content=\"article\" \/>\n<meta property=\"og:title\" content=\"BE heq masat ndaj Kosov\u00ebs, Konjufca: Hap i r\u00ebnd\u00ebsish\u00ebm drejt integrimit - press7.tv\" \/>\n<meta property=\"og:description\" content=\"Ministri i Pun\u00ebve t\u00eb Jashtme dhe Diaspor\u00ebs, Glauk Konjufca, thot\u00eb se ka mir\u00ebpritur vendimin p\u00ebr heqjen e t\u00eb gjitha masave financiare t\u00eb vendosura ndaj Kosov\u00eb nga Komisioni Evropian. P\u00ebrmes nj\u00eb postimi n\u00eb X, Konjufca e ka cil\u00ebsuar k\u00ebt\u00eb zhvillim si nj\u00eb hap t\u00eb r\u00ebnd\u00ebsish\u00ebm p\u00ebr vendin dhe p\u00ebr rrug\u00ebn e tij integruese. \u201cMir\u00ebpresim konfirmimin e [&hellip;]\" \/>\n<meta property=\"og:url\" content=\"https:\/\/www.press7.tv\/?p=26737\" \/>\n<meta property=\"og:site_name\" content=\"press7.tv\" \/>\n<meta property=\"article:publisher\" content=\"https:\/\/www.facebook.com\/press7.tv\" \/>\n<meta property=\"article:published_time\" content=\"2026-03-17T17:38:26+00:00\" \/>\n<meta property=\"og:image\" content=\"https:\/\/www.press7.tv\/wp-content\/uploads\/2026\/03\/IMG_7940.avif\" \/>\n\t<meta property=\"og:image:width\" content=\"899\" \/>\n\t<meta property=\"og:image:height\" content=\"500\" \/>\n\t<meta property=\"og:image:type\" content=\"image\/jpeg\" \/>\n<meta name=\"author\" content=\"gazetar2\" \/>\n<meta name=\"twitter:card\" content=\"summary_large_image\" \/>\n<meta name=\"twitter:label1\" content=\"Written by\" \/>\n\t<meta name=\"twitter:data1\" content=\"gazetar2\" \/>\n\t<meta name=\"twitter:label2\" content=\"Est. reading time\" \/>\n\t<meta name=\"twitter:data2\" content=\"1 minute\" \/>\n<script type=\"application\/ld+json\" class=\"yoast-schema-graph\">{\"@context\":\"https:\/\/schema.org\",\"@graph\":[{\"@type\":\"Article\",\"@id\":\"https:\/\/www.press7.tv\/?p=26737#article\",\"isPartOf\":{\"@id\":\"https:\/\/www.press7.tv\/?p=26737\"},\"author\":{\"name\":\"gazetar2\",\"@id\":\"https:\/\/www.news33.tv\/#\/schema\/person\/5a04a38a23ccdba82f9bd665cd8f9efa\"},\"headline\":\"BE heq masat ndaj Kosov\u00ebs, Konjufca: Hap i r\u00ebnd\u00ebsish\u00ebm drejt integrimit\",\"datePublished\":\"2026-03-17T17:38:26+00:00\",\"mainEntityOfPage\":{\"@id\":\"https:\/\/www.press7.tv\/?p=26737\"},\"wordCount\":229,\"publisher\":{\"@id\":\"https:\/\/www.news33.tv\/#organization\"},\"image\":{\"@id\":\"https:\/\/www.press7.tv\/?p=26737#primaryimage\"},\"thumbnailUrl\":\"https:\/\/www.press7.tv\/wp-content\/uploads\/2026\/03\/IMG_7940.avif\",\"articleSection\":[\"Kosov\u00eb\",\"Lajme\"],\"inLanguage\":\"en-US\"},{\"@type\":\"WebPage\",\"@id\":\"https:\/\/www.press7.tv\/?p=26737\",\"url\":\"https:\/\/www.press7.tv\/?p=26737\",\"name\":\"BE heq masat ndaj Kosov\u00ebs, Konjufca: Hap i r\u00ebnd\u00ebsish\u00ebm drejt integrimit - press7.tv\",\"isPartOf\":{\"@id\":\"https:\/\/www.news33.tv\/#website\"},\"primaryImageOfPage\":{\"@id\":\"https:\/\/www.press7.tv\/?p=26737#primaryimage\"},\"image\":{\"@id\":\"https:\/\/www.press7.tv\/?p=26737#primaryimage\"},\"thumbnailUrl\":\"https:\/\/www.press7.tv\/wp-content\/uploads\/2026\/03\/IMG_7940.avif\",\"datePublished\":\"2026-03-17T17:38:26+00:00\",\"breadcrumb\":{\"@id\":\"https:\/\/www.press7.tv\/?p=26737#breadcrumb\"},\"inLanguage\":\"en-US\",\"potentialAction\":[{\"@type\":\"ReadAction\",\"target\":[\"https:\/\/www.press7.tv\/?p=26737\"]}]},{\"@type\":\"ImageObject\",\"inLanguage\":\"en-US\",\"@id\":\"https:\/\/www.press7.tv\/?p=26737#primaryimage\",\"url\":\"https:\/\/www.press7.tv\/wp-content\/uploads\/2026\/03\/IMG_7940.avif\",\"contentUrl\":\"https:\/\/www.press7.tv\/wp-content\/uploads\/2026\/03\/IMG_7940.avif\",\"width\":899,\"height\":500},{\"@type\":\"BreadcrumbList\",\"@id\":\"https:\/\/www.press7.tv\/?p=26737#breadcrumb\",\"itemListElement\":[{\"@type\":\"ListItem\",\"position\":1,\"name\":\"Home\",\"item\":\"https:\/\/www.press7.tv\/\"},{\"@type\":\"ListItem\",\"position\":2,\"name\":\"BE heq masat ndaj Kosov\u00ebs, Konjufca: Hap i r\u00ebnd\u00ebsish\u00ebm drejt integrimit\"}]},{\"@type\":\"WebSite\",\"@id\":\"https:\/\/www.news33.tv\/#website\",\"url\":\"https:\/\/www.news33.tv\/\",\"name\":\"News33.tv Media\",\"description\":\"Media\",\"publisher\":{\"@id\":\"https:\/\/www.news33.tv\/#organization\"},\"potentialAction\":[{\"@type\":\"SearchAction\",\"target\":{\"@type\":\"EntryPoint\",\"urlTemplate\":\"https:\/\/www.news33.tv\/?s={search_term_string}\"},\"query-input\":{\"@type\":\"PropertyValueSpecification\",\"valueRequired\":true,\"valueName\":\"search_term_string\"}}],\"inLanguage\":\"en-US\"},{\"@type\":\"Organization\",\"@id\":\"https:\/\/www.news33.tv\/#organization\",\"name\":\"News33.tv Media\",\"url\":\"https:\/\/www.news33.tv\/\",\"logo\":{\"@type\":\"ImageObject\",\"inLanguage\":\"en-US\",\"@id\":\"https:\/\/www.news33.tv\/#\/schema\/logo\/image\/\",\"url\":\"https:\/\/www.press7.tv\/wp-content\/uploads\/2024\/02\/logo-news33-black.png\",\"contentUrl\":\"https:\/\/www.press7.tv\/wp-content\/uploads\/2024\/02\/logo-news33-black.png\",\"width\":180,\"height\":37,\"caption\":\"News33.tv Media\"},\"image\":{\"@id\":\"https:\/\/www.news33.tv\/#\/schema\/logo\/image\/\"},\"sameAs\":[\"https:\/\/www.facebook.com\/press7.tv\"]},{\"@type\":\"Person\",\"@id\":\"https:\/\/www.news33.tv\/#\/schema\/person\/5a04a38a23ccdba82f9bd665cd8f9efa\",\"name\":\"gazetar2\",\"image\":{\"@type\":\"ImageObject\",\"inLanguage\":\"en-US\",\"@id\":\"https:\/\/www.news33.tv\/#\/schema\/person\/image\/\",\"url\":\"https:\/\/www.press7.tv\/wp-content\/litespeed\/avatar\/41975e402c3049d9ddb03adca8f7a883.jpg?ver=1777169572\",\"contentUrl\":\"https:\/\/www.press7.tv\/wp-content\/litespeed\/avatar\/41975e402c3049d9ddb03adca8f7a883.jpg?ver=1777169572\",\"caption\":\"gazetar2\"},\"url\":\"https:\/\/www.press7.tv\/?author=8\"}]}<\/script>\n<!-- \/ Yoast SEO plugin. -->","yoast_head_json":{"title":"BE heq masat ndaj Kosov\u00ebs, Konjufca: Hap i r\u00ebnd\u00ebsish\u00ebm drejt integrimit - press7.tv","robots":{"index":"index","follow":"follow","max-snippet":"max-snippet:-1","max-image-preview":"max-image-preview:large","max-video-preview":"max-video-preview:-1"},"canonical":"https:\/\/www.press7.tv\/?p=26737","og_locale":"en_US","og_type":"article","og_title":"BE heq masat ndaj Kosov\u00ebs, Konjufca: Hap i r\u00ebnd\u00ebsish\u00ebm drejt integrimit - press7.tv","og_description":"Ministri i Pun\u00ebve t\u00eb Jashtme dhe Diaspor\u00ebs, Glauk Konjufca, thot\u00eb se ka mir\u00ebpritur vendimin p\u00ebr heqjen e t\u00eb gjitha masave financiare t\u00eb vendosura ndaj Kosov\u00eb nga Komisioni Evropian. P\u00ebrmes nj\u00eb postimi n\u00eb X, Konjufca e ka cil\u00ebsuar k\u00ebt\u00eb zhvillim si nj\u00eb hap t\u00eb r\u00ebnd\u00ebsish\u00ebm p\u00ebr vendin dhe p\u00ebr rrug\u00ebn e tij integruese. \u201cMir\u00ebpresim konfirmimin e [&hellip;]","og_url":"https:\/\/www.press7.tv\/?p=26737","og_site_name":"press7.tv","article_publisher":"https:\/\/www.facebook.com\/press7.tv","article_published_time":"2026-03-17T17:38:26+00:00","og_image":[{"width":899,"height":500,"url":"https:\/\/www.press7.tv\/wp-content\/uploads\/2026\/03\/IMG_7940.avif","type":"image\/jpeg"}],"author":"gazetar2","twitter_card":"summary_large_image","twitter_misc":{"Written by":"gazetar2","Est. reading time":"1 minute"},"schema":{"@context":"https:\/\/schema.org","@graph":[{"@type":"Article","@id":"https:\/\/www.press7.tv\/?p=26737#article","isPartOf":{"@id":"https:\/\/www.press7.tv\/?p=26737"},"author":{"name":"gazetar2","@id":"https:\/\/www.news33.tv\/#\/schema\/person\/5a04a38a23ccdba82f9bd665cd8f9efa"},"headline":"BE heq masat ndaj Kosov\u00ebs, Konjufca: Hap i r\u00ebnd\u00ebsish\u00ebm drejt integrimit","datePublished":"2026-03-17T17:38:26+00:00","mainEntityOfPage":{"@id":"https:\/\/www.press7.tv\/?p=26737"},"wordCount":229,"publisher":{"@id":"https:\/\/www.news33.tv\/#organization"},"image":{"@id":"https:\/\/www.press7.tv\/?p=26737#primaryimage"},"thumbnailUrl":"https:\/\/www.press7.tv\/wp-content\/uploads\/2026\/03\/IMG_7940.avif","articleSection":["Kosov\u00eb","Lajme"],"inLanguage":"en-US"},{"@type":"WebPage","@id":"https:\/\/www.press7.tv\/?p=26737","url":"https:\/\/www.press7.tv\/?p=26737","name":"BE heq masat ndaj Kosov\u00ebs, Konjufca: Hap i r\u00ebnd\u00ebsish\u00ebm drejt integrimit - press7.tv","isPartOf":{"@id":"https:\/\/www.news33.tv\/#website"},"primaryImageOfPage":{"@id":"https:\/\/www.press7.tv\/?p=26737#primaryimage"},"image":{"@id":"https:\/\/www.press7.tv\/?p=26737#primaryimage"},"thumbnailUrl":"https:\/\/www.press7.tv\/wp-content\/uploads\/2026\/03\/IMG_7940.avif","datePublished":"2026-03-17T17:38:26+00:00","breadcrumb":{"@id":"https:\/\/www.press7.tv\/?p=26737#breadcrumb"},"inLanguage":"en-US","potentialAction":[{"@type":"ReadAction","target":["https:\/\/www.press7.tv\/?p=26737"]}]},{"@type":"ImageObject","inLanguage":"en-US","@id":"https:\/\/www.press7.tv\/?p=26737#primaryimage","url":"https:\/\/www.press7.tv\/wp-content\/uploads\/2026\/03\/IMG_7940.avif","contentUrl":"https:\/\/www.press7.tv\/wp-content\/uploads\/2026\/03\/IMG_7940.avif","width":899,"height":500},{"@type":"BreadcrumbList","@id":"https:\/\/www.press7.tv\/?p=26737#breadcrumb","itemListElement":[{"@type":"ListItem","position":1,"name":"Home","item":"https:\/\/www.press7.tv\/"},{"@type":"ListItem","position":2,"name":"BE heq masat ndaj Kosov\u00ebs, Konjufca: Hap i r\u00ebnd\u00ebsish\u00ebm drejt integrimit"}]},{"@type":"WebSite","@id":"https:\/\/www.news33.tv\/#website","url":"https:\/\/www.news33.tv\/","name":"News33.tv Media","description":"Media","publisher":{"@id":"https:\/\/www.news33.tv\/#organization"},"potentialAction":[{"@type":"SearchAction","target":{"@type":"EntryPoint","urlTemplate":"https:\/\/www.news33.tv\/?s={search_term_string}"},"query-input":{"@type":"PropertyValueSpecification","valueRequired":true,"valueName":"search_term_string"}}],"inLanguage":"en-US"},{"@type":"Organization","@id":"https:\/\/www.news33.tv\/#organization","name":"News33.tv Media","url":"https:\/\/www.news33.tv\/","logo":{"@type":"ImageObject","inLanguage":"en-US","@id":"https:\/\/www.news33.tv\/#\/schema\/logo\/image\/","url":"https:\/\/www.press7.tv\/wp-content\/uploads\/2024\/02\/logo-news33-black.png","contentUrl":"https:\/\/www.press7.tv\/wp-content\/uploads\/2024\/02\/logo-news33-black.png","width":180,"height":37,"caption":"News33.tv Media"},"image":{"@id":"https:\/\/www.news33.tv\/#\/schema\/logo\/image\/"},"sameAs":["https:\/\/www.facebook.com\/press7.tv"]},{"@type":"Person","@id":"https:\/\/www.news33.tv\/#\/schema\/person\/5a04a38a23ccdba82f9bd665cd8f9efa","name":"gazetar2","image":{"@type":"ImageObject","inLanguage":"en-US","@id":"https:\/\/www.news33.tv\/#\/schema\/person\/image\/","url":"https:\/\/www.press7.tv\/wp-content\/litespeed\/avatar\/41975e402c3049d9ddb03adca8f7a883.jpg?ver=1777169572","contentUrl":"https:\/\/www.press7.tv\/wp-content\/litespeed\/avatar\/41975e402c3049d9ddb03adca8f7a883.jpg?ver=1777169572","caption":"gazetar2"},"url":"https:\/\/www.press7.tv\/?author=8"}]}},"amp_enabled":true,"_links":{"self":[{"href":"https:\/\/www.press7.tv\/index.php?rest_route=\/wp\/v2\/posts\/26737","targetHints":{"allow":["GET"]}}],"collection":[{"href":"https:\/\/www.press7.tv\/index.php?rest_route=\/wp\/v2\/posts"}],"about":[{"href":"https:\/\/www.press7.tv\/index.php?rest_route=\/wp\/v2\/types\/post"}],"author":[{"embeddable":true,"href":"https:\/\/www.press7.tv\/index.php?rest_route=\/wp\/v2\/users\/8"}],"replies":[{"embeddable":true,"href":"https:\/\/www.press7.tv\/index.php?rest_route=%2Fwp%2Fv2%2Fcomments&post=26737"}],"version-history":[{"count":1,"href":"https:\/\/www.press7.tv\/index.php?rest_route=\/wp\/v2\/posts\/26737\/revisions"}],"predecessor-version":[{"id":26739,"href":"https:\/\/www.press7.tv\/index.php?rest_route=\/wp\/v2\/posts\/26737\/revisions\/26739"}],"wp:featuredmedia":[{"embeddable":true,"href":"https:\/\/www.press7.tv\/index.php?rest_route=\/wp\/v2\/media\/26738"}],"wp:attachment":[{"href":"https:\/\/www.press7.tv\/index.php?rest_route=%2Fwp%2Fv2%2Fmedia&parent=26737"}],"wp:term":[{"taxonomy":"category","embeddable":true,"href":"https:\/\/www.press7.tv\/index.php?rest_route=%2Fwp%2Fv2%2Fcategories&post=26737"},{"taxonomy":"post_tag","embeddable":true,"href":"https:\/\/www.press7.tv\/index.php?rest_route=%2Fwp%2Fv2%2Ftags&post=26737"}],"curies":[{"name":"wp","href":"https:\/\/api.w.org\/{rel}","templated":true}]}}