{"id":26734,"date":"2026-03-17T15:42:14","date_gmt":"2026-03-17T15:42:14","guid":{"rendered":"https:\/\/www.press7.tv\/?p=26734"},"modified":"2026-03-17T15:42:14","modified_gmt":"2026-03-17T15:42:14","slug":"u-konfirmua-heqja-e-te-gjitha-masave-financiare-ndaj-kosoves-deklarata-e-plote-e-perfaqesuesit-te-komisionit-evropian","status":"publish","type":"post","link":"https:\/\/www.press7.tv\/?p=26734","title":{"rendered":"U konfirmua heqja e t\u00eb gjitha masave financiare ndaj Kosov\u00ebs \u2013 deklarata e plot\u00eb e p\u00ebrfaq\u00ebsuesit t\u00eb Komisionit Evropian"},"content":{"rendered":"\n    <div class=\"xs_social_share_widget xs_share_url before_content \t\tmain_content  wslu-style-2 wslu-share-box-shaped wslu-fill-colored wslu-share-m-5 wslu-none wslu-share-vertical wslu-theme-font-no wslu-main_content\">\n\n\t\t\n        <ul>\n\t\t\t        <\/ul>\n    <\/div> \n<p>Komisioni Evropian konfirmoi sot se jan\u00eb hequr t\u00eb gjitha masat financiare ndaj Kosov\u00ebs.<\/p>\n<p>K\u00ebt\u00eb e b\u00ebri t\u00eb ditur Jiri Plecity, p\u00ebrfaq\u00ebsues i Komisionit Evropian gjat\u00eb nj\u00eb debati p\u00ebr raportin p\u00ebr Kosov\u00ebn q\u00eb u zhvillua n\u00eb Parlamentin Evropian.<\/p>\n<p>\u201cMund t\u00eb konfirmoj se Komisioni Evropian ka liruar t\u00eb gjith\u00eb ndihm\u00ebn financiare q\u00eb m\u00eb par\u00eb ishte n\u00ebn masa dhe gjithashtu po planifikojm\u00eb t\u00eb riangazhohemi plot\u00ebsisht me homolog\u00ebt tan\u00eb n\u00eb Kosov\u00eb n\u00eb m\u00ebnyr\u00eb q\u00eb ta rikthejm\u00eb Kosov\u00ebn n\u00eb rrug\u00ebn e duhur n\u00eb agjend\u00ebn e saj t\u00eb BE-s\u00eb\u2026\u201d, tha Jiri Plecity.<\/p>\n<p>Plecity foli edhe p\u00ebr aplikimin e Kosov\u00ebs n\u00eb BE, procesin integrues dhe \u00e7\u00ebshtje tjera.<\/p>\n<p>Ndryshe, BE-ja kishte vendosur masa nd\u00ebshkuese ndaj Kosov\u00ebs n\u00eb vitin 2023, duke pezulluar financimin dhe takimet dypal\u00ebshe midis zyrtar\u00ebve evropian\u00eb dhe atyre t\u00eb Qeveris\u00eb s\u00eb Kosov\u00ebs.<\/p>\n<p>K\u00ebto masa ishin vendosur pas tensioneve n\u00eb komunat me shumic\u00eb serbe n\u00eb Kosov\u00eb, pasi n\u00eb krye t\u00eb komunave ishin kryetar\u00ebt shqiptar\u00eb.<\/p>\n<p>E para disa muajve kishte filluar largimi gradual i k\u00ebtyre masave, nd\u00ebrkaq sot u konfirmua largimi i plot\u00eb i tyre.<\/p>\n<p>Ky largim i masave vjen vet\u00ebm pak dit\u00eb pasi n\u00eb Kosov\u00eb ishte i d\u00ebrguari i BE-s\u00eb p\u00ebr dialogun Kosov\u00eb-Serb, Peter Sorensen.<\/p>\n<p>Sorensen ishte t\u00eb shtun\u00ebn n\u00eb Kosov\u00eb lidhur me Ligjin p\u00ebr t\u00eb huajt, ku pas takimit me kryeministrin Albin Kurti u tha se jan\u00eb pajtuar q\u00eb ky ligj t\u00eb filloj\u00eb s\u00eb zbatuari por me disa masa shtes\u00eb, pasi prek edhe komunitetin serb n\u00eb Kosov\u00eb.<\/p>\n","protected":false},"excerpt":{"rendered":"<p>Komisioni Evropian konfirmoi sot se jan\u00eb hequr t\u00eb gjitha masat financiare ndaj Kosov\u00ebs. K\u00ebt\u00eb e b\u00ebri t\u00eb ditur Jiri Plecity, p\u00ebrfaq\u00ebsues i Komisionit Evropian gjat\u00eb nj\u00eb debati p\u00ebr raportin p\u00ebr Kosov\u00ebn q\u00eb u zhvillua n\u00eb Parlamentin Evropian. \u201cMund t\u00eb konfirmoj se Komisioni Evropian ka liruar t\u00eb gjith\u00eb ndihm\u00ebn financiare q\u00eb m\u00eb par\u00eb ishte n\u00ebn masa [&hellip;]<\/p>\n","protected":false},"author":8,"featured_media":26735,"comment_status":"closed","ping_status":"closed","sticky":false,"template":"","format":"standard","meta":{"footnotes":""},"categories":[215,213],"tags":[],"class_list":["post-26734","post","type-post","status-publish","format-standard","has-post-thumbnail","hentry","category-kosove","category-lajme"],"yoast_head":"<!-- This site is optimized with the Yoast SEO plugin v25.1 - https:\/\/yoast.com\/wordpress\/plugins\/seo\/ -->\n<title>U konfirmua heqja e t\u00eb gjitha masave financiare ndaj Kosov\u00ebs \u2013 deklarata e plot\u00eb e p\u00ebrfaq\u00ebsuesit t\u00eb Komisionit Evropian - press7.tv<\/title>\n<meta name=\"robots\" content=\"index, follow, max-snippet:-1, max-image-preview:large, max-video-preview:-1\" \/>\n<link rel=\"canonical\" href=\"https:\/\/www.press7.tv\/?p=26734\" \/>\n<meta property=\"og:locale\" content=\"en_US\" \/>\n<meta property=\"og:type\" content=\"article\" \/>\n<meta property=\"og:title\" content=\"U konfirmua heqja e t\u00eb gjitha masave financiare ndaj Kosov\u00ebs \u2013 deklarata e plot\u00eb e p\u00ebrfaq\u00ebsuesit t\u00eb Komisionit Evropian - press7.tv\" \/>\n<meta property=\"og:description\" content=\"Komisioni Evropian konfirmoi sot se jan\u00eb hequr t\u00eb gjitha masat financiare ndaj Kosov\u00ebs. K\u00ebt\u00eb e b\u00ebri t\u00eb ditur Jiri Plecity, p\u00ebrfaq\u00ebsues i Komisionit Evropian gjat\u00eb nj\u00eb debati p\u00ebr raportin p\u00ebr Kosov\u00ebn q\u00eb u zhvillua n\u00eb Parlamentin Evropian. \u201cMund t\u00eb konfirmoj se Komisioni Evropian ka liruar t\u00eb gjith\u00eb ndihm\u00ebn financiare q\u00eb m\u00eb par\u00eb ishte n\u00ebn masa [&hellip;]\" \/>\n<meta property=\"og:url\" content=\"https:\/\/www.press7.tv\/?p=26734\" \/>\n<meta property=\"og:site_name\" content=\"press7.tv\" \/>\n<meta property=\"article:publisher\" content=\"https:\/\/www.facebook.com\/press7.tv\" \/>\n<meta property=\"article:published_time\" content=\"2026-03-17T15:42:14+00:00\" \/>\n<meta property=\"og:image\" content=\"https:\/\/www.press7.tv\/wp-content\/uploads\/2026\/03\/IMG_7935.avif\" \/>\n\t<meta property=\"og:image:width\" content=\"899\" \/>\n\t<meta property=\"og:image:height\" content=\"500\" \/>\n\t<meta property=\"og:image:type\" content=\"image\/jpeg\" \/>\n<meta name=\"author\" content=\"gazetar2\" \/>\n<meta name=\"twitter:card\" content=\"summary_large_image\" \/>\n<meta name=\"twitter:label1\" content=\"Written by\" \/>\n\t<meta name=\"twitter:data1\" content=\"gazetar2\" \/>\n\t<meta name=\"twitter:label2\" content=\"Est. reading time\" \/>\n\t<meta name=\"twitter:data2\" content=\"1 minute\" \/>\n<script type=\"application\/ld+json\" class=\"yoast-schema-graph\">{\"@context\":\"https:\/\/schema.org\",\"@graph\":[{\"@type\":\"Article\",\"@id\":\"https:\/\/www.press7.tv\/?p=26734#article\",\"isPartOf\":{\"@id\":\"https:\/\/www.press7.tv\/?p=26734\"},\"author\":{\"name\":\"gazetar2\",\"@id\":\"https:\/\/www.news33.tv\/#\/schema\/person\/5a04a38a23ccdba82f9bd665cd8f9efa\"},\"headline\":\"U konfirmua heqja e t\u00eb gjitha masave financiare ndaj Kosov\u00ebs \u2013 deklarata e plot\u00eb e p\u00ebrfaq\u00ebsuesit t\u00eb Komisionit Evropian\",\"datePublished\":\"2026-03-17T15:42:14+00:00\",\"mainEntityOfPage\":{\"@id\":\"https:\/\/www.press7.tv\/?p=26734\"},\"wordCount\":284,\"publisher\":{\"@id\":\"https:\/\/www.news33.tv\/#organization\"},\"image\":{\"@id\":\"https:\/\/www.press7.tv\/?p=26734#primaryimage\"},\"thumbnailUrl\":\"https:\/\/www.press7.tv\/wp-content\/uploads\/2026\/03\/IMG_7935.avif\",\"articleSection\":[\"Kosov\u00eb\",\"Lajme\"],\"inLanguage\":\"en-US\"},{\"@type\":\"WebPage\",\"@id\":\"https:\/\/www.press7.tv\/?p=26734\",\"url\":\"https:\/\/www.press7.tv\/?p=26734\",\"name\":\"U konfirmua heqja e t\u00eb gjitha masave financiare ndaj Kosov\u00ebs \u2013 deklarata e plot\u00eb e p\u00ebrfaq\u00ebsuesit t\u00eb Komisionit Evropian - press7.tv\",\"isPartOf\":{\"@id\":\"https:\/\/www.news33.tv\/#website\"},\"primaryImageOfPage\":{\"@id\":\"https:\/\/www.press7.tv\/?p=26734#primaryimage\"},\"image\":{\"@id\":\"https:\/\/www.press7.tv\/?p=26734#primaryimage\"},\"thumbnailUrl\":\"https:\/\/www.press7.tv\/wp-content\/uploads\/2026\/03\/IMG_7935.avif\",\"datePublished\":\"2026-03-17T15:42:14+00:00\",\"breadcrumb\":{\"@id\":\"https:\/\/www.press7.tv\/?p=26734#breadcrumb\"},\"inLanguage\":\"en-US\",\"potentialAction\":[{\"@type\":\"ReadAction\",\"target\":[\"https:\/\/www.press7.tv\/?p=26734\"]}]},{\"@type\":\"ImageObject\",\"inLanguage\":\"en-US\",\"@id\":\"https:\/\/www.press7.tv\/?p=26734#primaryimage\",\"url\":\"https:\/\/www.press7.tv\/wp-content\/uploads\/2026\/03\/IMG_7935.avif\",\"contentUrl\":\"https:\/\/www.press7.tv\/wp-content\/uploads\/2026\/03\/IMG_7935.avif\",\"width\":899,\"height\":500},{\"@type\":\"BreadcrumbList\",\"@id\":\"https:\/\/www.press7.tv\/?p=26734#breadcrumb\",\"itemListElement\":[{\"@type\":\"ListItem\",\"position\":1,\"name\":\"Home\",\"item\":\"https:\/\/www.press7.tv\/\"},{\"@type\":\"ListItem\",\"position\":2,\"name\":\"U konfirmua heqja e t\u00eb gjitha masave financiare ndaj Kosov\u00ebs \u2013 deklarata e plot\u00eb e p\u00ebrfaq\u00ebsuesit t\u00eb Komisionit Evropian\"}]},{\"@type\":\"WebSite\",\"@id\":\"https:\/\/www.news33.tv\/#website\",\"url\":\"https:\/\/www.news33.tv\/\",\"name\":\"News33.tv Media\",\"description\":\"Media\",\"publisher\":{\"@id\":\"https:\/\/www.news33.tv\/#organization\"},\"potentialAction\":[{\"@type\":\"SearchAction\",\"target\":{\"@type\":\"EntryPoint\",\"urlTemplate\":\"https:\/\/www.news33.tv\/?s={search_term_string}\"},\"query-input\":{\"@type\":\"PropertyValueSpecification\",\"valueRequired\":true,\"valueName\":\"search_term_string\"}}],\"inLanguage\":\"en-US\"},{\"@type\":\"Organization\",\"@id\":\"https:\/\/www.news33.tv\/#organization\",\"name\":\"News33.tv Media\",\"url\":\"https:\/\/www.news33.tv\/\",\"logo\":{\"@type\":\"ImageObject\",\"inLanguage\":\"en-US\",\"@id\":\"https:\/\/www.news33.tv\/#\/schema\/logo\/image\/\",\"url\":\"https:\/\/www.press7.tv\/wp-content\/uploads\/2024\/02\/logo-news33-black.png\",\"contentUrl\":\"https:\/\/www.press7.tv\/wp-content\/uploads\/2024\/02\/logo-news33-black.png\",\"width\":180,\"height\":37,\"caption\":\"News33.tv Media\"},\"image\":{\"@id\":\"https:\/\/www.news33.tv\/#\/schema\/logo\/image\/\"},\"sameAs\":[\"https:\/\/www.facebook.com\/press7.tv\"]},{\"@type\":\"Person\",\"@id\":\"https:\/\/www.news33.tv\/#\/schema\/person\/5a04a38a23ccdba82f9bd665cd8f9efa\",\"name\":\"gazetar2\",\"image\":{\"@type\":\"ImageObject\",\"inLanguage\":\"en-US\",\"@id\":\"https:\/\/www.news33.tv\/#\/schema\/person\/image\/\",\"url\":\"https:\/\/www.press7.tv\/wp-content\/litespeed\/avatar\/41975e402c3049d9ddb03adca8f7a883.jpg?ver=1777169572\",\"contentUrl\":\"https:\/\/www.press7.tv\/wp-content\/litespeed\/avatar\/41975e402c3049d9ddb03adca8f7a883.jpg?ver=1777169572\",\"caption\":\"gazetar2\"},\"url\":\"https:\/\/www.press7.tv\/?author=8\"}]}<\/script>\n<!-- \/ Yoast SEO plugin. -->","yoast_head_json":{"title":"U konfirmua heqja e t\u00eb gjitha masave financiare ndaj Kosov\u00ebs \u2013 deklarata e plot\u00eb e p\u00ebrfaq\u00ebsuesit t\u00eb Komisionit Evropian - press7.tv","robots":{"index":"index","follow":"follow","max-snippet":"max-snippet:-1","max-image-preview":"max-image-preview:large","max-video-preview":"max-video-preview:-1"},"canonical":"https:\/\/www.press7.tv\/?p=26734","og_locale":"en_US","og_type":"article","og_title":"U konfirmua heqja e t\u00eb gjitha masave financiare ndaj Kosov\u00ebs \u2013 deklarata e plot\u00eb e p\u00ebrfaq\u00ebsuesit t\u00eb Komisionit Evropian - press7.tv","og_description":"Komisioni Evropian konfirmoi sot se jan\u00eb hequr t\u00eb gjitha masat financiare ndaj Kosov\u00ebs. K\u00ebt\u00eb e b\u00ebri t\u00eb ditur Jiri Plecity, p\u00ebrfaq\u00ebsues i Komisionit Evropian gjat\u00eb nj\u00eb debati p\u00ebr raportin p\u00ebr Kosov\u00ebn q\u00eb u zhvillua n\u00eb Parlamentin Evropian. \u201cMund t\u00eb konfirmoj se Komisioni Evropian ka liruar t\u00eb gjith\u00eb ndihm\u00ebn financiare q\u00eb m\u00eb par\u00eb ishte n\u00ebn masa [&hellip;]","og_url":"https:\/\/www.press7.tv\/?p=26734","og_site_name":"press7.tv","article_publisher":"https:\/\/www.facebook.com\/press7.tv","article_published_time":"2026-03-17T15:42:14+00:00","og_image":[{"width":899,"height":500,"url":"https:\/\/www.press7.tv\/wp-content\/uploads\/2026\/03\/IMG_7935.avif","type":"image\/jpeg"}],"author":"gazetar2","twitter_card":"summary_large_image","twitter_misc":{"Written by":"gazetar2","Est. reading time":"1 minute"},"schema":{"@context":"https:\/\/schema.org","@graph":[{"@type":"Article","@id":"https:\/\/www.press7.tv\/?p=26734#article","isPartOf":{"@id":"https:\/\/www.press7.tv\/?p=26734"},"author":{"name":"gazetar2","@id":"https:\/\/www.news33.tv\/#\/schema\/person\/5a04a38a23ccdba82f9bd665cd8f9efa"},"headline":"U konfirmua heqja e t\u00eb gjitha masave financiare ndaj Kosov\u00ebs \u2013 deklarata e plot\u00eb e p\u00ebrfaq\u00ebsuesit t\u00eb Komisionit Evropian","datePublished":"2026-03-17T15:42:14+00:00","mainEntityOfPage":{"@id":"https:\/\/www.press7.tv\/?p=26734"},"wordCount":284,"publisher":{"@id":"https:\/\/www.news33.tv\/#organization"},"image":{"@id":"https:\/\/www.press7.tv\/?p=26734#primaryimage"},"thumbnailUrl":"https:\/\/www.press7.tv\/wp-content\/uploads\/2026\/03\/IMG_7935.avif","articleSection":["Kosov\u00eb","Lajme"],"inLanguage":"en-US"},{"@type":"WebPage","@id":"https:\/\/www.press7.tv\/?p=26734","url":"https:\/\/www.press7.tv\/?p=26734","name":"U konfirmua heqja e t\u00eb gjitha masave financiare ndaj Kosov\u00ebs \u2013 deklarata e plot\u00eb e p\u00ebrfaq\u00ebsuesit t\u00eb Komisionit Evropian - press7.tv","isPartOf":{"@id":"https:\/\/www.news33.tv\/#website"},"primaryImageOfPage":{"@id":"https:\/\/www.press7.tv\/?p=26734#primaryimage"},"image":{"@id":"https:\/\/www.press7.tv\/?p=26734#primaryimage"},"thumbnailUrl":"https:\/\/www.press7.tv\/wp-content\/uploads\/2026\/03\/IMG_7935.avif","datePublished":"2026-03-17T15:42:14+00:00","breadcrumb":{"@id":"https:\/\/www.press7.tv\/?p=26734#breadcrumb"},"inLanguage":"en-US","potentialAction":[{"@type":"ReadAction","target":["https:\/\/www.press7.tv\/?p=26734"]}]},{"@type":"ImageObject","inLanguage":"en-US","@id":"https:\/\/www.press7.tv\/?p=26734#primaryimage","url":"https:\/\/www.press7.tv\/wp-content\/uploads\/2026\/03\/IMG_7935.avif","contentUrl":"https:\/\/www.press7.tv\/wp-content\/uploads\/2026\/03\/IMG_7935.avif","width":899,"height":500},{"@type":"BreadcrumbList","@id":"https:\/\/www.press7.tv\/?p=26734#breadcrumb","itemListElement":[{"@type":"ListItem","position":1,"name":"Home","item":"https:\/\/www.press7.tv\/"},{"@type":"ListItem","position":2,"name":"U konfirmua heqja e t\u00eb gjitha masave financiare ndaj Kosov\u00ebs \u2013 deklarata e plot\u00eb e p\u00ebrfaq\u00ebsuesit t\u00eb Komisionit Evropian"}]},{"@type":"WebSite","@id":"https:\/\/www.news33.tv\/#website","url":"https:\/\/www.news33.tv\/","name":"News33.tv Media","description":"Media","publisher":{"@id":"https:\/\/www.news33.tv\/#organization"},"potentialAction":[{"@type":"SearchAction","target":{"@type":"EntryPoint","urlTemplate":"https:\/\/www.news33.tv\/?s={search_term_string}"},"query-input":{"@type":"PropertyValueSpecification","valueRequired":true,"valueName":"search_term_string"}}],"inLanguage":"en-US"},{"@type":"Organization","@id":"https:\/\/www.news33.tv\/#organization","name":"News33.tv Media","url":"https:\/\/www.news33.tv\/","logo":{"@type":"ImageObject","inLanguage":"en-US","@id":"https:\/\/www.news33.tv\/#\/schema\/logo\/image\/","url":"https:\/\/www.press7.tv\/wp-content\/uploads\/2024\/02\/logo-news33-black.png","contentUrl":"https:\/\/www.press7.tv\/wp-content\/uploads\/2024\/02\/logo-news33-black.png","width":180,"height":37,"caption":"News33.tv Media"},"image":{"@id":"https:\/\/www.news33.tv\/#\/schema\/logo\/image\/"},"sameAs":["https:\/\/www.facebook.com\/press7.tv"]},{"@type":"Person","@id":"https:\/\/www.news33.tv\/#\/schema\/person\/5a04a38a23ccdba82f9bd665cd8f9efa","name":"gazetar2","image":{"@type":"ImageObject","inLanguage":"en-US","@id":"https:\/\/www.news33.tv\/#\/schema\/person\/image\/","url":"https:\/\/www.press7.tv\/wp-content\/litespeed\/avatar\/41975e402c3049d9ddb03adca8f7a883.jpg?ver=1777169572","contentUrl":"https:\/\/www.press7.tv\/wp-content\/litespeed\/avatar\/41975e402c3049d9ddb03adca8f7a883.jpg?ver=1777169572","caption":"gazetar2"},"url":"https:\/\/www.press7.tv\/?author=8"}]}},"amp_enabled":true,"_links":{"self":[{"href":"https:\/\/www.press7.tv\/index.php?rest_route=\/wp\/v2\/posts\/26734","targetHints":{"allow":["GET"]}}],"collection":[{"href":"https:\/\/www.press7.tv\/index.php?rest_route=\/wp\/v2\/posts"}],"about":[{"href":"https:\/\/www.press7.tv\/index.php?rest_route=\/wp\/v2\/types\/post"}],"author":[{"embeddable":true,"href":"https:\/\/www.press7.tv\/index.php?rest_route=\/wp\/v2\/users\/8"}],"replies":[{"embeddable":true,"href":"https:\/\/www.press7.tv\/index.php?rest_route=%2Fwp%2Fv2%2Fcomments&post=26734"}],"version-history":[{"count":1,"href":"https:\/\/www.press7.tv\/index.php?rest_route=\/wp\/v2\/posts\/26734\/revisions"}],"predecessor-version":[{"id":26736,"href":"https:\/\/www.press7.tv\/index.php?rest_route=\/wp\/v2\/posts\/26734\/revisions\/26736"}],"wp:featuredmedia":[{"embeddable":true,"href":"https:\/\/www.press7.tv\/index.php?rest_route=\/wp\/v2\/media\/26735"}],"wp:attachment":[{"href":"https:\/\/www.press7.tv\/index.php?rest_route=%2Fwp%2Fv2%2Fmedia&parent=26734"}],"wp:term":[{"taxonomy":"category","embeddable":true,"href":"https:\/\/www.press7.tv\/index.php?rest_route=%2Fwp%2Fv2%2Fcategories&post=26734"},{"taxonomy":"post_tag","embeddable":true,"href":"https:\/\/www.press7.tv\/index.php?rest_route=%2Fwp%2Fv2%2Ftags&post=26734"}],"curies":[{"name":"wp","href":"https:\/\/api.w.org\/{rel}","templated":true}]}}