{"id":26725,"date":"2026-03-17T11:56:01","date_gmt":"2026-03-17T11:56:01","guid":{"rendered":"https:\/\/www.press7.tv\/?p=26725"},"modified":"2026-03-17T11:56:01","modified_gmt":"2026-03-17T11:56:01","slug":"komisioni-evropian-heq-te-gjitha-masat-financiare-ndaj-kosoves","status":"publish","type":"post","link":"https:\/\/www.press7.tv\/?p=26725","title":{"rendered":"Komisioni Evropian heq t\u00eb gjitha masat financiare ndaj Kosov\u00ebs"},"content":{"rendered":"\n    <div class=\"xs_social_share_widget xs_share_url before_content \t\tmain_content  wslu-style-2 wslu-share-box-shaped wslu-fill-colored wslu-share-m-5 wslu-none wslu-share-vertical wslu-theme-font-no wslu-main_content\">\n\n\t\t\n        <ul>\n\t\t\t        <\/ul>\n    <\/div> \n<p>Gjat\u00eb nj\u00eb seance n\u00eb Komisionin e Politik\u00ebs s\u00eb Jashtme t\u00eb Parlamentit Evropian mbi raportin p\u00ebr Kosov\u00ebn, P\u00ebrfaq\u00ebsuesi i Komisionit Evropian p\u00ebr Zgjerimin, Jiri Plecity, njoftoi se t\u00eb gjitha fondet financiare q\u00eb m\u00eb par\u00eb ishin t\u00eb bllokuara p\u00ebr shkak t\u00eb masave ndaj Kosov\u00ebs, tashm\u00eb jan\u00eb liruar.<\/p>\n<p>Ai shpjegoi se procesi i heqjes s\u00eb masave kishte filluar gradualisht q\u00eb nga maji i vitit t\u00eb kaluar, nd\u00ebrsa n\u00eb dhjetor 2025, Presidentja e Komisionit, Ursula von der Leyen, kishte paralajm\u00ebruar fazat e m\u00ebtejshme t\u00eb lirimit t\u00eb fondeve. \u201cMund t\u00eb konfirmoj se Komisioni ka liruar plot\u00ebsisht fondet e asistenc\u00ebs financiare p\u00ebr Kosov\u00ebn,\u201d tha Plecity.<\/p>\n<p>Nga ana e tij, raportuesi p\u00ebr Kosov\u00ebn, Ruiho Terras, kritikoi masat e vendosura m\u00eb par\u00eb, duke n\u00ebnvizuar ndikimin e tyre t\u00eb r\u00ebnd\u00ebsish\u00ebm mbi qytetar\u00ebt, shoq\u00ebrin\u00eb civile dhe strukturat e tjera t\u00eb shoq\u00ebris\u00eb kosovare.<\/p>\n","protected":false},"excerpt":{"rendered":"<p>Gjat\u00eb nj\u00eb seance n\u00eb Komisionin e Politik\u00ebs s\u00eb Jashtme t\u00eb Parlamentit Evropian mbi raportin p\u00ebr Kosov\u00ebn, P\u00ebrfaq\u00ebsuesi i Komisionit Evropian p\u00ebr Zgjerimin, Jiri Plecity, njoftoi se t\u00eb gjitha fondet financiare q\u00eb m\u00eb par\u00eb ishin t\u00eb bllokuara p\u00ebr shkak t\u00eb masave ndaj Kosov\u00ebs, tashm\u00eb jan\u00eb liruar. Ai shpjegoi se procesi i heqjes s\u00eb masave kishte filluar [&hellip;]<\/p>\n","protected":false},"author":8,"featured_media":26726,"comment_status":"closed","ping_status":"closed","sticky":false,"template":"","format":"standard","meta":{"footnotes":""},"categories":[215,213],"tags":[],"class_list":["post-26725","post","type-post","status-publish","format-standard","has-post-thumbnail","hentry","category-kosove","category-lajme"],"yoast_head":"<!-- This site is optimized with the Yoast SEO plugin v25.1 - https:\/\/yoast.com\/wordpress\/plugins\/seo\/ -->\n<title>Komisioni Evropian heq t\u00eb gjitha masat financiare ndaj Kosov\u00ebs - press7.tv<\/title>\n<meta name=\"robots\" content=\"index, follow, max-snippet:-1, max-image-preview:large, max-video-preview:-1\" \/>\n<link rel=\"canonical\" href=\"https:\/\/www.press7.tv\/?p=26725\" \/>\n<meta property=\"og:locale\" content=\"en_US\" \/>\n<meta property=\"og:type\" content=\"article\" \/>\n<meta property=\"og:title\" content=\"Komisioni Evropian heq t\u00eb gjitha masat financiare ndaj Kosov\u00ebs - press7.tv\" \/>\n<meta property=\"og:description\" content=\"Gjat\u00eb nj\u00eb seance n\u00eb Komisionin e Politik\u00ebs s\u00eb Jashtme t\u00eb Parlamentit Evropian mbi raportin p\u00ebr Kosov\u00ebn, P\u00ebrfaq\u00ebsuesi i Komisionit Evropian p\u00ebr Zgjerimin, Jiri Plecity, njoftoi se t\u00eb gjitha fondet financiare q\u00eb m\u00eb par\u00eb ishin t\u00eb bllokuara p\u00ebr shkak t\u00eb masave ndaj Kosov\u00ebs, tashm\u00eb jan\u00eb liruar. Ai shpjegoi se procesi i heqjes s\u00eb masave kishte filluar [&hellip;]\" \/>\n<meta property=\"og:url\" content=\"https:\/\/www.press7.tv\/?p=26725\" \/>\n<meta property=\"og:site_name\" content=\"press7.tv\" \/>\n<meta property=\"article:publisher\" content=\"https:\/\/www.facebook.com\/press7.tv\" \/>\n<meta property=\"article:published_time\" content=\"2026-03-17T11:56:01+00:00\" \/>\n<meta property=\"og:image\" content=\"https:\/\/www.press7.tv\/wp-content\/uploads\/2026\/03\/IMG_7926.avif\" \/>\n\t<meta property=\"og:image:width\" content=\"1088\" \/>\n\t<meta property=\"og:image:height\" content=\"614\" \/>\n\t<meta property=\"og:image:type\" content=\"image\/jpeg\" \/>\n<meta name=\"author\" content=\"gazetar2\" \/>\n<meta name=\"twitter:card\" content=\"summary_large_image\" \/>\n<meta name=\"twitter:label1\" content=\"Written by\" \/>\n\t<meta name=\"twitter:data1\" content=\"gazetar2\" \/>\n\t<meta name=\"twitter:label2\" content=\"Est. reading time\" \/>\n\t<meta name=\"twitter:data2\" content=\"1 minute\" \/>\n<script type=\"application\/ld+json\" class=\"yoast-schema-graph\">{\"@context\":\"https:\/\/schema.org\",\"@graph\":[{\"@type\":\"Article\",\"@id\":\"https:\/\/www.press7.tv\/?p=26725#article\",\"isPartOf\":{\"@id\":\"https:\/\/www.press7.tv\/?p=26725\"},\"author\":{\"name\":\"gazetar2\",\"@id\":\"https:\/\/www.news33.tv\/#\/schema\/person\/5a04a38a23ccdba82f9bd665cd8f9efa\"},\"headline\":\"Komisioni Evropian heq t\u00eb gjitha masat financiare ndaj Kosov\u00ebs\",\"datePublished\":\"2026-03-17T11:56:01+00:00\",\"mainEntityOfPage\":{\"@id\":\"https:\/\/www.press7.tv\/?p=26725\"},\"wordCount\":165,\"publisher\":{\"@id\":\"https:\/\/www.news33.tv\/#organization\"},\"image\":{\"@id\":\"https:\/\/www.press7.tv\/?p=26725#primaryimage\"},\"thumbnailUrl\":\"https:\/\/www.press7.tv\/wp-content\/uploads\/2026\/03\/IMG_7926.avif\",\"articleSection\":[\"Kosov\u00eb\",\"Lajme\"],\"inLanguage\":\"en-US\"},{\"@type\":\"WebPage\",\"@id\":\"https:\/\/www.press7.tv\/?p=26725\",\"url\":\"https:\/\/www.press7.tv\/?p=26725\",\"name\":\"Komisioni Evropian heq t\u00eb gjitha masat financiare ndaj Kosov\u00ebs - press7.tv\",\"isPartOf\":{\"@id\":\"https:\/\/www.news33.tv\/#website\"},\"primaryImageOfPage\":{\"@id\":\"https:\/\/www.press7.tv\/?p=26725#primaryimage\"},\"image\":{\"@id\":\"https:\/\/www.press7.tv\/?p=26725#primaryimage\"},\"thumbnailUrl\":\"https:\/\/www.press7.tv\/wp-content\/uploads\/2026\/03\/IMG_7926.avif\",\"datePublished\":\"2026-03-17T11:56:01+00:00\",\"breadcrumb\":{\"@id\":\"https:\/\/www.press7.tv\/?p=26725#breadcrumb\"},\"inLanguage\":\"en-US\",\"potentialAction\":[{\"@type\":\"ReadAction\",\"target\":[\"https:\/\/www.press7.tv\/?p=26725\"]}]},{\"@type\":\"ImageObject\",\"inLanguage\":\"en-US\",\"@id\":\"https:\/\/www.press7.tv\/?p=26725#primaryimage\",\"url\":\"https:\/\/www.press7.tv\/wp-content\/uploads\/2026\/03\/IMG_7926.avif\",\"contentUrl\":\"https:\/\/www.press7.tv\/wp-content\/uploads\/2026\/03\/IMG_7926.avif\",\"width\":1088,\"height\":614,\"caption\":\"Screenshot\"},{\"@type\":\"BreadcrumbList\",\"@id\":\"https:\/\/www.press7.tv\/?p=26725#breadcrumb\",\"itemListElement\":[{\"@type\":\"ListItem\",\"position\":1,\"name\":\"Home\",\"item\":\"https:\/\/www.press7.tv\/\"},{\"@type\":\"ListItem\",\"position\":2,\"name\":\"Komisioni Evropian heq t\u00eb gjitha masat financiare ndaj Kosov\u00ebs\"}]},{\"@type\":\"WebSite\",\"@id\":\"https:\/\/www.news33.tv\/#website\",\"url\":\"https:\/\/www.news33.tv\/\",\"name\":\"News33.tv Media\",\"description\":\"Media\",\"publisher\":{\"@id\":\"https:\/\/www.news33.tv\/#organization\"},\"potentialAction\":[{\"@type\":\"SearchAction\",\"target\":{\"@type\":\"EntryPoint\",\"urlTemplate\":\"https:\/\/www.news33.tv\/?s={search_term_string}\"},\"query-input\":{\"@type\":\"PropertyValueSpecification\",\"valueRequired\":true,\"valueName\":\"search_term_string\"}}],\"inLanguage\":\"en-US\"},{\"@type\":\"Organization\",\"@id\":\"https:\/\/www.news33.tv\/#organization\",\"name\":\"News33.tv Media\",\"url\":\"https:\/\/www.news33.tv\/\",\"logo\":{\"@type\":\"ImageObject\",\"inLanguage\":\"en-US\",\"@id\":\"https:\/\/www.news33.tv\/#\/schema\/logo\/image\/\",\"url\":\"https:\/\/www.press7.tv\/wp-content\/uploads\/2024\/02\/logo-news33-black.png\",\"contentUrl\":\"https:\/\/www.press7.tv\/wp-content\/uploads\/2024\/02\/logo-news33-black.png\",\"width\":180,\"height\":37,\"caption\":\"News33.tv Media\"},\"image\":{\"@id\":\"https:\/\/www.news33.tv\/#\/schema\/logo\/image\/\"},\"sameAs\":[\"https:\/\/www.facebook.com\/press7.tv\"]},{\"@type\":\"Person\",\"@id\":\"https:\/\/www.news33.tv\/#\/schema\/person\/5a04a38a23ccdba82f9bd665cd8f9efa\",\"name\":\"gazetar2\",\"image\":{\"@type\":\"ImageObject\",\"inLanguage\":\"en-US\",\"@id\":\"https:\/\/www.news33.tv\/#\/schema\/person\/image\/\",\"url\":\"https:\/\/www.press7.tv\/wp-content\/litespeed\/avatar\/41975e402c3049d9ddb03adca8f7a883.jpg?ver=1777169572\",\"contentUrl\":\"https:\/\/www.press7.tv\/wp-content\/litespeed\/avatar\/41975e402c3049d9ddb03adca8f7a883.jpg?ver=1777169572\",\"caption\":\"gazetar2\"},\"url\":\"https:\/\/www.press7.tv\/?author=8\"}]}<\/script>\n<!-- \/ Yoast SEO plugin. -->","yoast_head_json":{"title":"Komisioni Evropian heq t\u00eb gjitha masat financiare ndaj Kosov\u00ebs - press7.tv","robots":{"index":"index","follow":"follow","max-snippet":"max-snippet:-1","max-image-preview":"max-image-preview:large","max-video-preview":"max-video-preview:-1"},"canonical":"https:\/\/www.press7.tv\/?p=26725","og_locale":"en_US","og_type":"article","og_title":"Komisioni Evropian heq t\u00eb gjitha masat financiare ndaj Kosov\u00ebs - press7.tv","og_description":"Gjat\u00eb nj\u00eb seance n\u00eb Komisionin e Politik\u00ebs s\u00eb Jashtme t\u00eb Parlamentit Evropian mbi raportin p\u00ebr Kosov\u00ebn, P\u00ebrfaq\u00ebsuesi i Komisionit Evropian p\u00ebr Zgjerimin, Jiri Plecity, njoftoi se t\u00eb gjitha fondet financiare q\u00eb m\u00eb par\u00eb ishin t\u00eb bllokuara p\u00ebr shkak t\u00eb masave ndaj Kosov\u00ebs, tashm\u00eb jan\u00eb liruar. Ai shpjegoi se procesi i heqjes s\u00eb masave kishte filluar [&hellip;]","og_url":"https:\/\/www.press7.tv\/?p=26725","og_site_name":"press7.tv","article_publisher":"https:\/\/www.facebook.com\/press7.tv","article_published_time":"2026-03-17T11:56:01+00:00","og_image":[{"width":1088,"height":614,"url":"https:\/\/www.press7.tv\/wp-content\/uploads\/2026\/03\/IMG_7926.avif","type":"image\/jpeg"}],"author":"gazetar2","twitter_card":"summary_large_image","twitter_misc":{"Written by":"gazetar2","Est. reading time":"1 minute"},"schema":{"@context":"https:\/\/schema.org","@graph":[{"@type":"Article","@id":"https:\/\/www.press7.tv\/?p=26725#article","isPartOf":{"@id":"https:\/\/www.press7.tv\/?p=26725"},"author":{"name":"gazetar2","@id":"https:\/\/www.news33.tv\/#\/schema\/person\/5a04a38a23ccdba82f9bd665cd8f9efa"},"headline":"Komisioni Evropian heq t\u00eb gjitha masat financiare ndaj Kosov\u00ebs","datePublished":"2026-03-17T11:56:01+00:00","mainEntityOfPage":{"@id":"https:\/\/www.press7.tv\/?p=26725"},"wordCount":165,"publisher":{"@id":"https:\/\/www.news33.tv\/#organization"},"image":{"@id":"https:\/\/www.press7.tv\/?p=26725#primaryimage"},"thumbnailUrl":"https:\/\/www.press7.tv\/wp-content\/uploads\/2026\/03\/IMG_7926.avif","articleSection":["Kosov\u00eb","Lajme"],"inLanguage":"en-US"},{"@type":"WebPage","@id":"https:\/\/www.press7.tv\/?p=26725","url":"https:\/\/www.press7.tv\/?p=26725","name":"Komisioni Evropian heq t\u00eb gjitha masat financiare ndaj Kosov\u00ebs - press7.tv","isPartOf":{"@id":"https:\/\/www.news33.tv\/#website"},"primaryImageOfPage":{"@id":"https:\/\/www.press7.tv\/?p=26725#primaryimage"},"image":{"@id":"https:\/\/www.press7.tv\/?p=26725#primaryimage"},"thumbnailUrl":"https:\/\/www.press7.tv\/wp-content\/uploads\/2026\/03\/IMG_7926.avif","datePublished":"2026-03-17T11:56:01+00:00","breadcrumb":{"@id":"https:\/\/www.press7.tv\/?p=26725#breadcrumb"},"inLanguage":"en-US","potentialAction":[{"@type":"ReadAction","target":["https:\/\/www.press7.tv\/?p=26725"]}]},{"@type":"ImageObject","inLanguage":"en-US","@id":"https:\/\/www.press7.tv\/?p=26725#primaryimage","url":"https:\/\/www.press7.tv\/wp-content\/uploads\/2026\/03\/IMG_7926.avif","contentUrl":"https:\/\/www.press7.tv\/wp-content\/uploads\/2026\/03\/IMG_7926.avif","width":1088,"height":614,"caption":"Screenshot"},{"@type":"BreadcrumbList","@id":"https:\/\/www.press7.tv\/?p=26725#breadcrumb","itemListElement":[{"@type":"ListItem","position":1,"name":"Home","item":"https:\/\/www.press7.tv\/"},{"@type":"ListItem","position":2,"name":"Komisioni Evropian heq t\u00eb gjitha masat financiare ndaj Kosov\u00ebs"}]},{"@type":"WebSite","@id":"https:\/\/www.news33.tv\/#website","url":"https:\/\/www.news33.tv\/","name":"News33.tv Media","description":"Media","publisher":{"@id":"https:\/\/www.news33.tv\/#organization"},"potentialAction":[{"@type":"SearchAction","target":{"@type":"EntryPoint","urlTemplate":"https:\/\/www.news33.tv\/?s={search_term_string}"},"query-input":{"@type":"PropertyValueSpecification","valueRequired":true,"valueName":"search_term_string"}}],"inLanguage":"en-US"},{"@type":"Organization","@id":"https:\/\/www.news33.tv\/#organization","name":"News33.tv Media","url":"https:\/\/www.news33.tv\/","logo":{"@type":"ImageObject","inLanguage":"en-US","@id":"https:\/\/www.news33.tv\/#\/schema\/logo\/image\/","url":"https:\/\/www.press7.tv\/wp-content\/uploads\/2024\/02\/logo-news33-black.png","contentUrl":"https:\/\/www.press7.tv\/wp-content\/uploads\/2024\/02\/logo-news33-black.png","width":180,"height":37,"caption":"News33.tv Media"},"image":{"@id":"https:\/\/www.news33.tv\/#\/schema\/logo\/image\/"},"sameAs":["https:\/\/www.facebook.com\/press7.tv"]},{"@type":"Person","@id":"https:\/\/www.news33.tv\/#\/schema\/person\/5a04a38a23ccdba82f9bd665cd8f9efa","name":"gazetar2","image":{"@type":"ImageObject","inLanguage":"en-US","@id":"https:\/\/www.news33.tv\/#\/schema\/person\/image\/","url":"https:\/\/www.press7.tv\/wp-content\/litespeed\/avatar\/41975e402c3049d9ddb03adca8f7a883.jpg?ver=1777169572","contentUrl":"https:\/\/www.press7.tv\/wp-content\/litespeed\/avatar\/41975e402c3049d9ddb03adca8f7a883.jpg?ver=1777169572","caption":"gazetar2"},"url":"https:\/\/www.press7.tv\/?author=8"}]}},"amp_enabled":true,"_links":{"self":[{"href":"https:\/\/www.press7.tv\/index.php?rest_route=\/wp\/v2\/posts\/26725","targetHints":{"allow":["GET"]}}],"collection":[{"href":"https:\/\/www.press7.tv\/index.php?rest_route=\/wp\/v2\/posts"}],"about":[{"href":"https:\/\/www.press7.tv\/index.php?rest_route=\/wp\/v2\/types\/post"}],"author":[{"embeddable":true,"href":"https:\/\/www.press7.tv\/index.php?rest_route=\/wp\/v2\/users\/8"}],"replies":[{"embeddable":true,"href":"https:\/\/www.press7.tv\/index.php?rest_route=%2Fwp%2Fv2%2Fcomments&post=26725"}],"version-history":[{"count":1,"href":"https:\/\/www.press7.tv\/index.php?rest_route=\/wp\/v2\/posts\/26725\/revisions"}],"predecessor-version":[{"id":26727,"href":"https:\/\/www.press7.tv\/index.php?rest_route=\/wp\/v2\/posts\/26725\/revisions\/26727"}],"wp:featuredmedia":[{"embeddable":true,"href":"https:\/\/www.press7.tv\/index.php?rest_route=\/wp\/v2\/media\/26726"}],"wp:attachment":[{"href":"https:\/\/www.press7.tv\/index.php?rest_route=%2Fwp%2Fv2%2Fmedia&parent=26725"}],"wp:term":[{"taxonomy":"category","embeddable":true,"href":"https:\/\/www.press7.tv\/index.php?rest_route=%2Fwp%2Fv2%2Fcategories&post=26725"},{"taxonomy":"post_tag","embeddable":true,"href":"https:\/\/www.press7.tv\/index.php?rest_route=%2Fwp%2Fv2%2Ftags&post=26725"}],"curies":[{"name":"wp","href":"https:\/\/api.w.org\/{rel}","templated":true}]}}