{"id":26722,"date":"2026-03-17T11:23:39","date_gmt":"2026-03-17T11:23:39","guid":{"rendered":"https:\/\/www.press7.tv\/?p=26722"},"modified":"2026-03-17T19:41:43","modified_gmt":"2026-03-17T19:41:43","slug":"edhe-24-milione-euro-per-spitalin-e-harruar-te-ferizajt","status":"publish","type":"post","link":"https:\/\/www.press7.tv\/?p=26722","title":{"rendered":"Edhe 24 milion\u00eb euro p\u00ebr \u201cspitalin e harruar\u201d t\u00eb Ferizajt"},"content":{"rendered":"\n    <div class=\"xs_social_share_widget xs_share_url before_content \t\tmain_content  wslu-style-2 wslu-share-box-shaped wslu-fill-colored wslu-share-m-5 wslu-none wslu-share-vertical wslu-theme-font-no wslu-main_content\">\n\n\t\t\n        <ul>\n\t\t\t        <\/ul>\n    <\/div> \n<p>Edhe 24 milion\u00eb euro do t\u00eb ndahen p\u00ebr t\u00eb nd\u00ebrtuar spitalin e Ferizajt, q\u00eb si projekt u nis qysh m\u00eb 2018. Pas kontratave, ankesave e edhe d\u00ebrgimit t\u00eb l\u00ebnd\u00ebve n\u00eb Prokurori, ministri i Sh\u00ebndet\u00ebsis\u00eb, Arben Vitia, ka njoftuar se e ka n\u00ebnshkruar kontrat\u00ebn p\u00ebr vazhdimin e punimeve.<\/p>\n<p>Sipas njoftimit t\u00eb tij, projekti do t\u00eb finalizohet p\u00ebr 30 muaj e do t\u00eb ket\u00eb kosto rreth 24 milion\u00eb eurosh.<\/p>\n<p>\u201cKam n\u00ebnshkruar kontrat\u00ebn p\u00ebr vazhdimin e punimeve n\u00eb Spitalin e Ferizajt. Pas shum\u00eb sfidave dhe v\u00ebshtir\u00ebsive t\u00eb trash\u00ebguara e t\u00eb reja, ky projekt do t\u00eb finalizohet brenda 30 muajsh. Ky \u00ebsht\u00eb nj\u00eb projekt shum\u00eb i r\u00ebnd\u00ebsish\u00ebm p\u00ebr k\u00ebt\u00eb rajon, q\u00eb do t\u00eb realizohet sipas standardeve m\u00eb t\u00eb larta t\u00eb infrastruktur\u00ebs spitalore, me nj\u00eb kosto prej 24 milion\u00eb euro. Urime p\u00ebr t\u00eb gjith\u00eb qytetar\u00ebt e Ferizajt p\u00ebr k\u00ebt\u00eb projekt t\u00eb shum\u00ebpritur\u201d, ka shkruar Vitia.<\/p>\n<p>Megjithat\u00eb, k\u00ebto nuk jan\u00eb milionat e par\u00eb t\u00eb ndar\u00eb p\u00ebr k\u00ebt\u00eb projekt.<\/p>\n<p>KOHA pati raportuar m\u00eb 2021 se Ministria e Sh\u00ebndet\u00ebsis\u00eb pretendonte se kompania q\u00eb kishte kontrat\u00eb p\u00ebr nd\u00ebrtimin e objektit kishte b\u00ebr\u00eb abuzime milion\u00ebshe. Nga 2018-ta ishin kryer vet\u00ebm pun\u00ebt e vrazhda. M\u00eb pas kompania kishte k\u00ebrkuar rishqyrtim t\u00eb projektit e edhe miliona shtes\u00eb, por kjo s\u2019ishte miratuar nga MSH-ja. Ministria pati b\u00ebr\u00eb kall\u00ebzim penal ndaj kompanis\u00eb me pretendimin se ka kryer \u201cmashtrim n\u00eb prokurimin publik\u201d. Sipas pretendimit, kompania e kishte fituar kontrat\u00ebn duke vendosur \u00e7mime fillestare shum\u00eb m\u00eb t\u00eb larta se ato realet n\u00eb treg dhe pun\u00ebt finale n\u00ebn \u00e7mimin e tregut. Kompania, sipas MSH-s\u00eb, i ka marr\u00eb parat\u00eb nga pozicionet me \u00e7mime t\u00eb fryra, nd\u00ebrsa kur \u00ebsht\u00eb dashur t\u2019i kryente ato q\u00eb jan\u00eb n\u00ebn \u00e7mim t\u00eb tregut ka k\u00ebrkuar rishikim t\u00eb projektit e 5 milion\u00eb euro shtes\u00eb.<\/p>\n<p>Nd\u00ebrkaq n\u00eb fund t\u00eb janarit sivjet, ministri Vitia u intervistua nga Prokuroria Speciale p\u00ebr padin\u00eb q\u00eb operatori ekonomik ia kishte b\u00ebr\u00eb Ministris\u00eb. K\u00ebshilltari politik i Vitis\u00eb, Durim Elshani, pati th\u00ebn\u00eb se Prokuroria u vu n\u00eb l\u00ebvizje menj\u00ebher\u00eb pasi kontraktori e paditi MSH-n\u00eb, nd\u00ebrsa kujtoi se ka vite q\u00eb Ministria e ka paditur kontraktorin.<\/p>\n<p>Sipas dokumenteve t\u00eb siguruara at\u00eb koh\u00eb, vlera totale e projektit fillestar ishte 10.2 milion\u00eb euro dhe se asaj i ishin shtuar edhe 1 milion euro tjera p\u00ebr pun\u00eb shtes\u00eb. Kompania k\u00ebrkonte edhe 5 milion\u00eb p\u00ebr ta p\u00ebrfunduar projektin.<\/p>\n<p>E n\u00eb mars t\u00eb 2024-s, Ministria e Sh\u00ebndet\u00ebsis\u00eb pati kontraktuar nj\u00eb kompani p\u00ebr riprojektimin e spitalit. Ishte th\u00ebn\u00eb se punimet do t\u00eb vazhdonin pas p\u00ebrfundimit t\u00eb riprojektimit. Riprojektimi kushtoi 67 mij\u00eb euro.<\/p>\n<p>N\u00eb njoftimin p\u00ebr dh\u00ebnie t\u00eb kontrat\u00ebs s\u00eb re titulli i saj \u00ebsht\u00eb p\u00ebr \u201cnd\u00ebrtimin e objektit t\u00eb spitalit t\u00eb p\u00ebrgjithsh\u00ebm n\u00eb Ferizaj \u2013 vazhdim projekti\u201d. Projekti \u00ebsht\u00eb fituar nga nj\u00eb grup i operator\u00ebve ekonomik\u00eb. N\u00eb kontrat\u00eb \u00ebsht\u00eb b\u00ebr\u00eb e ditur se l\u00ebnda \u00ebsht\u00eb trajtuar edhe n\u00eb Organin Shqyrtues t\u00eb Prokurimit.\/Koha.net<\/p>\n","protected":false},"excerpt":{"rendered":"<p>Edhe 24 milion\u00eb euro do t\u00eb ndahen p\u00ebr t\u00eb nd\u00ebrtuar spitalin e Ferizajt, q\u00eb si projekt u nis qysh m\u00eb 2018. Pas kontratave, ankesave e edhe d\u00ebrgimit t\u00eb l\u00ebnd\u00ebve n\u00eb Prokurori, ministri i Sh\u00ebndet\u00ebsis\u00eb, Arben Vitia, ka njoftuar se e ka n\u00ebnshkruar kontrat\u00ebn p\u00ebr vazhdimin e punimeve. Sipas njoftimit t\u00eb tij, projekti do t\u00eb finalizohet [&hellip;]<\/p>\n","protected":false},"author":8,"featured_media":26723,"comment_status":"closed","ping_status":"closed","sticky":false,"template":"","format":"standard","meta":{"footnotes":""},"categories":[215,213],"tags":[],"class_list":["post-26722","post","type-post","status-publish","format-standard","has-post-thumbnail","hentry","category-kosove","category-lajme"],"yoast_head":"<!-- This site is optimized with the Yoast SEO plugin v25.1 - https:\/\/yoast.com\/wordpress\/plugins\/seo\/ -->\n<title>Edhe 24 milion\u00eb euro p\u00ebr \u201cspitalin e harruar\u201d t\u00eb Ferizajt - press7.tv<\/title>\n<meta name=\"robots\" content=\"index, follow, max-snippet:-1, max-image-preview:large, max-video-preview:-1\" \/>\n<link rel=\"canonical\" href=\"https:\/\/www.press7.tv\/?p=26722\" \/>\n<meta property=\"og:locale\" content=\"en_US\" \/>\n<meta property=\"og:type\" content=\"article\" \/>\n<meta property=\"og:title\" content=\"Edhe 24 milion\u00eb euro p\u00ebr \u201cspitalin e harruar\u201d t\u00eb Ferizajt - press7.tv\" \/>\n<meta property=\"og:description\" content=\"Edhe 24 milion\u00eb euro do t\u00eb ndahen p\u00ebr t\u00eb nd\u00ebrtuar spitalin e Ferizajt, q\u00eb si projekt u nis qysh m\u00eb 2018. Pas kontratave, ankesave e edhe d\u00ebrgimit t\u00eb l\u00ebnd\u00ebve n\u00eb Prokurori, ministri i Sh\u00ebndet\u00ebsis\u00eb, Arben Vitia, ka njoftuar se e ka n\u00ebnshkruar kontrat\u00ebn p\u00ebr vazhdimin e punimeve. Sipas njoftimit t\u00eb tij, projekti do t\u00eb finalizohet [&hellip;]\" \/>\n<meta property=\"og:url\" content=\"https:\/\/www.press7.tv\/?p=26722\" \/>\n<meta property=\"og:site_name\" content=\"press7.tv\" \/>\n<meta property=\"article:publisher\" content=\"https:\/\/www.facebook.com\/press7.tv\" \/>\n<meta property=\"article:published_time\" content=\"2026-03-17T11:23:39+00:00\" \/>\n<meta property=\"article:modified_time\" content=\"2026-03-17T19:41:43+00:00\" \/>\n<meta property=\"og:image\" content=\"https:\/\/www.press7.tv\/wp-content\/uploads\/2026\/03\/IMG_7921.avif\" \/>\n\t<meta property=\"og:image:width\" content=\"1101\" \/>\n\t<meta property=\"og:image:height\" content=\"712\" \/>\n\t<meta property=\"og:image:type\" content=\"image\/webp\" \/>\n<meta name=\"author\" content=\"gazetar2\" \/>\n<meta name=\"twitter:card\" content=\"summary_large_image\" \/>\n<meta name=\"twitter:label1\" content=\"Written by\" \/>\n\t<meta name=\"twitter:data1\" content=\"gazetar2\" \/>\n\t<meta name=\"twitter:label2\" content=\"Est. reading time\" \/>\n\t<meta name=\"twitter:data2\" content=\"3 minutes\" \/>\n<script type=\"application\/ld+json\" class=\"yoast-schema-graph\">{\"@context\":\"https:\/\/schema.org\",\"@graph\":[{\"@type\":\"Article\",\"@id\":\"https:\/\/www.press7.tv\/?p=26722#article\",\"isPartOf\":{\"@id\":\"https:\/\/www.press7.tv\/?p=26722\"},\"author\":{\"name\":\"gazetar2\",\"@id\":\"https:\/\/www.news33.tv\/#\/schema\/person\/5a04a38a23ccdba82f9bd665cd8f9efa\"},\"headline\":\"Edhe 24 milion\u00eb euro p\u00ebr \u201cspitalin e harruar\u201d t\u00eb Ferizajt\",\"datePublished\":\"2026-03-17T11:23:39+00:00\",\"dateModified\":\"2026-03-17T19:41:43+00:00\",\"mainEntityOfPage\":{\"@id\":\"https:\/\/www.press7.tv\/?p=26722\"},\"wordCount\":529,\"publisher\":{\"@id\":\"https:\/\/www.news33.tv\/#organization\"},\"image\":{\"@id\":\"https:\/\/www.press7.tv\/?p=26722#primaryimage\"},\"thumbnailUrl\":\"https:\/\/www.press7.tv\/wp-content\/uploads\/2026\/03\/IMG_7921.avif\",\"articleSection\":[\"Kosov\u00eb\",\"Lajme\"],\"inLanguage\":\"en-US\"},{\"@type\":\"WebPage\",\"@id\":\"https:\/\/www.press7.tv\/?p=26722\",\"url\":\"https:\/\/www.press7.tv\/?p=26722\",\"name\":\"Edhe 24 milion\u00eb euro p\u00ebr \u201cspitalin e harruar\u201d t\u00eb Ferizajt - press7.tv\",\"isPartOf\":{\"@id\":\"https:\/\/www.news33.tv\/#website\"},\"primaryImageOfPage\":{\"@id\":\"https:\/\/www.press7.tv\/?p=26722#primaryimage\"},\"image\":{\"@id\":\"https:\/\/www.press7.tv\/?p=26722#primaryimage\"},\"thumbnailUrl\":\"https:\/\/www.press7.tv\/wp-content\/uploads\/2026\/03\/IMG_7921.avif\",\"datePublished\":\"2026-03-17T11:23:39+00:00\",\"dateModified\":\"2026-03-17T19:41:43+00:00\",\"breadcrumb\":{\"@id\":\"https:\/\/www.press7.tv\/?p=26722#breadcrumb\"},\"inLanguage\":\"en-US\",\"potentialAction\":[{\"@type\":\"ReadAction\",\"target\":[\"https:\/\/www.press7.tv\/?p=26722\"]}]},{\"@type\":\"ImageObject\",\"inLanguage\":\"en-US\",\"@id\":\"https:\/\/www.press7.tv\/?p=26722#primaryimage\",\"url\":\"https:\/\/www.press7.tv\/wp-content\/uploads\/2026\/03\/IMG_7921.avif\",\"contentUrl\":\"https:\/\/www.press7.tv\/wp-content\/uploads\/2026\/03\/IMG_7921.avif\",\"width\":1101,\"height\":712},{\"@type\":\"BreadcrumbList\",\"@id\":\"https:\/\/www.press7.tv\/?p=26722#breadcrumb\",\"itemListElement\":[{\"@type\":\"ListItem\",\"position\":1,\"name\":\"Home\",\"item\":\"https:\/\/www.press7.tv\/\"},{\"@type\":\"ListItem\",\"position\":2,\"name\":\"Edhe 24 milion\u00eb euro p\u00ebr \u201cspitalin e harruar\u201d t\u00eb Ferizajt\"}]},{\"@type\":\"WebSite\",\"@id\":\"https:\/\/www.news33.tv\/#website\",\"url\":\"https:\/\/www.news33.tv\/\",\"name\":\"News33.tv Media\",\"description\":\"Media\",\"publisher\":{\"@id\":\"https:\/\/www.news33.tv\/#organization\"},\"potentialAction\":[{\"@type\":\"SearchAction\",\"target\":{\"@type\":\"EntryPoint\",\"urlTemplate\":\"https:\/\/www.news33.tv\/?s={search_term_string}\"},\"query-input\":{\"@type\":\"PropertyValueSpecification\",\"valueRequired\":true,\"valueName\":\"search_term_string\"}}],\"inLanguage\":\"en-US\"},{\"@type\":\"Organization\",\"@id\":\"https:\/\/www.news33.tv\/#organization\",\"name\":\"News33.tv Media\",\"url\":\"https:\/\/www.news33.tv\/\",\"logo\":{\"@type\":\"ImageObject\",\"inLanguage\":\"en-US\",\"@id\":\"https:\/\/www.news33.tv\/#\/schema\/logo\/image\/\",\"url\":\"https:\/\/www.press7.tv\/wp-content\/uploads\/2024\/02\/logo-news33-black.png\",\"contentUrl\":\"https:\/\/www.press7.tv\/wp-content\/uploads\/2024\/02\/logo-news33-black.png\",\"width\":180,\"height\":37,\"caption\":\"News33.tv Media\"},\"image\":{\"@id\":\"https:\/\/www.news33.tv\/#\/schema\/logo\/image\/\"},\"sameAs\":[\"https:\/\/www.facebook.com\/press7.tv\"]},{\"@type\":\"Person\",\"@id\":\"https:\/\/www.news33.tv\/#\/schema\/person\/5a04a38a23ccdba82f9bd665cd8f9efa\",\"name\":\"gazetar2\",\"image\":{\"@type\":\"ImageObject\",\"inLanguage\":\"en-US\",\"@id\":\"https:\/\/www.news33.tv\/#\/schema\/person\/image\/\",\"url\":\"https:\/\/www.press7.tv\/wp-content\/litespeed\/avatar\/41975e402c3049d9ddb03adca8f7a883.jpg?ver=1777169572\",\"contentUrl\":\"https:\/\/www.press7.tv\/wp-content\/litespeed\/avatar\/41975e402c3049d9ddb03adca8f7a883.jpg?ver=1777169572\",\"caption\":\"gazetar2\"},\"url\":\"https:\/\/www.press7.tv\/?author=8\"}]}<\/script>\n<!-- \/ Yoast SEO plugin. -->","yoast_head_json":{"title":"Edhe 24 milion\u00eb euro p\u00ebr \u201cspitalin e harruar\u201d t\u00eb Ferizajt - press7.tv","robots":{"index":"index","follow":"follow","max-snippet":"max-snippet:-1","max-image-preview":"max-image-preview:large","max-video-preview":"max-video-preview:-1"},"canonical":"https:\/\/www.press7.tv\/?p=26722","og_locale":"en_US","og_type":"article","og_title":"Edhe 24 milion\u00eb euro p\u00ebr \u201cspitalin e harruar\u201d t\u00eb Ferizajt - press7.tv","og_description":"Edhe 24 milion\u00eb euro do t\u00eb ndahen p\u00ebr t\u00eb nd\u00ebrtuar spitalin e Ferizajt, q\u00eb si projekt u nis qysh m\u00eb 2018. Pas kontratave, ankesave e edhe d\u00ebrgimit t\u00eb l\u00ebnd\u00ebve n\u00eb Prokurori, ministri i Sh\u00ebndet\u00ebsis\u00eb, Arben Vitia, ka njoftuar se e ka n\u00ebnshkruar kontrat\u00ebn p\u00ebr vazhdimin e punimeve. Sipas njoftimit t\u00eb tij, projekti do t\u00eb finalizohet [&hellip;]","og_url":"https:\/\/www.press7.tv\/?p=26722","og_site_name":"press7.tv","article_publisher":"https:\/\/www.facebook.com\/press7.tv","article_published_time":"2026-03-17T11:23:39+00:00","article_modified_time":"2026-03-17T19:41:43+00:00","og_image":[{"width":1101,"height":712,"url":"https:\/\/www.press7.tv\/wp-content\/uploads\/2026\/03\/IMG_7921.avif","type":"image\/webp"}],"author":"gazetar2","twitter_card":"summary_large_image","twitter_misc":{"Written by":"gazetar2","Est. reading time":"3 minutes"},"schema":{"@context":"https:\/\/schema.org","@graph":[{"@type":"Article","@id":"https:\/\/www.press7.tv\/?p=26722#article","isPartOf":{"@id":"https:\/\/www.press7.tv\/?p=26722"},"author":{"name":"gazetar2","@id":"https:\/\/www.news33.tv\/#\/schema\/person\/5a04a38a23ccdba82f9bd665cd8f9efa"},"headline":"Edhe 24 milion\u00eb euro p\u00ebr \u201cspitalin e harruar\u201d t\u00eb Ferizajt","datePublished":"2026-03-17T11:23:39+00:00","dateModified":"2026-03-17T19:41:43+00:00","mainEntityOfPage":{"@id":"https:\/\/www.press7.tv\/?p=26722"},"wordCount":529,"publisher":{"@id":"https:\/\/www.news33.tv\/#organization"},"image":{"@id":"https:\/\/www.press7.tv\/?p=26722#primaryimage"},"thumbnailUrl":"https:\/\/www.press7.tv\/wp-content\/uploads\/2026\/03\/IMG_7921.avif","articleSection":["Kosov\u00eb","Lajme"],"inLanguage":"en-US"},{"@type":"WebPage","@id":"https:\/\/www.press7.tv\/?p=26722","url":"https:\/\/www.press7.tv\/?p=26722","name":"Edhe 24 milion\u00eb euro p\u00ebr \u201cspitalin e harruar\u201d t\u00eb Ferizajt - press7.tv","isPartOf":{"@id":"https:\/\/www.news33.tv\/#website"},"primaryImageOfPage":{"@id":"https:\/\/www.press7.tv\/?p=26722#primaryimage"},"image":{"@id":"https:\/\/www.press7.tv\/?p=26722#primaryimage"},"thumbnailUrl":"https:\/\/www.press7.tv\/wp-content\/uploads\/2026\/03\/IMG_7921.avif","datePublished":"2026-03-17T11:23:39+00:00","dateModified":"2026-03-17T19:41:43+00:00","breadcrumb":{"@id":"https:\/\/www.press7.tv\/?p=26722#breadcrumb"},"inLanguage":"en-US","potentialAction":[{"@type":"ReadAction","target":["https:\/\/www.press7.tv\/?p=26722"]}]},{"@type":"ImageObject","inLanguage":"en-US","@id":"https:\/\/www.press7.tv\/?p=26722#primaryimage","url":"https:\/\/www.press7.tv\/wp-content\/uploads\/2026\/03\/IMG_7921.avif","contentUrl":"https:\/\/www.press7.tv\/wp-content\/uploads\/2026\/03\/IMG_7921.avif","width":1101,"height":712},{"@type":"BreadcrumbList","@id":"https:\/\/www.press7.tv\/?p=26722#breadcrumb","itemListElement":[{"@type":"ListItem","position":1,"name":"Home","item":"https:\/\/www.press7.tv\/"},{"@type":"ListItem","position":2,"name":"Edhe 24 milion\u00eb euro p\u00ebr \u201cspitalin e harruar\u201d t\u00eb Ferizajt"}]},{"@type":"WebSite","@id":"https:\/\/www.news33.tv\/#website","url":"https:\/\/www.news33.tv\/","name":"News33.tv Media","description":"Media","publisher":{"@id":"https:\/\/www.news33.tv\/#organization"},"potentialAction":[{"@type":"SearchAction","target":{"@type":"EntryPoint","urlTemplate":"https:\/\/www.news33.tv\/?s={search_term_string}"},"query-input":{"@type":"PropertyValueSpecification","valueRequired":true,"valueName":"search_term_string"}}],"inLanguage":"en-US"},{"@type":"Organization","@id":"https:\/\/www.news33.tv\/#organization","name":"News33.tv Media","url":"https:\/\/www.news33.tv\/","logo":{"@type":"ImageObject","inLanguage":"en-US","@id":"https:\/\/www.news33.tv\/#\/schema\/logo\/image\/","url":"https:\/\/www.press7.tv\/wp-content\/uploads\/2024\/02\/logo-news33-black.png","contentUrl":"https:\/\/www.press7.tv\/wp-content\/uploads\/2024\/02\/logo-news33-black.png","width":180,"height":37,"caption":"News33.tv Media"},"image":{"@id":"https:\/\/www.news33.tv\/#\/schema\/logo\/image\/"},"sameAs":["https:\/\/www.facebook.com\/press7.tv"]},{"@type":"Person","@id":"https:\/\/www.news33.tv\/#\/schema\/person\/5a04a38a23ccdba82f9bd665cd8f9efa","name":"gazetar2","image":{"@type":"ImageObject","inLanguage":"en-US","@id":"https:\/\/www.news33.tv\/#\/schema\/person\/image\/","url":"https:\/\/www.press7.tv\/wp-content\/litespeed\/avatar\/41975e402c3049d9ddb03adca8f7a883.jpg?ver=1777169572","contentUrl":"https:\/\/www.press7.tv\/wp-content\/litespeed\/avatar\/41975e402c3049d9ddb03adca8f7a883.jpg?ver=1777169572","caption":"gazetar2"},"url":"https:\/\/www.press7.tv\/?author=8"}]}},"amp_enabled":true,"_links":{"self":[{"href":"https:\/\/www.press7.tv\/index.php?rest_route=\/wp\/v2\/posts\/26722","targetHints":{"allow":["GET"]}}],"collection":[{"href":"https:\/\/www.press7.tv\/index.php?rest_route=\/wp\/v2\/posts"}],"about":[{"href":"https:\/\/www.press7.tv\/index.php?rest_route=\/wp\/v2\/types\/post"}],"author":[{"embeddable":true,"href":"https:\/\/www.press7.tv\/index.php?rest_route=\/wp\/v2\/users\/8"}],"replies":[{"embeddable":true,"href":"https:\/\/www.press7.tv\/index.php?rest_route=%2Fwp%2Fv2%2Fcomments&post=26722"}],"version-history":[{"count":1,"href":"https:\/\/www.press7.tv\/index.php?rest_route=\/wp\/v2\/posts\/26722\/revisions"}],"predecessor-version":[{"id":26724,"href":"https:\/\/www.press7.tv\/index.php?rest_route=\/wp\/v2\/posts\/26722\/revisions\/26724"}],"wp:featuredmedia":[{"embeddable":true,"href":"https:\/\/www.press7.tv\/index.php?rest_route=\/wp\/v2\/media\/26723"}],"wp:attachment":[{"href":"https:\/\/www.press7.tv\/index.php?rest_route=%2Fwp%2Fv2%2Fmedia&parent=26722"}],"wp:term":[{"taxonomy":"category","embeddable":true,"href":"https:\/\/www.press7.tv\/index.php?rest_route=%2Fwp%2Fv2%2Fcategories&post=26722"},{"taxonomy":"post_tag","embeddable":true,"href":"https:\/\/www.press7.tv\/index.php?rest_route=%2Fwp%2Fv2%2Ftags&post=26722"}],"curies":[{"name":"wp","href":"https:\/\/api.w.org\/{rel}","templated":true}]}}