{"id":26719,"date":"2026-03-17T10:11:44","date_gmt":"2026-03-17T10:11:44","guid":{"rendered":"https:\/\/www.press7.tv\/?p=26719"},"modified":"2026-03-17T10:11:44","modified_gmt":"2026-03-17T10:11:44","slug":"donika-gervalla-kritika-ndaj-edi-rames-per-editorialin-e-perbashket-me-aleksandar-vuciqin-ne-frankfurter-allgemeine-zeitung","status":"publish","type":"post","link":"https:\/\/www.press7.tv\/?p=26719","title":{"rendered":"Donika G\u00ebrvalla kritika ndaj Edi Ram\u00ebs p\u00ebr editorialin e p\u00ebrbashk\u00ebt me Aleksandar Vu\u00e7iqin n\u00eb \u201cFrankfurter Allgemeine Zeitung\u201d"},"content":{"rendered":"\n    <div class=\"xs_social_share_widget xs_share_url before_content \t\tmain_content  wslu-style-2 wslu-share-box-shaped wslu-fill-colored wslu-share-m-5 wslu-none wslu-share-vertical wslu-theme-font-no wslu-main_content\">\n\n\t\t\n        <ul>\n\t\t\t        <\/ul>\n    <\/div> \n<p>Z\u00ebvend\u00ebskryeministrja dhe ministrja e Drejt\u00ebsis\u00eb, Donika G\u00ebrvalla, ka kritikuar kryeministrin e Shqip\u00ebris\u00eb, Edi Rama, lidhur me nj\u00eb editorial t\u00eb p\u00ebrbashk\u00ebt q\u00eb ai ka publikuar me presidentin e Serbis\u00eb, Aleksandar Vu\u00e7iq, n\u00eb gazet\u00ebn gjermane Frankfurter Allgemeine Zeitung.<\/p>\n<p>Ajo tha se krijohet p\u00ebrshtypja se sa her\u00eb q\u00eb Vu\u00e7iq gjendet n\u00ebn presion nga Bashkimi Evropian, Rama del n\u00eb mb\u00ebshtetje t\u00eb tij.<\/p>\n<p>\u201cNga ana e kryeministrit Rama, i cili i tejkalon edhe ato kur kemi mbyllur nj\u00ebrin sy n\u00eb t\u00eb kaluar\u00ebn, \u00ebsht\u00eb artikulli i fundi i publikuar s\u00eb bashku me Vu\u00e7iqin n\u00eb gazet\u00ebn prestigjioze gjermane. Un\u00eb mendoj q\u00eb qytetar\u00ebt e Kosov\u00ebs nuk kan\u00eb p\u00ebr t\u2019ia falur at\u00eb artikull kryeministri Rama. Sepse krijohet p\u00ebrshtypja her\u00eb pas her\u00eb q\u00eb gjithmon\u00eb at\u00ebher\u00eb kur Vu\u00e7iqin BE-ja, Evropa e mb\u00ebshtet\u00eb me shpatulla p\u00ebr muri, del Edi Rama dhe e nxjerr\u00eb nga ajo situat\u00eb. Nuk duhet t\u00eb ket\u00eb p\u00ebr Shqip\u00ebrin\u00eb alternativa me Serbin\u00eb q\u00eb nuk kalojn\u00eb n\u00ebp\u00ebr Kosov\u00eb. Rruga nga Tirana n\u00ebp\u00ebr Beograd qon n\u00ebp\u00ebr Prishtin\u00eb, edhe gjeografikisht, edhe ekonomikisht edhe n\u00eb \u00e7do aspekt. K\u00ebshtu, secili kryeminist\u00ebr apo president shqiptar q\u00eb e harron k\u00ebt\u00eb ta dini q\u00eb afatgjat\u00eb ka p\u00ebr t\u00eb b\u00ebr\u00eb gabime t\u00eb m\u00ebdha q\u00eb kan\u00eb p\u00ebr ta d\u00ebmtuar kombin ton\u00eb m\u00eb shum\u00eb\u201d, tha ajo.<\/p>\n<p>Kjo deklarat\u00ebs e G\u00ebrvall\u00ebs vjen pas nj\u00eb editoriali t\u00eb p\u00ebrbashk\u00ebt t\u00eb kryeministrit shqiptar Edi Rama dhe presidentit serb Aleksandar Vu\u00e7iq t\u00eb publikuar n\u00eb gazet\u00ebn gjermane Frankfurter Allgemeine Zeitung.<\/p>\n<p>N\u00eb k\u00ebt\u00eb editorial, Rama dhe Vu\u00e7iq propozojn\u00eb q\u00eb Shqip\u00ebria dhe Serbia t\u00eb mund t\u00eb b\u00ebhen pjes\u00eb e Bashkimit Evropian edhe pa t\u00eb drejta vetoje, pa komisioner\u00eb shtes\u00eb dhe pa ndryshime n\u00eb strukturat vendimmarr\u00ebse t\u00eb unionit.<\/p>\n","protected":false},"excerpt":{"rendered":"<p>Z\u00ebvend\u00ebskryeministrja dhe ministrja e Drejt\u00ebsis\u00eb, Donika G\u00ebrvalla, ka kritikuar kryeministrin e Shqip\u00ebris\u00eb, Edi Rama, lidhur me nj\u00eb editorial t\u00eb p\u00ebrbashk\u00ebt q\u00eb ai ka publikuar me presidentin e Serbis\u00eb, Aleksandar Vu\u00e7iq, n\u00eb gazet\u00ebn gjermane Frankfurter Allgemeine Zeitung. Ajo tha se krijohet p\u00ebrshtypja se sa her\u00eb q\u00eb Vu\u00e7iq gjendet n\u00ebn presion nga Bashkimi Evropian, Rama del n\u00eb [&hellip;]<\/p>\n","protected":false},"author":8,"featured_media":26720,"comment_status":"closed","ping_status":"closed","sticky":false,"template":"","format":"standard","meta":{"footnotes":""},"categories":[215,213],"tags":[],"class_list":["post-26719","post","type-post","status-publish","format-standard","has-post-thumbnail","hentry","category-kosove","category-lajme"],"yoast_head":"<!-- This site is optimized with the Yoast SEO plugin v25.1 - https:\/\/yoast.com\/wordpress\/plugins\/seo\/ -->\n<title>Donika G\u00ebrvalla kritika ndaj Edi Ram\u00ebs p\u00ebr editorialin e p\u00ebrbashk\u00ebt me Aleksandar Vu\u00e7iqin n\u00eb \u201cFrankfurter Allgemeine Zeitung\u201d - press7.tv<\/title>\n<meta name=\"robots\" content=\"index, follow, max-snippet:-1, max-image-preview:large, max-video-preview:-1\" \/>\n<link rel=\"canonical\" href=\"https:\/\/www.press7.tv\/?p=26719\" \/>\n<meta property=\"og:locale\" content=\"en_US\" \/>\n<meta property=\"og:type\" content=\"article\" \/>\n<meta property=\"og:title\" content=\"Donika G\u00ebrvalla kritika ndaj Edi Ram\u00ebs p\u00ebr editorialin e p\u00ebrbashk\u00ebt me Aleksandar Vu\u00e7iqin n\u00eb \u201cFrankfurter Allgemeine Zeitung\u201d - press7.tv\" \/>\n<meta property=\"og:description\" content=\"Z\u00ebvend\u00ebskryeministrja dhe ministrja e Drejt\u00ebsis\u00eb, Donika G\u00ebrvalla, ka kritikuar kryeministrin e Shqip\u00ebris\u00eb, Edi Rama, lidhur me nj\u00eb editorial t\u00eb p\u00ebrbashk\u00ebt q\u00eb ai ka publikuar me presidentin e Serbis\u00eb, Aleksandar Vu\u00e7iq, n\u00eb gazet\u00ebn gjermane Frankfurter Allgemeine Zeitung. Ajo tha se krijohet p\u00ebrshtypja se sa her\u00eb q\u00eb Vu\u00e7iq gjendet n\u00ebn presion nga Bashkimi Evropian, Rama del n\u00eb [&hellip;]\" \/>\n<meta property=\"og:url\" content=\"https:\/\/www.press7.tv\/?p=26719\" \/>\n<meta property=\"og:site_name\" content=\"press7.tv\" \/>\n<meta property=\"article:publisher\" content=\"https:\/\/www.facebook.com\/press7.tv\" \/>\n<meta property=\"article:published_time\" content=\"2026-03-17T10:11:44+00:00\" \/>\n<meta property=\"og:image\" content=\"https:\/\/www.press7.tv\/wp-content\/uploads\/2026\/03\/IMG_7918.avif\" \/>\n\t<meta property=\"og:image:width\" content=\"899\" \/>\n\t<meta property=\"og:image:height\" content=\"500\" \/>\n\t<meta property=\"og:image:type\" content=\"image\/jpeg\" \/>\n<meta name=\"author\" content=\"gazetar2\" \/>\n<meta name=\"twitter:card\" content=\"summary_large_image\" \/>\n<meta name=\"twitter:label1\" content=\"Written by\" \/>\n\t<meta name=\"twitter:data1\" content=\"gazetar2\" \/>\n\t<meta name=\"twitter:label2\" content=\"Est. reading time\" \/>\n\t<meta name=\"twitter:data2\" content=\"1 minute\" \/>\n<script type=\"application\/ld+json\" class=\"yoast-schema-graph\">{\"@context\":\"https:\/\/schema.org\",\"@graph\":[{\"@type\":\"Article\",\"@id\":\"https:\/\/www.press7.tv\/?p=26719#article\",\"isPartOf\":{\"@id\":\"https:\/\/www.press7.tv\/?p=26719\"},\"author\":{\"name\":\"gazetar2\",\"@id\":\"https:\/\/www.news33.tv\/#\/schema\/person\/5a04a38a23ccdba82f9bd665cd8f9efa\"},\"headline\":\"Donika G\u00ebrvalla kritika ndaj Edi Ram\u00ebs p\u00ebr editorialin e p\u00ebrbashk\u00ebt me Aleksandar Vu\u00e7iqin n\u00eb \u201cFrankfurter Allgemeine Zeitung\u201d\",\"datePublished\":\"2026-03-17T10:11:44+00:00\",\"mainEntityOfPage\":{\"@id\":\"https:\/\/www.press7.tv\/?p=26719\"},\"wordCount\":336,\"publisher\":{\"@id\":\"https:\/\/www.news33.tv\/#organization\"},\"image\":{\"@id\":\"https:\/\/www.press7.tv\/?p=26719#primaryimage\"},\"thumbnailUrl\":\"https:\/\/www.press7.tv\/wp-content\/uploads\/2026\/03\/IMG_7918.avif\",\"articleSection\":[\"Kosov\u00eb\",\"Lajme\"],\"inLanguage\":\"en-US\"},{\"@type\":\"WebPage\",\"@id\":\"https:\/\/www.press7.tv\/?p=26719\",\"url\":\"https:\/\/www.press7.tv\/?p=26719\",\"name\":\"Donika G\u00ebrvalla kritika ndaj Edi Ram\u00ebs p\u00ebr editorialin e p\u00ebrbashk\u00ebt me Aleksandar Vu\u00e7iqin n\u00eb \u201cFrankfurter Allgemeine Zeitung\u201d - press7.tv\",\"isPartOf\":{\"@id\":\"https:\/\/www.news33.tv\/#website\"},\"primaryImageOfPage\":{\"@id\":\"https:\/\/www.press7.tv\/?p=26719#primaryimage\"},\"image\":{\"@id\":\"https:\/\/www.press7.tv\/?p=26719#primaryimage\"},\"thumbnailUrl\":\"https:\/\/www.press7.tv\/wp-content\/uploads\/2026\/03\/IMG_7918.avif\",\"datePublished\":\"2026-03-17T10:11:44+00:00\",\"breadcrumb\":{\"@id\":\"https:\/\/www.press7.tv\/?p=26719#breadcrumb\"},\"inLanguage\":\"en-US\",\"potentialAction\":[{\"@type\":\"ReadAction\",\"target\":[\"https:\/\/www.press7.tv\/?p=26719\"]}]},{\"@type\":\"ImageObject\",\"inLanguage\":\"en-US\",\"@id\":\"https:\/\/www.press7.tv\/?p=26719#primaryimage\",\"url\":\"https:\/\/www.press7.tv\/wp-content\/uploads\/2026\/03\/IMG_7918.avif\",\"contentUrl\":\"https:\/\/www.press7.tv\/wp-content\/uploads\/2026\/03\/IMG_7918.avif\",\"width\":899,\"height\":500},{\"@type\":\"BreadcrumbList\",\"@id\":\"https:\/\/www.press7.tv\/?p=26719#breadcrumb\",\"itemListElement\":[{\"@type\":\"ListItem\",\"position\":1,\"name\":\"Home\",\"item\":\"https:\/\/www.press7.tv\/\"},{\"@type\":\"ListItem\",\"position\":2,\"name\":\"Donika G\u00ebrvalla kritika ndaj Edi Ram\u00ebs p\u00ebr editorialin e p\u00ebrbashk\u00ebt me Aleksandar Vu\u00e7iqin n\u00eb \u201cFrankfurter Allgemeine Zeitung\u201d\"}]},{\"@type\":\"WebSite\",\"@id\":\"https:\/\/www.news33.tv\/#website\",\"url\":\"https:\/\/www.news33.tv\/\",\"name\":\"News33.tv Media\",\"description\":\"Media\",\"publisher\":{\"@id\":\"https:\/\/www.news33.tv\/#organization\"},\"potentialAction\":[{\"@type\":\"SearchAction\",\"target\":{\"@type\":\"EntryPoint\",\"urlTemplate\":\"https:\/\/www.news33.tv\/?s={search_term_string}\"},\"query-input\":{\"@type\":\"PropertyValueSpecification\",\"valueRequired\":true,\"valueName\":\"search_term_string\"}}],\"inLanguage\":\"en-US\"},{\"@type\":\"Organization\",\"@id\":\"https:\/\/www.news33.tv\/#organization\",\"name\":\"News33.tv Media\",\"url\":\"https:\/\/www.news33.tv\/\",\"logo\":{\"@type\":\"ImageObject\",\"inLanguage\":\"en-US\",\"@id\":\"https:\/\/www.news33.tv\/#\/schema\/logo\/image\/\",\"url\":\"https:\/\/www.press7.tv\/wp-content\/uploads\/2024\/02\/logo-news33-black.png\",\"contentUrl\":\"https:\/\/www.press7.tv\/wp-content\/uploads\/2024\/02\/logo-news33-black.png\",\"width\":180,\"height\":37,\"caption\":\"News33.tv Media\"},\"image\":{\"@id\":\"https:\/\/www.news33.tv\/#\/schema\/logo\/image\/\"},\"sameAs\":[\"https:\/\/www.facebook.com\/press7.tv\"]},{\"@type\":\"Person\",\"@id\":\"https:\/\/www.news33.tv\/#\/schema\/person\/5a04a38a23ccdba82f9bd665cd8f9efa\",\"name\":\"gazetar2\",\"image\":{\"@type\":\"ImageObject\",\"inLanguage\":\"en-US\",\"@id\":\"https:\/\/www.news33.tv\/#\/schema\/person\/image\/\",\"url\":\"https:\/\/www.press7.tv\/wp-content\/litespeed\/avatar\/41975e402c3049d9ddb03adca8f7a883.jpg?ver=1777169572\",\"contentUrl\":\"https:\/\/www.press7.tv\/wp-content\/litespeed\/avatar\/41975e402c3049d9ddb03adca8f7a883.jpg?ver=1777169572\",\"caption\":\"gazetar2\"},\"url\":\"https:\/\/www.press7.tv\/?author=8\"}]}<\/script>\n<!-- \/ Yoast SEO plugin. -->","yoast_head_json":{"title":"Donika G\u00ebrvalla kritika ndaj Edi Ram\u00ebs p\u00ebr editorialin e p\u00ebrbashk\u00ebt me Aleksandar Vu\u00e7iqin n\u00eb \u201cFrankfurter Allgemeine Zeitung\u201d - press7.tv","robots":{"index":"index","follow":"follow","max-snippet":"max-snippet:-1","max-image-preview":"max-image-preview:large","max-video-preview":"max-video-preview:-1"},"canonical":"https:\/\/www.press7.tv\/?p=26719","og_locale":"en_US","og_type":"article","og_title":"Donika G\u00ebrvalla kritika ndaj Edi Ram\u00ebs p\u00ebr editorialin e p\u00ebrbashk\u00ebt me Aleksandar Vu\u00e7iqin n\u00eb \u201cFrankfurter Allgemeine Zeitung\u201d - press7.tv","og_description":"Z\u00ebvend\u00ebskryeministrja dhe ministrja e Drejt\u00ebsis\u00eb, Donika G\u00ebrvalla, ka kritikuar kryeministrin e Shqip\u00ebris\u00eb, Edi Rama, lidhur me nj\u00eb editorial t\u00eb p\u00ebrbashk\u00ebt q\u00eb ai ka publikuar me presidentin e Serbis\u00eb, Aleksandar Vu\u00e7iq, n\u00eb gazet\u00ebn gjermane Frankfurter Allgemeine Zeitung. Ajo tha se krijohet p\u00ebrshtypja se sa her\u00eb q\u00eb Vu\u00e7iq gjendet n\u00ebn presion nga Bashkimi Evropian, Rama del n\u00eb [&hellip;]","og_url":"https:\/\/www.press7.tv\/?p=26719","og_site_name":"press7.tv","article_publisher":"https:\/\/www.facebook.com\/press7.tv","article_published_time":"2026-03-17T10:11:44+00:00","og_image":[{"width":899,"height":500,"url":"https:\/\/www.press7.tv\/wp-content\/uploads\/2026\/03\/IMG_7918.avif","type":"image\/jpeg"}],"author":"gazetar2","twitter_card":"summary_large_image","twitter_misc":{"Written by":"gazetar2","Est. reading time":"1 minute"},"schema":{"@context":"https:\/\/schema.org","@graph":[{"@type":"Article","@id":"https:\/\/www.press7.tv\/?p=26719#article","isPartOf":{"@id":"https:\/\/www.press7.tv\/?p=26719"},"author":{"name":"gazetar2","@id":"https:\/\/www.news33.tv\/#\/schema\/person\/5a04a38a23ccdba82f9bd665cd8f9efa"},"headline":"Donika G\u00ebrvalla kritika ndaj Edi Ram\u00ebs p\u00ebr editorialin e p\u00ebrbashk\u00ebt me Aleksandar Vu\u00e7iqin n\u00eb \u201cFrankfurter Allgemeine Zeitung\u201d","datePublished":"2026-03-17T10:11:44+00:00","mainEntityOfPage":{"@id":"https:\/\/www.press7.tv\/?p=26719"},"wordCount":336,"publisher":{"@id":"https:\/\/www.news33.tv\/#organization"},"image":{"@id":"https:\/\/www.press7.tv\/?p=26719#primaryimage"},"thumbnailUrl":"https:\/\/www.press7.tv\/wp-content\/uploads\/2026\/03\/IMG_7918.avif","articleSection":["Kosov\u00eb","Lajme"],"inLanguage":"en-US"},{"@type":"WebPage","@id":"https:\/\/www.press7.tv\/?p=26719","url":"https:\/\/www.press7.tv\/?p=26719","name":"Donika G\u00ebrvalla kritika ndaj Edi Ram\u00ebs p\u00ebr editorialin e p\u00ebrbashk\u00ebt me Aleksandar Vu\u00e7iqin n\u00eb \u201cFrankfurter Allgemeine Zeitung\u201d - press7.tv","isPartOf":{"@id":"https:\/\/www.news33.tv\/#website"},"primaryImageOfPage":{"@id":"https:\/\/www.press7.tv\/?p=26719#primaryimage"},"image":{"@id":"https:\/\/www.press7.tv\/?p=26719#primaryimage"},"thumbnailUrl":"https:\/\/www.press7.tv\/wp-content\/uploads\/2026\/03\/IMG_7918.avif","datePublished":"2026-03-17T10:11:44+00:00","breadcrumb":{"@id":"https:\/\/www.press7.tv\/?p=26719#breadcrumb"},"inLanguage":"en-US","potentialAction":[{"@type":"ReadAction","target":["https:\/\/www.press7.tv\/?p=26719"]}]},{"@type":"ImageObject","inLanguage":"en-US","@id":"https:\/\/www.press7.tv\/?p=26719#primaryimage","url":"https:\/\/www.press7.tv\/wp-content\/uploads\/2026\/03\/IMG_7918.avif","contentUrl":"https:\/\/www.press7.tv\/wp-content\/uploads\/2026\/03\/IMG_7918.avif","width":899,"height":500},{"@type":"BreadcrumbList","@id":"https:\/\/www.press7.tv\/?p=26719#breadcrumb","itemListElement":[{"@type":"ListItem","position":1,"name":"Home","item":"https:\/\/www.press7.tv\/"},{"@type":"ListItem","position":2,"name":"Donika G\u00ebrvalla kritika ndaj Edi Ram\u00ebs p\u00ebr editorialin e p\u00ebrbashk\u00ebt me Aleksandar Vu\u00e7iqin n\u00eb \u201cFrankfurter Allgemeine Zeitung\u201d"}]},{"@type":"WebSite","@id":"https:\/\/www.news33.tv\/#website","url":"https:\/\/www.news33.tv\/","name":"News33.tv Media","description":"Media","publisher":{"@id":"https:\/\/www.news33.tv\/#organization"},"potentialAction":[{"@type":"SearchAction","target":{"@type":"EntryPoint","urlTemplate":"https:\/\/www.news33.tv\/?s={search_term_string}"},"query-input":{"@type":"PropertyValueSpecification","valueRequired":true,"valueName":"search_term_string"}}],"inLanguage":"en-US"},{"@type":"Organization","@id":"https:\/\/www.news33.tv\/#organization","name":"News33.tv Media","url":"https:\/\/www.news33.tv\/","logo":{"@type":"ImageObject","inLanguage":"en-US","@id":"https:\/\/www.news33.tv\/#\/schema\/logo\/image\/","url":"https:\/\/www.press7.tv\/wp-content\/uploads\/2024\/02\/logo-news33-black.png","contentUrl":"https:\/\/www.press7.tv\/wp-content\/uploads\/2024\/02\/logo-news33-black.png","width":180,"height":37,"caption":"News33.tv Media"},"image":{"@id":"https:\/\/www.news33.tv\/#\/schema\/logo\/image\/"},"sameAs":["https:\/\/www.facebook.com\/press7.tv"]},{"@type":"Person","@id":"https:\/\/www.news33.tv\/#\/schema\/person\/5a04a38a23ccdba82f9bd665cd8f9efa","name":"gazetar2","image":{"@type":"ImageObject","inLanguage":"en-US","@id":"https:\/\/www.news33.tv\/#\/schema\/person\/image\/","url":"https:\/\/www.press7.tv\/wp-content\/litespeed\/avatar\/41975e402c3049d9ddb03adca8f7a883.jpg?ver=1777169572","contentUrl":"https:\/\/www.press7.tv\/wp-content\/litespeed\/avatar\/41975e402c3049d9ddb03adca8f7a883.jpg?ver=1777169572","caption":"gazetar2"},"url":"https:\/\/www.press7.tv\/?author=8"}]}},"amp_enabled":true,"_links":{"self":[{"href":"https:\/\/www.press7.tv\/index.php?rest_route=\/wp\/v2\/posts\/26719","targetHints":{"allow":["GET"]}}],"collection":[{"href":"https:\/\/www.press7.tv\/index.php?rest_route=\/wp\/v2\/posts"}],"about":[{"href":"https:\/\/www.press7.tv\/index.php?rest_route=\/wp\/v2\/types\/post"}],"author":[{"embeddable":true,"href":"https:\/\/www.press7.tv\/index.php?rest_route=\/wp\/v2\/users\/8"}],"replies":[{"embeddable":true,"href":"https:\/\/www.press7.tv\/index.php?rest_route=%2Fwp%2Fv2%2Fcomments&post=26719"}],"version-history":[{"count":1,"href":"https:\/\/www.press7.tv\/index.php?rest_route=\/wp\/v2\/posts\/26719\/revisions"}],"predecessor-version":[{"id":26721,"href":"https:\/\/www.press7.tv\/index.php?rest_route=\/wp\/v2\/posts\/26719\/revisions\/26721"}],"wp:featuredmedia":[{"embeddable":true,"href":"https:\/\/www.press7.tv\/index.php?rest_route=\/wp\/v2\/media\/26720"}],"wp:attachment":[{"href":"https:\/\/www.press7.tv\/index.php?rest_route=%2Fwp%2Fv2%2Fmedia&parent=26719"}],"wp:term":[{"taxonomy":"category","embeddable":true,"href":"https:\/\/www.press7.tv\/index.php?rest_route=%2Fwp%2Fv2%2Fcategories&post=26719"},{"taxonomy":"post_tag","embeddable":true,"href":"https:\/\/www.press7.tv\/index.php?rest_route=%2Fwp%2Fv2%2Ftags&post=26719"}],"curies":[{"name":"wp","href":"https:\/\/api.w.org\/{rel}","templated":true}]}}