{"id":26709,"date":"2026-03-16T16:43:40","date_gmt":"2026-03-16T16:43:40","guid":{"rendered":"https:\/\/www.press7.tv\/?p=26709"},"modified":"2026-03-16T16:43:40","modified_gmt":"2026-03-16T16:43:40","slug":"rama-skam-nderhyre-kurre-ne-punet-e-kosoves-tentativat-e-tyre-ne-shqiperi-ishin-qesharake","status":"publish","type":"post","link":"https:\/\/www.press7.tv\/?p=26709","title":{"rendered":"Rama: S\u2019kam nd\u00ebrhyr\u00eb kurr\u00eb n\u00eb pun\u00ebt e Kosov\u00ebs, tentativat e tyre n\u00eb Shqip\u00ebri ishin qesharake"},"content":{"rendered":"\n    <div class=\"xs_social_share_widget xs_share_url before_content \t\tmain_content  wslu-style-2 wslu-share-box-shaped wslu-fill-colored wslu-share-m-5 wslu-none wslu-share-vertical wslu-theme-font-no wslu-main_content\">\n\n\t\t\n        <ul>\n\t\t\t        <\/ul>\n    <\/div> \n<p>Kryeministri i Shqip\u00ebris\u00eb, Edi Rama, deklaroi n\u00eb podkastin e tij se nuk ka pasur kurr\u00eb rol nd\u00ebrhyr\u00ebs n\u00eb politik\u00ebn e Kosov\u00ebs dhe ironizoi p\u00ebrpjekjet e politikan\u00ebve kosovar\u00eb p\u00ebr t\u00eb ndikuar n\u00eb Shqip\u00ebri, t\u00eb cilat i quajti \u201cqesharake\u201d.<\/p>\n<p>Ai theksoi gjithashtu r\u00ebnd\u00ebsin\u00eb e q\u00ebndrimeve t\u00eb drejta dhe autentike n\u00eb \u00e7\u00ebshtjet komb\u00ebtare.<\/p>\n<p>\u201cUn\u00eb s\u2019kam fare pozicion atje n\u00eb Kosov\u00eb. Un\u00eb s\u2019kam dashur kurr\u00eb t\u00eb nd\u00ebrhyj n\u00eb pun\u00ebt e tyre. M\u00eb \u00ebsht\u00eb dukur qesharake kur kan\u00eb tentuar t\u00eb nd\u00ebrhyjn\u00eb k\u00ebtu\u201d, tha Rama, duke shtuar se sipas tij, k\u00ebto tentativa kan\u00eb pushuar pasi pal\u00ebt \u201ce mor\u00ebn m\u00ebsimin\u201d, tha Rama.<\/p>\n<p>Gjat\u00eb bised\u00ebs me profesor Arjan Gjon\u00e7aj, kreu i qeveris\u00eb shqiptare theksoi se p\u00ebrtej raporteve politike, primare mbetet nevoja p\u00ebr t\u00eb qen\u00eb t\u00eb drejt\u00eb dhe autentik\u00eb n\u00eb q\u00ebndrimet komb\u00ebtare.<\/p>\n<p>N\u00eb k\u00ebt\u00eb podcast, Rama foli edhe p\u00ebr mb\u00ebshtetjen financiare p\u00ebr ish-krer\u00ebt e U\u00c7K-s\u00eb n\u00eb Hag\u00eb.<\/p>\n<p>Gjat\u00eb bised\u00ebs, profesori Gjon\u00e7aj shprehu habin\u00eb p\u00ebr at\u00eb q\u00eb e cil\u00ebsoi si munges\u00eb t\u00eb p\u00ebrkrahjes financiare nga institucionet e Kosov\u00ebs p\u00ebr specialist\u00ebt dhe ekspert\u00ebt q\u00eb nevojiten n\u00eb mbrojtjen e t\u00eb akuzuarve.<\/p>\n<p>Rama tha se kishte biseduar p\u00ebr k\u00ebt\u00eb \u00e7\u00ebshtje me njer\u00ebz t\u00eb ndrysh\u00ebm, por nuk e kishte trajtuar drejtp\u00ebrdrejt me kryeministrin e Kosov\u00ebs, Albin Kurti, duke shtuar se ka pasur frik\u00eb q\u00eb po ua r\u00ebndon pozicionin.<\/p>\n<p>\u201cUn\u00eb nuk e kam diskutuar k\u00ebt\u00eb gj\u00eb nga af\u00ebr me kryeministrin, me Albinin, por un\u00eb besoj q\u00eb kjo nuk \u00ebsht\u00eb, n\u00eb k\u00ebt\u00eb pik\u00eb nuk mund t\u00eb them se e ka b\u00ebr\u00eb k\u00ebt\u00eb gj\u00eb ose se nuk e ka b\u00ebr\u00eb k\u00ebt\u00eb gj\u00eb p\u00ebr arsye politike. Un\u00eb besoj q\u00eb ai ka pasur frik\u00eb ta b\u00ebj\u00eb k\u00ebt\u00eb gj\u00eb p\u00ebr t\u00eb mos r\u00ebnduar pozicionin e tyre, sepse pozicioni i tij n\u00eb raport me BE-n\u00eb, n\u00eb raport me SHBA-t\u00eb nuk \u00ebsht\u00eb nj\u00eb pozicion komod\u201d, tha Rama.<\/p>\n<p>\u201cNuk e di sa kan\u00eb dh\u00ebn\u00eb, me siguri kan\u00eb dh\u00ebn\u00eb m\u00eb shum\u00eb se ne me siguri. Ne kemi ndihmuar m\u00eb shum\u00eb me sensibilizim. Besoj q\u00eb ai nuk ka dashur t\u00eb ekspozohet si person q\u00eb po rrotullon thik\u00ebn ndaj sistemit nd\u00ebrkomb\u00ebtar, nd\u00ebrkoh\u00eb q\u00eb ka qen\u00eb haptazi kund\u00ebr atij tribunali\u201d, tha Rama.<\/p>\n<p>\u201cUn\u00eb besoj q\u00eb kjo mosmb\u00ebshtetja nga ana e Albinit ka qen\u00eb nj\u00eb \u00e7\u00ebshtje mosekspozimi\u201d, tha Rama.<\/p>\n<p>Raportet mes Edi Ram\u00ebs dhe Albin Kurtit nuk kan\u00eb qen\u00eb gjithmon\u00eb m\u00eb t\u00eb mirat, madje edhe me p\u00ebrplasje n\u00eb distanc\u00eb.<\/p>\n","protected":false},"excerpt":{"rendered":"<p>Kryeministri i Shqip\u00ebris\u00eb, Edi Rama, deklaroi n\u00eb podkastin e tij se nuk ka pasur kurr\u00eb rol nd\u00ebrhyr\u00ebs n\u00eb politik\u00ebn e Kosov\u00ebs dhe ironizoi p\u00ebrpjekjet e politikan\u00ebve kosovar\u00eb p\u00ebr t\u00eb ndikuar n\u00eb Shqip\u00ebri, t\u00eb cilat i quajti \u201cqesharake\u201d. Ai theksoi gjithashtu r\u00ebnd\u00ebsin\u00eb e q\u00ebndrimeve t\u00eb drejta dhe autentike n\u00eb \u00e7\u00ebshtjet komb\u00ebtare. \u201cUn\u00eb s\u2019kam fare pozicion atje [&hellip;]<\/p>\n","protected":false},"author":8,"featured_media":26710,"comment_status":"closed","ping_status":"closed","sticky":false,"template":"","format":"standard","meta":{"footnotes":""},"categories":[216],"tags":[],"class_list":["post-26709","post","type-post","status-publish","format-standard","has-post-thumbnail","hentry","category-shqiperi"],"yoast_head":"<!-- This site is optimized with the Yoast SEO plugin v25.1 - https:\/\/yoast.com\/wordpress\/plugins\/seo\/ -->\n<title>Rama: S\u2019kam nd\u00ebrhyr\u00eb kurr\u00eb n\u00eb pun\u00ebt e Kosov\u00ebs, tentativat e tyre n\u00eb Shqip\u00ebri ishin qesharake - press7.tv<\/title>\n<meta name=\"robots\" content=\"index, follow, max-snippet:-1, max-image-preview:large, max-video-preview:-1\" \/>\n<link rel=\"canonical\" href=\"https:\/\/www.press7.tv\/?p=26709\" \/>\n<meta property=\"og:locale\" content=\"en_US\" \/>\n<meta property=\"og:type\" content=\"article\" \/>\n<meta property=\"og:title\" content=\"Rama: S\u2019kam nd\u00ebrhyr\u00eb kurr\u00eb n\u00eb pun\u00ebt e Kosov\u00ebs, tentativat e tyre n\u00eb Shqip\u00ebri ishin qesharake - press7.tv\" \/>\n<meta property=\"og:description\" content=\"Kryeministri i Shqip\u00ebris\u00eb, Edi Rama, deklaroi n\u00eb podkastin e tij se nuk ka pasur kurr\u00eb rol nd\u00ebrhyr\u00ebs n\u00eb politik\u00ebn e Kosov\u00ebs dhe ironizoi p\u00ebrpjekjet e politikan\u00ebve kosovar\u00eb p\u00ebr t\u00eb ndikuar n\u00eb Shqip\u00ebri, t\u00eb cilat i quajti \u201cqesharake\u201d. Ai theksoi gjithashtu r\u00ebnd\u00ebsin\u00eb e q\u00ebndrimeve t\u00eb drejta dhe autentike n\u00eb \u00e7\u00ebshtjet komb\u00ebtare. \u201cUn\u00eb s\u2019kam fare pozicion atje [&hellip;]\" \/>\n<meta property=\"og:url\" content=\"https:\/\/www.press7.tv\/?p=26709\" \/>\n<meta property=\"og:site_name\" content=\"press7.tv\" \/>\n<meta property=\"article:publisher\" content=\"https:\/\/www.facebook.com\/press7.tv\" \/>\n<meta property=\"article:published_time\" content=\"2026-03-16T16:43:40+00:00\" \/>\n<meta property=\"og:image\" content=\"https:\/\/www.press7.tv\/wp-content\/uploads\/2026\/03\/IMG_7900.avif\" \/>\n\t<meta property=\"og:image:width\" content=\"850\" \/>\n\t<meta property=\"og:image:height\" content=\"567\" \/>\n\t<meta property=\"og:image:type\" content=\"image\/jpeg\" \/>\n<meta name=\"author\" content=\"gazetar2\" \/>\n<meta name=\"twitter:card\" content=\"summary_large_image\" \/>\n<meta name=\"twitter:label1\" content=\"Written by\" \/>\n\t<meta name=\"twitter:data1\" content=\"gazetar2\" \/>\n\t<meta name=\"twitter:label2\" content=\"Est. reading time\" \/>\n\t<meta name=\"twitter:data2\" content=\"1 minute\" \/>\n<script type=\"application\/ld+json\" class=\"yoast-schema-graph\">{\"@context\":\"https:\/\/schema.org\",\"@graph\":[{\"@type\":\"Article\",\"@id\":\"https:\/\/www.press7.tv\/?p=26709#article\",\"isPartOf\":{\"@id\":\"https:\/\/www.press7.tv\/?p=26709\"},\"author\":{\"name\":\"gazetar2\",\"@id\":\"https:\/\/www.news33.tv\/#\/schema\/person\/5a04a38a23ccdba82f9bd665cd8f9efa\"},\"headline\":\"Rama: S\u2019kam nd\u00ebrhyr\u00eb kurr\u00eb n\u00eb pun\u00ebt e Kosov\u00ebs, tentativat e tyre n\u00eb Shqip\u00ebri ishin qesharake\",\"datePublished\":\"2026-03-16T16:43:40+00:00\",\"mainEntityOfPage\":{\"@id\":\"https:\/\/www.press7.tv\/?p=26709\"},\"wordCount\":464,\"publisher\":{\"@id\":\"https:\/\/www.news33.tv\/#organization\"},\"image\":{\"@id\":\"https:\/\/www.press7.tv\/?p=26709#primaryimage\"},\"thumbnailUrl\":\"https:\/\/www.press7.tv\/wp-content\/uploads\/2026\/03\/IMG_7900.avif\",\"articleSection\":[\"Shqip\u00ebri\"],\"inLanguage\":\"en-US\"},{\"@type\":\"WebPage\",\"@id\":\"https:\/\/www.press7.tv\/?p=26709\",\"url\":\"https:\/\/www.press7.tv\/?p=26709\",\"name\":\"Rama: S\u2019kam nd\u00ebrhyr\u00eb kurr\u00eb n\u00eb pun\u00ebt e Kosov\u00ebs, tentativat e tyre n\u00eb Shqip\u00ebri ishin qesharake - press7.tv\",\"isPartOf\":{\"@id\":\"https:\/\/www.news33.tv\/#website\"},\"primaryImageOfPage\":{\"@id\":\"https:\/\/www.press7.tv\/?p=26709#primaryimage\"},\"image\":{\"@id\":\"https:\/\/www.press7.tv\/?p=26709#primaryimage\"},\"thumbnailUrl\":\"https:\/\/www.press7.tv\/wp-content\/uploads\/2026\/03\/IMG_7900.avif\",\"datePublished\":\"2026-03-16T16:43:40+00:00\",\"breadcrumb\":{\"@id\":\"https:\/\/www.press7.tv\/?p=26709#breadcrumb\"},\"inLanguage\":\"en-US\",\"potentialAction\":[{\"@type\":\"ReadAction\",\"target\":[\"https:\/\/www.press7.tv\/?p=26709\"]}]},{\"@type\":\"ImageObject\",\"inLanguage\":\"en-US\",\"@id\":\"https:\/\/www.press7.tv\/?p=26709#primaryimage\",\"url\":\"https:\/\/www.press7.tv\/wp-content\/uploads\/2026\/03\/IMG_7900.avif\",\"contentUrl\":\"https:\/\/www.press7.tv\/wp-content\/uploads\/2026\/03\/IMG_7900.avif\",\"width\":850,\"height\":567},{\"@type\":\"BreadcrumbList\",\"@id\":\"https:\/\/www.press7.tv\/?p=26709#breadcrumb\",\"itemListElement\":[{\"@type\":\"ListItem\",\"position\":1,\"name\":\"Home\",\"item\":\"https:\/\/www.press7.tv\/\"},{\"@type\":\"ListItem\",\"position\":2,\"name\":\"Rama: S\u2019kam nd\u00ebrhyr\u00eb kurr\u00eb n\u00eb pun\u00ebt e Kosov\u00ebs, tentativat e tyre n\u00eb Shqip\u00ebri ishin qesharake\"}]},{\"@type\":\"WebSite\",\"@id\":\"https:\/\/www.news33.tv\/#website\",\"url\":\"https:\/\/www.news33.tv\/\",\"name\":\"News33.tv Media\",\"description\":\"Media\",\"publisher\":{\"@id\":\"https:\/\/www.news33.tv\/#organization\"},\"potentialAction\":[{\"@type\":\"SearchAction\",\"target\":{\"@type\":\"EntryPoint\",\"urlTemplate\":\"https:\/\/www.news33.tv\/?s={search_term_string}\"},\"query-input\":{\"@type\":\"PropertyValueSpecification\",\"valueRequired\":true,\"valueName\":\"search_term_string\"}}],\"inLanguage\":\"en-US\"},{\"@type\":\"Organization\",\"@id\":\"https:\/\/www.news33.tv\/#organization\",\"name\":\"News33.tv Media\",\"url\":\"https:\/\/www.news33.tv\/\",\"logo\":{\"@type\":\"ImageObject\",\"inLanguage\":\"en-US\",\"@id\":\"https:\/\/www.news33.tv\/#\/schema\/logo\/image\/\",\"url\":\"https:\/\/www.press7.tv\/wp-content\/uploads\/2024\/02\/logo-news33-black.png\",\"contentUrl\":\"https:\/\/www.press7.tv\/wp-content\/uploads\/2024\/02\/logo-news33-black.png\",\"width\":180,\"height\":37,\"caption\":\"News33.tv Media\"},\"image\":{\"@id\":\"https:\/\/www.news33.tv\/#\/schema\/logo\/image\/\"},\"sameAs\":[\"https:\/\/www.facebook.com\/press7.tv\"]},{\"@type\":\"Person\",\"@id\":\"https:\/\/www.news33.tv\/#\/schema\/person\/5a04a38a23ccdba82f9bd665cd8f9efa\",\"name\":\"gazetar2\",\"image\":{\"@type\":\"ImageObject\",\"inLanguage\":\"en-US\",\"@id\":\"https:\/\/www.news33.tv\/#\/schema\/person\/image\/\",\"url\":\"https:\/\/www.press7.tv\/wp-content\/litespeed\/avatar\/41975e402c3049d9ddb03adca8f7a883.jpg?ver=1777169572\",\"contentUrl\":\"https:\/\/www.press7.tv\/wp-content\/litespeed\/avatar\/41975e402c3049d9ddb03adca8f7a883.jpg?ver=1777169572\",\"caption\":\"gazetar2\"},\"url\":\"https:\/\/www.press7.tv\/?author=8\"}]}<\/script>\n<!-- \/ Yoast SEO plugin. -->","yoast_head_json":{"title":"Rama: S\u2019kam nd\u00ebrhyr\u00eb kurr\u00eb n\u00eb pun\u00ebt e Kosov\u00ebs, tentativat e tyre n\u00eb Shqip\u00ebri ishin qesharake - press7.tv","robots":{"index":"index","follow":"follow","max-snippet":"max-snippet:-1","max-image-preview":"max-image-preview:large","max-video-preview":"max-video-preview:-1"},"canonical":"https:\/\/www.press7.tv\/?p=26709","og_locale":"en_US","og_type":"article","og_title":"Rama: S\u2019kam nd\u00ebrhyr\u00eb kurr\u00eb n\u00eb pun\u00ebt e Kosov\u00ebs, tentativat e tyre n\u00eb Shqip\u00ebri ishin qesharake - press7.tv","og_description":"Kryeministri i Shqip\u00ebris\u00eb, Edi Rama, deklaroi n\u00eb podkastin e tij se nuk ka pasur kurr\u00eb rol nd\u00ebrhyr\u00ebs n\u00eb politik\u00ebn e Kosov\u00ebs dhe ironizoi p\u00ebrpjekjet e politikan\u00ebve kosovar\u00eb p\u00ebr t\u00eb ndikuar n\u00eb Shqip\u00ebri, t\u00eb cilat i quajti \u201cqesharake\u201d. Ai theksoi gjithashtu r\u00ebnd\u00ebsin\u00eb e q\u00ebndrimeve t\u00eb drejta dhe autentike n\u00eb \u00e7\u00ebshtjet komb\u00ebtare. \u201cUn\u00eb s\u2019kam fare pozicion atje [&hellip;]","og_url":"https:\/\/www.press7.tv\/?p=26709","og_site_name":"press7.tv","article_publisher":"https:\/\/www.facebook.com\/press7.tv","article_published_time":"2026-03-16T16:43:40+00:00","og_image":[{"width":850,"height":567,"url":"https:\/\/www.press7.tv\/wp-content\/uploads\/2026\/03\/IMG_7900.avif","type":"image\/jpeg"}],"author":"gazetar2","twitter_card":"summary_large_image","twitter_misc":{"Written by":"gazetar2","Est. reading time":"1 minute"},"schema":{"@context":"https:\/\/schema.org","@graph":[{"@type":"Article","@id":"https:\/\/www.press7.tv\/?p=26709#article","isPartOf":{"@id":"https:\/\/www.press7.tv\/?p=26709"},"author":{"name":"gazetar2","@id":"https:\/\/www.news33.tv\/#\/schema\/person\/5a04a38a23ccdba82f9bd665cd8f9efa"},"headline":"Rama: S\u2019kam nd\u00ebrhyr\u00eb kurr\u00eb n\u00eb pun\u00ebt e Kosov\u00ebs, tentativat e tyre n\u00eb Shqip\u00ebri ishin qesharake","datePublished":"2026-03-16T16:43:40+00:00","mainEntityOfPage":{"@id":"https:\/\/www.press7.tv\/?p=26709"},"wordCount":464,"publisher":{"@id":"https:\/\/www.news33.tv\/#organization"},"image":{"@id":"https:\/\/www.press7.tv\/?p=26709#primaryimage"},"thumbnailUrl":"https:\/\/www.press7.tv\/wp-content\/uploads\/2026\/03\/IMG_7900.avif","articleSection":["Shqip\u00ebri"],"inLanguage":"en-US"},{"@type":"WebPage","@id":"https:\/\/www.press7.tv\/?p=26709","url":"https:\/\/www.press7.tv\/?p=26709","name":"Rama: S\u2019kam nd\u00ebrhyr\u00eb kurr\u00eb n\u00eb pun\u00ebt e Kosov\u00ebs, tentativat e tyre n\u00eb Shqip\u00ebri ishin qesharake - press7.tv","isPartOf":{"@id":"https:\/\/www.news33.tv\/#website"},"primaryImageOfPage":{"@id":"https:\/\/www.press7.tv\/?p=26709#primaryimage"},"image":{"@id":"https:\/\/www.press7.tv\/?p=26709#primaryimage"},"thumbnailUrl":"https:\/\/www.press7.tv\/wp-content\/uploads\/2026\/03\/IMG_7900.avif","datePublished":"2026-03-16T16:43:40+00:00","breadcrumb":{"@id":"https:\/\/www.press7.tv\/?p=26709#breadcrumb"},"inLanguage":"en-US","potentialAction":[{"@type":"ReadAction","target":["https:\/\/www.press7.tv\/?p=26709"]}]},{"@type":"ImageObject","inLanguage":"en-US","@id":"https:\/\/www.press7.tv\/?p=26709#primaryimage","url":"https:\/\/www.press7.tv\/wp-content\/uploads\/2026\/03\/IMG_7900.avif","contentUrl":"https:\/\/www.press7.tv\/wp-content\/uploads\/2026\/03\/IMG_7900.avif","width":850,"height":567},{"@type":"BreadcrumbList","@id":"https:\/\/www.press7.tv\/?p=26709#breadcrumb","itemListElement":[{"@type":"ListItem","position":1,"name":"Home","item":"https:\/\/www.press7.tv\/"},{"@type":"ListItem","position":2,"name":"Rama: S\u2019kam nd\u00ebrhyr\u00eb kurr\u00eb n\u00eb pun\u00ebt e Kosov\u00ebs, tentativat e tyre n\u00eb Shqip\u00ebri ishin qesharake"}]},{"@type":"WebSite","@id":"https:\/\/www.news33.tv\/#website","url":"https:\/\/www.news33.tv\/","name":"News33.tv Media","description":"Media","publisher":{"@id":"https:\/\/www.news33.tv\/#organization"},"potentialAction":[{"@type":"SearchAction","target":{"@type":"EntryPoint","urlTemplate":"https:\/\/www.news33.tv\/?s={search_term_string}"},"query-input":{"@type":"PropertyValueSpecification","valueRequired":true,"valueName":"search_term_string"}}],"inLanguage":"en-US"},{"@type":"Organization","@id":"https:\/\/www.news33.tv\/#organization","name":"News33.tv Media","url":"https:\/\/www.news33.tv\/","logo":{"@type":"ImageObject","inLanguage":"en-US","@id":"https:\/\/www.news33.tv\/#\/schema\/logo\/image\/","url":"https:\/\/www.press7.tv\/wp-content\/uploads\/2024\/02\/logo-news33-black.png","contentUrl":"https:\/\/www.press7.tv\/wp-content\/uploads\/2024\/02\/logo-news33-black.png","width":180,"height":37,"caption":"News33.tv Media"},"image":{"@id":"https:\/\/www.news33.tv\/#\/schema\/logo\/image\/"},"sameAs":["https:\/\/www.facebook.com\/press7.tv"]},{"@type":"Person","@id":"https:\/\/www.news33.tv\/#\/schema\/person\/5a04a38a23ccdba82f9bd665cd8f9efa","name":"gazetar2","image":{"@type":"ImageObject","inLanguage":"en-US","@id":"https:\/\/www.news33.tv\/#\/schema\/person\/image\/","url":"https:\/\/www.press7.tv\/wp-content\/litespeed\/avatar\/41975e402c3049d9ddb03adca8f7a883.jpg?ver=1777169572","contentUrl":"https:\/\/www.press7.tv\/wp-content\/litespeed\/avatar\/41975e402c3049d9ddb03adca8f7a883.jpg?ver=1777169572","caption":"gazetar2"},"url":"https:\/\/www.press7.tv\/?author=8"}]}},"amp_enabled":true,"_links":{"self":[{"href":"https:\/\/www.press7.tv\/index.php?rest_route=\/wp\/v2\/posts\/26709","targetHints":{"allow":["GET"]}}],"collection":[{"href":"https:\/\/www.press7.tv\/index.php?rest_route=\/wp\/v2\/posts"}],"about":[{"href":"https:\/\/www.press7.tv\/index.php?rest_route=\/wp\/v2\/types\/post"}],"author":[{"embeddable":true,"href":"https:\/\/www.press7.tv\/index.php?rest_route=\/wp\/v2\/users\/8"}],"replies":[{"embeddable":true,"href":"https:\/\/www.press7.tv\/index.php?rest_route=%2Fwp%2Fv2%2Fcomments&post=26709"}],"version-history":[{"count":1,"href":"https:\/\/www.press7.tv\/index.php?rest_route=\/wp\/v2\/posts\/26709\/revisions"}],"predecessor-version":[{"id":26711,"href":"https:\/\/www.press7.tv\/index.php?rest_route=\/wp\/v2\/posts\/26709\/revisions\/26711"}],"wp:featuredmedia":[{"embeddable":true,"href":"https:\/\/www.press7.tv\/index.php?rest_route=\/wp\/v2\/media\/26710"}],"wp:attachment":[{"href":"https:\/\/www.press7.tv\/index.php?rest_route=%2Fwp%2Fv2%2Fmedia&parent=26709"}],"wp:term":[{"taxonomy":"category","embeddable":true,"href":"https:\/\/www.press7.tv\/index.php?rest_route=%2Fwp%2Fv2%2Fcategories&post=26709"},{"taxonomy":"post_tag","embeddable":true,"href":"https:\/\/www.press7.tv\/index.php?rest_route=%2Fwp%2Fv2%2Ftags&post=26709"}],"curies":[{"name":"wp","href":"https:\/\/api.w.org\/{rel}","templated":true}]}}