{"id":26700,"date":"2026-03-16T13:43:04","date_gmt":"2026-03-16T13:43:04","guid":{"rendered":"https:\/\/www.press7.tv\/?p=26700"},"modified":"2026-03-16T13:43:04","modified_gmt":"2026-03-16T13:43:04","slug":"gjermania-i-kthen-pergjigje-trumpit-kjo-nuk-eshte-lufte-e-nato-s","status":"publish","type":"post","link":"https:\/\/www.press7.tv\/?p=26700","title":{"rendered":"Gjermania i kthen p\u00ebrgjigje Trumpit: Kjo nuk \u00ebsht\u00eb luft\u00eb e NATO-s"},"content":{"rendered":"\n    <div class=\"xs_social_share_widget xs_share_url before_content \t\tmain_content  wslu-style-2 wslu-share-box-shaped wslu-fill-colored wslu-share-m-5 wslu-none wslu-share-vertical wslu-theme-font-no wslu-main_content\">\n\n\t\t\n        <ul>\n\t\t\t        <\/ul>\n    <\/div> \n<p>Berlini i \u00ebsht\u00eb p\u00ebrgjigjur thirrjeve t\u00eb presidentit t\u00eb ShBA-s\u00eb, Donald Trump, p\u00ebr t\u00eb ndihmuar n\u00eb mbajtjen e rrug\u00ebve t\u00eb transportit detar pa nd\u00ebrprerje n\u00eb Ngushtic\u00ebn e Hormuzit.<\/p>\n<p>N\u00eb k\u00ebt\u00eb drejtim, sipas mediave t\u00eb huaja, nj\u00eb z\u00ebdh\u00ebn\u00ebs i qeveris\u00eb tha: \u201cKjo luft\u00eb nuk ka t\u00eb b\u00ebj\u00eb fare me NATO-n. Nuk \u00ebsht\u00eb luft\u00eb e NATO-s\u201d.<\/p>\n<p>Komenti i b\u00ebr\u00eb nga z\u00ebdh\u00ebn\u00ebsi i kancelarit Friedrich Merz vjen pasi Trumpi b\u00ebri nj\u00eb \u201ck\u00ebrc\u00ebnim\u201d ndaj aleanc\u00ebs s\u00eb NATO-s, duke th\u00ebn\u00eb se ajo mund t\u00eb p\u00ebrballet me nj\u00eb \u201ct\u00eb ardhme shum\u00eb t\u00eb keqe\u201d.<\/p>\n<p>K\u00ebshtu, qeveria gjermane p\u00ebrs\u00ebriti edhe nj\u00eb her\u00eb se nuk do t\u00eb merrte pjes\u00eb n\u00eb asnj\u00eb aktivitet n\u00eb Ngushtic\u00ebn e Hormuzit.<\/p>\n<p>\u201cPjes\u00ebmarrja nuk \u00ebsht\u00eb marr\u00eb n\u00eb konsiderat\u00eb para k\u00ebsaj lufte dhe nuk po merret n\u00eb konsiderat\u00eb tani\u201d, shtoi z\u00ebdh\u00ebn\u00ebsi i qeveris\u00eb, shkruan CNN.<\/p>\n<p>K\u00ebt\u00eb m\u00ebngjes, duke mb\u00ebrritur n\u00eb Bruksel, Ministri i Jasht\u00ebm gjerman, Johann Wadephul u tha gjithashtu gazetar\u00ebve se nuk sheh nj\u00eb rol p\u00ebr an\u00ebtar\u00ebt e NATO-s n\u00eb Ngushtic\u00ebn e Hormuzit.<\/p>\n<p>E sipas DW, ai e p\u00ebrjashton p\u00ebr momentin pjes\u00ebmarrjen gjermane n\u00eb sigurimin e Ngushtic\u00ebs s\u00eb Hormuzit.<\/p>\n<p>N\u00eb emisionin televiziv \u201cBericht aus Berlin\u201d ai tha: \u201cNe nuk do t\u00eb marrim pjes\u00eb n\u00eb k\u00ebt\u00eb konflikt\u201d.<\/p>\n<p>Sipas Wadephul, ShBA-ja dhe Izraeli i kan\u00eb th\u00ebn\u00eb se q\u00ebllimi i sulmeve t\u00eb tyre \u00ebsht\u00eb shkat\u00ebrrimi i kapaciteteve ushtarake t\u00eb Iranit, ve\u00e7an\u00ebrisht i programit b\u00ebrthamordhe i programit t\u00eb raketave.<\/p>\n<p>Gjermania pret ta informojn\u00eb kur kjo t\u00eb ket\u00eb ndodhur dhe \u201cpastaj do t\u00eb d\u00ebshironim me k\u00ebnaq\u00ebsi t\u00eb marrim pjes\u00eb n\u00eb negociata\u201d, tha ai.<\/p>\n<p>Nd\u00ebrsa lidhur me nj\u00eb zgjerim t\u00eb mundsh\u00ebm t\u00eb misionit detar t\u00eb BE-s\u00eb \u201cAspides\u201d n\u00eb Ngushtic\u00ebn e Hormuzit, Wadephul u shpreh se \u00ebsht\u00eb \u201cshum\u00eb skeptik\u201d n\u00ebse kjo do t\u00eb sillte m\u00eb shum\u00eb siguri n\u00eb at\u00eb zon\u00eb, pasi sipas tij aty ku \u00ebsht\u00eb vendosur tani misioni n\u00eb Detin e Kuq \u201cnuk po tregon efekte\u201d.<\/p>\n<p>Ai pranoi se nuk kishte pritur drejtp\u00ebrdrejt luft\u00eb dhe se gjithashtu \u201cnuk dihet plot\u00ebsisht sakt\u00eb\u201d se kur do t\u00eb p\u00ebrfundoj\u00eb.<\/p>\n<p>Sipas tij, \u00ebsht\u00eb e qart\u00eb se Evropa gjithmon\u00eb ofron mb\u00ebshtetje konstruktive, kur b\u00ebhet fjal\u00eb p\u00ebr sigurimin e rrug\u00ebve detare.<\/p>\n<p>\u201cPor un\u00eb nuk shoh ndonj\u00eb nevoj\u00eb t\u00eb menj\u00ebhershme, dhe sidomos se pse Gjermania duhet t\u00eb marr\u00eb pjes\u00eb\u201d, citohet t\u00eb ket\u00eb th\u00ebn\u00eb ai.<\/p>\n<p>\u201cK\u00ebrkesa jon\u00eb ndaj SHBA-s\u00eb dhe Izraelit \u00ebsht\u00eb t\u00eb na mbajn\u00eb t\u00eb informuar dhe t\u00eb na tregojn\u00eb cilat objektiva konkrete po ndjekin, dhe pastaj t\u00eb diskutojm\u00eb s\u00eb bashku se si mund t\u00eb p\u00ebrfundoj\u00eb kjo luft\u00eb\u201d, ka th\u00ebn\u00eb ministri i jasht\u00ebm gjerman.<\/p>\n<p>Sipas Wadephul n\u00eb rajon t\u00eb gjith\u00eb presin q\u00eb Gjermania t\u00eb ket\u00eb nj\u00eb rol aktiv.<\/p>\n<p>Si\u00e7 v\u00ebn\u00eb n\u00eb pah m\u00eb tej Mediat, Merz ka forcuar q\u00ebndrimin e tij dit\u00ebt e fundit, nd\u00ebrsa lufta me Iranin vazhdon t\u00eb mos tregoj\u00eb shenja p\u00ebrfundimi.<\/p>\n<p>Jav\u00ebn e kaluar ai kritikoi ShBA-n\u00eb p\u00ebr leht\u00ebsimin e sanksioneve ndaj Rusis\u00eb dhe ka th\u00ebn\u00eb hapur se nuk \u00ebsht\u00eb i qart\u00eb se cilat jan\u00eb planet e ShBA-s\u00eb p\u00ebr t\u2019i dh\u00ebn\u00eb fund luft\u00ebs.<\/p>\n<p>Kancelari gjerman do t\u00eb takohet me kryeministrin holandez Rob Jetten n\u00eb Berlin m\u00eb von\u00eb sot. T\u00eb dy udh\u00ebheq\u00ebsit ka t\u00eb ngjar\u00eb t\u00eb p\u00ebrgjigjen n\u00eb pyetje mbi p\u00ebrgjigjet e tyre ndaj Trump dhe k\u00ebrkesave t\u00eb tij.<\/p>\n","protected":false},"excerpt":{"rendered":"<p>Berlini i \u00ebsht\u00eb p\u00ebrgjigjur thirrjeve t\u00eb presidentit t\u00eb ShBA-s\u00eb, Donald Trump, p\u00ebr t\u00eb ndihmuar n\u00eb mbajtjen e rrug\u00ebve t\u00eb transportit detar pa nd\u00ebrprerje n\u00eb Ngushtic\u00ebn e Hormuzit. N\u00eb k\u00ebt\u00eb drejtim, sipas mediave t\u00eb huaja, nj\u00eb z\u00ebdh\u00ebn\u00ebs i qeveris\u00eb tha: \u201cKjo luft\u00eb nuk ka t\u00eb b\u00ebj\u00eb fare me NATO-n. Nuk \u00ebsht\u00eb luft\u00eb e NATO-s\u201d. Komenti i [&hellip;]<\/p>\n","protected":false},"author":8,"featured_media":26701,"comment_status":"closed","ping_status":"closed","sticky":false,"template":"","format":"standard","meta":{"footnotes":""},"categories":[217,213],"tags":[],"class_list":["post-26700","post","type-post","status-publish","format-standard","has-post-thumbnail","hentry","category-bote","category-lajme"],"yoast_head":"<!-- This site is optimized with the Yoast SEO plugin v25.1 - https:\/\/yoast.com\/wordpress\/plugins\/seo\/ -->\n<title>Gjermania i kthen p\u00ebrgjigje Trumpit: Kjo nuk \u00ebsht\u00eb luft\u00eb e NATO-s - press7.tv<\/title>\n<meta name=\"robots\" content=\"index, follow, max-snippet:-1, max-image-preview:large, max-video-preview:-1\" \/>\n<link rel=\"canonical\" href=\"https:\/\/www.press7.tv\/?p=26700\" \/>\n<meta property=\"og:locale\" content=\"en_US\" \/>\n<meta property=\"og:type\" content=\"article\" \/>\n<meta property=\"og:title\" content=\"Gjermania i kthen p\u00ebrgjigje Trumpit: Kjo nuk \u00ebsht\u00eb luft\u00eb e NATO-s - press7.tv\" \/>\n<meta property=\"og:description\" content=\"Berlini i \u00ebsht\u00eb p\u00ebrgjigjur thirrjeve t\u00eb presidentit t\u00eb ShBA-s\u00eb, Donald Trump, p\u00ebr t\u00eb ndihmuar n\u00eb mbajtjen e rrug\u00ebve t\u00eb transportit detar pa nd\u00ebrprerje n\u00eb Ngushtic\u00ebn e Hormuzit. N\u00eb k\u00ebt\u00eb drejtim, sipas mediave t\u00eb huaja, nj\u00eb z\u00ebdh\u00ebn\u00ebs i qeveris\u00eb tha: \u201cKjo luft\u00eb nuk ka t\u00eb b\u00ebj\u00eb fare me NATO-n. Nuk \u00ebsht\u00eb luft\u00eb e NATO-s\u201d. Komenti i [&hellip;]\" \/>\n<meta property=\"og:url\" content=\"https:\/\/www.press7.tv\/?p=26700\" \/>\n<meta property=\"og:site_name\" content=\"press7.tv\" \/>\n<meta property=\"article:publisher\" content=\"https:\/\/www.facebook.com\/press7.tv\" \/>\n<meta property=\"article:published_time\" content=\"2026-03-16T13:43:04+00:00\" \/>\n<meta property=\"og:image\" content=\"https:\/\/www.press7.tv\/wp-content\/uploads\/2026\/03\/IMG_7880.avif\" \/>\n\t<meta property=\"og:image:width\" content=\"899\" \/>\n\t<meta property=\"og:image:height\" content=\"500\" \/>\n\t<meta property=\"og:image:type\" content=\"image\/jpeg\" \/>\n<meta name=\"author\" content=\"gazetar2\" \/>\n<meta name=\"twitter:card\" content=\"summary_large_image\" \/>\n<meta name=\"twitter:label1\" content=\"Written by\" \/>\n\t<meta name=\"twitter:data1\" content=\"gazetar2\" \/>\n\t<meta name=\"twitter:label2\" content=\"Est. reading time\" \/>\n\t<meta name=\"twitter:data2\" content=\"1 minute\" \/>\n<script type=\"application\/ld+json\" class=\"yoast-schema-graph\">{\"@context\":\"https:\/\/schema.org\",\"@graph\":[{\"@type\":\"Article\",\"@id\":\"https:\/\/www.press7.tv\/?p=26700#article\",\"isPartOf\":{\"@id\":\"https:\/\/www.press7.tv\/?p=26700\"},\"author\":{\"name\":\"gazetar2\",\"@id\":\"https:\/\/www.news33.tv\/#\/schema\/person\/5a04a38a23ccdba82f9bd665cd8f9efa\"},\"headline\":\"Gjermania i kthen p\u00ebrgjigje Trumpit: Kjo nuk \u00ebsht\u00eb luft\u00eb e NATO-s\",\"datePublished\":\"2026-03-16T13:43:04+00:00\",\"mainEntityOfPage\":{\"@id\":\"https:\/\/www.press7.tv\/?p=26700\"},\"wordCount\":601,\"publisher\":{\"@id\":\"https:\/\/www.news33.tv\/#organization\"},\"image\":{\"@id\":\"https:\/\/www.press7.tv\/?p=26700#primaryimage\"},\"thumbnailUrl\":\"https:\/\/www.press7.tv\/wp-content\/uploads\/2026\/03\/IMG_7880.avif\",\"articleSection\":[\"Bot\u00eb\",\"Lajme\"],\"inLanguage\":\"en-US\"},{\"@type\":\"WebPage\",\"@id\":\"https:\/\/www.press7.tv\/?p=26700\",\"url\":\"https:\/\/www.press7.tv\/?p=26700\",\"name\":\"Gjermania i kthen p\u00ebrgjigje Trumpit: Kjo nuk \u00ebsht\u00eb luft\u00eb e NATO-s - press7.tv\",\"isPartOf\":{\"@id\":\"https:\/\/www.news33.tv\/#website\"},\"primaryImageOfPage\":{\"@id\":\"https:\/\/www.press7.tv\/?p=26700#primaryimage\"},\"image\":{\"@id\":\"https:\/\/www.press7.tv\/?p=26700#primaryimage\"},\"thumbnailUrl\":\"https:\/\/www.press7.tv\/wp-content\/uploads\/2026\/03\/IMG_7880.avif\",\"datePublished\":\"2026-03-16T13:43:04+00:00\",\"breadcrumb\":{\"@id\":\"https:\/\/www.press7.tv\/?p=26700#breadcrumb\"},\"inLanguage\":\"en-US\",\"potentialAction\":[{\"@type\":\"ReadAction\",\"target\":[\"https:\/\/www.press7.tv\/?p=26700\"]}]},{\"@type\":\"ImageObject\",\"inLanguage\":\"en-US\",\"@id\":\"https:\/\/www.press7.tv\/?p=26700#primaryimage\",\"url\":\"https:\/\/www.press7.tv\/wp-content\/uploads\/2026\/03\/IMG_7880.avif\",\"contentUrl\":\"https:\/\/www.press7.tv\/wp-content\/uploads\/2026\/03\/IMG_7880.avif\",\"width\":899,\"height\":500},{\"@type\":\"BreadcrumbList\",\"@id\":\"https:\/\/www.press7.tv\/?p=26700#breadcrumb\",\"itemListElement\":[{\"@type\":\"ListItem\",\"position\":1,\"name\":\"Home\",\"item\":\"https:\/\/www.press7.tv\/\"},{\"@type\":\"ListItem\",\"position\":2,\"name\":\"Gjermania i kthen p\u00ebrgjigje Trumpit: Kjo nuk \u00ebsht\u00eb luft\u00eb e NATO-s\"}]},{\"@type\":\"WebSite\",\"@id\":\"https:\/\/www.news33.tv\/#website\",\"url\":\"https:\/\/www.news33.tv\/\",\"name\":\"News33.tv Media\",\"description\":\"Media\",\"publisher\":{\"@id\":\"https:\/\/www.news33.tv\/#organization\"},\"potentialAction\":[{\"@type\":\"SearchAction\",\"target\":{\"@type\":\"EntryPoint\",\"urlTemplate\":\"https:\/\/www.news33.tv\/?s={search_term_string}\"},\"query-input\":{\"@type\":\"PropertyValueSpecification\",\"valueRequired\":true,\"valueName\":\"search_term_string\"}}],\"inLanguage\":\"en-US\"},{\"@type\":\"Organization\",\"@id\":\"https:\/\/www.news33.tv\/#organization\",\"name\":\"News33.tv Media\",\"url\":\"https:\/\/www.news33.tv\/\",\"logo\":{\"@type\":\"ImageObject\",\"inLanguage\":\"en-US\",\"@id\":\"https:\/\/www.news33.tv\/#\/schema\/logo\/image\/\",\"url\":\"https:\/\/www.press7.tv\/wp-content\/uploads\/2024\/02\/logo-news33-black.png\",\"contentUrl\":\"https:\/\/www.press7.tv\/wp-content\/uploads\/2024\/02\/logo-news33-black.png\",\"width\":180,\"height\":37,\"caption\":\"News33.tv Media\"},\"image\":{\"@id\":\"https:\/\/www.news33.tv\/#\/schema\/logo\/image\/\"},\"sameAs\":[\"https:\/\/www.facebook.com\/press7.tv\"]},{\"@type\":\"Person\",\"@id\":\"https:\/\/www.news33.tv\/#\/schema\/person\/5a04a38a23ccdba82f9bd665cd8f9efa\",\"name\":\"gazetar2\",\"image\":{\"@type\":\"ImageObject\",\"inLanguage\":\"en-US\",\"@id\":\"https:\/\/www.news33.tv\/#\/schema\/person\/image\/\",\"url\":\"https:\/\/www.press7.tv\/wp-content\/litespeed\/avatar\/41975e402c3049d9ddb03adca8f7a883.jpg?ver=1777169572\",\"contentUrl\":\"https:\/\/www.press7.tv\/wp-content\/litespeed\/avatar\/41975e402c3049d9ddb03adca8f7a883.jpg?ver=1777169572\",\"caption\":\"gazetar2\"},\"url\":\"https:\/\/www.press7.tv\/?author=8\"}]}<\/script>\n<!-- \/ Yoast SEO plugin. -->","yoast_head_json":{"title":"Gjermania i kthen p\u00ebrgjigje Trumpit: Kjo nuk \u00ebsht\u00eb luft\u00eb e NATO-s - press7.tv","robots":{"index":"index","follow":"follow","max-snippet":"max-snippet:-1","max-image-preview":"max-image-preview:large","max-video-preview":"max-video-preview:-1"},"canonical":"https:\/\/www.press7.tv\/?p=26700","og_locale":"en_US","og_type":"article","og_title":"Gjermania i kthen p\u00ebrgjigje Trumpit: Kjo nuk \u00ebsht\u00eb luft\u00eb e NATO-s - press7.tv","og_description":"Berlini i \u00ebsht\u00eb p\u00ebrgjigjur thirrjeve t\u00eb presidentit t\u00eb ShBA-s\u00eb, Donald Trump, p\u00ebr t\u00eb ndihmuar n\u00eb mbajtjen e rrug\u00ebve t\u00eb transportit detar pa nd\u00ebrprerje n\u00eb Ngushtic\u00ebn e Hormuzit. N\u00eb k\u00ebt\u00eb drejtim, sipas mediave t\u00eb huaja, nj\u00eb z\u00ebdh\u00ebn\u00ebs i qeveris\u00eb tha: \u201cKjo luft\u00eb nuk ka t\u00eb b\u00ebj\u00eb fare me NATO-n. Nuk \u00ebsht\u00eb luft\u00eb e NATO-s\u201d. Komenti i [&hellip;]","og_url":"https:\/\/www.press7.tv\/?p=26700","og_site_name":"press7.tv","article_publisher":"https:\/\/www.facebook.com\/press7.tv","article_published_time":"2026-03-16T13:43:04+00:00","og_image":[{"width":899,"height":500,"url":"https:\/\/www.press7.tv\/wp-content\/uploads\/2026\/03\/IMG_7880.avif","type":"image\/jpeg"}],"author":"gazetar2","twitter_card":"summary_large_image","twitter_misc":{"Written by":"gazetar2","Est. reading time":"1 minute"},"schema":{"@context":"https:\/\/schema.org","@graph":[{"@type":"Article","@id":"https:\/\/www.press7.tv\/?p=26700#article","isPartOf":{"@id":"https:\/\/www.press7.tv\/?p=26700"},"author":{"name":"gazetar2","@id":"https:\/\/www.news33.tv\/#\/schema\/person\/5a04a38a23ccdba82f9bd665cd8f9efa"},"headline":"Gjermania i kthen p\u00ebrgjigje Trumpit: Kjo nuk \u00ebsht\u00eb luft\u00eb e NATO-s","datePublished":"2026-03-16T13:43:04+00:00","mainEntityOfPage":{"@id":"https:\/\/www.press7.tv\/?p=26700"},"wordCount":601,"publisher":{"@id":"https:\/\/www.news33.tv\/#organization"},"image":{"@id":"https:\/\/www.press7.tv\/?p=26700#primaryimage"},"thumbnailUrl":"https:\/\/www.press7.tv\/wp-content\/uploads\/2026\/03\/IMG_7880.avif","articleSection":["Bot\u00eb","Lajme"],"inLanguage":"en-US"},{"@type":"WebPage","@id":"https:\/\/www.press7.tv\/?p=26700","url":"https:\/\/www.press7.tv\/?p=26700","name":"Gjermania i kthen p\u00ebrgjigje Trumpit: Kjo nuk \u00ebsht\u00eb luft\u00eb e NATO-s - press7.tv","isPartOf":{"@id":"https:\/\/www.news33.tv\/#website"},"primaryImageOfPage":{"@id":"https:\/\/www.press7.tv\/?p=26700#primaryimage"},"image":{"@id":"https:\/\/www.press7.tv\/?p=26700#primaryimage"},"thumbnailUrl":"https:\/\/www.press7.tv\/wp-content\/uploads\/2026\/03\/IMG_7880.avif","datePublished":"2026-03-16T13:43:04+00:00","breadcrumb":{"@id":"https:\/\/www.press7.tv\/?p=26700#breadcrumb"},"inLanguage":"en-US","potentialAction":[{"@type":"ReadAction","target":["https:\/\/www.press7.tv\/?p=26700"]}]},{"@type":"ImageObject","inLanguage":"en-US","@id":"https:\/\/www.press7.tv\/?p=26700#primaryimage","url":"https:\/\/www.press7.tv\/wp-content\/uploads\/2026\/03\/IMG_7880.avif","contentUrl":"https:\/\/www.press7.tv\/wp-content\/uploads\/2026\/03\/IMG_7880.avif","width":899,"height":500},{"@type":"BreadcrumbList","@id":"https:\/\/www.press7.tv\/?p=26700#breadcrumb","itemListElement":[{"@type":"ListItem","position":1,"name":"Home","item":"https:\/\/www.press7.tv\/"},{"@type":"ListItem","position":2,"name":"Gjermania i kthen p\u00ebrgjigje Trumpit: Kjo nuk \u00ebsht\u00eb luft\u00eb e NATO-s"}]},{"@type":"WebSite","@id":"https:\/\/www.news33.tv\/#website","url":"https:\/\/www.news33.tv\/","name":"News33.tv Media","description":"Media","publisher":{"@id":"https:\/\/www.news33.tv\/#organization"},"potentialAction":[{"@type":"SearchAction","target":{"@type":"EntryPoint","urlTemplate":"https:\/\/www.news33.tv\/?s={search_term_string}"},"query-input":{"@type":"PropertyValueSpecification","valueRequired":true,"valueName":"search_term_string"}}],"inLanguage":"en-US"},{"@type":"Organization","@id":"https:\/\/www.news33.tv\/#organization","name":"News33.tv Media","url":"https:\/\/www.news33.tv\/","logo":{"@type":"ImageObject","inLanguage":"en-US","@id":"https:\/\/www.news33.tv\/#\/schema\/logo\/image\/","url":"https:\/\/www.press7.tv\/wp-content\/uploads\/2024\/02\/logo-news33-black.png","contentUrl":"https:\/\/www.press7.tv\/wp-content\/uploads\/2024\/02\/logo-news33-black.png","width":180,"height":37,"caption":"News33.tv Media"},"image":{"@id":"https:\/\/www.news33.tv\/#\/schema\/logo\/image\/"},"sameAs":["https:\/\/www.facebook.com\/press7.tv"]},{"@type":"Person","@id":"https:\/\/www.news33.tv\/#\/schema\/person\/5a04a38a23ccdba82f9bd665cd8f9efa","name":"gazetar2","image":{"@type":"ImageObject","inLanguage":"en-US","@id":"https:\/\/www.news33.tv\/#\/schema\/person\/image\/","url":"https:\/\/www.press7.tv\/wp-content\/litespeed\/avatar\/41975e402c3049d9ddb03adca8f7a883.jpg?ver=1777169572","contentUrl":"https:\/\/www.press7.tv\/wp-content\/litespeed\/avatar\/41975e402c3049d9ddb03adca8f7a883.jpg?ver=1777169572","caption":"gazetar2"},"url":"https:\/\/www.press7.tv\/?author=8"}]}},"amp_enabled":true,"_links":{"self":[{"href":"https:\/\/www.press7.tv\/index.php?rest_route=\/wp\/v2\/posts\/26700","targetHints":{"allow":["GET"]}}],"collection":[{"href":"https:\/\/www.press7.tv\/index.php?rest_route=\/wp\/v2\/posts"}],"about":[{"href":"https:\/\/www.press7.tv\/index.php?rest_route=\/wp\/v2\/types\/post"}],"author":[{"embeddable":true,"href":"https:\/\/www.press7.tv\/index.php?rest_route=\/wp\/v2\/users\/8"}],"replies":[{"embeddable":true,"href":"https:\/\/www.press7.tv\/index.php?rest_route=%2Fwp%2Fv2%2Fcomments&post=26700"}],"version-history":[{"count":1,"href":"https:\/\/www.press7.tv\/index.php?rest_route=\/wp\/v2\/posts\/26700\/revisions"}],"predecessor-version":[{"id":26702,"href":"https:\/\/www.press7.tv\/index.php?rest_route=\/wp\/v2\/posts\/26700\/revisions\/26702"}],"wp:featuredmedia":[{"embeddable":true,"href":"https:\/\/www.press7.tv\/index.php?rest_route=\/wp\/v2\/media\/26701"}],"wp:attachment":[{"href":"https:\/\/www.press7.tv\/index.php?rest_route=%2Fwp%2Fv2%2Fmedia&parent=26700"}],"wp:term":[{"taxonomy":"category","embeddable":true,"href":"https:\/\/www.press7.tv\/index.php?rest_route=%2Fwp%2Fv2%2Fcategories&post=26700"},{"taxonomy":"post_tag","embeddable":true,"href":"https:\/\/www.press7.tv\/index.php?rest_route=%2Fwp%2Fv2%2Ftags&post=26700"}],"curies":[{"name":"wp","href":"https:\/\/api.w.org\/{rel}","templated":true}]}}