{"id":26681,"date":"2026-03-15T16:08:43","date_gmt":"2026-03-15T16:08:43","guid":{"rendered":"https:\/\/www.press7.tv\/?p=26681"},"modified":"2026-03-15T16:08:43","modified_gmt":"2026-03-15T16:08:43","slug":"u-raportua-se-eshte-vrare-shfaqet-netanyahu-po-vdes-vetem-per-kafe","status":"publish","type":"post","link":"https:\/\/www.press7.tv\/?p=26681","title":{"rendered":"U raportua se \u00ebsht\u00eb vrar\u00eb, shfaqet Netanyahu: Po vdes vet\u00ebm p\u00ebr kafe"},"content":{"rendered":"\n    <div class=\"xs_social_share_widget xs_share_url before_content \t\tmain_content  wslu-style-2 wslu-share-box-shaped wslu-fill-colored wslu-share-m-5 wslu-none wslu-share-vertical wslu-theme-font-no wslu-main_content\">\n\n\t\t\n        <ul>\n\t\t\t        <\/ul>\n    <\/div> \n<p>Kryeministri izraelit, Benjamin Netanyahu ka shp\u00ebrndar\u00eb n\u00eb \u201cX\u201d nj\u00eb video te tij teksa blen kafe n\u00eb nj\u00eb lokal. Kjo video e tij vjen nd\u00ebrsa Teherani ka k\u00ebrc\u00ebnuar se do t\u00eb vras\u00eb liderin e Izraelit pas luft\u00ebs s\u00eb nisur n\u00eb Iran nga sulmet izraelite dhe amerikane. Gjithashtu pati raportime se ai \u00ebsht\u00eb vrar\u00eb.<\/p>\n<p>N\u00eb video, Netanyahu shihet teksa blen kafen dhe e shijon dhe thot\u00eb se ai \u201cpo vdes p\u00ebr kafe\u201d. Nj\u00eb replik\u00eb e Netanyahut ndaj k\u00ebrc\u00ebnimeve me vrasje duke ironizuar se ai momentalisht t\u00eb vetmen gj\u00eb p\u00ebr t\u00eb cil\u00ebn po vdes, \u00ebsht\u00eb p\u00ebr kafe. Ai gjithasht shkruan bashk\u00ebngjitur me pamjet: Ata thon\u00eb se un\u00eb jam \u00e7far\u00eb? Shiko.<\/p>\n<p>Garda Revolucionare e Iranit ka deklaruar se do ta \u201cndjek\u00eb dhe do t\u00eb vras\u00eb\u201d kryeministrin e izraelit. Mungeasa e kryeministrit n\u00eb Mbledhjen e K\u00ebshillit Ushtarak t\u00eb Izraelit nxiti dhe m\u00eb shum\u00eb spekulimet p\u00ebr k\u00ebrc\u00ebnimin iranian.<\/p>\n","protected":false},"excerpt":{"rendered":"<p>Kryeministri izraelit, Benjamin Netanyahu ka shp\u00ebrndar\u00eb n\u00eb \u201cX\u201d nj\u00eb video te tij teksa blen kafe n\u00eb nj\u00eb lokal. Kjo video e tij vjen nd\u00ebrsa Teherani ka k\u00ebrc\u00ebnuar se do t\u00eb vras\u00eb liderin e Izraelit pas luft\u00ebs s\u00eb nisur n\u00eb Iran nga sulmet izraelite dhe amerikane. Gjithashtu pati raportime se ai \u00ebsht\u00eb vrar\u00eb. N\u00eb video, Netanyahu [&hellip;]<\/p>\n","protected":false},"author":8,"featured_media":26682,"comment_status":"closed","ping_status":"closed","sticky":false,"template":"","format":"standard","meta":{"footnotes":""},"categories":[217,213],"tags":[],"class_list":["post-26681","post","type-post","status-publish","format-standard","has-post-thumbnail","hentry","category-bote","category-lajme"],"yoast_head":"<!-- This site is optimized with the Yoast SEO plugin v25.1 - https:\/\/yoast.com\/wordpress\/plugins\/seo\/ -->\n<title>U raportua se \u00ebsht\u00eb vrar\u00eb, shfaqet Netanyahu: Po vdes vet\u00ebm p\u00ebr kafe - press7.tv<\/title>\n<meta name=\"robots\" content=\"index, follow, max-snippet:-1, max-image-preview:large, max-video-preview:-1\" \/>\n<link rel=\"canonical\" href=\"https:\/\/www.press7.tv\/?p=26681\" \/>\n<meta property=\"og:locale\" content=\"en_US\" \/>\n<meta property=\"og:type\" content=\"article\" \/>\n<meta property=\"og:title\" content=\"U raportua se \u00ebsht\u00eb vrar\u00eb, shfaqet Netanyahu: Po vdes vet\u00ebm p\u00ebr kafe - press7.tv\" \/>\n<meta property=\"og:description\" content=\"Kryeministri izraelit, Benjamin Netanyahu ka shp\u00ebrndar\u00eb n\u00eb \u201cX\u201d nj\u00eb video te tij teksa blen kafe n\u00eb nj\u00eb lokal. Kjo video e tij vjen nd\u00ebrsa Teherani ka k\u00ebrc\u00ebnuar se do t\u00eb vras\u00eb liderin e Izraelit pas luft\u00ebs s\u00eb nisur n\u00eb Iran nga sulmet izraelite dhe amerikane. Gjithashtu pati raportime se ai \u00ebsht\u00eb vrar\u00eb. N\u00eb video, Netanyahu [&hellip;]\" \/>\n<meta property=\"og:url\" content=\"https:\/\/www.press7.tv\/?p=26681\" \/>\n<meta property=\"og:site_name\" content=\"press7.tv\" \/>\n<meta property=\"article:publisher\" content=\"https:\/\/www.facebook.com\/press7.tv\" \/>\n<meta property=\"article:published_time\" content=\"2026-03-15T16:08:43+00:00\" \/>\n<meta property=\"og:image\" content=\"https:\/\/www.press7.tv\/wp-content\/uploads\/2026\/03\/IMG_7835.avif\" \/>\n\t<meta property=\"og:image:width\" content=\"753\" \/>\n\t<meta property=\"og:image:height\" content=\"602\" \/>\n\t<meta property=\"og:image:type\" content=\"image\/jpeg\" \/>\n<meta name=\"author\" content=\"gazetar2\" \/>\n<meta name=\"twitter:card\" content=\"summary_large_image\" \/>\n<meta name=\"twitter:label1\" content=\"Written by\" \/>\n\t<meta name=\"twitter:data1\" content=\"gazetar2\" \/>\n\t<meta name=\"twitter:label2\" content=\"Est. reading time\" \/>\n\t<meta name=\"twitter:data2\" content=\"1 minute\" \/>\n<script type=\"application\/ld+json\" class=\"yoast-schema-graph\">{\"@context\":\"https:\/\/schema.org\",\"@graph\":[{\"@type\":\"Article\",\"@id\":\"https:\/\/www.press7.tv\/?p=26681#article\",\"isPartOf\":{\"@id\":\"https:\/\/www.press7.tv\/?p=26681\"},\"author\":{\"name\":\"gazetar2\",\"@id\":\"https:\/\/www.news33.tv\/#\/schema\/person\/5a04a38a23ccdba82f9bd665cd8f9efa\"},\"headline\":\"U raportua se \u00ebsht\u00eb vrar\u00eb, shfaqet Netanyahu: Po vdes vet\u00ebm p\u00ebr kafe\",\"datePublished\":\"2026-03-15T16:08:43+00:00\",\"mainEntityOfPage\":{\"@id\":\"https:\/\/www.press7.tv\/?p=26681\"},\"wordCount\":172,\"publisher\":{\"@id\":\"https:\/\/www.news33.tv\/#organization\"},\"image\":{\"@id\":\"https:\/\/www.press7.tv\/?p=26681#primaryimage\"},\"thumbnailUrl\":\"https:\/\/www.press7.tv\/wp-content\/uploads\/2026\/03\/IMG_7835.avif\",\"articleSection\":[\"Bot\u00eb\",\"Lajme\"],\"inLanguage\":\"en-US\"},{\"@type\":\"WebPage\",\"@id\":\"https:\/\/www.press7.tv\/?p=26681\",\"url\":\"https:\/\/www.press7.tv\/?p=26681\",\"name\":\"U raportua se \u00ebsht\u00eb vrar\u00eb, shfaqet Netanyahu: Po vdes vet\u00ebm p\u00ebr kafe - press7.tv\",\"isPartOf\":{\"@id\":\"https:\/\/www.news33.tv\/#website\"},\"primaryImageOfPage\":{\"@id\":\"https:\/\/www.press7.tv\/?p=26681#primaryimage\"},\"image\":{\"@id\":\"https:\/\/www.press7.tv\/?p=26681#primaryimage\"},\"thumbnailUrl\":\"https:\/\/www.press7.tv\/wp-content\/uploads\/2026\/03\/IMG_7835.avif\",\"datePublished\":\"2026-03-15T16:08:43+00:00\",\"breadcrumb\":{\"@id\":\"https:\/\/www.press7.tv\/?p=26681#breadcrumb\"},\"inLanguage\":\"en-US\",\"potentialAction\":[{\"@type\":\"ReadAction\",\"target\":[\"https:\/\/www.press7.tv\/?p=26681\"]}]},{\"@type\":\"ImageObject\",\"inLanguage\":\"en-US\",\"@id\":\"https:\/\/www.press7.tv\/?p=26681#primaryimage\",\"url\":\"https:\/\/www.press7.tv\/wp-content\/uploads\/2026\/03\/IMG_7835.avif\",\"contentUrl\":\"https:\/\/www.press7.tv\/wp-content\/uploads\/2026\/03\/IMG_7835.avif\",\"width\":753,\"height\":602},{\"@type\":\"BreadcrumbList\",\"@id\":\"https:\/\/www.press7.tv\/?p=26681#breadcrumb\",\"itemListElement\":[{\"@type\":\"ListItem\",\"position\":1,\"name\":\"Home\",\"item\":\"https:\/\/www.press7.tv\/\"},{\"@type\":\"ListItem\",\"position\":2,\"name\":\"U raportua se \u00ebsht\u00eb vrar\u00eb, shfaqet Netanyahu: Po vdes vet\u00ebm p\u00ebr kafe\"}]},{\"@type\":\"WebSite\",\"@id\":\"https:\/\/www.news33.tv\/#website\",\"url\":\"https:\/\/www.news33.tv\/\",\"name\":\"News33.tv Media\",\"description\":\"Media\",\"publisher\":{\"@id\":\"https:\/\/www.news33.tv\/#organization\"},\"potentialAction\":[{\"@type\":\"SearchAction\",\"target\":{\"@type\":\"EntryPoint\",\"urlTemplate\":\"https:\/\/www.news33.tv\/?s={search_term_string}\"},\"query-input\":{\"@type\":\"PropertyValueSpecification\",\"valueRequired\":true,\"valueName\":\"search_term_string\"}}],\"inLanguage\":\"en-US\"},{\"@type\":\"Organization\",\"@id\":\"https:\/\/www.news33.tv\/#organization\",\"name\":\"News33.tv Media\",\"url\":\"https:\/\/www.news33.tv\/\",\"logo\":{\"@type\":\"ImageObject\",\"inLanguage\":\"en-US\",\"@id\":\"https:\/\/www.news33.tv\/#\/schema\/logo\/image\/\",\"url\":\"https:\/\/www.press7.tv\/wp-content\/uploads\/2024\/02\/logo-news33-black.png\",\"contentUrl\":\"https:\/\/www.press7.tv\/wp-content\/uploads\/2024\/02\/logo-news33-black.png\",\"width\":180,\"height\":37,\"caption\":\"News33.tv Media\"},\"image\":{\"@id\":\"https:\/\/www.news33.tv\/#\/schema\/logo\/image\/\"},\"sameAs\":[\"https:\/\/www.facebook.com\/press7.tv\"]},{\"@type\":\"Person\",\"@id\":\"https:\/\/www.news33.tv\/#\/schema\/person\/5a04a38a23ccdba82f9bd665cd8f9efa\",\"name\":\"gazetar2\",\"image\":{\"@type\":\"ImageObject\",\"inLanguage\":\"en-US\",\"@id\":\"https:\/\/www.news33.tv\/#\/schema\/person\/image\/\",\"url\":\"https:\/\/www.press7.tv\/wp-content\/litespeed\/avatar\/41975e402c3049d9ddb03adca8f7a883.jpg?ver=1777169572\",\"contentUrl\":\"https:\/\/www.press7.tv\/wp-content\/litespeed\/avatar\/41975e402c3049d9ddb03adca8f7a883.jpg?ver=1777169572\",\"caption\":\"gazetar2\"},\"url\":\"https:\/\/www.press7.tv\/?author=8\"}]}<\/script>\n<!-- \/ Yoast SEO plugin. -->","yoast_head_json":{"title":"U raportua se \u00ebsht\u00eb vrar\u00eb, shfaqet Netanyahu: Po vdes vet\u00ebm p\u00ebr kafe - press7.tv","robots":{"index":"index","follow":"follow","max-snippet":"max-snippet:-1","max-image-preview":"max-image-preview:large","max-video-preview":"max-video-preview:-1"},"canonical":"https:\/\/www.press7.tv\/?p=26681","og_locale":"en_US","og_type":"article","og_title":"U raportua se \u00ebsht\u00eb vrar\u00eb, shfaqet Netanyahu: Po vdes vet\u00ebm p\u00ebr kafe - press7.tv","og_description":"Kryeministri izraelit, Benjamin Netanyahu ka shp\u00ebrndar\u00eb n\u00eb \u201cX\u201d nj\u00eb video te tij teksa blen kafe n\u00eb nj\u00eb lokal. Kjo video e tij vjen nd\u00ebrsa Teherani ka k\u00ebrc\u00ebnuar se do t\u00eb vras\u00eb liderin e Izraelit pas luft\u00ebs s\u00eb nisur n\u00eb Iran nga sulmet izraelite dhe amerikane. Gjithashtu pati raportime se ai \u00ebsht\u00eb vrar\u00eb. N\u00eb video, Netanyahu [&hellip;]","og_url":"https:\/\/www.press7.tv\/?p=26681","og_site_name":"press7.tv","article_publisher":"https:\/\/www.facebook.com\/press7.tv","article_published_time":"2026-03-15T16:08:43+00:00","og_image":[{"width":753,"height":602,"url":"https:\/\/www.press7.tv\/wp-content\/uploads\/2026\/03\/IMG_7835.avif","type":"image\/jpeg"}],"author":"gazetar2","twitter_card":"summary_large_image","twitter_misc":{"Written by":"gazetar2","Est. reading time":"1 minute"},"schema":{"@context":"https:\/\/schema.org","@graph":[{"@type":"Article","@id":"https:\/\/www.press7.tv\/?p=26681#article","isPartOf":{"@id":"https:\/\/www.press7.tv\/?p=26681"},"author":{"name":"gazetar2","@id":"https:\/\/www.news33.tv\/#\/schema\/person\/5a04a38a23ccdba82f9bd665cd8f9efa"},"headline":"U raportua se \u00ebsht\u00eb vrar\u00eb, shfaqet Netanyahu: Po vdes vet\u00ebm p\u00ebr kafe","datePublished":"2026-03-15T16:08:43+00:00","mainEntityOfPage":{"@id":"https:\/\/www.press7.tv\/?p=26681"},"wordCount":172,"publisher":{"@id":"https:\/\/www.news33.tv\/#organization"},"image":{"@id":"https:\/\/www.press7.tv\/?p=26681#primaryimage"},"thumbnailUrl":"https:\/\/www.press7.tv\/wp-content\/uploads\/2026\/03\/IMG_7835.avif","articleSection":["Bot\u00eb","Lajme"],"inLanguage":"en-US"},{"@type":"WebPage","@id":"https:\/\/www.press7.tv\/?p=26681","url":"https:\/\/www.press7.tv\/?p=26681","name":"U raportua se \u00ebsht\u00eb vrar\u00eb, shfaqet Netanyahu: Po vdes vet\u00ebm p\u00ebr kafe - press7.tv","isPartOf":{"@id":"https:\/\/www.news33.tv\/#website"},"primaryImageOfPage":{"@id":"https:\/\/www.press7.tv\/?p=26681#primaryimage"},"image":{"@id":"https:\/\/www.press7.tv\/?p=26681#primaryimage"},"thumbnailUrl":"https:\/\/www.press7.tv\/wp-content\/uploads\/2026\/03\/IMG_7835.avif","datePublished":"2026-03-15T16:08:43+00:00","breadcrumb":{"@id":"https:\/\/www.press7.tv\/?p=26681#breadcrumb"},"inLanguage":"en-US","potentialAction":[{"@type":"ReadAction","target":["https:\/\/www.press7.tv\/?p=26681"]}]},{"@type":"ImageObject","inLanguage":"en-US","@id":"https:\/\/www.press7.tv\/?p=26681#primaryimage","url":"https:\/\/www.press7.tv\/wp-content\/uploads\/2026\/03\/IMG_7835.avif","contentUrl":"https:\/\/www.press7.tv\/wp-content\/uploads\/2026\/03\/IMG_7835.avif","width":753,"height":602},{"@type":"BreadcrumbList","@id":"https:\/\/www.press7.tv\/?p=26681#breadcrumb","itemListElement":[{"@type":"ListItem","position":1,"name":"Home","item":"https:\/\/www.press7.tv\/"},{"@type":"ListItem","position":2,"name":"U raportua se \u00ebsht\u00eb vrar\u00eb, shfaqet Netanyahu: Po vdes vet\u00ebm p\u00ebr kafe"}]},{"@type":"WebSite","@id":"https:\/\/www.news33.tv\/#website","url":"https:\/\/www.news33.tv\/","name":"News33.tv Media","description":"Media","publisher":{"@id":"https:\/\/www.news33.tv\/#organization"},"potentialAction":[{"@type":"SearchAction","target":{"@type":"EntryPoint","urlTemplate":"https:\/\/www.news33.tv\/?s={search_term_string}"},"query-input":{"@type":"PropertyValueSpecification","valueRequired":true,"valueName":"search_term_string"}}],"inLanguage":"en-US"},{"@type":"Organization","@id":"https:\/\/www.news33.tv\/#organization","name":"News33.tv Media","url":"https:\/\/www.news33.tv\/","logo":{"@type":"ImageObject","inLanguage":"en-US","@id":"https:\/\/www.news33.tv\/#\/schema\/logo\/image\/","url":"https:\/\/www.press7.tv\/wp-content\/uploads\/2024\/02\/logo-news33-black.png","contentUrl":"https:\/\/www.press7.tv\/wp-content\/uploads\/2024\/02\/logo-news33-black.png","width":180,"height":37,"caption":"News33.tv Media"},"image":{"@id":"https:\/\/www.news33.tv\/#\/schema\/logo\/image\/"},"sameAs":["https:\/\/www.facebook.com\/press7.tv"]},{"@type":"Person","@id":"https:\/\/www.news33.tv\/#\/schema\/person\/5a04a38a23ccdba82f9bd665cd8f9efa","name":"gazetar2","image":{"@type":"ImageObject","inLanguage":"en-US","@id":"https:\/\/www.news33.tv\/#\/schema\/person\/image\/","url":"https:\/\/www.press7.tv\/wp-content\/litespeed\/avatar\/41975e402c3049d9ddb03adca8f7a883.jpg?ver=1777169572","contentUrl":"https:\/\/www.press7.tv\/wp-content\/litespeed\/avatar\/41975e402c3049d9ddb03adca8f7a883.jpg?ver=1777169572","caption":"gazetar2"},"url":"https:\/\/www.press7.tv\/?author=8"}]}},"amp_enabled":true,"_links":{"self":[{"href":"https:\/\/www.press7.tv\/index.php?rest_route=\/wp\/v2\/posts\/26681","targetHints":{"allow":["GET"]}}],"collection":[{"href":"https:\/\/www.press7.tv\/index.php?rest_route=\/wp\/v2\/posts"}],"about":[{"href":"https:\/\/www.press7.tv\/index.php?rest_route=\/wp\/v2\/types\/post"}],"author":[{"embeddable":true,"href":"https:\/\/www.press7.tv\/index.php?rest_route=\/wp\/v2\/users\/8"}],"replies":[{"embeddable":true,"href":"https:\/\/www.press7.tv\/index.php?rest_route=%2Fwp%2Fv2%2Fcomments&post=26681"}],"version-history":[{"count":1,"href":"https:\/\/www.press7.tv\/index.php?rest_route=\/wp\/v2\/posts\/26681\/revisions"}],"predecessor-version":[{"id":26683,"href":"https:\/\/www.press7.tv\/index.php?rest_route=\/wp\/v2\/posts\/26681\/revisions\/26683"}],"wp:featuredmedia":[{"embeddable":true,"href":"https:\/\/www.press7.tv\/index.php?rest_route=\/wp\/v2\/media\/26682"}],"wp:attachment":[{"href":"https:\/\/www.press7.tv\/index.php?rest_route=%2Fwp%2Fv2%2Fmedia&parent=26681"}],"wp:term":[{"taxonomy":"category","embeddable":true,"href":"https:\/\/www.press7.tv\/index.php?rest_route=%2Fwp%2Fv2%2Fcategories&post=26681"},{"taxonomy":"post_tag","embeddable":true,"href":"https:\/\/www.press7.tv\/index.php?rest_route=%2Fwp%2Fv2%2Ftags&post=26681"}],"curies":[{"name":"wp","href":"https:\/\/api.w.org\/{rel}","templated":true}]}}