{"id":26678,"date":"2026-03-15T15:39:15","date_gmt":"2026-03-15T15:39:15","guid":{"rendered":"https:\/\/www.press7.tv\/?p=26678"},"modified":"2026-03-15T15:39:15","modified_gmt":"2026-03-15T15:39:15","slug":"serwer-porosi-kosoves-kush-e-degjon-nje-vend-qe-nuk-mund-te-gjeje-president","status":"publish","type":"post","link":"https:\/\/www.press7.tv\/?p=26678","title":{"rendered":"Serwer porosi Kosov\u00ebs: Kush e d\u00ebgjon nj\u00eb vend q\u00eb nuk mund t\u00eb gjej\u00eb president?"},"content":{"rendered":"\n    <div class=\"xs_social_share_widget xs_share_url before_content \t\tmain_content  wslu-style-2 wslu-share-box-shaped wslu-fill-colored wslu-share-m-5 wslu-none wslu-share-vertical wslu-theme-font-no wslu-main_content\">\n\n\t\t\n        <ul>\n\t\t\t        <\/ul>\n    <\/div> \n<p>P\u00ebr ata q\u00eb ndjekin politik\u00ebn n\u00eb Kosov\u00eb, zhvillimet e fundit duken si \u2018d\u00e9j\u00e0 vu\u2019. Deri para nj\u00eb muaji, vendi kaloi gati nj\u00eb vit me Qeveri n\u00eb detyr\u00eb dhe pa Kuvend funksional. Sot, institucioni m\u00eb i lart\u00eb legjislativ mbetet s\u00ebrish i bllokuar, n\u00eb pritje t\u00eb nj\u00eb vendimi t\u00eb Gjykat\u00ebs Kushtetuese.<\/p>\n<p>Arsyet mund t\u00eb jen\u00eb t\u00eb ndryshme, por sipas analistit Daniel Serwer, nj\u00eb kriz\u00eb q\u00eb zgjat kaq gjat\u00eb, \u201cnuk \u00ebsht\u00eb normale\u201d, dhe minon pozicionin e Kosov\u00ebs n\u00eb aren\u00ebn nd\u00ebrkomb\u00ebtare. Ai paralajm\u00ebron se, n\u00eb k\u00ebto kushte, vendi rrezikon drejtp\u00ebrdrejt mb\u00ebshtetjen e SHBA-s\u00eb.<\/p>\n<p>\u201cPo flas p\u00ebr nj\u00eb marr\u00ebdh\u00ebnie t\u00eb v\u00ebrtet\u00eb dhe t\u00eb q\u00ebndrueshme midis Uashingtonit dhe Prishtin\u00ebs, dhe kjo marr\u00ebdh\u00ebnie nuk mund t\u00eb nd\u00ebrtohet me nj\u00eb qeveri n\u00eb detyr\u00eb dhe pa president. Thjesht, nuk funksionon k\u00ebshtu\u201d, thot\u00eb Serwer, nga Universiteti Johns Hopkins, p\u00ebr programin Expose t\u00eb Radios Evropa e Lir\u00eb.<\/p>\n<p>Tensionet kulmuan m\u00eb 6 mars, kur presidentja e Kosov\u00ebs, Vjosa Osmani, nxori dekret p\u00ebr shp\u00ebrndarjen e Kuvendit \u2013 vet\u00ebm nj\u00eb dit\u00eb pasi ai d\u00ebshtoi t\u00eb zgjidhte presidentin e ri t\u00eb shtetit.<\/p>\n<p>\u201cK\u00ebtu e soll\u00ebn vendin njer\u00ebz t\u00eb pap\u00ebrgjegjsh\u00ebm dhe me q\u00ebllime t\u00eb rrezikshme\u2026 N\u00eb koh\u00eb pasigurish t\u00eb m\u00ebdha n\u00eb rajon dhe n\u00eb bot\u00eb, Kosova nuk mund ta ket\u00eb luksin e zvarrtjeve t\u00eb pafundme dhe t\u00eb legjitimitetit t\u00eb kontestuar\u201d, tha Osmani n\u00eb nj\u00eb konferenc\u00eb p\u00ebr media.<\/p>\n<p>Ajo nuk p\u00ebrmendi emra konkret\u00eb, por dekreti i saj u sfidua n\u00eb Gjykat\u00ebn Kushtetuese nga L\u00ebvizja Vet\u00ebvendosje e kryeministrit Albin Kurti, me arsyetimin se bie ndesh me Kushtetut\u00ebn.<\/p>\n<p>\u201cUn\u00eb nuk besoj se mund t\u00eb flasim p\u00ebr zgjedhje t\u00eb reja pa e th\u00ebn\u00eb fjal\u00ebn e vet Gjykata Kushtetuese, meqen\u00ebse kemi mospajtime dhe kemi nj\u00eb k\u00ebrkes\u00eb para saj\u201d, u tha Kurti gazetar\u00ebve.<\/p>\n<p>Gjykata Kushtetuese vendosi mas\u00eb t\u00eb p\u00ebrkohshme deri m\u00eb 31 mars ndaj dekretit p\u00ebr shp\u00ebrndarjen e Kuvendit. Deri at\u00ebher\u00eb, institucioni nuk mund t\u00eb zhvilloj\u00eb asnj\u00eb aktivitet parlamentar \u2013 as t\u00eb mblidhet p\u00ebr zgjedhjen e presidentit t\u00eb ri, edhe pse mandati i presidentes Osmani p\u00ebrfundon m\u00eb 5 prill.<\/p>\n<p>Krejt kjo situat\u00eb kujton edhe vitin 2025, kur pas zgjedhjeve t\u00eb shkurtit Kuvendi mezi u konstituua, pas dhjet\u00ebra p\u00ebrpjekjesh, nd\u00ebrsa Qeveria nuk arriti t\u00eb formohej, dhe vendi p\u00ebrfundoi s\u00ebrish n\u00eb zgjedhje.<\/p>\n<p>Serwer paralajm\u00ebron se ky cik\u00ebl krizash ka tejkaluar tashm\u00eb pengesat normale t\u00eb nj\u00eb sistemi parlamentar, duke e b\u00ebr\u00eb Kosov\u00ebn t\u00eb duket jokompetente n\u00eb syt\u00eb e aleat\u00ebve.<\/p>\n<p>\u201c\u00cbsht\u00eb problemi me Gaz\u00ebn, \u00ebsht\u00eb problemi me luft\u00ebn n\u00eb Iran, \u00ebsht\u00eb problemi me luft\u00ebn n\u00eb Ukrain\u00eb. Kush do ta d\u00ebgjoj\u00eb nj\u00eb vend q\u00eb nuk mund t\u00eb gjej\u00eb nj\u00eb president?\u201d, thot\u00eb Serwer.<\/p>\n<p>Bashkimi Evropian, me gjas\u00eb, jo.<\/p>\n<p>Komisionarja p\u00ebr Zgjerim, Marta Kos, ka shtyr\u00eb vizit\u00ebn e planifikuar k\u00ebt\u00eb jav\u00eb n\u00eb Kosov\u00eb, duke e lidhur k\u00ebt\u00eb vendim direkt me zhvillimet e fundit politike.<\/p>\n<p>N\u00eb nj\u00eb prononcim p\u00ebr Radion Evropa e Lir\u00eb, nj\u00eb z\u00ebdh\u00ebn\u00ebs i BE-s\u00eb tha se blloku \u00ebsht\u00eb i gatsh\u00ebm t\u00eb mb\u00ebshtes\u00eb agjend\u00ebn evropiane t\u00eb Kosov\u00ebs, por se kjo k\u00ebrkon institucione plot\u00ebsisht funksionale.<\/p>\n<p>Radio Evropa e Lir\u00eb pyeti edhe ambasadat e vendeve t\u00eb Quint-it \u2013 SHBA-s\u00eb, Britanis\u00eb, Gjermanis\u00eb, Franc\u00ebs dhe Italis\u00eb \u2013 se si e shohin ato kriz\u00ebn politike n\u00eb Kosov\u00eb dhe n\u00ebse ajo mund t\u00eb ndikoj\u00eb n\u00eb angazhimin e tyre.<\/p>\n<p>P\u00ebrgjigje mori vet\u00ebm prej Ambasad\u00ebs gjermane, e cila tha se \u201cGjermania vazhdon t\u00eb jet\u00eb nj\u00eb mike dhe partnere e fort\u00eb n\u00eb rrug\u00ebn e Kosov\u00ebs drejt integrimit euroatlantik. P\u00ebr t\u00eb arritur p\u00ebrparim n\u00eb k\u00ebt\u00eb rrug\u00eb, ne kemi nevoj\u00eb p\u00ebr institucione t\u00eb konsoliduara plot\u00ebsisht dhe t\u00eb q\u00ebndrueshme\u201d.<\/p>\n<p>Ambasadori britanik n\u00eb Prishtin\u00eb, Jonathan Hargreaves, shkroi n\u00eb rrjetet sociale se Kosova ka nevoj\u00eb urgjente p\u00ebr t\u2019iu rikthyer stabilitetit politik dhe p\u00ebr t\u00eb b\u00ebr\u00eb p\u00ebrparim n\u00eb agjendat e brendshme dhe nd\u00ebrkomb\u00ebtare, nd\u00ebrsa e cil\u00ebsoi si \u201cjetik\u201d dialogun konstruktiv p\u00ebr gjetjen e nj\u00eb rruge p\u00ebrpara.<\/p>\n<p>Augustin Palokaj, gazetar me p\u00ebrvoj\u00eb n\u00eb politik\u00ebn evropiane, thot\u00eb se kjo kriz\u00eb ndodh n\u00eb nj\u00eb moment ky\u00e7, kur Kosova kishte shansin t\u00eb rikuperonte humbjet e viteve t\u00eb fundit, shkaktuar nga masat nd\u00ebshkuese t\u00eb BE-s\u00eb dhe mungesa e institucioneve funksionale.<\/p>\n<p>Ai paralajm\u00ebron se n\u00ebse kriza vazhdon, dhe \u00e7on edhe n\u00eb nj\u00eb pal\u00eb zgjedhje, rrezikohet p\u00ebrdorimi i miliona eurove nga Plani i Rritjes i BE-s\u00eb dhe fondet e tjera nd\u00ebrkomb\u00ebtare.<\/p>\n<p>\u201cT\u00eb gjith\u00eb duan q\u00eb n\u00eb Kosov\u00eb t\u00eb ken\u00eb partner\u00eb t\u00eb besuesh\u00ebm dhe partner\u00eb q\u00eb do t\u00eb ken\u00eb legjitimitet t\u00eb plot\u00eb kur t\u00eb flasin, t\u00eb negociojn\u00eb dhe t\u00eb marrin obligime n\u00eb em\u00ebr t\u00eb Kosov\u00ebs. Prandaj, nuk mund t\u00eb ket\u00eb raporte me Kosov\u00ebn n\u00ebse Kosova nuk ka stabilitet t\u00eb brendsh\u00ebm politik dhe nuk ka struktura me legjitimitet t\u00eb plot\u00eb\u201d, thot\u00eb Palokaj p\u00ebr Exposen\u00eb.<\/p>\n<p>P\u00ebr m\u00eb tep\u00ebr, shton ai, kriza politike mund ta pengoj\u00eb Kosov\u00ebn t\u00eb hyj\u00eb edhe k\u00ebt\u00eb vit n\u00eb rend dite p\u00ebr an\u00ebtar\u00ebsim n\u00eb K\u00ebshillin e Evrop\u00ebs, nd\u00ebrsa e b\u00ebn m\u00eb t\u00eb pasigurt edhe fatin e aplikimit t\u00eb saj p\u00ebr an\u00ebtar\u00ebsim n\u00eb BE.<\/p>\n<p>\u201c\u00cbsht\u00eb i vetmi vend n\u00eb Evrop\u00eb q\u00eb ka aplikuar p\u00ebr an\u00ebtar\u00ebsim n\u00eb BE, por aplikimi nuk \u00ebsht\u00eb shqyrtuar fare dhe nuk ka as plan q\u00eb t\u00eb shqyrtohet. N\u00ebse Kosova vazhdon me kriza t\u00eb tilla t\u00eb brendshme politike dhe nuk nxiton vet\u00eb, at\u00ebher\u00eb pse do t\u00eb duhej t\u00eb nxitonte BE-ja? Shtetet q\u00eb edhe ashtu nuk jan\u00eb t\u00eb interesuara ta ndihmojn\u00eb Kosov\u00ebn, do ta shfryt\u00ebzojn\u00eb k\u00ebt\u00eb situat\u00eb p\u00ebr ta mbajtur vendin t\u00eb margjinalizuar edhe n\u00eb t\u00eb ardhmen\u201d, thot\u00eb Palokaj.<\/p>\n<p>Vet\u00ebm dy jav\u00eb para se t\u00eb nxirrte dekretin p\u00ebr shp\u00ebrndarjen e Kuvendit, presidentja Osmani mori pjes\u00eb n\u00eb mbledhjen e par\u00eb t\u00eb Bordit t\u00eb Paqes p\u00ebr Gaz\u00ebn, si an\u00ebtare themeluese e k\u00ebsaj nisme t\u00eb nd\u00ebrmarr\u00eb nga presidenti amerikan, Donald Trump.<\/p>\n<p>Serwer e konsideron t\u00eb men\u00e7ur vendimin e saj p\u00ebr t\u2019u p\u00ebrfshir\u00eb n\u00eb Bord. Edhe pse vet\u00eb nuk e mb\u00ebshtet, ai thot\u00eb se p\u00ebr Kosov\u00ebn kjo \u00ebsht\u00eb nj\u00eb m\u00ebnyr\u00eb p\u00ebr t\u2019u pozicionuar m\u00eb mir\u00eb n\u00eb raport me Uashingtonin.<\/p>\n<p>N\u00eb Kosov\u00eb, megjithat\u00eb, sinjalet nuk kan\u00eb qen\u00eb t\u00eb qarta n\u00ebse pjes\u00ebmarrja n\u00eb Bordin e Paqes g\u00ebzon mb\u00ebshtetje t\u00eb plot\u00eb politike ose jo, nd\u00ebrsa mbetet e paqart\u00eb edhe si do t\u00eb vazhdoj\u00eb angazhimi i vendit n\u00eb t\u00eb ardhmen.<\/p>\n<p>Serwer thot\u00eb se Kosova duhet t\u00eb ruaj\u00eb besimin e SHBA-s\u00eb, e cila tashm\u00eb ka shfaqur pak\u00ebnaq\u00ebsi p\u00ebr ng\u00ebr\u00e7in politik, duke pezulluar Dialogun Strategjik vitin e kaluar.<\/p>\n<p>Ai argumenton se an\u00ebtar\u00ebsimi n\u00eb NATO duhet t\u00eb jet\u00eb objektivi m\u00eb urgjent strategjik i vendit, pasi pa mb\u00ebshtetjen e Aleanc\u00ebs, Kosova mund t\u00eb mbrohet vet\u00ebm p\u00ebr nj\u00eb koh\u00eb t\u00eb shkurt\u00ebr. Ai paralajm\u00ebron se kriza e gjat\u00eb institucionale e k\u00ebrc\u00ebnon direkt k\u00ebt\u00eb objektiv, duke penguar nd\u00ebrtimin e nj\u00eb marr\u00ebdh\u00ebnieje t\u00eb q\u00ebndrueshme me SHBA-n\u00eb, e cila \u00ebsht\u00eb thelb\u00ebsore p\u00ebr aplikimin e suksessh\u00ebm n\u00eb NATO.<\/p>\n<p>\u201cJu duhet t\u00eb keni nj\u00eb marr\u00ebdh\u00ebnie shum\u00eb t\u00eb mir\u00eb me NATO-n, por edhe nj\u00eb marr\u00ebdh\u00ebnie shum\u00eb t\u00eb mir\u00eb me Shtetet e Bashkuara, sepse SHBA-ja do t\u00eb duhet t\u00eb thot\u00eb \u2018po\u2019 ose \u2018jo\u2019 p\u00ebr mbrojtjen e Kosov\u00ebs nga Serbia, n\u00ebse ndonj\u00ebher\u00eb lind nevoja. Prandaj, un\u00eb do ta ruaja nj\u00eb marr\u00ebdh\u00ebnie shum\u00eb t\u00eb mir\u00eb me amerikan\u00ebt\u201d, thot\u00eb Serwer.<\/p>\n<p>Serwer shton se zgjidhja e kriz\u00ebs duhet t\u00eb vij\u00eb nga vet\u00eb udh\u00ebheq\u00ebsit e Kosov\u00ebs dhe se kompromisi \u00ebsht\u00eb k\u00ebrkesa m\u00eb e natyrshme e nj\u00eb sistemi parlamentar.<\/p>\n<p>Edhe Palokaj thekson se tejkalimi i kriz\u00ebs k\u00ebrkon kompromise dhe koncesione mes pal\u00ebve dhe se zgjidhja nuk duhet pritur apo imponuar nga jasht\u00eb.<\/p>\n<p>\u201cPartner\u00ebt duan ta shohin Kosov\u00ebn t\u00eb aft\u00eb p\u00ebr t\u00eb vendosur p\u00ebr veten. Nuk mund t\u00eb ket\u00eb kthim n\u00eb t\u00eb kaluar\u00ebn, kur ambasador\u00ebt e huaj kan\u00eb vendosur se si t\u00eb tejkalohen bllokadat politike dhe, madje, kan\u00eb shprehur preferenca p\u00ebr kandidat\u00eb t\u00eb caktuar\u201d, thot\u00eb Palokaj.<\/p>\n<p>Dit\u00ebve t\u00eb fundit u b\u00eb e madhe n\u00eb media nj\u00eb deklarat\u00eb e nj\u00eb deputeti t\u00eb L\u00ebvizjes Vet\u00ebvendosje, i cili, p\u00ebrmes nj\u00eb postimi n\u00eb rrjetet sociale, u b\u00ebri thirrje disa ambasador\u00ebve \u2013 pa p\u00ebrmendur emra \u2013 q\u00eb t\u00eb mos nd\u00ebrhyjn\u00eb n\u00eb pun\u00ebn e Gjykat\u00ebs Kushtetuese t\u00eb Kosov\u00ebs, e cila po shqyrton ankes\u00ebn e k\u00ebsaj partie ndaj dekretit t\u00eb presidentes Osmani p\u00ebr shp\u00ebrndarjen e Kuvendit.<\/p>\n<p>Ambasadori i Franc\u00ebs n\u00eb Kosov\u00eb, Olivier Guerot, i cili vizitoi Gjykat\u00ebn Kushtetuese rreth nj\u00eb muaj m\u00eb par\u00eb, u pyet nga gazetar\u00ebt p\u00ebr k\u00ebt\u00eb deklarat\u00eb, por nuk pranoi t\u00eb komentonte.<\/p>\n<p>Vitin e kaluar, gjat\u00eb kriz\u00ebs institucionale n\u00eb Kosov\u00eb, vet\u00eb kryeministri Kurti akuzoi Gjykat\u00ebn Kushtetuese p\u00ebr nj\u00ebanshm\u00ebri dhe vendimmarrje t\u00eb padrejt\u00eb. Ish-ambasadori amerikan n\u00eb Kosov\u00eb, Jeffrey Hovenier, vler\u00ebsoi at\u00ebkoh\u00eb se k\u00ebto kritika ishin nd\u00ebr faktor\u00ebt kryesor\u00eb q\u00eb \u00e7uan SHBA-n\u00eb t\u00eb pezullonte Dialogun Strategjik me Kosov\u00ebn.<\/p>\n<p>Me fjal\u00ebt e Serwerit, Kosova dikur ishte \u201cmjaft e mir\u00eb\u201d n\u00eb organizimin e zgjedhjeve dhe n\u00eb alternimin e pushtetit \u2013 nj\u00eb prov\u00eb kjo e r\u00ebnd\u00ebsishme e demokracis\u00eb s\u00eb saj. Por sot, sipas tij, vendi \u201cka humbur pak nga talenti\u201d p\u00ebr ta kthyer rezultatin e zgjedhjeve n\u00eb nj\u00eb qeveri funksionale.<\/p>\n<p>Sa p\u00ebr fajtor\u00ebt? \u201cNuk e di \u2013 nuk jam aty kur ata flasin mes vete\u201d, p\u00ebrfundon Serwer.<\/p>\n","protected":false},"excerpt":{"rendered":"<p>P\u00ebr ata q\u00eb ndjekin politik\u00ebn n\u00eb Kosov\u00eb, zhvillimet e fundit duken si \u2018d\u00e9j\u00e0 vu\u2019. Deri para nj\u00eb muaji, vendi kaloi gati nj\u00eb vit me Qeveri n\u00eb detyr\u00eb dhe pa Kuvend funksional. Sot, institucioni m\u00eb i lart\u00eb legjislativ mbetet s\u00ebrish i bllokuar, n\u00eb pritje t\u00eb nj\u00eb vendimi t\u00eb Gjykat\u00ebs Kushtetuese. Arsyet mund t\u00eb jen\u00eb t\u00eb ndryshme, [&hellip;]<\/p>\n","protected":false},"author":8,"featured_media":26679,"comment_status":"closed","ping_status":"closed","sticky":false,"template":"","format":"standard","meta":{"footnotes":""},"categories":[217,213],"tags":[],"class_list":["post-26678","post","type-post","status-publish","format-standard","has-post-thumbnail","hentry","category-bote","category-lajme"],"yoast_head":"<!-- This site is optimized with the Yoast SEO plugin v25.1 - https:\/\/yoast.com\/wordpress\/plugins\/seo\/ -->\n<title>Serwer porosi Kosov\u00ebs: Kush e d\u00ebgjon nj\u00eb vend q\u00eb nuk mund t\u00eb gjej\u00eb president? - press7.tv<\/title>\n<meta name=\"robots\" content=\"index, follow, max-snippet:-1, max-image-preview:large, max-video-preview:-1\" \/>\n<link rel=\"canonical\" href=\"https:\/\/www.press7.tv\/?p=26678\" \/>\n<meta property=\"og:locale\" content=\"en_US\" \/>\n<meta property=\"og:type\" content=\"article\" \/>\n<meta property=\"og:title\" content=\"Serwer porosi Kosov\u00ebs: Kush e d\u00ebgjon nj\u00eb vend q\u00eb nuk mund t\u00eb gjej\u00eb president? - press7.tv\" \/>\n<meta property=\"og:description\" content=\"P\u00ebr ata q\u00eb ndjekin politik\u00ebn n\u00eb Kosov\u00eb, zhvillimet e fundit duken si \u2018d\u00e9j\u00e0 vu\u2019. Deri para nj\u00eb muaji, vendi kaloi gati nj\u00eb vit me Qeveri n\u00eb detyr\u00eb dhe pa Kuvend funksional. Sot, institucioni m\u00eb i lart\u00eb legjislativ mbetet s\u00ebrish i bllokuar, n\u00eb pritje t\u00eb nj\u00eb vendimi t\u00eb Gjykat\u00ebs Kushtetuese. Arsyet mund t\u00eb jen\u00eb t\u00eb ndryshme, [&hellip;]\" \/>\n<meta property=\"og:url\" content=\"https:\/\/www.press7.tv\/?p=26678\" \/>\n<meta property=\"og:site_name\" content=\"press7.tv\" \/>\n<meta property=\"article:publisher\" content=\"https:\/\/www.facebook.com\/press7.tv\" \/>\n<meta property=\"article:published_time\" content=\"2026-03-15T15:39:15+00:00\" \/>\n<meta property=\"og:image\" content=\"https:\/\/www.press7.tv\/wp-content\/uploads\/2026\/03\/IMG_7831.avif\" \/>\n\t<meta property=\"og:image:width\" content=\"780\" \/>\n\t<meta property=\"og:image:height\" content=\"480\" \/>\n\t<meta property=\"og:image:type\" content=\"image\/jpeg\" \/>\n<meta name=\"author\" content=\"gazetar2\" \/>\n<meta name=\"twitter:card\" content=\"summary_large_image\" \/>\n<meta name=\"twitter:label1\" content=\"Written by\" \/>\n\t<meta name=\"twitter:data1\" content=\"gazetar2\" \/>\n<script type=\"application\/ld+json\" class=\"yoast-schema-graph\">{\"@context\":\"https:\/\/schema.org\",\"@graph\":[{\"@type\":\"Article\",\"@id\":\"https:\/\/www.press7.tv\/?p=26678#article\",\"isPartOf\":{\"@id\":\"https:\/\/www.press7.tv\/?p=26678\"},\"author\":{\"name\":\"gazetar2\",\"@id\":\"https:\/\/www.news33.tv\/#\/schema\/person\/5a04a38a23ccdba82f9bd665cd8f9efa\"},\"headline\":\"Serwer porosi Kosov\u00ebs: Kush e d\u00ebgjon nj\u00eb vend q\u00eb nuk mund t\u00eb gjej\u00eb president?\",\"datePublished\":\"2026-03-15T15:39:15+00:00\",\"mainEntityOfPage\":{\"@id\":\"https:\/\/www.press7.tv\/?p=26678\"},\"wordCount\":1650,\"publisher\":{\"@id\":\"https:\/\/www.news33.tv\/#organization\"},\"image\":{\"@id\":\"https:\/\/www.press7.tv\/?p=26678#primaryimage\"},\"thumbnailUrl\":\"https:\/\/www.press7.tv\/wp-content\/uploads\/2026\/03\/IMG_7831.avif\",\"articleSection\":[\"Bot\u00eb\",\"Lajme\"],\"inLanguage\":\"en-US\"},{\"@type\":\"WebPage\",\"@id\":\"https:\/\/www.press7.tv\/?p=26678\",\"url\":\"https:\/\/www.press7.tv\/?p=26678\",\"name\":\"Serwer porosi Kosov\u00ebs: Kush e d\u00ebgjon nj\u00eb vend q\u00eb nuk mund t\u00eb gjej\u00eb president? - press7.tv\",\"isPartOf\":{\"@id\":\"https:\/\/www.news33.tv\/#website\"},\"primaryImageOfPage\":{\"@id\":\"https:\/\/www.press7.tv\/?p=26678#primaryimage\"},\"image\":{\"@id\":\"https:\/\/www.press7.tv\/?p=26678#primaryimage\"},\"thumbnailUrl\":\"https:\/\/www.press7.tv\/wp-content\/uploads\/2026\/03\/IMG_7831.avif\",\"datePublished\":\"2026-03-15T15:39:15+00:00\",\"breadcrumb\":{\"@id\":\"https:\/\/www.press7.tv\/?p=26678#breadcrumb\"},\"inLanguage\":\"en-US\",\"potentialAction\":[{\"@type\":\"ReadAction\",\"target\":[\"https:\/\/www.press7.tv\/?p=26678\"]}]},{\"@type\":\"ImageObject\",\"inLanguage\":\"en-US\",\"@id\":\"https:\/\/www.press7.tv\/?p=26678#primaryimage\",\"url\":\"https:\/\/www.press7.tv\/wp-content\/uploads\/2026\/03\/IMG_7831.avif\",\"contentUrl\":\"https:\/\/www.press7.tv\/wp-content\/uploads\/2026\/03\/IMG_7831.avif\",\"width\":780,\"height\":480},{\"@type\":\"BreadcrumbList\",\"@id\":\"https:\/\/www.press7.tv\/?p=26678#breadcrumb\",\"itemListElement\":[{\"@type\":\"ListItem\",\"position\":1,\"name\":\"Home\",\"item\":\"https:\/\/www.press7.tv\/\"},{\"@type\":\"ListItem\",\"position\":2,\"name\":\"Serwer porosi Kosov\u00ebs: Kush e d\u00ebgjon nj\u00eb vend q\u00eb nuk mund t\u00eb gjej\u00eb president?\"}]},{\"@type\":\"WebSite\",\"@id\":\"https:\/\/www.news33.tv\/#website\",\"url\":\"https:\/\/www.news33.tv\/\",\"name\":\"News33.tv Media\",\"description\":\"Media\",\"publisher\":{\"@id\":\"https:\/\/www.news33.tv\/#organization\"},\"potentialAction\":[{\"@type\":\"SearchAction\",\"target\":{\"@type\":\"EntryPoint\",\"urlTemplate\":\"https:\/\/www.news33.tv\/?s={search_term_string}\"},\"query-input\":{\"@type\":\"PropertyValueSpecification\",\"valueRequired\":true,\"valueName\":\"search_term_string\"}}],\"inLanguage\":\"en-US\"},{\"@type\":\"Organization\",\"@id\":\"https:\/\/www.news33.tv\/#organization\",\"name\":\"News33.tv Media\",\"url\":\"https:\/\/www.news33.tv\/\",\"logo\":{\"@type\":\"ImageObject\",\"inLanguage\":\"en-US\",\"@id\":\"https:\/\/www.news33.tv\/#\/schema\/logo\/image\/\",\"url\":\"https:\/\/www.press7.tv\/wp-content\/uploads\/2024\/02\/logo-news33-black.png\",\"contentUrl\":\"https:\/\/www.press7.tv\/wp-content\/uploads\/2024\/02\/logo-news33-black.png\",\"width\":180,\"height\":37,\"caption\":\"News33.tv Media\"},\"image\":{\"@id\":\"https:\/\/www.news33.tv\/#\/schema\/logo\/image\/\"},\"sameAs\":[\"https:\/\/www.facebook.com\/press7.tv\"]},{\"@type\":\"Person\",\"@id\":\"https:\/\/www.news33.tv\/#\/schema\/person\/5a04a38a23ccdba82f9bd665cd8f9efa\",\"name\":\"gazetar2\",\"image\":{\"@type\":\"ImageObject\",\"inLanguage\":\"en-US\",\"@id\":\"https:\/\/www.news33.tv\/#\/schema\/person\/image\/\",\"url\":\"https:\/\/www.press7.tv\/wp-content\/litespeed\/avatar\/41975e402c3049d9ddb03adca8f7a883.jpg?ver=1777169572\",\"contentUrl\":\"https:\/\/www.press7.tv\/wp-content\/litespeed\/avatar\/41975e402c3049d9ddb03adca8f7a883.jpg?ver=1777169572\",\"caption\":\"gazetar2\"},\"url\":\"https:\/\/www.press7.tv\/?author=8\"}]}<\/script>\n<!-- \/ Yoast SEO plugin. -->","yoast_head_json":{"title":"Serwer porosi Kosov\u00ebs: Kush e d\u00ebgjon nj\u00eb vend q\u00eb nuk mund t\u00eb gjej\u00eb president? - press7.tv","robots":{"index":"index","follow":"follow","max-snippet":"max-snippet:-1","max-image-preview":"max-image-preview:large","max-video-preview":"max-video-preview:-1"},"canonical":"https:\/\/www.press7.tv\/?p=26678","og_locale":"en_US","og_type":"article","og_title":"Serwer porosi Kosov\u00ebs: Kush e d\u00ebgjon nj\u00eb vend q\u00eb nuk mund t\u00eb gjej\u00eb president? - press7.tv","og_description":"P\u00ebr ata q\u00eb ndjekin politik\u00ebn n\u00eb Kosov\u00eb, zhvillimet e fundit duken si \u2018d\u00e9j\u00e0 vu\u2019. Deri para nj\u00eb muaji, vendi kaloi gati nj\u00eb vit me Qeveri n\u00eb detyr\u00eb dhe pa Kuvend funksional. Sot, institucioni m\u00eb i lart\u00eb legjislativ mbetet s\u00ebrish i bllokuar, n\u00eb pritje t\u00eb nj\u00eb vendimi t\u00eb Gjykat\u00ebs Kushtetuese. Arsyet mund t\u00eb jen\u00eb t\u00eb ndryshme, [&hellip;]","og_url":"https:\/\/www.press7.tv\/?p=26678","og_site_name":"press7.tv","article_publisher":"https:\/\/www.facebook.com\/press7.tv","article_published_time":"2026-03-15T15:39:15+00:00","og_image":[{"width":780,"height":480,"url":"https:\/\/www.press7.tv\/wp-content\/uploads\/2026\/03\/IMG_7831.avif","type":"image\/jpeg"}],"author":"gazetar2","twitter_card":"summary_large_image","twitter_misc":{"Written by":"gazetar2"},"schema":{"@context":"https:\/\/schema.org","@graph":[{"@type":"Article","@id":"https:\/\/www.press7.tv\/?p=26678#article","isPartOf":{"@id":"https:\/\/www.press7.tv\/?p=26678"},"author":{"name":"gazetar2","@id":"https:\/\/www.news33.tv\/#\/schema\/person\/5a04a38a23ccdba82f9bd665cd8f9efa"},"headline":"Serwer porosi Kosov\u00ebs: Kush e d\u00ebgjon nj\u00eb vend q\u00eb nuk mund t\u00eb gjej\u00eb president?","datePublished":"2026-03-15T15:39:15+00:00","mainEntityOfPage":{"@id":"https:\/\/www.press7.tv\/?p=26678"},"wordCount":1650,"publisher":{"@id":"https:\/\/www.news33.tv\/#organization"},"image":{"@id":"https:\/\/www.press7.tv\/?p=26678#primaryimage"},"thumbnailUrl":"https:\/\/www.press7.tv\/wp-content\/uploads\/2026\/03\/IMG_7831.avif","articleSection":["Bot\u00eb","Lajme"],"inLanguage":"en-US"},{"@type":"WebPage","@id":"https:\/\/www.press7.tv\/?p=26678","url":"https:\/\/www.press7.tv\/?p=26678","name":"Serwer porosi Kosov\u00ebs: Kush e d\u00ebgjon nj\u00eb vend q\u00eb nuk mund t\u00eb gjej\u00eb president? - press7.tv","isPartOf":{"@id":"https:\/\/www.news33.tv\/#website"},"primaryImageOfPage":{"@id":"https:\/\/www.press7.tv\/?p=26678#primaryimage"},"image":{"@id":"https:\/\/www.press7.tv\/?p=26678#primaryimage"},"thumbnailUrl":"https:\/\/www.press7.tv\/wp-content\/uploads\/2026\/03\/IMG_7831.avif","datePublished":"2026-03-15T15:39:15+00:00","breadcrumb":{"@id":"https:\/\/www.press7.tv\/?p=26678#breadcrumb"},"inLanguage":"en-US","potentialAction":[{"@type":"ReadAction","target":["https:\/\/www.press7.tv\/?p=26678"]}]},{"@type":"ImageObject","inLanguage":"en-US","@id":"https:\/\/www.press7.tv\/?p=26678#primaryimage","url":"https:\/\/www.press7.tv\/wp-content\/uploads\/2026\/03\/IMG_7831.avif","contentUrl":"https:\/\/www.press7.tv\/wp-content\/uploads\/2026\/03\/IMG_7831.avif","width":780,"height":480},{"@type":"BreadcrumbList","@id":"https:\/\/www.press7.tv\/?p=26678#breadcrumb","itemListElement":[{"@type":"ListItem","position":1,"name":"Home","item":"https:\/\/www.press7.tv\/"},{"@type":"ListItem","position":2,"name":"Serwer porosi Kosov\u00ebs: Kush e d\u00ebgjon nj\u00eb vend q\u00eb nuk mund t\u00eb gjej\u00eb president?"}]},{"@type":"WebSite","@id":"https:\/\/www.news33.tv\/#website","url":"https:\/\/www.news33.tv\/","name":"News33.tv Media","description":"Media","publisher":{"@id":"https:\/\/www.news33.tv\/#organization"},"potentialAction":[{"@type":"SearchAction","target":{"@type":"EntryPoint","urlTemplate":"https:\/\/www.news33.tv\/?s={search_term_string}"},"query-input":{"@type":"PropertyValueSpecification","valueRequired":true,"valueName":"search_term_string"}}],"inLanguage":"en-US"},{"@type":"Organization","@id":"https:\/\/www.news33.tv\/#organization","name":"News33.tv Media","url":"https:\/\/www.news33.tv\/","logo":{"@type":"ImageObject","inLanguage":"en-US","@id":"https:\/\/www.news33.tv\/#\/schema\/logo\/image\/","url":"https:\/\/www.press7.tv\/wp-content\/uploads\/2024\/02\/logo-news33-black.png","contentUrl":"https:\/\/www.press7.tv\/wp-content\/uploads\/2024\/02\/logo-news33-black.png","width":180,"height":37,"caption":"News33.tv Media"},"image":{"@id":"https:\/\/www.news33.tv\/#\/schema\/logo\/image\/"},"sameAs":["https:\/\/www.facebook.com\/press7.tv"]},{"@type":"Person","@id":"https:\/\/www.news33.tv\/#\/schema\/person\/5a04a38a23ccdba82f9bd665cd8f9efa","name":"gazetar2","image":{"@type":"ImageObject","inLanguage":"en-US","@id":"https:\/\/www.news33.tv\/#\/schema\/person\/image\/","url":"https:\/\/www.press7.tv\/wp-content\/litespeed\/avatar\/41975e402c3049d9ddb03adca8f7a883.jpg?ver=1777169572","contentUrl":"https:\/\/www.press7.tv\/wp-content\/litespeed\/avatar\/41975e402c3049d9ddb03adca8f7a883.jpg?ver=1777169572","caption":"gazetar2"},"url":"https:\/\/www.press7.tv\/?author=8"}]}},"amp_enabled":true,"_links":{"self":[{"href":"https:\/\/www.press7.tv\/index.php?rest_route=\/wp\/v2\/posts\/26678","targetHints":{"allow":["GET"]}}],"collection":[{"href":"https:\/\/www.press7.tv\/index.php?rest_route=\/wp\/v2\/posts"}],"about":[{"href":"https:\/\/www.press7.tv\/index.php?rest_route=\/wp\/v2\/types\/post"}],"author":[{"embeddable":true,"href":"https:\/\/www.press7.tv\/index.php?rest_route=\/wp\/v2\/users\/8"}],"replies":[{"embeddable":true,"href":"https:\/\/www.press7.tv\/index.php?rest_route=%2Fwp%2Fv2%2Fcomments&post=26678"}],"version-history":[{"count":1,"href":"https:\/\/www.press7.tv\/index.php?rest_route=\/wp\/v2\/posts\/26678\/revisions"}],"predecessor-version":[{"id":26680,"href":"https:\/\/www.press7.tv\/index.php?rest_route=\/wp\/v2\/posts\/26678\/revisions\/26680"}],"wp:featuredmedia":[{"embeddable":true,"href":"https:\/\/www.press7.tv\/index.php?rest_route=\/wp\/v2\/media\/26679"}],"wp:attachment":[{"href":"https:\/\/www.press7.tv\/index.php?rest_route=%2Fwp%2Fv2%2Fmedia&parent=26678"}],"wp:term":[{"taxonomy":"category","embeddable":true,"href":"https:\/\/www.press7.tv\/index.php?rest_route=%2Fwp%2Fv2%2Fcategories&post=26678"},{"taxonomy":"post_tag","embeddable":true,"href":"https:\/\/www.press7.tv\/index.php?rest_route=%2Fwp%2Fv2%2Ftags&post=26678"}],"curies":[{"name":"wp","href":"https:\/\/api.w.org\/{rel}","templated":true}]}}