{"id":26675,"date":"2026-03-15T14:34:52","date_gmt":"2026-03-15T14:34:52","guid":{"rendered":"https:\/\/www.press7.tv\/?p=26675"},"modified":"2026-03-15T14:34:52","modified_gmt":"2026-03-15T14:34:52","slug":"rama-jep-detaje-prishtina-ka-percaktuar-lokacionin-zyrtar-per-deponimin-e-mbeturinave-inerte","status":"publish","type":"post","link":"https:\/\/www.press7.tv\/?p=26675","title":{"rendered":"Rama jep detaje: Prishtina ka p\u00ebrcaktuar lokacionin zyrtar p\u00ebr deponimin e mbeturinave inerte"},"content":{"rendered":"\n    <div class=\"xs_social_share_widget xs_share_url before_content \t\tmain_content  wslu-style-2 wslu-share-box-shaped wslu-fill-colored wslu-share-m-5 wslu-none wslu-share-vertical wslu-theme-font-no wslu-main_content\">\n\n\t\t\n        <ul>\n\t\t\t        <\/ul>\n    <\/div> \n<p>Kryetari P\u00ebrparim Rama, njofton se kryeqyteti ka p\u00ebrcaktuar lokacionin zyrtar p\u00ebr deponimin e mbeturinave inerte, \u201d(nd\u00ebrtimore) dhe mbeturinave v\u00ebllimore (mobilje, inventar sht\u00ebpiak, etj.).<\/p>\n<p>Ky lokacion \u00ebsht\u00eb n\u00eb dispozicion p\u00ebr qytetar\u00ebt dhe bizneset q\u00eb kan\u00eb nevoj\u00eb t\u00eb largojn\u00eb mbeturina t\u00eb k\u00ebsaj natyre, thot\u00eb ai.<\/p>\n<p>\u2018P\u00ebr d\u00ebrgimin e mbeturinave n\u00eb k\u00ebt\u00eb pik\u00eb: Qytetar\u00ebt duhet t\u00eb kontraktojn\u00eb nd\u00ebrmarrjen publike KRM Pastrimi ose nd\u00ebrmarrjen Gjelb\u00ebr \ud83d\udcde +383 800 40004\u201d, shkruan ai.<\/p>\n","protected":false},"excerpt":{"rendered":"<p>Kryetari P\u00ebrparim Rama, njofton se kryeqyteti ka p\u00ebrcaktuar lokacionin zyrtar p\u00ebr deponimin e mbeturinave inerte, \u201d(nd\u00ebrtimore) dhe mbeturinave v\u00ebllimore (mobilje, inventar sht\u00ebpiak, etj.). Ky lokacion \u00ebsht\u00eb n\u00eb dispozicion p\u00ebr qytetar\u00ebt dhe bizneset q\u00eb kan\u00eb nevoj\u00eb t\u00eb largojn\u00eb mbeturina t\u00eb k\u00ebsaj natyre, thot\u00eb ai. \u2018P\u00ebr d\u00ebrgimin e mbeturinave n\u00eb k\u00ebt\u00eb pik\u00eb: Qytetar\u00ebt duhet t\u00eb kontraktojn\u00eb nd\u00ebrmarrjen [&hellip;]<\/p>\n","protected":false},"author":8,"featured_media":26676,"comment_status":"closed","ping_status":"closed","sticky":false,"template":"","format":"standard","meta":{"footnotes":""},"categories":[215,213],"tags":[],"class_list":["post-26675","post","type-post","status-publish","format-standard","has-post-thumbnail","hentry","category-kosove","category-lajme"],"yoast_head":"<!-- This site is optimized with the Yoast SEO plugin v25.1 - https:\/\/yoast.com\/wordpress\/plugins\/seo\/ -->\n<title>Rama jep detaje: Prishtina ka p\u00ebrcaktuar lokacionin zyrtar p\u00ebr deponimin e mbeturinave inerte - press7.tv<\/title>\n<meta name=\"robots\" content=\"index, follow, max-snippet:-1, max-image-preview:large, max-video-preview:-1\" \/>\n<link rel=\"canonical\" href=\"https:\/\/www.press7.tv\/?p=26675\" \/>\n<meta property=\"og:locale\" content=\"en_US\" \/>\n<meta property=\"og:type\" content=\"article\" \/>\n<meta property=\"og:title\" content=\"Rama jep detaje: Prishtina ka p\u00ebrcaktuar lokacionin zyrtar p\u00ebr deponimin e mbeturinave inerte - press7.tv\" \/>\n<meta property=\"og:description\" content=\"Kryetari P\u00ebrparim Rama, njofton se kryeqyteti ka p\u00ebrcaktuar lokacionin zyrtar p\u00ebr deponimin e mbeturinave inerte, \u201d(nd\u00ebrtimore) dhe mbeturinave v\u00ebllimore (mobilje, inventar sht\u00ebpiak, etj.). Ky lokacion \u00ebsht\u00eb n\u00eb dispozicion p\u00ebr qytetar\u00ebt dhe bizneset q\u00eb kan\u00eb nevoj\u00eb t\u00eb largojn\u00eb mbeturina t\u00eb k\u00ebsaj natyre, thot\u00eb ai. \u2018P\u00ebr d\u00ebrgimin e mbeturinave n\u00eb k\u00ebt\u00eb pik\u00eb: Qytetar\u00ebt duhet t\u00eb kontraktojn\u00eb nd\u00ebrmarrjen [&hellip;]\" \/>\n<meta property=\"og:url\" content=\"https:\/\/www.press7.tv\/?p=26675\" \/>\n<meta property=\"og:site_name\" content=\"press7.tv\" \/>\n<meta property=\"article:publisher\" content=\"https:\/\/www.facebook.com\/press7.tv\" \/>\n<meta property=\"article:published_time\" content=\"2026-03-15T14:34:52+00:00\" \/>\n<meta property=\"og:image\" content=\"https:\/\/www.press7.tv\/wp-content\/uploads\/2026\/03\/IMG_7813.avif\" \/>\n\t<meta property=\"og:image:width\" content=\"1536\" \/>\n\t<meta property=\"og:image:height\" content=\"1024\" \/>\n\t<meta property=\"og:image:type\" content=\"image\/jpeg\" \/>\n<meta name=\"author\" content=\"gazetar2\" \/>\n<meta name=\"twitter:card\" content=\"summary_large_image\" \/>\n<meta name=\"twitter:label1\" content=\"Written by\" \/>\n\t<meta name=\"twitter:data1\" content=\"gazetar2\" \/>\n<script type=\"application\/ld+json\" class=\"yoast-schema-graph\">{\"@context\":\"https:\/\/schema.org\",\"@graph\":[{\"@type\":\"Article\",\"@id\":\"https:\/\/www.press7.tv\/?p=26675#article\",\"isPartOf\":{\"@id\":\"https:\/\/www.press7.tv\/?p=26675\"},\"author\":{\"name\":\"gazetar2\",\"@id\":\"https:\/\/www.news33.tv\/#\/schema\/person\/5a04a38a23ccdba82f9bd665cd8f9efa\"},\"headline\":\"Rama jep detaje: Prishtina ka p\u00ebrcaktuar lokacionin zyrtar p\u00ebr deponimin e mbeturinave inerte\",\"datePublished\":\"2026-03-15T14:34:52+00:00\",\"mainEntityOfPage\":{\"@id\":\"https:\/\/www.press7.tv\/?p=26675\"},\"wordCount\":94,\"publisher\":{\"@id\":\"https:\/\/www.news33.tv\/#organization\"},\"image\":{\"@id\":\"https:\/\/www.press7.tv\/?p=26675#primaryimage\"},\"thumbnailUrl\":\"https:\/\/www.press7.tv\/wp-content\/uploads\/2026\/03\/IMG_7813.avif\",\"articleSection\":[\"Kosov\u00eb\",\"Lajme\"],\"inLanguage\":\"en-US\"},{\"@type\":\"WebPage\",\"@id\":\"https:\/\/www.press7.tv\/?p=26675\",\"url\":\"https:\/\/www.press7.tv\/?p=26675\",\"name\":\"Rama jep detaje: Prishtina ka p\u00ebrcaktuar lokacionin zyrtar p\u00ebr deponimin e mbeturinave inerte - press7.tv\",\"isPartOf\":{\"@id\":\"https:\/\/www.news33.tv\/#website\"},\"primaryImageOfPage\":{\"@id\":\"https:\/\/www.press7.tv\/?p=26675#primaryimage\"},\"image\":{\"@id\":\"https:\/\/www.press7.tv\/?p=26675#primaryimage\"},\"thumbnailUrl\":\"https:\/\/www.press7.tv\/wp-content\/uploads\/2026\/03\/IMG_7813.avif\",\"datePublished\":\"2026-03-15T14:34:52+00:00\",\"breadcrumb\":{\"@id\":\"https:\/\/www.press7.tv\/?p=26675#breadcrumb\"},\"inLanguage\":\"en-US\",\"potentialAction\":[{\"@type\":\"ReadAction\",\"target\":[\"https:\/\/www.press7.tv\/?p=26675\"]}]},{\"@type\":\"ImageObject\",\"inLanguage\":\"en-US\",\"@id\":\"https:\/\/www.press7.tv\/?p=26675#primaryimage\",\"url\":\"https:\/\/www.press7.tv\/wp-content\/uploads\/2026\/03\/IMG_7813.avif\",\"contentUrl\":\"https:\/\/www.press7.tv\/wp-content\/uploads\/2026\/03\/IMG_7813.avif\",\"width\":1536,\"height\":1024},{\"@type\":\"BreadcrumbList\",\"@id\":\"https:\/\/www.press7.tv\/?p=26675#breadcrumb\",\"itemListElement\":[{\"@type\":\"ListItem\",\"position\":1,\"name\":\"Home\",\"item\":\"https:\/\/www.press7.tv\/\"},{\"@type\":\"ListItem\",\"position\":2,\"name\":\"Rama jep detaje: Prishtina ka p\u00ebrcaktuar lokacionin zyrtar p\u00ebr deponimin e mbeturinave inerte\"}]},{\"@type\":\"WebSite\",\"@id\":\"https:\/\/www.news33.tv\/#website\",\"url\":\"https:\/\/www.news33.tv\/\",\"name\":\"News33.tv Media\",\"description\":\"Media\",\"publisher\":{\"@id\":\"https:\/\/www.news33.tv\/#organization\"},\"potentialAction\":[{\"@type\":\"SearchAction\",\"target\":{\"@type\":\"EntryPoint\",\"urlTemplate\":\"https:\/\/www.news33.tv\/?s={search_term_string}\"},\"query-input\":{\"@type\":\"PropertyValueSpecification\",\"valueRequired\":true,\"valueName\":\"search_term_string\"}}],\"inLanguage\":\"en-US\"},{\"@type\":\"Organization\",\"@id\":\"https:\/\/www.news33.tv\/#organization\",\"name\":\"News33.tv Media\",\"url\":\"https:\/\/www.news33.tv\/\",\"logo\":{\"@type\":\"ImageObject\",\"inLanguage\":\"en-US\",\"@id\":\"https:\/\/www.news33.tv\/#\/schema\/logo\/image\/\",\"url\":\"https:\/\/www.press7.tv\/wp-content\/uploads\/2024\/02\/logo-news33-black.png\",\"contentUrl\":\"https:\/\/www.press7.tv\/wp-content\/uploads\/2024\/02\/logo-news33-black.png\",\"width\":180,\"height\":37,\"caption\":\"News33.tv Media\"},\"image\":{\"@id\":\"https:\/\/www.news33.tv\/#\/schema\/logo\/image\/\"},\"sameAs\":[\"https:\/\/www.facebook.com\/press7.tv\"]},{\"@type\":\"Person\",\"@id\":\"https:\/\/www.news33.tv\/#\/schema\/person\/5a04a38a23ccdba82f9bd665cd8f9efa\",\"name\":\"gazetar2\",\"image\":{\"@type\":\"ImageObject\",\"inLanguage\":\"en-US\",\"@id\":\"https:\/\/www.news33.tv\/#\/schema\/person\/image\/\",\"url\":\"https:\/\/www.press7.tv\/wp-content\/litespeed\/avatar\/41975e402c3049d9ddb03adca8f7a883.jpg?ver=1777169572\",\"contentUrl\":\"https:\/\/www.press7.tv\/wp-content\/litespeed\/avatar\/41975e402c3049d9ddb03adca8f7a883.jpg?ver=1777169572\",\"caption\":\"gazetar2\"},\"url\":\"https:\/\/www.press7.tv\/?author=8\"}]}<\/script>\n<!-- \/ Yoast SEO plugin. -->","yoast_head_json":{"title":"Rama jep detaje: Prishtina ka p\u00ebrcaktuar lokacionin zyrtar p\u00ebr deponimin e mbeturinave inerte - press7.tv","robots":{"index":"index","follow":"follow","max-snippet":"max-snippet:-1","max-image-preview":"max-image-preview:large","max-video-preview":"max-video-preview:-1"},"canonical":"https:\/\/www.press7.tv\/?p=26675","og_locale":"en_US","og_type":"article","og_title":"Rama jep detaje: Prishtina ka p\u00ebrcaktuar lokacionin zyrtar p\u00ebr deponimin e mbeturinave inerte - press7.tv","og_description":"Kryetari P\u00ebrparim Rama, njofton se kryeqyteti ka p\u00ebrcaktuar lokacionin zyrtar p\u00ebr deponimin e mbeturinave inerte, \u201d(nd\u00ebrtimore) dhe mbeturinave v\u00ebllimore (mobilje, inventar sht\u00ebpiak, etj.). Ky lokacion \u00ebsht\u00eb n\u00eb dispozicion p\u00ebr qytetar\u00ebt dhe bizneset q\u00eb kan\u00eb nevoj\u00eb t\u00eb largojn\u00eb mbeturina t\u00eb k\u00ebsaj natyre, thot\u00eb ai. \u2018P\u00ebr d\u00ebrgimin e mbeturinave n\u00eb k\u00ebt\u00eb pik\u00eb: Qytetar\u00ebt duhet t\u00eb kontraktojn\u00eb nd\u00ebrmarrjen [&hellip;]","og_url":"https:\/\/www.press7.tv\/?p=26675","og_site_name":"press7.tv","article_publisher":"https:\/\/www.facebook.com\/press7.tv","article_published_time":"2026-03-15T14:34:52+00:00","og_image":[{"width":1536,"height":1024,"url":"https:\/\/www.press7.tv\/wp-content\/uploads\/2026\/03\/IMG_7813.avif","type":"image\/jpeg"}],"author":"gazetar2","twitter_card":"summary_large_image","twitter_misc":{"Written by":"gazetar2"},"schema":{"@context":"https:\/\/schema.org","@graph":[{"@type":"Article","@id":"https:\/\/www.press7.tv\/?p=26675#article","isPartOf":{"@id":"https:\/\/www.press7.tv\/?p=26675"},"author":{"name":"gazetar2","@id":"https:\/\/www.news33.tv\/#\/schema\/person\/5a04a38a23ccdba82f9bd665cd8f9efa"},"headline":"Rama jep detaje: Prishtina ka p\u00ebrcaktuar lokacionin zyrtar p\u00ebr deponimin e mbeturinave inerte","datePublished":"2026-03-15T14:34:52+00:00","mainEntityOfPage":{"@id":"https:\/\/www.press7.tv\/?p=26675"},"wordCount":94,"publisher":{"@id":"https:\/\/www.news33.tv\/#organization"},"image":{"@id":"https:\/\/www.press7.tv\/?p=26675#primaryimage"},"thumbnailUrl":"https:\/\/www.press7.tv\/wp-content\/uploads\/2026\/03\/IMG_7813.avif","articleSection":["Kosov\u00eb","Lajme"],"inLanguage":"en-US"},{"@type":"WebPage","@id":"https:\/\/www.press7.tv\/?p=26675","url":"https:\/\/www.press7.tv\/?p=26675","name":"Rama jep detaje: Prishtina ka p\u00ebrcaktuar lokacionin zyrtar p\u00ebr deponimin e mbeturinave inerte - press7.tv","isPartOf":{"@id":"https:\/\/www.news33.tv\/#website"},"primaryImageOfPage":{"@id":"https:\/\/www.press7.tv\/?p=26675#primaryimage"},"image":{"@id":"https:\/\/www.press7.tv\/?p=26675#primaryimage"},"thumbnailUrl":"https:\/\/www.press7.tv\/wp-content\/uploads\/2026\/03\/IMG_7813.avif","datePublished":"2026-03-15T14:34:52+00:00","breadcrumb":{"@id":"https:\/\/www.press7.tv\/?p=26675#breadcrumb"},"inLanguage":"en-US","potentialAction":[{"@type":"ReadAction","target":["https:\/\/www.press7.tv\/?p=26675"]}]},{"@type":"ImageObject","inLanguage":"en-US","@id":"https:\/\/www.press7.tv\/?p=26675#primaryimage","url":"https:\/\/www.press7.tv\/wp-content\/uploads\/2026\/03\/IMG_7813.avif","contentUrl":"https:\/\/www.press7.tv\/wp-content\/uploads\/2026\/03\/IMG_7813.avif","width":1536,"height":1024},{"@type":"BreadcrumbList","@id":"https:\/\/www.press7.tv\/?p=26675#breadcrumb","itemListElement":[{"@type":"ListItem","position":1,"name":"Home","item":"https:\/\/www.press7.tv\/"},{"@type":"ListItem","position":2,"name":"Rama jep detaje: Prishtina ka p\u00ebrcaktuar lokacionin zyrtar p\u00ebr deponimin e mbeturinave inerte"}]},{"@type":"WebSite","@id":"https:\/\/www.news33.tv\/#website","url":"https:\/\/www.news33.tv\/","name":"News33.tv Media","description":"Media","publisher":{"@id":"https:\/\/www.news33.tv\/#organization"},"potentialAction":[{"@type":"SearchAction","target":{"@type":"EntryPoint","urlTemplate":"https:\/\/www.news33.tv\/?s={search_term_string}"},"query-input":{"@type":"PropertyValueSpecification","valueRequired":true,"valueName":"search_term_string"}}],"inLanguage":"en-US"},{"@type":"Organization","@id":"https:\/\/www.news33.tv\/#organization","name":"News33.tv Media","url":"https:\/\/www.news33.tv\/","logo":{"@type":"ImageObject","inLanguage":"en-US","@id":"https:\/\/www.news33.tv\/#\/schema\/logo\/image\/","url":"https:\/\/www.press7.tv\/wp-content\/uploads\/2024\/02\/logo-news33-black.png","contentUrl":"https:\/\/www.press7.tv\/wp-content\/uploads\/2024\/02\/logo-news33-black.png","width":180,"height":37,"caption":"News33.tv Media"},"image":{"@id":"https:\/\/www.news33.tv\/#\/schema\/logo\/image\/"},"sameAs":["https:\/\/www.facebook.com\/press7.tv"]},{"@type":"Person","@id":"https:\/\/www.news33.tv\/#\/schema\/person\/5a04a38a23ccdba82f9bd665cd8f9efa","name":"gazetar2","image":{"@type":"ImageObject","inLanguage":"en-US","@id":"https:\/\/www.news33.tv\/#\/schema\/person\/image\/","url":"https:\/\/www.press7.tv\/wp-content\/litespeed\/avatar\/41975e402c3049d9ddb03adca8f7a883.jpg?ver=1777169572","contentUrl":"https:\/\/www.press7.tv\/wp-content\/litespeed\/avatar\/41975e402c3049d9ddb03adca8f7a883.jpg?ver=1777169572","caption":"gazetar2"},"url":"https:\/\/www.press7.tv\/?author=8"}]}},"amp_enabled":true,"_links":{"self":[{"href":"https:\/\/www.press7.tv\/index.php?rest_route=\/wp\/v2\/posts\/26675","targetHints":{"allow":["GET"]}}],"collection":[{"href":"https:\/\/www.press7.tv\/index.php?rest_route=\/wp\/v2\/posts"}],"about":[{"href":"https:\/\/www.press7.tv\/index.php?rest_route=\/wp\/v2\/types\/post"}],"author":[{"embeddable":true,"href":"https:\/\/www.press7.tv\/index.php?rest_route=\/wp\/v2\/users\/8"}],"replies":[{"embeddable":true,"href":"https:\/\/www.press7.tv\/index.php?rest_route=%2Fwp%2Fv2%2Fcomments&post=26675"}],"version-history":[{"count":1,"href":"https:\/\/www.press7.tv\/index.php?rest_route=\/wp\/v2\/posts\/26675\/revisions"}],"predecessor-version":[{"id":26677,"href":"https:\/\/www.press7.tv\/index.php?rest_route=\/wp\/v2\/posts\/26675\/revisions\/26677"}],"wp:featuredmedia":[{"embeddable":true,"href":"https:\/\/www.press7.tv\/index.php?rest_route=\/wp\/v2\/media\/26676"}],"wp:attachment":[{"href":"https:\/\/www.press7.tv\/index.php?rest_route=%2Fwp%2Fv2%2Fmedia&parent=26675"}],"wp:term":[{"taxonomy":"category","embeddable":true,"href":"https:\/\/www.press7.tv\/index.php?rest_route=%2Fwp%2Fv2%2Fcategories&post=26675"},{"taxonomy":"post_tag","embeddable":true,"href":"https:\/\/www.press7.tv\/index.php?rest_route=%2Fwp%2Fv2%2Ftags&post=26675"}],"curies":[{"name":"wp","href":"https:\/\/api.w.org\/{rel}","templated":true}]}}