{"id":26669,"date":"2026-03-15T11:17:11","date_gmt":"2026-03-15T11:17:11","guid":{"rendered":"https:\/\/www.press7.tv\/?p=26669"},"modified":"2026-03-15T11:17:11","modified_gmt":"2026-03-15T11:17:11","slug":"irani-konfirmon-lideri-i-ri-suprem-eshte-ne-gjendje-te-mire","status":"publish","type":"post","link":"https:\/\/www.press7.tv\/?p=26669","title":{"rendered":"Irani konfirmon: Lideri i ri suprem \u00ebsht\u00eb n\u00eb gjendje t\u00eb mir\u00eb"},"content":{"rendered":"\n    <div class=\"xs_social_share_widget xs_share_url before_content \t\tmain_content  wslu-style-2 wslu-share-box-shaped wslu-fill-colored wslu-share-m-5 wslu-none wslu-share-vertical wslu-theme-font-no wslu-main_content\">\n\n\t\t\n        <ul>\n\t\t\t        <\/ul>\n    <\/div> \n<p>Ministri i Jasht\u00ebm iranian, Abbas Araghchi, ka th\u00ebn\u00eb n\u00eb nj\u00eb intervist\u00eb se Mojtaba Khamenei \u00ebsht\u00eb \u201cn\u00eb sh\u00ebndet t\u00eb mir\u00eb\u201d dhe \u201ce kontrollon plot\u00ebsisht situat\u00ebn\u201d.<\/p>\n<p>Ai thot\u00eb se Irani mir\u00ebpret \u00e7do \u201ciniciativ\u00eb rajonale q\u00eb \u00e7on n\u00eb nj\u00eb fund t\u00eb drejt\u00eb t\u00eb luft\u00ebs\u201d dhe se Hormuzi \u00ebsht\u00eb \u201ci hapur p\u00ebr t\u00eb gjith\u00eb p\u00ebrve\u00e7 anijeve amerikane dhe aleat\u00ebve [t\u00eb SHBA-s\u00eb]\u201d, shkruan BBC.<\/p>\n<p>Araghchi ka th\u00ebn\u00eb se \u201cderi m\u00eb tani nuk ka ndonj\u00eb iniciativ\u00eb t\u00eb ve\u00e7ant\u00eb n\u00eb tryez\u00eb p\u00ebr t\u2019i dh\u00ebn\u00eb fund luft\u00ebs\u201d.<\/p>\n","protected":false},"excerpt":{"rendered":"<p>Ministri i Jasht\u00ebm iranian, Abbas Araghchi, ka th\u00ebn\u00eb n\u00eb nj\u00eb intervist\u00eb se Mojtaba Khamenei \u00ebsht\u00eb \u201cn\u00eb sh\u00ebndet t\u00eb mir\u00eb\u201d dhe \u201ce kontrollon plot\u00ebsisht situat\u00ebn\u201d. Ai thot\u00eb se Irani mir\u00ebpret \u00e7do \u201ciniciativ\u00eb rajonale q\u00eb \u00e7on n\u00eb nj\u00eb fund t\u00eb drejt\u00eb t\u00eb luft\u00ebs\u201d dhe se Hormuzi \u00ebsht\u00eb \u201ci hapur p\u00ebr t\u00eb gjith\u00eb p\u00ebrve\u00e7 anijeve amerikane dhe aleat\u00ebve [&hellip;]<\/p>\n","protected":false},"author":8,"featured_media":26670,"comment_status":"closed","ping_status":"closed","sticky":false,"template":"","format":"standard","meta":{"footnotes":""},"categories":[217,213],"tags":[],"class_list":["post-26669","post","type-post","status-publish","format-standard","has-post-thumbnail","hentry","category-bote","category-lajme"],"yoast_head":"<!-- This site is optimized with the Yoast SEO plugin v25.1 - https:\/\/yoast.com\/wordpress\/plugins\/seo\/ -->\n<title>Irani konfirmon: Lideri i ri suprem \u00ebsht\u00eb n\u00eb gjendje t\u00eb mir\u00eb - press7.tv<\/title>\n<meta name=\"robots\" content=\"index, follow, max-snippet:-1, max-image-preview:large, max-video-preview:-1\" \/>\n<link rel=\"canonical\" href=\"https:\/\/www.press7.tv\/?p=26669\" \/>\n<meta property=\"og:locale\" content=\"en_US\" \/>\n<meta property=\"og:type\" content=\"article\" \/>\n<meta property=\"og:title\" content=\"Irani konfirmon: Lideri i ri suprem \u00ebsht\u00eb n\u00eb gjendje t\u00eb mir\u00eb - press7.tv\" \/>\n<meta property=\"og:description\" content=\"Ministri i Jasht\u00ebm iranian, Abbas Araghchi, ka th\u00ebn\u00eb n\u00eb nj\u00eb intervist\u00eb se Mojtaba Khamenei \u00ebsht\u00eb \u201cn\u00eb sh\u00ebndet t\u00eb mir\u00eb\u201d dhe \u201ce kontrollon plot\u00ebsisht situat\u00ebn\u201d. Ai thot\u00eb se Irani mir\u00ebpret \u00e7do \u201ciniciativ\u00eb rajonale q\u00eb \u00e7on n\u00eb nj\u00eb fund t\u00eb drejt\u00eb t\u00eb luft\u00ebs\u201d dhe se Hormuzi \u00ebsht\u00eb \u201ci hapur p\u00ebr t\u00eb gjith\u00eb p\u00ebrve\u00e7 anijeve amerikane dhe aleat\u00ebve [&hellip;]\" \/>\n<meta property=\"og:url\" content=\"https:\/\/www.press7.tv\/?p=26669\" \/>\n<meta property=\"og:site_name\" content=\"press7.tv\" \/>\n<meta property=\"article:publisher\" content=\"https:\/\/www.facebook.com\/press7.tv\" \/>\n<meta property=\"article:published_time\" content=\"2026-03-15T11:17:11+00:00\" \/>\n<meta property=\"og:image\" content=\"https:\/\/www.press7.tv\/wp-content\/uploads\/2026\/03\/IMG_7797.avif\" \/>\n\t<meta property=\"og:image:width\" content=\"857\" \/>\n\t<meta property=\"og:image:height\" content=\"522\" \/>\n\t<meta property=\"og:image:type\" content=\"image\/png\" \/>\n<meta name=\"author\" content=\"gazetar2\" \/>\n<meta name=\"twitter:card\" content=\"summary_large_image\" \/>\n<meta name=\"twitter:label1\" content=\"Written by\" \/>\n\t<meta name=\"twitter:data1\" content=\"gazetar2\" \/>\n\t<meta name=\"twitter:label2\" content=\"Est. reading time\" \/>\n\t<meta name=\"twitter:data2\" content=\"1 minute\" \/>\n<script type=\"application\/ld+json\" class=\"yoast-schema-graph\">{\"@context\":\"https:\/\/schema.org\",\"@graph\":[{\"@type\":\"Article\",\"@id\":\"https:\/\/www.press7.tv\/?p=26669#article\",\"isPartOf\":{\"@id\":\"https:\/\/www.press7.tv\/?p=26669\"},\"author\":{\"name\":\"gazetar2\",\"@id\":\"https:\/\/www.news33.tv\/#\/schema\/person\/5a04a38a23ccdba82f9bd665cd8f9efa\"},\"headline\":\"Irani konfirmon: Lideri i ri suprem \u00ebsht\u00eb n\u00eb gjendje t\u00eb mir\u00eb\",\"datePublished\":\"2026-03-15T11:17:11+00:00\",\"mainEntityOfPage\":{\"@id\":\"https:\/\/www.press7.tv\/?p=26669\"},\"wordCount\":106,\"publisher\":{\"@id\":\"https:\/\/www.news33.tv\/#organization\"},\"image\":{\"@id\":\"https:\/\/www.press7.tv\/?p=26669#primaryimage\"},\"thumbnailUrl\":\"https:\/\/www.press7.tv\/wp-content\/uploads\/2026\/03\/IMG_7797.avif\",\"articleSection\":[\"Bot\u00eb\",\"Lajme\"],\"inLanguage\":\"en-US\"},{\"@type\":\"WebPage\",\"@id\":\"https:\/\/www.press7.tv\/?p=26669\",\"url\":\"https:\/\/www.press7.tv\/?p=26669\",\"name\":\"Irani konfirmon: Lideri i ri suprem \u00ebsht\u00eb n\u00eb gjendje t\u00eb mir\u00eb - press7.tv\",\"isPartOf\":{\"@id\":\"https:\/\/www.news33.tv\/#website\"},\"primaryImageOfPage\":{\"@id\":\"https:\/\/www.press7.tv\/?p=26669#primaryimage\"},\"image\":{\"@id\":\"https:\/\/www.press7.tv\/?p=26669#primaryimage\"},\"thumbnailUrl\":\"https:\/\/www.press7.tv\/wp-content\/uploads\/2026\/03\/IMG_7797.avif\",\"datePublished\":\"2026-03-15T11:17:11+00:00\",\"breadcrumb\":{\"@id\":\"https:\/\/www.press7.tv\/?p=26669#breadcrumb\"},\"inLanguage\":\"en-US\",\"potentialAction\":[{\"@type\":\"ReadAction\",\"target\":[\"https:\/\/www.press7.tv\/?p=26669\"]}]},{\"@type\":\"ImageObject\",\"inLanguage\":\"en-US\",\"@id\":\"https:\/\/www.press7.tv\/?p=26669#primaryimage\",\"url\":\"https:\/\/www.press7.tv\/wp-content\/uploads\/2026\/03\/IMG_7797.avif\",\"contentUrl\":\"https:\/\/www.press7.tv\/wp-content\/uploads\/2026\/03\/IMG_7797.avif\",\"width\":857,\"height\":522},{\"@type\":\"BreadcrumbList\",\"@id\":\"https:\/\/www.press7.tv\/?p=26669#breadcrumb\",\"itemListElement\":[{\"@type\":\"ListItem\",\"position\":1,\"name\":\"Home\",\"item\":\"https:\/\/www.press7.tv\/\"},{\"@type\":\"ListItem\",\"position\":2,\"name\":\"Irani konfirmon: Lideri i ri suprem \u00ebsht\u00eb n\u00eb gjendje t\u00eb mir\u00eb\"}]},{\"@type\":\"WebSite\",\"@id\":\"https:\/\/www.news33.tv\/#website\",\"url\":\"https:\/\/www.news33.tv\/\",\"name\":\"News33.tv Media\",\"description\":\"Media\",\"publisher\":{\"@id\":\"https:\/\/www.news33.tv\/#organization\"},\"potentialAction\":[{\"@type\":\"SearchAction\",\"target\":{\"@type\":\"EntryPoint\",\"urlTemplate\":\"https:\/\/www.news33.tv\/?s={search_term_string}\"},\"query-input\":{\"@type\":\"PropertyValueSpecification\",\"valueRequired\":true,\"valueName\":\"search_term_string\"}}],\"inLanguage\":\"en-US\"},{\"@type\":\"Organization\",\"@id\":\"https:\/\/www.news33.tv\/#organization\",\"name\":\"News33.tv Media\",\"url\":\"https:\/\/www.news33.tv\/\",\"logo\":{\"@type\":\"ImageObject\",\"inLanguage\":\"en-US\",\"@id\":\"https:\/\/www.news33.tv\/#\/schema\/logo\/image\/\",\"url\":\"https:\/\/www.press7.tv\/wp-content\/uploads\/2024\/02\/logo-news33-black.png\",\"contentUrl\":\"https:\/\/www.press7.tv\/wp-content\/uploads\/2024\/02\/logo-news33-black.png\",\"width\":180,\"height\":37,\"caption\":\"News33.tv Media\"},\"image\":{\"@id\":\"https:\/\/www.news33.tv\/#\/schema\/logo\/image\/\"},\"sameAs\":[\"https:\/\/www.facebook.com\/press7.tv\"]},{\"@type\":\"Person\",\"@id\":\"https:\/\/www.news33.tv\/#\/schema\/person\/5a04a38a23ccdba82f9bd665cd8f9efa\",\"name\":\"gazetar2\",\"image\":{\"@type\":\"ImageObject\",\"inLanguage\":\"en-US\",\"@id\":\"https:\/\/www.news33.tv\/#\/schema\/person\/image\/\",\"url\":\"https:\/\/www.press7.tv\/wp-content\/litespeed\/avatar\/41975e402c3049d9ddb03adca8f7a883.jpg?ver=1777169572\",\"contentUrl\":\"https:\/\/www.press7.tv\/wp-content\/litespeed\/avatar\/41975e402c3049d9ddb03adca8f7a883.jpg?ver=1777169572\",\"caption\":\"gazetar2\"},\"url\":\"https:\/\/www.press7.tv\/?author=8\"}]}<\/script>\n<!-- \/ Yoast SEO plugin. -->","yoast_head_json":{"title":"Irani konfirmon: Lideri i ri suprem \u00ebsht\u00eb n\u00eb gjendje t\u00eb mir\u00eb - press7.tv","robots":{"index":"index","follow":"follow","max-snippet":"max-snippet:-1","max-image-preview":"max-image-preview:large","max-video-preview":"max-video-preview:-1"},"canonical":"https:\/\/www.press7.tv\/?p=26669","og_locale":"en_US","og_type":"article","og_title":"Irani konfirmon: Lideri i ri suprem \u00ebsht\u00eb n\u00eb gjendje t\u00eb mir\u00eb - press7.tv","og_description":"Ministri i Jasht\u00ebm iranian, Abbas Araghchi, ka th\u00ebn\u00eb n\u00eb nj\u00eb intervist\u00eb se Mojtaba Khamenei \u00ebsht\u00eb \u201cn\u00eb sh\u00ebndet t\u00eb mir\u00eb\u201d dhe \u201ce kontrollon plot\u00ebsisht situat\u00ebn\u201d. Ai thot\u00eb se Irani mir\u00ebpret \u00e7do \u201ciniciativ\u00eb rajonale q\u00eb \u00e7on n\u00eb nj\u00eb fund t\u00eb drejt\u00eb t\u00eb luft\u00ebs\u201d dhe se Hormuzi \u00ebsht\u00eb \u201ci hapur p\u00ebr t\u00eb gjith\u00eb p\u00ebrve\u00e7 anijeve amerikane dhe aleat\u00ebve [&hellip;]","og_url":"https:\/\/www.press7.tv\/?p=26669","og_site_name":"press7.tv","article_publisher":"https:\/\/www.facebook.com\/press7.tv","article_published_time":"2026-03-15T11:17:11+00:00","og_image":[{"width":857,"height":522,"url":"https:\/\/www.press7.tv\/wp-content\/uploads\/2026\/03\/IMG_7797.avif","type":"image\/png"}],"author":"gazetar2","twitter_card":"summary_large_image","twitter_misc":{"Written by":"gazetar2","Est. reading time":"1 minute"},"schema":{"@context":"https:\/\/schema.org","@graph":[{"@type":"Article","@id":"https:\/\/www.press7.tv\/?p=26669#article","isPartOf":{"@id":"https:\/\/www.press7.tv\/?p=26669"},"author":{"name":"gazetar2","@id":"https:\/\/www.news33.tv\/#\/schema\/person\/5a04a38a23ccdba82f9bd665cd8f9efa"},"headline":"Irani konfirmon: Lideri i ri suprem \u00ebsht\u00eb n\u00eb gjendje t\u00eb mir\u00eb","datePublished":"2026-03-15T11:17:11+00:00","mainEntityOfPage":{"@id":"https:\/\/www.press7.tv\/?p=26669"},"wordCount":106,"publisher":{"@id":"https:\/\/www.news33.tv\/#organization"},"image":{"@id":"https:\/\/www.press7.tv\/?p=26669#primaryimage"},"thumbnailUrl":"https:\/\/www.press7.tv\/wp-content\/uploads\/2026\/03\/IMG_7797.avif","articleSection":["Bot\u00eb","Lajme"],"inLanguage":"en-US"},{"@type":"WebPage","@id":"https:\/\/www.press7.tv\/?p=26669","url":"https:\/\/www.press7.tv\/?p=26669","name":"Irani konfirmon: Lideri i ri suprem \u00ebsht\u00eb n\u00eb gjendje t\u00eb mir\u00eb - press7.tv","isPartOf":{"@id":"https:\/\/www.news33.tv\/#website"},"primaryImageOfPage":{"@id":"https:\/\/www.press7.tv\/?p=26669#primaryimage"},"image":{"@id":"https:\/\/www.press7.tv\/?p=26669#primaryimage"},"thumbnailUrl":"https:\/\/www.press7.tv\/wp-content\/uploads\/2026\/03\/IMG_7797.avif","datePublished":"2026-03-15T11:17:11+00:00","breadcrumb":{"@id":"https:\/\/www.press7.tv\/?p=26669#breadcrumb"},"inLanguage":"en-US","potentialAction":[{"@type":"ReadAction","target":["https:\/\/www.press7.tv\/?p=26669"]}]},{"@type":"ImageObject","inLanguage":"en-US","@id":"https:\/\/www.press7.tv\/?p=26669#primaryimage","url":"https:\/\/www.press7.tv\/wp-content\/uploads\/2026\/03\/IMG_7797.avif","contentUrl":"https:\/\/www.press7.tv\/wp-content\/uploads\/2026\/03\/IMG_7797.avif","width":857,"height":522},{"@type":"BreadcrumbList","@id":"https:\/\/www.press7.tv\/?p=26669#breadcrumb","itemListElement":[{"@type":"ListItem","position":1,"name":"Home","item":"https:\/\/www.press7.tv\/"},{"@type":"ListItem","position":2,"name":"Irani konfirmon: Lideri i ri suprem \u00ebsht\u00eb n\u00eb gjendje t\u00eb mir\u00eb"}]},{"@type":"WebSite","@id":"https:\/\/www.news33.tv\/#website","url":"https:\/\/www.news33.tv\/","name":"News33.tv Media","description":"Media","publisher":{"@id":"https:\/\/www.news33.tv\/#organization"},"potentialAction":[{"@type":"SearchAction","target":{"@type":"EntryPoint","urlTemplate":"https:\/\/www.news33.tv\/?s={search_term_string}"},"query-input":{"@type":"PropertyValueSpecification","valueRequired":true,"valueName":"search_term_string"}}],"inLanguage":"en-US"},{"@type":"Organization","@id":"https:\/\/www.news33.tv\/#organization","name":"News33.tv Media","url":"https:\/\/www.news33.tv\/","logo":{"@type":"ImageObject","inLanguage":"en-US","@id":"https:\/\/www.news33.tv\/#\/schema\/logo\/image\/","url":"https:\/\/www.press7.tv\/wp-content\/uploads\/2024\/02\/logo-news33-black.png","contentUrl":"https:\/\/www.press7.tv\/wp-content\/uploads\/2024\/02\/logo-news33-black.png","width":180,"height":37,"caption":"News33.tv Media"},"image":{"@id":"https:\/\/www.news33.tv\/#\/schema\/logo\/image\/"},"sameAs":["https:\/\/www.facebook.com\/press7.tv"]},{"@type":"Person","@id":"https:\/\/www.news33.tv\/#\/schema\/person\/5a04a38a23ccdba82f9bd665cd8f9efa","name":"gazetar2","image":{"@type":"ImageObject","inLanguage":"en-US","@id":"https:\/\/www.news33.tv\/#\/schema\/person\/image\/","url":"https:\/\/www.press7.tv\/wp-content\/litespeed\/avatar\/41975e402c3049d9ddb03adca8f7a883.jpg?ver=1777169572","contentUrl":"https:\/\/www.press7.tv\/wp-content\/litespeed\/avatar\/41975e402c3049d9ddb03adca8f7a883.jpg?ver=1777169572","caption":"gazetar2"},"url":"https:\/\/www.press7.tv\/?author=8"}]}},"amp_enabled":true,"_links":{"self":[{"href":"https:\/\/www.press7.tv\/index.php?rest_route=\/wp\/v2\/posts\/26669","targetHints":{"allow":["GET"]}}],"collection":[{"href":"https:\/\/www.press7.tv\/index.php?rest_route=\/wp\/v2\/posts"}],"about":[{"href":"https:\/\/www.press7.tv\/index.php?rest_route=\/wp\/v2\/types\/post"}],"author":[{"embeddable":true,"href":"https:\/\/www.press7.tv\/index.php?rest_route=\/wp\/v2\/users\/8"}],"replies":[{"embeddable":true,"href":"https:\/\/www.press7.tv\/index.php?rest_route=%2Fwp%2Fv2%2Fcomments&post=26669"}],"version-history":[{"count":1,"href":"https:\/\/www.press7.tv\/index.php?rest_route=\/wp\/v2\/posts\/26669\/revisions"}],"predecessor-version":[{"id":26671,"href":"https:\/\/www.press7.tv\/index.php?rest_route=\/wp\/v2\/posts\/26669\/revisions\/26671"}],"wp:featuredmedia":[{"embeddable":true,"href":"https:\/\/www.press7.tv\/index.php?rest_route=\/wp\/v2\/media\/26670"}],"wp:attachment":[{"href":"https:\/\/www.press7.tv\/index.php?rest_route=%2Fwp%2Fv2%2Fmedia&parent=26669"}],"wp:term":[{"taxonomy":"category","embeddable":true,"href":"https:\/\/www.press7.tv\/index.php?rest_route=%2Fwp%2Fv2%2Fcategories&post=26669"},{"taxonomy":"post_tag","embeddable":true,"href":"https:\/\/www.press7.tv\/index.php?rest_route=%2Fwp%2Fv2%2Ftags&post=26669"}],"curies":[{"name":"wp","href":"https:\/\/api.w.org\/{rel}","templated":true}]}}