{"id":26648,"date":"2026-03-14T15:04:19","date_gmt":"2026-03-14T15:04:19","guid":{"rendered":"https:\/\/www.press7.tv\/?p=26648"},"modified":"2026-03-14T15:04:19","modified_gmt":"2026-03-14T15:04:19","slug":"njeriu-qe-disa-analiste-shqiptare-e-paraqisnin-si-vete-ameriken-nuk-eshte-me-as-drejtor-i-nje-qendre-kulturore-donald-trump-e-shkarkon-tani-eshte-vetem-nje-lobues-i-serbia-pa-nd","status":"publish","type":"post","link":"https:\/\/www.press7.tv\/?p=26648","title":{"rendered":"Njeriu q\u00eb disa analist\u00eb shqiptar\u00eb e paraqisnin si \u201cvet\u00eb Amerik\u00ebn\u201d nuk \u00ebsht\u00eb m\u00eb as drejtor i nj\u00eb qendre kulturore , Donald Trump e shkarkon &#8211; Tani \u00ebsht\u00eb vet\u00ebm nj\u00eb lobues i Serbia, pa ndikimin q\u00eb kishte m\u00eb par\u00eb"},"content":{"rendered":"\n    <div class=\"xs_social_share_widget xs_share_url before_content \t\tmain_content  wslu-style-2 wslu-share-box-shaped wslu-fill-colored wslu-share-m-5 wslu-none wslu-share-vertical wslu-theme-font-no wslu-main_content\">\n\n\t\t\n        <ul>\n\t\t\t        <\/ul>\n    <\/div> \n<p>Presidenti amerikan, Donald Trump, ka njoftuar se Richard \u201cRic\u201d Grenell do t\u00eb dor\u00ebhiqet nga posti i drejtorit t\u00eb \u201cJohn F. Kennedy Center for the Performing Arts\u201d n\u00eb Uashington, D.C., nj\u00eb rol q\u00eb ai e mbajti q\u00eb nga em\u00ebrimi n\u00eb muajin shkurt t\u00eb vitit 2025.<\/p>\n<p>Njeriu q\u00eb analist\u00eb shqiptar\u00eb e paraqisnin si vet\u00eb Amerika nuk \u00ebsht\u00eb m\u00eb as drejtor qendre kulturore, Trumpi e shkarkon.<\/p>\n<p>Tani Richard Grenellit i kan\u00eb mbetur si trofe vet\u00ebm dekoratat e marra nga presidenti serb Vu\u00e7iq dhe detyra e tij si lobist i Serbis\u00eb, t\u00eb cil\u00ebn me gjas\u00eb edhe at\u00eb do ta humb\u00eb, sepse tashm\u00eb \u00ebsht\u00eb nj\u00eb person fare pa influenc\u00eb n\u00eb Shtetet e Bashkuara dhe administrat\u00ebn e saj, ku ai p\u00ebrpiqej ta avanconte agjend\u00ebn serbe.<\/p>\n<p>Grenell u em\u00ebrua nga Trumpi dhe gjat\u00eb mandatit t\u00eb tij q\u00ebndroi n\u00eb qend\u00ebr t\u00eb nj\u00eb periudhe mjaft t\u00eb diskutueshme p\u00ebr qendr\u00ebn komb\u00ebtare t\u00eb artit.<\/p>\n<p>Trumpi tha n\u00eb nj\u00eb postim n\u00eb rrjetet sociale se Matt Floca, n\u00ebnkryetari p\u00ebr operacionet e objektit, do t\u00eb z\u00ebvend\u00ebsoj\u00eb Grenell si drejtor ekzekutiv dhe shef i operacioneve. Ky ndryshim pritet t\u00eb formalizohet n\u00eb nj\u00eb mbledhje t\u00eb bordit t\u00eb drejtor\u00ebve q\u00eb do t\u00eb mbahet n\u00eb Sht\u00ebpin\u00eb e Bardh\u00eb.<\/p>\n<p>Largimi i Grenell ndodh nd\u00ebrsa Kennedy Center p\u00ebrgatitet p\u00ebr nj\u00eb mbyllje dyvje\u00e7are p\u00ebr rinovime, pas nj\u00eb periudhe kur qendra u riorganizua nga Trump dhe emri i tij u shtua n\u00eb fasad\u00ebn e nd\u00ebrtes\u00ebs \u2013 nj\u00eb vendim q\u00eb shkaktoi reagime t\u00eb forta dhe anulime t\u00eb performancave nga artist\u00eb t\u00eb njohur.<\/p>\n<p>Trumpi e fal\u00ebnderoi Grenell p\u00ebr pun\u00ebn gjat\u00eb periudh\u00ebs s\u00eb tranzicionit, nd\u00ebrsa kritikat kryesore p\u00ebr mandatet e tij lidhen me aspektet politike t\u00eb menaxhimit t\u00eb qendr\u00ebs dhe reagimet e komunitetit artistik.<\/p>\n<p>Mandati i tij si ushtrues detyre i drejtorit t\u00eb \u201cKennedy Center\u201d ka qen\u00eb i shoq\u00ebruar me turbulenca: anulime t\u00eb shumta t\u00eb performancave t\u00eb r\u00ebnd\u00ebsishme, protesta, r\u00ebnie t\u00eb shitjes s\u00eb biletave dhe v\u00ebshtir\u00ebsi financiare, nd\u00ebrsa ai p\u00ebrpiqej t\u00eb zbatonte vizionin e presidentit p\u00ebr k\u00ebt\u00eb institucion artistik.<\/p>\n<p>Pavar\u00ebsisht af\u00ebrsis\u00eb s\u00eb m\u00ebparshme mes Trumpit dhe Grenellit \u2013 nj\u00eb besnik i af\u00ebrt q\u00eb ka mbajtur poste t\u00eb ndryshme gjat\u00eb dy mandateve presidenciale \u2013 presidenti \u00ebsht\u00eb lodhur nga nj\u00eb s\u00ebr\u00eb titujsh negativ\u00eb n\u00eb media p\u00ebr ndryshimet n\u00eb institucion, than\u00eb burimet p\u00ebr CNN.<\/p>\n<p>Nj\u00eb burim i njohur me q\u00ebndrimin e Sht\u00ebpis\u00eb s\u00eb Bardh\u00eb tha se presidenti e vler\u00ebsonte Grenellin, por mendonte se ai nuk kishte arritur t\u00eb ishte i suksessh\u00ebm n\u00eb drejtimin e Kennedy Center, p\u00ebrfshir\u00eb edhe menaxhimin e publicitetit.<\/p>\n<p>Gjat\u00eb drejtimit t\u00eb institucionit, Grenell shpesh shkonte kund\u00ebr prirjeve t\u00eb bot\u00ebs s\u00eb artit, duke sfiduar traditat dhe duke ndryshuar norma q\u00eb kishin ekzistuar p\u00ebr dekada \u2013 gj\u00eb q\u00eb, sipas kritik\u00ebve, ka shkaktuar tensione dhe ka d\u00ebmtuar r\u00ebnd\u00eb institucionin.<\/p>\n<p>Dit\u00ebt e fundit, Trump \u201cka filluar t\u00eb humbas\u00eb durimin me t\u00eb\u201d, tha nj\u00eb burim pran\u00eb Kennedy Center.<\/p>\n<p>\u201cRic ka punuar shum\u00eb p\u00ebr t\u00eb mbetur i preferuari i Trumpit, por presidenti \u00ebsht\u00eb lodhur duke d\u00ebgjuar \u00e7do dit\u00eb se Kennedy Center po menaxhohet keq dhe se Trumpi po e shkat\u00ebrron at\u00eb\u201d, tha burimi.<\/p>\n<p>Jav\u00eb m\u00eb par\u00eb ishte raportuar se Grenell kishte r\u00ebn\u00eb n\u00eb mosp\u00eblqim edhe p\u00ebr shkak t\u00eb p\u00ebrplasjeve me shefen e kabinetit t\u00eb Trumpit, Susie Wiles.<\/p>\n<p>Grenell njihet n\u00eb Ballkan p\u00ebr lidhjet e tij lobuese me presidentin e Serbis\u00eb, Aleksandar Vu\u00e7iq, si dhe p\u00ebr rolin e tij destruktiv n\u00eb raport me Kosov\u00ebn.<\/p>\n","protected":false},"excerpt":{"rendered":"<p>Presidenti amerikan, Donald Trump, ka njoftuar se Richard \u201cRic\u201d Grenell do t\u00eb dor\u00ebhiqet nga posti i drejtorit t\u00eb \u201cJohn F. Kennedy Center for the Performing Arts\u201d n\u00eb Uashington, D.C., nj\u00eb rol q\u00eb ai e mbajti q\u00eb nga em\u00ebrimi n\u00eb muajin shkurt t\u00eb vitit 2025. Njeriu q\u00eb analist\u00eb shqiptar\u00eb e paraqisnin si vet\u00eb Amerika nuk \u00ebsht\u00eb [&hellip;]<\/p>\n","protected":false},"author":8,"featured_media":26649,"comment_status":"closed","ping_status":"closed","sticky":false,"template":"","format":"standard","meta":{"footnotes":""},"categories":[217,213],"tags":[],"class_list":["post-26648","post","type-post","status-publish","format-standard","has-post-thumbnail","hentry","category-bote","category-lajme"],"yoast_head":"<!-- This site is optimized with the Yoast SEO plugin v25.1 - https:\/\/yoast.com\/wordpress\/plugins\/seo\/ -->\n<title>Njeriu q\u00eb disa analist\u00eb shqiptar\u00eb e paraqisnin si \u201cvet\u00eb Amerik\u00ebn\u201d nuk \u00ebsht\u00eb m\u00eb as drejtor i nj\u00eb qendre kulturore , Donald Trump e shkarkon - Tani \u00ebsht\u00eb vet\u00ebm nj\u00eb lobues i Serbia, pa ndikimin q\u00eb kishte m\u00eb par\u00eb - press7.tv<\/title>\n<meta name=\"robots\" content=\"index, follow, max-snippet:-1, max-image-preview:large, max-video-preview:-1\" \/>\n<link rel=\"canonical\" href=\"https:\/\/www.press7.tv\/?p=26648\" \/>\n<meta property=\"og:locale\" content=\"en_US\" \/>\n<meta property=\"og:type\" content=\"article\" \/>\n<meta property=\"og:title\" content=\"Njeriu q\u00eb disa analist\u00eb shqiptar\u00eb e paraqisnin si \u201cvet\u00eb Amerik\u00ebn\u201d nuk \u00ebsht\u00eb m\u00eb as drejtor i nj\u00eb qendre kulturore , Donald Trump e shkarkon - Tani \u00ebsht\u00eb vet\u00ebm nj\u00eb lobues i Serbia, pa ndikimin q\u00eb kishte m\u00eb par\u00eb - press7.tv\" \/>\n<meta property=\"og:description\" content=\"Presidenti amerikan, Donald Trump, ka njoftuar se Richard \u201cRic\u201d Grenell do t\u00eb dor\u00ebhiqet nga posti i drejtorit t\u00eb \u201cJohn F. Kennedy Center for the Performing Arts\u201d n\u00eb Uashington, D.C., nj\u00eb rol q\u00eb ai e mbajti q\u00eb nga em\u00ebrimi n\u00eb muajin shkurt t\u00eb vitit 2025. Njeriu q\u00eb analist\u00eb shqiptar\u00eb e paraqisnin si vet\u00eb Amerika nuk \u00ebsht\u00eb [&hellip;]\" \/>\n<meta property=\"og:url\" content=\"https:\/\/www.press7.tv\/?p=26648\" \/>\n<meta property=\"og:site_name\" content=\"press7.tv\" \/>\n<meta property=\"article:publisher\" content=\"https:\/\/www.facebook.com\/press7.tv\" \/>\n<meta property=\"article:published_time\" content=\"2026-03-14T15:04:19+00:00\" \/>\n<meta property=\"og:image\" content=\"https:\/\/www.press7.tv\/wp-content\/uploads\/2026\/03\/IMG_7773.avif\" \/>\n\t<meta property=\"og:image:width\" content=\"899\" \/>\n\t<meta property=\"og:image:height\" content=\"500\" \/>\n\t<meta property=\"og:image:type\" content=\"image\/jpeg\" \/>\n<meta name=\"author\" content=\"gazetar2\" \/>\n<meta name=\"twitter:card\" content=\"summary_large_image\" \/>\n<meta name=\"twitter:label1\" content=\"Written by\" \/>\n\t<meta name=\"twitter:data1\" content=\"gazetar2\" \/>\n\t<meta name=\"twitter:label2\" content=\"Est. reading time\" \/>\n\t<meta name=\"twitter:data2\" content=\"2 minutes\" \/>\n<script type=\"application\/ld+json\" class=\"yoast-schema-graph\">{\"@context\":\"https:\/\/schema.org\",\"@graph\":[{\"@type\":\"Article\",\"@id\":\"https:\/\/www.press7.tv\/?p=26648#article\",\"isPartOf\":{\"@id\":\"https:\/\/www.press7.tv\/?p=26648\"},\"author\":{\"name\":\"gazetar2\",\"@id\":\"https:\/\/www.news33.tv\/#\/schema\/person\/5a04a38a23ccdba82f9bd665cd8f9efa\"},\"headline\":\"Njeriu q\u00eb disa analist\u00eb shqiptar\u00eb e paraqisnin si \u201cvet\u00eb Amerik\u00ebn\u201d nuk \u00ebsht\u00eb m\u00eb as drejtor i nj\u00eb qendre kulturore , Donald Trump e shkarkon &#8211; Tani \u00ebsht\u00eb vet\u00ebm nj\u00eb lobues i Serbia, pa ndikimin q\u00eb kishte m\u00eb par\u00eb\",\"datePublished\":\"2026-03-14T15:04:19+00:00\",\"mainEntityOfPage\":{\"@id\":\"https:\/\/www.press7.tv\/?p=26648\"},\"wordCount\":642,\"publisher\":{\"@id\":\"https:\/\/www.news33.tv\/#organization\"},\"image\":{\"@id\":\"https:\/\/www.press7.tv\/?p=26648#primaryimage\"},\"thumbnailUrl\":\"https:\/\/www.press7.tv\/wp-content\/uploads\/2026\/03\/IMG_7773.avif\",\"articleSection\":[\"Bot\u00eb\",\"Lajme\"],\"inLanguage\":\"en-US\"},{\"@type\":\"WebPage\",\"@id\":\"https:\/\/www.press7.tv\/?p=26648\",\"url\":\"https:\/\/www.press7.tv\/?p=26648\",\"name\":\"Njeriu q\u00eb disa analist\u00eb shqiptar\u00eb e paraqisnin si \u201cvet\u00eb Amerik\u00ebn\u201d nuk \u00ebsht\u00eb m\u00eb as drejtor i nj\u00eb qendre kulturore , Donald Trump e shkarkon - Tani \u00ebsht\u00eb vet\u00ebm nj\u00eb lobues i Serbia, pa ndikimin q\u00eb kishte m\u00eb par\u00eb - press7.tv\",\"isPartOf\":{\"@id\":\"https:\/\/www.news33.tv\/#website\"},\"primaryImageOfPage\":{\"@id\":\"https:\/\/www.press7.tv\/?p=26648#primaryimage\"},\"image\":{\"@id\":\"https:\/\/www.press7.tv\/?p=26648#primaryimage\"},\"thumbnailUrl\":\"https:\/\/www.press7.tv\/wp-content\/uploads\/2026\/03\/IMG_7773.avif\",\"datePublished\":\"2026-03-14T15:04:19+00:00\",\"breadcrumb\":{\"@id\":\"https:\/\/www.press7.tv\/?p=26648#breadcrumb\"},\"inLanguage\":\"en-US\",\"potentialAction\":[{\"@type\":\"ReadAction\",\"target\":[\"https:\/\/www.press7.tv\/?p=26648\"]}]},{\"@type\":\"ImageObject\",\"inLanguage\":\"en-US\",\"@id\":\"https:\/\/www.press7.tv\/?p=26648#primaryimage\",\"url\":\"https:\/\/www.press7.tv\/wp-content\/uploads\/2026\/03\/IMG_7773.avif\",\"contentUrl\":\"https:\/\/www.press7.tv\/wp-content\/uploads\/2026\/03\/IMG_7773.avif\",\"width\":899,\"height\":500},{\"@type\":\"BreadcrumbList\",\"@id\":\"https:\/\/www.press7.tv\/?p=26648#breadcrumb\",\"itemListElement\":[{\"@type\":\"ListItem\",\"position\":1,\"name\":\"Home\",\"item\":\"https:\/\/www.press7.tv\/\"},{\"@type\":\"ListItem\",\"position\":2,\"name\":\"Njeriu q\u00eb disa analist\u00eb shqiptar\u00eb e paraqisnin si \u201cvet\u00eb Amerik\u00ebn\u201d nuk \u00ebsht\u00eb m\u00eb as drejtor i nj\u00eb qendre kulturore , Donald Trump e shkarkon &#8211; Tani \u00ebsht\u00eb vet\u00ebm nj\u00eb lobues i Serbia, pa ndikimin q\u00eb kishte m\u00eb par\u00eb\"}]},{\"@type\":\"WebSite\",\"@id\":\"https:\/\/www.news33.tv\/#website\",\"url\":\"https:\/\/www.news33.tv\/\",\"name\":\"News33.tv Media\",\"description\":\"Media\",\"publisher\":{\"@id\":\"https:\/\/www.news33.tv\/#organization\"},\"potentialAction\":[{\"@type\":\"SearchAction\",\"target\":{\"@type\":\"EntryPoint\",\"urlTemplate\":\"https:\/\/www.news33.tv\/?s={search_term_string}\"},\"query-input\":{\"@type\":\"PropertyValueSpecification\",\"valueRequired\":true,\"valueName\":\"search_term_string\"}}],\"inLanguage\":\"en-US\"},{\"@type\":\"Organization\",\"@id\":\"https:\/\/www.news33.tv\/#organization\",\"name\":\"News33.tv Media\",\"url\":\"https:\/\/www.news33.tv\/\",\"logo\":{\"@type\":\"ImageObject\",\"inLanguage\":\"en-US\",\"@id\":\"https:\/\/www.news33.tv\/#\/schema\/logo\/image\/\",\"url\":\"https:\/\/www.press7.tv\/wp-content\/uploads\/2024\/02\/logo-news33-black.png\",\"contentUrl\":\"https:\/\/www.press7.tv\/wp-content\/uploads\/2024\/02\/logo-news33-black.png\",\"width\":180,\"height\":37,\"caption\":\"News33.tv Media\"},\"image\":{\"@id\":\"https:\/\/www.news33.tv\/#\/schema\/logo\/image\/\"},\"sameAs\":[\"https:\/\/www.facebook.com\/press7.tv\"]},{\"@type\":\"Person\",\"@id\":\"https:\/\/www.news33.tv\/#\/schema\/person\/5a04a38a23ccdba82f9bd665cd8f9efa\",\"name\":\"gazetar2\",\"image\":{\"@type\":\"ImageObject\",\"inLanguage\":\"en-US\",\"@id\":\"https:\/\/www.news33.tv\/#\/schema\/person\/image\/\",\"url\":\"https:\/\/www.press7.tv\/wp-content\/litespeed\/avatar\/41975e402c3049d9ddb03adca8f7a883.jpg?ver=1777169572\",\"contentUrl\":\"https:\/\/www.press7.tv\/wp-content\/litespeed\/avatar\/41975e402c3049d9ddb03adca8f7a883.jpg?ver=1777169572\",\"caption\":\"gazetar2\"},\"url\":\"https:\/\/www.press7.tv\/?author=8\"}]}<\/script>\n<!-- \/ Yoast SEO plugin. -->","yoast_head_json":{"title":"Njeriu q\u00eb disa analist\u00eb shqiptar\u00eb e paraqisnin si \u201cvet\u00eb Amerik\u00ebn\u201d nuk \u00ebsht\u00eb m\u00eb as drejtor i nj\u00eb qendre kulturore , Donald Trump e shkarkon - Tani \u00ebsht\u00eb vet\u00ebm nj\u00eb lobues i Serbia, pa ndikimin q\u00eb kishte m\u00eb par\u00eb - press7.tv","robots":{"index":"index","follow":"follow","max-snippet":"max-snippet:-1","max-image-preview":"max-image-preview:large","max-video-preview":"max-video-preview:-1"},"canonical":"https:\/\/www.press7.tv\/?p=26648","og_locale":"en_US","og_type":"article","og_title":"Njeriu q\u00eb disa analist\u00eb shqiptar\u00eb e paraqisnin si \u201cvet\u00eb Amerik\u00ebn\u201d nuk \u00ebsht\u00eb m\u00eb as drejtor i nj\u00eb qendre kulturore , Donald Trump e shkarkon - Tani \u00ebsht\u00eb vet\u00ebm nj\u00eb lobues i Serbia, pa ndikimin q\u00eb kishte m\u00eb par\u00eb - press7.tv","og_description":"Presidenti amerikan, Donald Trump, ka njoftuar se Richard \u201cRic\u201d Grenell do t\u00eb dor\u00ebhiqet nga posti i drejtorit t\u00eb \u201cJohn F. Kennedy Center for the Performing Arts\u201d n\u00eb Uashington, D.C., nj\u00eb rol q\u00eb ai e mbajti q\u00eb nga em\u00ebrimi n\u00eb muajin shkurt t\u00eb vitit 2025. Njeriu q\u00eb analist\u00eb shqiptar\u00eb e paraqisnin si vet\u00eb Amerika nuk \u00ebsht\u00eb [&hellip;]","og_url":"https:\/\/www.press7.tv\/?p=26648","og_site_name":"press7.tv","article_publisher":"https:\/\/www.facebook.com\/press7.tv","article_published_time":"2026-03-14T15:04:19+00:00","og_image":[{"width":899,"height":500,"url":"https:\/\/www.press7.tv\/wp-content\/uploads\/2026\/03\/IMG_7773.avif","type":"image\/jpeg"}],"author":"gazetar2","twitter_card":"summary_large_image","twitter_misc":{"Written by":"gazetar2","Est. reading time":"2 minutes"},"schema":{"@context":"https:\/\/schema.org","@graph":[{"@type":"Article","@id":"https:\/\/www.press7.tv\/?p=26648#article","isPartOf":{"@id":"https:\/\/www.press7.tv\/?p=26648"},"author":{"name":"gazetar2","@id":"https:\/\/www.news33.tv\/#\/schema\/person\/5a04a38a23ccdba82f9bd665cd8f9efa"},"headline":"Njeriu q\u00eb disa analist\u00eb shqiptar\u00eb e paraqisnin si \u201cvet\u00eb Amerik\u00ebn\u201d nuk \u00ebsht\u00eb m\u00eb as drejtor i nj\u00eb qendre kulturore , Donald Trump e shkarkon &#8211; Tani \u00ebsht\u00eb vet\u00ebm nj\u00eb lobues i Serbia, pa ndikimin q\u00eb kishte m\u00eb par\u00eb","datePublished":"2026-03-14T15:04:19+00:00","mainEntityOfPage":{"@id":"https:\/\/www.press7.tv\/?p=26648"},"wordCount":642,"publisher":{"@id":"https:\/\/www.news33.tv\/#organization"},"image":{"@id":"https:\/\/www.press7.tv\/?p=26648#primaryimage"},"thumbnailUrl":"https:\/\/www.press7.tv\/wp-content\/uploads\/2026\/03\/IMG_7773.avif","articleSection":["Bot\u00eb","Lajme"],"inLanguage":"en-US"},{"@type":"WebPage","@id":"https:\/\/www.press7.tv\/?p=26648","url":"https:\/\/www.press7.tv\/?p=26648","name":"Njeriu q\u00eb disa analist\u00eb shqiptar\u00eb e paraqisnin si \u201cvet\u00eb Amerik\u00ebn\u201d nuk \u00ebsht\u00eb m\u00eb as drejtor i nj\u00eb qendre kulturore , Donald Trump e shkarkon - Tani \u00ebsht\u00eb vet\u00ebm nj\u00eb lobues i Serbia, pa ndikimin q\u00eb kishte m\u00eb par\u00eb - press7.tv","isPartOf":{"@id":"https:\/\/www.news33.tv\/#website"},"primaryImageOfPage":{"@id":"https:\/\/www.press7.tv\/?p=26648#primaryimage"},"image":{"@id":"https:\/\/www.press7.tv\/?p=26648#primaryimage"},"thumbnailUrl":"https:\/\/www.press7.tv\/wp-content\/uploads\/2026\/03\/IMG_7773.avif","datePublished":"2026-03-14T15:04:19+00:00","breadcrumb":{"@id":"https:\/\/www.press7.tv\/?p=26648#breadcrumb"},"inLanguage":"en-US","potentialAction":[{"@type":"ReadAction","target":["https:\/\/www.press7.tv\/?p=26648"]}]},{"@type":"ImageObject","inLanguage":"en-US","@id":"https:\/\/www.press7.tv\/?p=26648#primaryimage","url":"https:\/\/www.press7.tv\/wp-content\/uploads\/2026\/03\/IMG_7773.avif","contentUrl":"https:\/\/www.press7.tv\/wp-content\/uploads\/2026\/03\/IMG_7773.avif","width":899,"height":500},{"@type":"BreadcrumbList","@id":"https:\/\/www.press7.tv\/?p=26648#breadcrumb","itemListElement":[{"@type":"ListItem","position":1,"name":"Home","item":"https:\/\/www.press7.tv\/"},{"@type":"ListItem","position":2,"name":"Njeriu q\u00eb disa analist\u00eb shqiptar\u00eb e paraqisnin si \u201cvet\u00eb Amerik\u00ebn\u201d nuk \u00ebsht\u00eb m\u00eb as drejtor i nj\u00eb qendre kulturore , Donald Trump e shkarkon &#8211; Tani \u00ebsht\u00eb vet\u00ebm nj\u00eb lobues i Serbia, pa ndikimin q\u00eb kishte m\u00eb par\u00eb"}]},{"@type":"WebSite","@id":"https:\/\/www.news33.tv\/#website","url":"https:\/\/www.news33.tv\/","name":"News33.tv Media","description":"Media","publisher":{"@id":"https:\/\/www.news33.tv\/#organization"},"potentialAction":[{"@type":"SearchAction","target":{"@type":"EntryPoint","urlTemplate":"https:\/\/www.news33.tv\/?s={search_term_string}"},"query-input":{"@type":"PropertyValueSpecification","valueRequired":true,"valueName":"search_term_string"}}],"inLanguage":"en-US"},{"@type":"Organization","@id":"https:\/\/www.news33.tv\/#organization","name":"News33.tv Media","url":"https:\/\/www.news33.tv\/","logo":{"@type":"ImageObject","inLanguage":"en-US","@id":"https:\/\/www.news33.tv\/#\/schema\/logo\/image\/","url":"https:\/\/www.press7.tv\/wp-content\/uploads\/2024\/02\/logo-news33-black.png","contentUrl":"https:\/\/www.press7.tv\/wp-content\/uploads\/2024\/02\/logo-news33-black.png","width":180,"height":37,"caption":"News33.tv Media"},"image":{"@id":"https:\/\/www.news33.tv\/#\/schema\/logo\/image\/"},"sameAs":["https:\/\/www.facebook.com\/press7.tv"]},{"@type":"Person","@id":"https:\/\/www.news33.tv\/#\/schema\/person\/5a04a38a23ccdba82f9bd665cd8f9efa","name":"gazetar2","image":{"@type":"ImageObject","inLanguage":"en-US","@id":"https:\/\/www.news33.tv\/#\/schema\/person\/image\/","url":"https:\/\/www.press7.tv\/wp-content\/litespeed\/avatar\/41975e402c3049d9ddb03adca8f7a883.jpg?ver=1777169572","contentUrl":"https:\/\/www.press7.tv\/wp-content\/litespeed\/avatar\/41975e402c3049d9ddb03adca8f7a883.jpg?ver=1777169572","caption":"gazetar2"},"url":"https:\/\/www.press7.tv\/?author=8"}]}},"amp_enabled":true,"_links":{"self":[{"href":"https:\/\/www.press7.tv\/index.php?rest_route=\/wp\/v2\/posts\/26648","targetHints":{"allow":["GET"]}}],"collection":[{"href":"https:\/\/www.press7.tv\/index.php?rest_route=\/wp\/v2\/posts"}],"about":[{"href":"https:\/\/www.press7.tv\/index.php?rest_route=\/wp\/v2\/types\/post"}],"author":[{"embeddable":true,"href":"https:\/\/www.press7.tv\/index.php?rest_route=\/wp\/v2\/users\/8"}],"replies":[{"embeddable":true,"href":"https:\/\/www.press7.tv\/index.php?rest_route=%2Fwp%2Fv2%2Fcomments&post=26648"}],"version-history":[{"count":1,"href":"https:\/\/www.press7.tv\/index.php?rest_route=\/wp\/v2\/posts\/26648\/revisions"}],"predecessor-version":[{"id":26650,"href":"https:\/\/www.press7.tv\/index.php?rest_route=\/wp\/v2\/posts\/26648\/revisions\/26650"}],"wp:featuredmedia":[{"embeddable":true,"href":"https:\/\/www.press7.tv\/index.php?rest_route=\/wp\/v2\/media\/26649"}],"wp:attachment":[{"href":"https:\/\/www.press7.tv\/index.php?rest_route=%2Fwp%2Fv2%2Fmedia&parent=26648"}],"wp:term":[{"taxonomy":"category","embeddable":true,"href":"https:\/\/www.press7.tv\/index.php?rest_route=%2Fwp%2Fv2%2Fcategories&post=26648"},{"taxonomy":"post_tag","embeddable":true,"href":"https:\/\/www.press7.tv\/index.php?rest_route=%2Fwp%2Fv2%2Ftags&post=26648"}],"curies":[{"name":"wp","href":"https:\/\/api.w.org\/{rel}","templated":true}]}}