{"id":26644,"date":"2026-03-14T14:22:46","date_gmt":"2026-03-14T14:22:46","guid":{"rendered":"https:\/\/www.press7.tv\/?p=26644"},"modified":"2026-03-14T14:22:46","modified_gmt":"2026-03-14T14:22:46","slug":"vdes-filozofi-i-njohur-gjerman-jurgen-habermas-ne-moshen-96-vjecare","status":"publish","type":"post","link":"https:\/\/www.press7.tv\/?p=26644","title":{"rendered":"Vdes filozofi i njohur gjerman J\u00fcrgen Habermas n\u00eb mosh\u00ebn 96-vje\u00e7are"},"content":{"rendered":"\n    <div class=\"xs_social_share_widget xs_share_url before_content \t\tmain_content  wslu-style-2 wslu-share-box-shaped wslu-fill-colored wslu-share-m-5 wslu-none wslu-share-vertical wslu-theme-font-no wslu-main_content\">\n\n\t\t\n        <ul>\n\t\t\t        <\/ul>\n    <\/div> \n<p>Profesori universitar konsiderohej filozofi gjerman m\u00eb me ndikim dhe m\u00eb i njohur i koh\u00ebs son\u00eb dhe p\u00ebr dekada me radh\u00eb ka form\u00ebsuar debatet intelektuale. Ai ishte p\u00ebrfaq\u00ebsuesi m\u00eb i njohur i gjenerat\u00ebs s\u00eb dyt\u00eb t\u00eb Teoris\u00eb Kritike, Shkolla e Frankfurtit. Vepra e tij kryesore konsiderohet Teoria e veprimit komunikativ, e botuar n\u00eb vitin 1981.<\/p>\n<p>Filozofi dhe sociologu i njohur gjerman J\u00fcrgen Habermas ka nd\u00ebrruar jet\u00eb n\u00eb mosh\u00ebn 96-vje\u00e7are n\u00eb Gjermani, duke l\u00ebn\u00eb pas nj\u00eb trash\u00ebgimi t\u00eb jasht\u00ebzakonshme intelektuale n\u00eb filozofi, sociologji dhe teori politike.<\/p>\n<p>Habermas ishte nj\u00eb nga mendimtar\u00ebt m\u00eb t\u00eb r\u00ebnd\u00ebsish\u00ebm t\u00eb koh\u00ebs moderne dhe nj\u00eb nga z\u00ebrat m\u00eb t\u00eb fuqish\u00ebm n\u00eb debatet publike n\u00eb Evrop\u00eb p\u00ebr demokracin\u00eb, shoq\u00ebrin\u00eb civile dhe rolin e komunikimit n\u00eb jet\u00ebn publike.<\/p>\n<p>I lindur m\u00eb 18 qershor 1929 n\u00eb D\u00fcsseldorf, ai zhvilloi nj\u00eb karrier\u00eb t\u00eb gjat\u00eb akademike n\u00eb universitete t\u00eb njohura dhe u b\u00eb nj\u00eb figur\u00eb qendrore e filozofis\u00eb bashk\u00ebkohore.<\/p>\n<p>P\u00ebrmes teorive t\u00eb tij mbi diskursin publik dhe demokracin\u00eb deliberative, Habermas ndikoi thell\u00eb n\u00eb m\u00ebnyr\u00ebn se si kuptohet komunikimi n\u00eb shoq\u00ebri, roli i institucioneve dhe r\u00ebnd\u00ebsia e dialogut racional n\u00eb jet\u00ebn demokratike.<\/p>\n<p>Vdekja e tij sh\u00ebnon humbjen e nj\u00eb prej figurave m\u00eb t\u00eb m\u00ebdha t\u00eb mendimit filozofik evropian, nd\u00ebrsa veprat dhe idet\u00eb e tij pritet t\u00eb vazhdojn\u00eb t\u00eb ndikojn\u00eb n\u00eb studimet akademike dhe debatet publike p\u00ebr shum\u00eb vite.\/press7.tv<\/p>\n","protected":false},"excerpt":{"rendered":"<p>Profesori universitar konsiderohej filozofi gjerman m\u00eb me ndikim dhe m\u00eb i njohur i koh\u00ebs son\u00eb dhe p\u00ebr dekada me radh\u00eb ka form\u00ebsuar debatet intelektuale. Ai ishte p\u00ebrfaq\u00ebsuesi m\u00eb i njohur i gjenerat\u00ebs s\u00eb dyt\u00eb t\u00eb Teoris\u00eb Kritike, Shkolla e Frankfurtit. Vepra e tij kryesore konsiderohet Teoria e veprimit komunikativ, e botuar n\u00eb vitin 1981. Filozofi [&hellip;]<\/p>\n","protected":false},"author":8,"featured_media":26645,"comment_status":"closed","ping_status":"closed","sticky":false,"template":"","format":"standard","meta":{"footnotes":""},"categories":[217,213],"tags":[],"class_list":["post-26644","post","type-post","status-publish","format-standard","has-post-thumbnail","hentry","category-bote","category-lajme"],"yoast_head":"<!-- This site is optimized with the Yoast SEO plugin v25.1 - https:\/\/yoast.com\/wordpress\/plugins\/seo\/ -->\n<title>Vdes filozofi i njohur gjerman J\u00fcrgen Habermas n\u00eb mosh\u00ebn 96-vje\u00e7are - press7.tv<\/title>\n<meta name=\"robots\" content=\"index, follow, max-snippet:-1, max-image-preview:large, max-video-preview:-1\" \/>\n<link rel=\"canonical\" href=\"https:\/\/www.press7.tv\/?p=26644\" \/>\n<meta property=\"og:locale\" content=\"en_US\" \/>\n<meta property=\"og:type\" content=\"article\" \/>\n<meta property=\"og:title\" content=\"Vdes filozofi i njohur gjerman J\u00fcrgen Habermas n\u00eb mosh\u00ebn 96-vje\u00e7are - press7.tv\" \/>\n<meta property=\"og:description\" content=\"Profesori universitar konsiderohej filozofi gjerman m\u00eb me ndikim dhe m\u00eb i njohur i koh\u00ebs son\u00eb dhe p\u00ebr dekada me radh\u00eb ka form\u00ebsuar debatet intelektuale. Ai ishte p\u00ebrfaq\u00ebsuesi m\u00eb i njohur i gjenerat\u00ebs s\u00eb dyt\u00eb t\u00eb Teoris\u00eb Kritike, Shkolla e Frankfurtit. Vepra e tij kryesore konsiderohet Teoria e veprimit komunikativ, e botuar n\u00eb vitin 1981. Filozofi [&hellip;]\" \/>\n<meta property=\"og:url\" content=\"https:\/\/www.press7.tv\/?p=26644\" \/>\n<meta property=\"og:site_name\" content=\"press7.tv\" \/>\n<meta property=\"article:publisher\" content=\"https:\/\/www.facebook.com\/press7.tv\" \/>\n<meta property=\"article:published_time\" content=\"2026-03-14T14:22:46+00:00\" \/>\n<meta property=\"og:image\" content=\"https:\/\/www.press7.tv\/wp-content\/uploads\/2026\/03\/7c99854c-390f-4166-9335-2cfd5d3dae24.avif\" \/>\n\t<meta property=\"og:image:width\" content=\"994\" \/>\n\t<meta property=\"og:image:height\" content=\"746\" \/>\n\t<meta property=\"og:image:type\" content=\"image\/jpeg\" \/>\n<meta name=\"author\" content=\"gazetar2\" \/>\n<meta name=\"twitter:card\" content=\"summary_large_image\" \/>\n<meta name=\"twitter:label1\" content=\"Written by\" \/>\n\t<meta name=\"twitter:data1\" content=\"gazetar2\" \/>\n<script type=\"application\/ld+json\" class=\"yoast-schema-graph\">{\"@context\":\"https:\/\/schema.org\",\"@graph\":[{\"@type\":\"Article\",\"@id\":\"https:\/\/www.press7.tv\/?p=26644#article\",\"isPartOf\":{\"@id\":\"https:\/\/www.press7.tv\/?p=26644\"},\"author\":{\"name\":\"gazetar2\",\"@id\":\"https:\/\/www.news33.tv\/#\/schema\/person\/5a04a38a23ccdba82f9bd665cd8f9efa\"},\"headline\":\"Vdes filozofi i njohur gjerman J\u00fcrgen Habermas n\u00eb mosh\u00ebn 96-vje\u00e7are\",\"datePublished\":\"2026-03-14T14:22:46+00:00\",\"mainEntityOfPage\":{\"@id\":\"https:\/\/www.press7.tv\/?p=26644\"},\"wordCount\":262,\"publisher\":{\"@id\":\"https:\/\/www.news33.tv\/#organization\"},\"image\":{\"@id\":\"https:\/\/www.press7.tv\/?p=26644#primaryimage\"},\"thumbnailUrl\":\"https:\/\/www.press7.tv\/wp-content\/uploads\/2026\/03\/7c99854c-390f-4166-9335-2cfd5d3dae24.avif\",\"articleSection\":[\"Bot\u00eb\",\"Lajme\"],\"inLanguage\":\"en-US\"},{\"@type\":\"WebPage\",\"@id\":\"https:\/\/www.press7.tv\/?p=26644\",\"url\":\"https:\/\/www.press7.tv\/?p=26644\",\"name\":\"Vdes filozofi i njohur gjerman J\u00fcrgen Habermas n\u00eb mosh\u00ebn 96-vje\u00e7are - press7.tv\",\"isPartOf\":{\"@id\":\"https:\/\/www.news33.tv\/#website\"},\"primaryImageOfPage\":{\"@id\":\"https:\/\/www.press7.tv\/?p=26644#primaryimage\"},\"image\":{\"@id\":\"https:\/\/www.press7.tv\/?p=26644#primaryimage\"},\"thumbnailUrl\":\"https:\/\/www.press7.tv\/wp-content\/uploads\/2026\/03\/7c99854c-390f-4166-9335-2cfd5d3dae24.avif\",\"datePublished\":\"2026-03-14T14:22:46+00:00\",\"breadcrumb\":{\"@id\":\"https:\/\/www.press7.tv\/?p=26644#breadcrumb\"},\"inLanguage\":\"en-US\",\"potentialAction\":[{\"@type\":\"ReadAction\",\"target\":[\"https:\/\/www.press7.tv\/?p=26644\"]}]},{\"@type\":\"ImageObject\",\"inLanguage\":\"en-US\",\"@id\":\"https:\/\/www.press7.tv\/?p=26644#primaryimage\",\"url\":\"https:\/\/www.press7.tv\/wp-content\/uploads\/2026\/03\/7c99854c-390f-4166-9335-2cfd5d3dae24.avif\",\"contentUrl\":\"https:\/\/www.press7.tv\/wp-content\/uploads\/2026\/03\/7c99854c-390f-4166-9335-2cfd5d3dae24.avif\",\"width\":994,\"height\":746},{\"@type\":\"BreadcrumbList\",\"@id\":\"https:\/\/www.press7.tv\/?p=26644#breadcrumb\",\"itemListElement\":[{\"@type\":\"ListItem\",\"position\":1,\"name\":\"Home\",\"item\":\"https:\/\/www.press7.tv\/\"},{\"@type\":\"ListItem\",\"position\":2,\"name\":\"Vdes filozofi i njohur gjerman J\u00fcrgen Habermas n\u00eb mosh\u00ebn 96-vje\u00e7are\"}]},{\"@type\":\"WebSite\",\"@id\":\"https:\/\/www.news33.tv\/#website\",\"url\":\"https:\/\/www.news33.tv\/\",\"name\":\"News33.tv Media\",\"description\":\"Media\",\"publisher\":{\"@id\":\"https:\/\/www.news33.tv\/#organization\"},\"potentialAction\":[{\"@type\":\"SearchAction\",\"target\":{\"@type\":\"EntryPoint\",\"urlTemplate\":\"https:\/\/www.news33.tv\/?s={search_term_string}\"},\"query-input\":{\"@type\":\"PropertyValueSpecification\",\"valueRequired\":true,\"valueName\":\"search_term_string\"}}],\"inLanguage\":\"en-US\"},{\"@type\":\"Organization\",\"@id\":\"https:\/\/www.news33.tv\/#organization\",\"name\":\"News33.tv Media\",\"url\":\"https:\/\/www.news33.tv\/\",\"logo\":{\"@type\":\"ImageObject\",\"inLanguage\":\"en-US\",\"@id\":\"https:\/\/www.news33.tv\/#\/schema\/logo\/image\/\",\"url\":\"https:\/\/www.press7.tv\/wp-content\/uploads\/2024\/02\/logo-news33-black.png\",\"contentUrl\":\"https:\/\/www.press7.tv\/wp-content\/uploads\/2024\/02\/logo-news33-black.png\",\"width\":180,\"height\":37,\"caption\":\"News33.tv Media\"},\"image\":{\"@id\":\"https:\/\/www.news33.tv\/#\/schema\/logo\/image\/\"},\"sameAs\":[\"https:\/\/www.facebook.com\/press7.tv\"]},{\"@type\":\"Person\",\"@id\":\"https:\/\/www.news33.tv\/#\/schema\/person\/5a04a38a23ccdba82f9bd665cd8f9efa\",\"name\":\"gazetar2\",\"image\":{\"@type\":\"ImageObject\",\"inLanguage\":\"en-US\",\"@id\":\"https:\/\/www.news33.tv\/#\/schema\/person\/image\/\",\"url\":\"https:\/\/www.press7.tv\/wp-content\/litespeed\/avatar\/41975e402c3049d9ddb03adca8f7a883.jpg?ver=1777169572\",\"contentUrl\":\"https:\/\/www.press7.tv\/wp-content\/litespeed\/avatar\/41975e402c3049d9ddb03adca8f7a883.jpg?ver=1777169572\",\"caption\":\"gazetar2\"},\"url\":\"https:\/\/www.press7.tv\/?author=8\"}]}<\/script>\n<!-- \/ Yoast SEO plugin. -->","yoast_head_json":{"title":"Vdes filozofi i njohur gjerman J\u00fcrgen Habermas n\u00eb mosh\u00ebn 96-vje\u00e7are - press7.tv","robots":{"index":"index","follow":"follow","max-snippet":"max-snippet:-1","max-image-preview":"max-image-preview:large","max-video-preview":"max-video-preview:-1"},"canonical":"https:\/\/www.press7.tv\/?p=26644","og_locale":"en_US","og_type":"article","og_title":"Vdes filozofi i njohur gjerman J\u00fcrgen Habermas n\u00eb mosh\u00ebn 96-vje\u00e7are - press7.tv","og_description":"Profesori universitar konsiderohej filozofi gjerman m\u00eb me ndikim dhe m\u00eb i njohur i koh\u00ebs son\u00eb dhe p\u00ebr dekada me radh\u00eb ka form\u00ebsuar debatet intelektuale. Ai ishte p\u00ebrfaq\u00ebsuesi m\u00eb i njohur i gjenerat\u00ebs s\u00eb dyt\u00eb t\u00eb Teoris\u00eb Kritike, Shkolla e Frankfurtit. Vepra e tij kryesore konsiderohet Teoria e veprimit komunikativ, e botuar n\u00eb vitin 1981. Filozofi [&hellip;]","og_url":"https:\/\/www.press7.tv\/?p=26644","og_site_name":"press7.tv","article_publisher":"https:\/\/www.facebook.com\/press7.tv","article_published_time":"2026-03-14T14:22:46+00:00","og_image":[{"width":994,"height":746,"url":"https:\/\/www.press7.tv\/wp-content\/uploads\/2026\/03\/7c99854c-390f-4166-9335-2cfd5d3dae24.avif","type":"image\/jpeg"}],"author":"gazetar2","twitter_card":"summary_large_image","twitter_misc":{"Written by":"gazetar2"},"schema":{"@context":"https:\/\/schema.org","@graph":[{"@type":"Article","@id":"https:\/\/www.press7.tv\/?p=26644#article","isPartOf":{"@id":"https:\/\/www.press7.tv\/?p=26644"},"author":{"name":"gazetar2","@id":"https:\/\/www.news33.tv\/#\/schema\/person\/5a04a38a23ccdba82f9bd665cd8f9efa"},"headline":"Vdes filozofi i njohur gjerman J\u00fcrgen Habermas n\u00eb mosh\u00ebn 96-vje\u00e7are","datePublished":"2026-03-14T14:22:46+00:00","mainEntityOfPage":{"@id":"https:\/\/www.press7.tv\/?p=26644"},"wordCount":262,"publisher":{"@id":"https:\/\/www.news33.tv\/#organization"},"image":{"@id":"https:\/\/www.press7.tv\/?p=26644#primaryimage"},"thumbnailUrl":"https:\/\/www.press7.tv\/wp-content\/uploads\/2026\/03\/7c99854c-390f-4166-9335-2cfd5d3dae24.avif","articleSection":["Bot\u00eb","Lajme"],"inLanguage":"en-US"},{"@type":"WebPage","@id":"https:\/\/www.press7.tv\/?p=26644","url":"https:\/\/www.press7.tv\/?p=26644","name":"Vdes filozofi i njohur gjerman J\u00fcrgen Habermas n\u00eb mosh\u00ebn 96-vje\u00e7are - press7.tv","isPartOf":{"@id":"https:\/\/www.news33.tv\/#website"},"primaryImageOfPage":{"@id":"https:\/\/www.press7.tv\/?p=26644#primaryimage"},"image":{"@id":"https:\/\/www.press7.tv\/?p=26644#primaryimage"},"thumbnailUrl":"https:\/\/www.press7.tv\/wp-content\/uploads\/2026\/03\/7c99854c-390f-4166-9335-2cfd5d3dae24.avif","datePublished":"2026-03-14T14:22:46+00:00","breadcrumb":{"@id":"https:\/\/www.press7.tv\/?p=26644#breadcrumb"},"inLanguage":"en-US","potentialAction":[{"@type":"ReadAction","target":["https:\/\/www.press7.tv\/?p=26644"]}]},{"@type":"ImageObject","inLanguage":"en-US","@id":"https:\/\/www.press7.tv\/?p=26644#primaryimage","url":"https:\/\/www.press7.tv\/wp-content\/uploads\/2026\/03\/7c99854c-390f-4166-9335-2cfd5d3dae24.avif","contentUrl":"https:\/\/www.press7.tv\/wp-content\/uploads\/2026\/03\/7c99854c-390f-4166-9335-2cfd5d3dae24.avif","width":994,"height":746},{"@type":"BreadcrumbList","@id":"https:\/\/www.press7.tv\/?p=26644#breadcrumb","itemListElement":[{"@type":"ListItem","position":1,"name":"Home","item":"https:\/\/www.press7.tv\/"},{"@type":"ListItem","position":2,"name":"Vdes filozofi i njohur gjerman J\u00fcrgen Habermas n\u00eb mosh\u00ebn 96-vje\u00e7are"}]},{"@type":"WebSite","@id":"https:\/\/www.news33.tv\/#website","url":"https:\/\/www.news33.tv\/","name":"News33.tv Media","description":"Media","publisher":{"@id":"https:\/\/www.news33.tv\/#organization"},"potentialAction":[{"@type":"SearchAction","target":{"@type":"EntryPoint","urlTemplate":"https:\/\/www.news33.tv\/?s={search_term_string}"},"query-input":{"@type":"PropertyValueSpecification","valueRequired":true,"valueName":"search_term_string"}}],"inLanguage":"en-US"},{"@type":"Organization","@id":"https:\/\/www.news33.tv\/#organization","name":"News33.tv Media","url":"https:\/\/www.news33.tv\/","logo":{"@type":"ImageObject","inLanguage":"en-US","@id":"https:\/\/www.news33.tv\/#\/schema\/logo\/image\/","url":"https:\/\/www.press7.tv\/wp-content\/uploads\/2024\/02\/logo-news33-black.png","contentUrl":"https:\/\/www.press7.tv\/wp-content\/uploads\/2024\/02\/logo-news33-black.png","width":180,"height":37,"caption":"News33.tv Media"},"image":{"@id":"https:\/\/www.news33.tv\/#\/schema\/logo\/image\/"},"sameAs":["https:\/\/www.facebook.com\/press7.tv"]},{"@type":"Person","@id":"https:\/\/www.news33.tv\/#\/schema\/person\/5a04a38a23ccdba82f9bd665cd8f9efa","name":"gazetar2","image":{"@type":"ImageObject","inLanguage":"en-US","@id":"https:\/\/www.news33.tv\/#\/schema\/person\/image\/","url":"https:\/\/www.press7.tv\/wp-content\/litespeed\/avatar\/41975e402c3049d9ddb03adca8f7a883.jpg?ver=1777169572","contentUrl":"https:\/\/www.press7.tv\/wp-content\/litespeed\/avatar\/41975e402c3049d9ddb03adca8f7a883.jpg?ver=1777169572","caption":"gazetar2"},"url":"https:\/\/www.press7.tv\/?author=8"}]}},"amp_enabled":true,"_links":{"self":[{"href":"https:\/\/www.press7.tv\/index.php?rest_route=\/wp\/v2\/posts\/26644","targetHints":{"allow":["GET"]}}],"collection":[{"href":"https:\/\/www.press7.tv\/index.php?rest_route=\/wp\/v2\/posts"}],"about":[{"href":"https:\/\/www.press7.tv\/index.php?rest_route=\/wp\/v2\/types\/post"}],"author":[{"embeddable":true,"href":"https:\/\/www.press7.tv\/index.php?rest_route=\/wp\/v2\/users\/8"}],"replies":[{"embeddable":true,"href":"https:\/\/www.press7.tv\/index.php?rest_route=%2Fwp%2Fv2%2Fcomments&post=26644"}],"version-history":[{"count":1,"href":"https:\/\/www.press7.tv\/index.php?rest_route=\/wp\/v2\/posts\/26644\/revisions"}],"predecessor-version":[{"id":26646,"href":"https:\/\/www.press7.tv\/index.php?rest_route=\/wp\/v2\/posts\/26644\/revisions\/26646"}],"wp:featuredmedia":[{"embeddable":true,"href":"https:\/\/www.press7.tv\/index.php?rest_route=\/wp\/v2\/media\/26645"}],"wp:attachment":[{"href":"https:\/\/www.press7.tv\/index.php?rest_route=%2Fwp%2Fv2%2Fmedia&parent=26644"}],"wp:term":[{"taxonomy":"category","embeddable":true,"href":"https:\/\/www.press7.tv\/index.php?rest_route=%2Fwp%2Fv2%2Fcategories&post=26644"},{"taxonomy":"post_tag","embeddable":true,"href":"https:\/\/www.press7.tv\/index.php?rest_route=%2Fwp%2Fv2%2Ftags&post=26644"}],"curies":[{"name":"wp","href":"https:\/\/api.w.org\/{rel}","templated":true}]}}