{"id":26638,"date":"2026-03-14T12:53:01","date_gmt":"2026-03-14T12:53:01","guid":{"rendered":"https:\/\/www.press7.tv\/?p=26638"},"modified":"2026-03-14T12:53:01","modified_gmt":"2026-03-14T12:53:01","slug":"robelli-akuzon-be-ne-per-standarde-te-dyfishta-po-hesht-per-perjashtimin-e-shqipes-ne-maqedoni","status":"publish","type":"post","link":"https:\/\/www.press7.tv\/?p=26638","title":{"rendered":"Robelli akuzon BE-n\u00eb p\u00ebr standarde t\u00eb dyfishta: Po hesht p\u00ebr p\u00ebrjashtimin e shqipes n\u00eb Maqedoni"},"content":{"rendered":"\n    <div class=\"xs_social_share_widget xs_share_url before_content \t\tmain_content  wslu-style-2 wslu-share-box-shaped wslu-fill-colored wslu-share-m-5 wslu-none wslu-share-vertical wslu-theme-font-no wslu-main_content\">\n\n\t\t\n        <ul>\n\t\t\t        <\/ul>\n    <\/div> \n<p>Gazetari dhe publicisti Enver Robelli ka kritikuar at\u00eb q\u00eb e cil\u00ebson si standard t\u00eb dyfisht\u00eb t\u00eb Bashkimit Evropian n\u00eb trajtimin e \u00e7\u00ebshtjeve q\u00eb lidhen me t\u00eb drejtat e komuniteteve n\u00eb Ballkanin Per\u00ebndimor. Sipas tij, diplomacia evropiane \u00ebsht\u00eb treguar shum\u00eb aktive n\u00eb mbrojtjen e t\u00eb drejtave t\u00eb komunitetit serb n\u00eb Kosov\u00eb, por nuk ka reaguar p\u00ebr tendencat q\u00eb, sipas tij, synojn\u00eb p\u00ebrjashtimin e gjuh\u00ebs shqipe nga p\u00ebrdorimi institucional n\u00eb Maqedonin\u00eb e Veriut.<\/p>\n<p>N\u00eb nj\u00eb shkrim n\u00eb Facebook t\u00eb shtun\u00ebn, Robelli vler\u00ebsoi angazhimin e p\u00ebrfaq\u00ebsuesve evropian\u00eb p\u00ebr t\u00eb drejtat e serb\u00ebve n\u00eb Kosov\u00eb, duke theksuar se \u00ebsht\u00eb \u201cshum\u00eb mir\u00eb q\u00eb nd\u00ebrmjet\u00ebsi i BE-s\u00eb, Peter Sorensen, \u00ebsht\u00eb angazhuar q\u00eb jeta e qytetar\u00ebve serb\u00eb t\u00eb Kosov\u00ebs t\u00eb leht\u00ebsohet sa m\u00eb shum\u00eb q\u00eb t\u00eb jet\u00eb e mundur\u201d, duke aluduar te vizita e sotme e diplomatit danez te kryeministri Albin Kurti, ku u dakorduan p\u00ebr t\u00eb krijuar leht\u00ebsira p\u00ebr komunitetin serb n\u00eb Ligjin p\u00ebr t\u00eb Huajt.<\/p>\n<p>Ai p\u00ebrmendi gjithashtu reagimet e ambasador\u00ebve t\u00eb vendeve t\u00eb m\u00ebdha evropiane, duke th\u00ebn\u00eb se \u00ebsht\u00eb pozitive q\u00eb diplomacia evropiane po tregon kujdes p\u00ebr t\u00eb drejtat e pakic\u00ebs serbe n\u00eb Kosov\u00eb dhe se edhe kryediplomatja e BE-s\u00eb, Kaja Kallas, \u00ebsht\u00eb treguar e v\u00ebmendshme p\u00ebr k\u00ebt\u00eb \u00e7\u00ebshtje.<\/p>\n<p>Megjithat\u00eb, Robelli theksoi se ekziston \u201cnj\u00eb dallim i madh me heshtjen e BE-s\u00eb\u201d kur b\u00ebhet fjal\u00eb p\u00ebr p\u00ebrdorimin e gjuh\u00ebs shqipe n\u00eb institucionet e Maqedonis\u00eb s\u00eb Veriut. Sipas tij, n\u00eb k\u00ebt\u00eb shtet rreth 30 p\u00ebr qind e popullsis\u00eb jan\u00eb shqiptar\u00eb, nd\u00ebrsa s\u00eb fundmi \u00ebsht\u00eb p\u00ebrmendur mund\u00ebsia q\u00eb gjobat e trafikut t\u00eb l\u00ebshuara nga policia t\u00eb jen\u00eb vet\u00ebm n\u00eb maqedonisht dhe anglisht, \u201cjo n\u00eb shqip\u201d.<\/p>\n<p>S\u00eb fundmi, Gjykata Kushtetuese e Maqedonis\u00eb s\u00eb Veriut refuzoi p\u00ebrdorimin e shqipes n\u00eb mesazhet p\u00ebr gjoba n\u00eb trafik.<\/p>\n<p>Robelli thekson se p\u00ebr rreth 3 p\u00ebr qind serb\u00eb n\u00eb Kosov\u00eb ka nj\u00eb mobilizim t\u00eb madh t\u00eb diplomacis\u00eb evropiane, nd\u00ebrsa p\u00ebr shqiptar\u00ebt n\u00eb Maqedonin\u00eb e Veriut mungon reagimi nga qendrat kryesore evropiane.<\/p>\n<p>\u201cP\u00ebr 3 p\u00ebr qind serb\u00eb n\u00eb Kosov\u00eb kemi nj\u00eb mobilizim t\u00eb madh t\u00eb krejt diplomacis\u00eb evropiane\u2026 Por p\u00ebr 30 p\u00ebr qind shqiptar\u00eb n\u00eb Maqedonin\u00eb e Veriut a flet ndokush nga Brukseli, Berlini, Parisi apo Shkupi?\u201d, shtron ai pyetjen.<\/p>\n<p>Robelli p\u00ebrmend edhe munges\u00ebn e reagimit nga zyrtar\u00eb dhe institucione t\u00eb ndryshme evropiane, duke p\u00ebrfshir\u00eb shefen e diplomacis\u00eb s\u00eb BE-s\u00eb, ambasador\u00eb t\u00eb vendeve kryesore n\u00eb Shkup, institucionet e BE-s\u00eb, por edhe qeverit\u00eb n\u00eb Kosov\u00eb e Shqip\u00ebri.<\/p>\n<p>\u201cBE mund t\u00eb jet\u00eb kredibile vet\u00ebm n\u00ebse angazhohet pa dallime p\u00ebr t\u00eb drejtat e t\u00eb gjitha komuniteteve joshumic\u00eb n\u00eb Ballkan. N\u00ebse b\u00ebn p\u00ebrjashtime, at\u00ebher\u00eb besueshm\u00ebria i afrohet zeros\u201d, ka shkruar n\u00eb fund Robelli.<\/p>\n","protected":false},"excerpt":{"rendered":"<p>Gazetari dhe publicisti Enver Robelli ka kritikuar at\u00eb q\u00eb e cil\u00ebson si standard t\u00eb dyfisht\u00eb t\u00eb Bashkimit Evropian n\u00eb trajtimin e \u00e7\u00ebshtjeve q\u00eb lidhen me t\u00eb drejtat e komuniteteve n\u00eb Ballkanin Per\u00ebndimor. Sipas tij, diplomacia evropiane \u00ebsht\u00eb treguar shum\u00eb aktive n\u00eb mbrojtjen e t\u00eb drejtave t\u00eb komunitetit serb n\u00eb Kosov\u00eb, por nuk ka reaguar p\u00ebr [&hellip;]<\/p>\n","protected":false},"author":8,"featured_media":26639,"comment_status":"closed","ping_status":"closed","sticky":false,"template":"","format":"standard","meta":{"footnotes":""},"categories":[217,213],"tags":[],"class_list":["post-26638","post","type-post","status-publish","format-standard","has-post-thumbnail","hentry","category-bote","category-lajme"],"yoast_head":"<!-- This site is optimized with the Yoast SEO plugin v25.1 - https:\/\/yoast.com\/wordpress\/plugins\/seo\/ -->\n<title>Robelli akuzon BE-n\u00eb p\u00ebr standarde t\u00eb dyfishta: Po hesht p\u00ebr p\u00ebrjashtimin e shqipes n\u00eb Maqedoni - press7.tv<\/title>\n<meta name=\"robots\" content=\"index, follow, max-snippet:-1, max-image-preview:large, max-video-preview:-1\" \/>\n<link rel=\"canonical\" href=\"https:\/\/www.press7.tv\/?p=26638\" \/>\n<meta property=\"og:locale\" content=\"en_US\" \/>\n<meta property=\"og:type\" content=\"article\" \/>\n<meta property=\"og:title\" content=\"Robelli akuzon BE-n\u00eb p\u00ebr standarde t\u00eb dyfishta: Po hesht p\u00ebr p\u00ebrjashtimin e shqipes n\u00eb Maqedoni - press7.tv\" \/>\n<meta property=\"og:description\" content=\"Gazetari dhe publicisti Enver Robelli ka kritikuar at\u00eb q\u00eb e cil\u00ebson si standard t\u00eb dyfisht\u00eb t\u00eb Bashkimit Evropian n\u00eb trajtimin e \u00e7\u00ebshtjeve q\u00eb lidhen me t\u00eb drejtat e komuniteteve n\u00eb Ballkanin Per\u00ebndimor. Sipas tij, diplomacia evropiane \u00ebsht\u00eb treguar shum\u00eb aktive n\u00eb mbrojtjen e t\u00eb drejtave t\u00eb komunitetit serb n\u00eb Kosov\u00eb, por nuk ka reaguar p\u00ebr [&hellip;]\" \/>\n<meta property=\"og:url\" content=\"https:\/\/www.press7.tv\/?p=26638\" \/>\n<meta property=\"og:site_name\" content=\"press7.tv\" \/>\n<meta property=\"article:publisher\" content=\"https:\/\/www.facebook.com\/press7.tv\" \/>\n<meta property=\"article:published_time\" content=\"2026-03-14T12:53:01+00:00\" \/>\n<meta property=\"og:image\" content=\"https:\/\/www.press7.tv\/wp-content\/uploads\/2026\/03\/IMG_7762.avif\" \/>\n\t<meta property=\"og:image:width\" content=\"766\" \/>\n\t<meta property=\"og:image:height\" content=\"576\" \/>\n\t<meta property=\"og:image:type\" content=\"image\/webp\" \/>\n<meta name=\"author\" content=\"gazetar2\" \/>\n<meta name=\"twitter:card\" content=\"summary_large_image\" \/>\n<meta name=\"twitter:label1\" content=\"Written by\" \/>\n\t<meta name=\"twitter:data1\" content=\"gazetar2\" \/>\n<script type=\"application\/ld+json\" class=\"yoast-schema-graph\">{\"@context\":\"https:\/\/schema.org\",\"@graph\":[{\"@type\":\"Article\",\"@id\":\"https:\/\/www.press7.tv\/?p=26638#article\",\"isPartOf\":{\"@id\":\"https:\/\/www.press7.tv\/?p=26638\"},\"author\":{\"name\":\"gazetar2\",\"@id\":\"https:\/\/www.news33.tv\/#\/schema\/person\/5a04a38a23ccdba82f9bd665cd8f9efa\"},\"headline\":\"Robelli akuzon BE-n\u00eb p\u00ebr standarde t\u00eb dyfishta: Po hesht p\u00ebr p\u00ebrjashtimin e shqipes n\u00eb Maqedoni\",\"datePublished\":\"2026-03-14T12:53:01+00:00\",\"mainEntityOfPage\":{\"@id\":\"https:\/\/www.press7.tv\/?p=26638\"},\"wordCount\":494,\"publisher\":{\"@id\":\"https:\/\/www.news33.tv\/#organization\"},\"image\":{\"@id\":\"https:\/\/www.press7.tv\/?p=26638#primaryimage\"},\"thumbnailUrl\":\"https:\/\/www.press7.tv\/wp-content\/uploads\/2026\/03\/IMG_7762.avif\",\"articleSection\":[\"Bot\u00eb\",\"Lajme\"],\"inLanguage\":\"en-US\"},{\"@type\":\"WebPage\",\"@id\":\"https:\/\/www.press7.tv\/?p=26638\",\"url\":\"https:\/\/www.press7.tv\/?p=26638\",\"name\":\"Robelli akuzon BE-n\u00eb p\u00ebr standarde t\u00eb dyfishta: Po hesht p\u00ebr p\u00ebrjashtimin e shqipes n\u00eb Maqedoni - press7.tv\",\"isPartOf\":{\"@id\":\"https:\/\/www.news33.tv\/#website\"},\"primaryImageOfPage\":{\"@id\":\"https:\/\/www.press7.tv\/?p=26638#primaryimage\"},\"image\":{\"@id\":\"https:\/\/www.press7.tv\/?p=26638#primaryimage\"},\"thumbnailUrl\":\"https:\/\/www.press7.tv\/wp-content\/uploads\/2026\/03\/IMG_7762.avif\",\"datePublished\":\"2026-03-14T12:53:01+00:00\",\"breadcrumb\":{\"@id\":\"https:\/\/www.press7.tv\/?p=26638#breadcrumb\"},\"inLanguage\":\"en-US\",\"potentialAction\":[{\"@type\":\"ReadAction\",\"target\":[\"https:\/\/www.press7.tv\/?p=26638\"]}]},{\"@type\":\"ImageObject\",\"inLanguage\":\"en-US\",\"@id\":\"https:\/\/www.press7.tv\/?p=26638#primaryimage\",\"url\":\"https:\/\/www.press7.tv\/wp-content\/uploads\/2026\/03\/IMG_7762.avif\",\"contentUrl\":\"https:\/\/www.press7.tv\/wp-content\/uploads\/2026\/03\/IMG_7762.avif\",\"width\":766,\"height\":576},{\"@type\":\"BreadcrumbList\",\"@id\":\"https:\/\/www.press7.tv\/?p=26638#breadcrumb\",\"itemListElement\":[{\"@type\":\"ListItem\",\"position\":1,\"name\":\"Home\",\"item\":\"https:\/\/www.press7.tv\/\"},{\"@type\":\"ListItem\",\"position\":2,\"name\":\"Robelli akuzon BE-n\u00eb p\u00ebr standarde t\u00eb dyfishta: Po hesht p\u00ebr p\u00ebrjashtimin e shqipes n\u00eb Maqedoni\"}]},{\"@type\":\"WebSite\",\"@id\":\"https:\/\/www.news33.tv\/#website\",\"url\":\"https:\/\/www.news33.tv\/\",\"name\":\"News33.tv Media\",\"description\":\"Media\",\"publisher\":{\"@id\":\"https:\/\/www.news33.tv\/#organization\"},\"potentialAction\":[{\"@type\":\"SearchAction\",\"target\":{\"@type\":\"EntryPoint\",\"urlTemplate\":\"https:\/\/www.news33.tv\/?s={search_term_string}\"},\"query-input\":{\"@type\":\"PropertyValueSpecification\",\"valueRequired\":true,\"valueName\":\"search_term_string\"}}],\"inLanguage\":\"en-US\"},{\"@type\":\"Organization\",\"@id\":\"https:\/\/www.news33.tv\/#organization\",\"name\":\"News33.tv Media\",\"url\":\"https:\/\/www.news33.tv\/\",\"logo\":{\"@type\":\"ImageObject\",\"inLanguage\":\"en-US\",\"@id\":\"https:\/\/www.news33.tv\/#\/schema\/logo\/image\/\",\"url\":\"https:\/\/www.press7.tv\/wp-content\/uploads\/2024\/02\/logo-news33-black.png\",\"contentUrl\":\"https:\/\/www.press7.tv\/wp-content\/uploads\/2024\/02\/logo-news33-black.png\",\"width\":180,\"height\":37,\"caption\":\"News33.tv Media\"},\"image\":{\"@id\":\"https:\/\/www.news33.tv\/#\/schema\/logo\/image\/\"},\"sameAs\":[\"https:\/\/www.facebook.com\/press7.tv\"]},{\"@type\":\"Person\",\"@id\":\"https:\/\/www.news33.tv\/#\/schema\/person\/5a04a38a23ccdba82f9bd665cd8f9efa\",\"name\":\"gazetar2\",\"image\":{\"@type\":\"ImageObject\",\"inLanguage\":\"en-US\",\"@id\":\"https:\/\/www.news33.tv\/#\/schema\/person\/image\/\",\"url\":\"https:\/\/www.press7.tv\/wp-content\/litespeed\/avatar\/41975e402c3049d9ddb03adca8f7a883.jpg?ver=1777169572\",\"contentUrl\":\"https:\/\/www.press7.tv\/wp-content\/litespeed\/avatar\/41975e402c3049d9ddb03adca8f7a883.jpg?ver=1777169572\",\"caption\":\"gazetar2\"},\"url\":\"https:\/\/www.press7.tv\/?author=8\"}]}<\/script>\n<!-- \/ Yoast SEO plugin. -->","yoast_head_json":{"title":"Robelli akuzon BE-n\u00eb p\u00ebr standarde t\u00eb dyfishta: Po hesht p\u00ebr p\u00ebrjashtimin e shqipes n\u00eb Maqedoni - press7.tv","robots":{"index":"index","follow":"follow","max-snippet":"max-snippet:-1","max-image-preview":"max-image-preview:large","max-video-preview":"max-video-preview:-1"},"canonical":"https:\/\/www.press7.tv\/?p=26638","og_locale":"en_US","og_type":"article","og_title":"Robelli akuzon BE-n\u00eb p\u00ebr standarde t\u00eb dyfishta: Po hesht p\u00ebr p\u00ebrjashtimin e shqipes n\u00eb Maqedoni - press7.tv","og_description":"Gazetari dhe publicisti Enver Robelli ka kritikuar at\u00eb q\u00eb e cil\u00ebson si standard t\u00eb dyfisht\u00eb t\u00eb Bashkimit Evropian n\u00eb trajtimin e \u00e7\u00ebshtjeve q\u00eb lidhen me t\u00eb drejtat e komuniteteve n\u00eb Ballkanin Per\u00ebndimor. Sipas tij, diplomacia evropiane \u00ebsht\u00eb treguar shum\u00eb aktive n\u00eb mbrojtjen e t\u00eb drejtave t\u00eb komunitetit serb n\u00eb Kosov\u00eb, por nuk ka reaguar p\u00ebr [&hellip;]","og_url":"https:\/\/www.press7.tv\/?p=26638","og_site_name":"press7.tv","article_publisher":"https:\/\/www.facebook.com\/press7.tv","article_published_time":"2026-03-14T12:53:01+00:00","og_image":[{"width":766,"height":576,"url":"https:\/\/www.press7.tv\/wp-content\/uploads\/2026\/03\/IMG_7762.avif","type":"image\/webp"}],"author":"gazetar2","twitter_card":"summary_large_image","twitter_misc":{"Written by":"gazetar2"},"schema":{"@context":"https:\/\/schema.org","@graph":[{"@type":"Article","@id":"https:\/\/www.press7.tv\/?p=26638#article","isPartOf":{"@id":"https:\/\/www.press7.tv\/?p=26638"},"author":{"name":"gazetar2","@id":"https:\/\/www.news33.tv\/#\/schema\/person\/5a04a38a23ccdba82f9bd665cd8f9efa"},"headline":"Robelli akuzon BE-n\u00eb p\u00ebr standarde t\u00eb dyfishta: Po hesht p\u00ebr p\u00ebrjashtimin e shqipes n\u00eb Maqedoni","datePublished":"2026-03-14T12:53:01+00:00","mainEntityOfPage":{"@id":"https:\/\/www.press7.tv\/?p=26638"},"wordCount":494,"publisher":{"@id":"https:\/\/www.news33.tv\/#organization"},"image":{"@id":"https:\/\/www.press7.tv\/?p=26638#primaryimage"},"thumbnailUrl":"https:\/\/www.press7.tv\/wp-content\/uploads\/2026\/03\/IMG_7762.avif","articleSection":["Bot\u00eb","Lajme"],"inLanguage":"en-US"},{"@type":"WebPage","@id":"https:\/\/www.press7.tv\/?p=26638","url":"https:\/\/www.press7.tv\/?p=26638","name":"Robelli akuzon BE-n\u00eb p\u00ebr standarde t\u00eb dyfishta: Po hesht p\u00ebr p\u00ebrjashtimin e shqipes n\u00eb Maqedoni - press7.tv","isPartOf":{"@id":"https:\/\/www.news33.tv\/#website"},"primaryImageOfPage":{"@id":"https:\/\/www.press7.tv\/?p=26638#primaryimage"},"image":{"@id":"https:\/\/www.press7.tv\/?p=26638#primaryimage"},"thumbnailUrl":"https:\/\/www.press7.tv\/wp-content\/uploads\/2026\/03\/IMG_7762.avif","datePublished":"2026-03-14T12:53:01+00:00","breadcrumb":{"@id":"https:\/\/www.press7.tv\/?p=26638#breadcrumb"},"inLanguage":"en-US","potentialAction":[{"@type":"ReadAction","target":["https:\/\/www.press7.tv\/?p=26638"]}]},{"@type":"ImageObject","inLanguage":"en-US","@id":"https:\/\/www.press7.tv\/?p=26638#primaryimage","url":"https:\/\/www.press7.tv\/wp-content\/uploads\/2026\/03\/IMG_7762.avif","contentUrl":"https:\/\/www.press7.tv\/wp-content\/uploads\/2026\/03\/IMG_7762.avif","width":766,"height":576},{"@type":"BreadcrumbList","@id":"https:\/\/www.press7.tv\/?p=26638#breadcrumb","itemListElement":[{"@type":"ListItem","position":1,"name":"Home","item":"https:\/\/www.press7.tv\/"},{"@type":"ListItem","position":2,"name":"Robelli akuzon BE-n\u00eb p\u00ebr standarde t\u00eb dyfishta: Po hesht p\u00ebr p\u00ebrjashtimin e shqipes n\u00eb Maqedoni"}]},{"@type":"WebSite","@id":"https:\/\/www.news33.tv\/#website","url":"https:\/\/www.news33.tv\/","name":"News33.tv Media","description":"Media","publisher":{"@id":"https:\/\/www.news33.tv\/#organization"},"potentialAction":[{"@type":"SearchAction","target":{"@type":"EntryPoint","urlTemplate":"https:\/\/www.news33.tv\/?s={search_term_string}"},"query-input":{"@type":"PropertyValueSpecification","valueRequired":true,"valueName":"search_term_string"}}],"inLanguage":"en-US"},{"@type":"Organization","@id":"https:\/\/www.news33.tv\/#organization","name":"News33.tv Media","url":"https:\/\/www.news33.tv\/","logo":{"@type":"ImageObject","inLanguage":"en-US","@id":"https:\/\/www.news33.tv\/#\/schema\/logo\/image\/","url":"https:\/\/www.press7.tv\/wp-content\/uploads\/2024\/02\/logo-news33-black.png","contentUrl":"https:\/\/www.press7.tv\/wp-content\/uploads\/2024\/02\/logo-news33-black.png","width":180,"height":37,"caption":"News33.tv Media"},"image":{"@id":"https:\/\/www.news33.tv\/#\/schema\/logo\/image\/"},"sameAs":["https:\/\/www.facebook.com\/press7.tv"]},{"@type":"Person","@id":"https:\/\/www.news33.tv\/#\/schema\/person\/5a04a38a23ccdba82f9bd665cd8f9efa","name":"gazetar2","image":{"@type":"ImageObject","inLanguage":"en-US","@id":"https:\/\/www.news33.tv\/#\/schema\/person\/image\/","url":"https:\/\/www.press7.tv\/wp-content\/litespeed\/avatar\/41975e402c3049d9ddb03adca8f7a883.jpg?ver=1777169572","contentUrl":"https:\/\/www.press7.tv\/wp-content\/litespeed\/avatar\/41975e402c3049d9ddb03adca8f7a883.jpg?ver=1777169572","caption":"gazetar2"},"url":"https:\/\/www.press7.tv\/?author=8"}]}},"amp_enabled":true,"_links":{"self":[{"href":"https:\/\/www.press7.tv\/index.php?rest_route=\/wp\/v2\/posts\/26638","targetHints":{"allow":["GET"]}}],"collection":[{"href":"https:\/\/www.press7.tv\/index.php?rest_route=\/wp\/v2\/posts"}],"about":[{"href":"https:\/\/www.press7.tv\/index.php?rest_route=\/wp\/v2\/types\/post"}],"author":[{"embeddable":true,"href":"https:\/\/www.press7.tv\/index.php?rest_route=\/wp\/v2\/users\/8"}],"replies":[{"embeddable":true,"href":"https:\/\/www.press7.tv\/index.php?rest_route=%2Fwp%2Fv2%2Fcomments&post=26638"}],"version-history":[{"count":1,"href":"https:\/\/www.press7.tv\/index.php?rest_route=\/wp\/v2\/posts\/26638\/revisions"}],"predecessor-version":[{"id":26640,"href":"https:\/\/www.press7.tv\/index.php?rest_route=\/wp\/v2\/posts\/26638\/revisions\/26640"}],"wp:featuredmedia":[{"embeddable":true,"href":"https:\/\/www.press7.tv\/index.php?rest_route=\/wp\/v2\/media\/26639"}],"wp:attachment":[{"href":"https:\/\/www.press7.tv\/index.php?rest_route=%2Fwp%2Fv2%2Fmedia&parent=26638"}],"wp:term":[{"taxonomy":"category","embeddable":true,"href":"https:\/\/www.press7.tv\/index.php?rest_route=%2Fwp%2Fv2%2Fcategories&post=26638"},{"taxonomy":"post_tag","embeddable":true,"href":"https:\/\/www.press7.tv\/index.php?rest_route=%2Fwp%2Fv2%2Ftags&post=26638"}],"curies":[{"name":"wp","href":"https:\/\/api.w.org\/{rel}","templated":true}]}}