{"id":26635,"date":"2026-03-14T12:40:43","date_gmt":"2026-03-14T12:40:43","guid":{"rendered":"https:\/\/www.press7.tv\/?p=26635"},"modified":"2026-03-14T12:40:43","modified_gmt":"2026-03-14T12:40:43","slug":"daniel-serwer-pas-shkarkimit-te-grenellit-nga-kennedy-center-shpresoj-te-mos-marre-ndonje-pune-ne-ballkan","status":"publish","type":"post","link":"https:\/\/www.press7.tv\/?p=26635","title":{"rendered":"Daniel Serwer pas shkarkimit t\u00eb Grenellit nga \u201cKennedy Center\u201d: Shpresoj t\u00eb mos marr\u00eb ndonj\u00eb pun\u00eb n\u00eb Ballkan"},"content":{"rendered":"\n    <div class=\"xs_social_share_widget xs_share_url before_content \t\tmain_content  wslu-style-2 wslu-share-box-shaped wslu-fill-colored wslu-share-m-5 wslu-none wslu-share-vertical wslu-theme-font-no wslu-main_content\">\n\n\t\t\n        <ul>\n\t\t\t        <\/ul>\n    <\/div> \n<p>Analisti amerikan Daniel Serwer ka reaguar pas lajmit p\u00ebr dor\u00ebheqjen e Richard Grenell nga posti i drejtorit t\u00eb John F. Kennedy Center for the Performing Arts n\u00eb Uashington, duke shprehur shpres\u00ebn q\u00eb ai t\u00eb mos marr\u00eb ndonj\u00eb detyr\u00eb t\u00eb re n\u00eb Ballkan apo n\u00eb ndonj\u00eb rajon tjet\u00ebr t\u00eb bot\u00ebs.<br \/>\n\u201cLajm i mir\u00eb, por shpresoj t\u00eb mos marr\u00eb ndonj\u00eb pun\u00eb n\u00eb Ballkan, apo n\u00eb ndonj\u00eb pjes\u00eb tjet\u00ebr t\u00eb bot\u00ebs,\u201d ka shkruar Serwer, duke komentuar raportimet p\u00ebr largimin e Grenell nga drejtimi i qendr\u00ebs komb\u00ebtare t\u00eb artit n\u00eb Shtetet e Bashkuara.<br \/>\nGjat\u00eb mandatit t\u00eb tij n\u00eb krye t\u00eb Kennedy Center, Grenell u p\u00ebrball me nj\u00eb s\u00ebr\u00eb polemikash dhe v\u00ebshtir\u00ebsish n\u00eb menaxhimin e institucionit, p\u00ebrfshir\u00eb anulime t\u00eb performancave dhe kritika nga komuniteti artistik.<br \/>\nGrenell, i njohur edhe p\u00ebr angazhimin e tij n\u00eb politik\u00ebn nd\u00ebrkomb\u00ebtare dhe n\u00eb Ballkan, kishte sh\u00ebrbyer m\u00eb par\u00eb si i d\u00ebrguar i posa\u00e7\u00ebm i SHBA-s\u00eb p\u00ebr dialogun nd\u00ebrmjet Kosov\u00ebs dhe Serbis\u00eb.<\/p>\n","protected":false},"excerpt":{"rendered":"<p>Analisti amerikan Daniel Serwer ka reaguar pas lajmit p\u00ebr dor\u00ebheqjen e Richard Grenell nga posti i drejtorit t\u00eb John F. Kennedy Center for the Performing Arts n\u00eb Uashington, duke shprehur shpres\u00ebn q\u00eb ai t\u00eb mos marr\u00eb ndonj\u00eb detyr\u00eb t\u00eb re n\u00eb Ballkan apo n\u00eb ndonj\u00eb rajon tjet\u00ebr t\u00eb bot\u00ebs. \u201cLajm i mir\u00eb, por shpresoj t\u00eb [&hellip;]<\/p>\n","protected":false},"author":8,"featured_media":26636,"comment_status":"closed","ping_status":"closed","sticky":false,"template":"","format":"standard","meta":{"footnotes":""},"categories":[217,213],"tags":[],"class_list":["post-26635","post","type-post","status-publish","format-standard","has-post-thumbnail","hentry","category-bote","category-lajme"],"yoast_head":"<!-- This site is optimized with the Yoast SEO plugin v25.1 - https:\/\/yoast.com\/wordpress\/plugins\/seo\/ -->\n<title>Daniel Serwer pas shkarkimit t\u00eb Grenellit nga \u201cKennedy Center\u201d: Shpresoj t\u00eb mos marr\u00eb ndonj\u00eb pun\u00eb n\u00eb Ballkan - press7.tv<\/title>\n<meta name=\"robots\" content=\"index, follow, max-snippet:-1, max-image-preview:large, max-video-preview:-1\" \/>\n<link rel=\"canonical\" href=\"https:\/\/www.press7.tv\/?p=26635\" \/>\n<meta property=\"og:locale\" content=\"en_US\" \/>\n<meta property=\"og:type\" content=\"article\" \/>\n<meta property=\"og:title\" content=\"Daniel Serwer pas shkarkimit t\u00eb Grenellit nga \u201cKennedy Center\u201d: Shpresoj t\u00eb mos marr\u00eb ndonj\u00eb pun\u00eb n\u00eb Ballkan - press7.tv\" \/>\n<meta property=\"og:description\" content=\"Analisti amerikan Daniel Serwer ka reaguar pas lajmit p\u00ebr dor\u00ebheqjen e Richard Grenell nga posti i drejtorit t\u00eb John F. Kennedy Center for the Performing Arts n\u00eb Uashington, duke shprehur shpres\u00ebn q\u00eb ai t\u00eb mos marr\u00eb ndonj\u00eb detyr\u00eb t\u00eb re n\u00eb Ballkan apo n\u00eb ndonj\u00eb rajon tjet\u00ebr t\u00eb bot\u00ebs. \u201cLajm i mir\u00eb, por shpresoj t\u00eb [&hellip;]\" \/>\n<meta property=\"og:url\" content=\"https:\/\/www.press7.tv\/?p=26635\" \/>\n<meta property=\"og:site_name\" content=\"press7.tv\" \/>\n<meta property=\"article:publisher\" content=\"https:\/\/www.facebook.com\/press7.tv\" \/>\n<meta property=\"article:published_time\" content=\"2026-03-14T12:40:43+00:00\" \/>\n<meta property=\"og:image\" content=\"https:\/\/www.press7.tv\/wp-content\/uploads\/2026\/03\/IMG_7760.avif\" \/>\n\t<meta property=\"og:image:width\" content=\"1023\" \/>\n\t<meta property=\"og:image:height\" content=\"575\" \/>\n\t<meta property=\"og:image:type\" content=\"image\/jpeg\" \/>\n<meta name=\"author\" content=\"gazetar2\" \/>\n<meta name=\"twitter:card\" content=\"summary_large_image\" \/>\n<meta name=\"twitter:label1\" content=\"Written by\" \/>\n\t<meta name=\"twitter:data1\" content=\"gazetar2\" \/>\n\t<meta name=\"twitter:label2\" content=\"Est. reading time\" \/>\n\t<meta name=\"twitter:data2\" content=\"1 minute\" \/>\n<script type=\"application\/ld+json\" class=\"yoast-schema-graph\">{\"@context\":\"https:\/\/schema.org\",\"@graph\":[{\"@type\":\"Article\",\"@id\":\"https:\/\/www.press7.tv\/?p=26635#article\",\"isPartOf\":{\"@id\":\"https:\/\/www.press7.tv\/?p=26635\"},\"author\":{\"name\":\"gazetar2\",\"@id\":\"https:\/\/www.news33.tv\/#\/schema\/person\/5a04a38a23ccdba82f9bd665cd8f9efa\"},\"headline\":\"Daniel Serwer pas shkarkimit t\u00eb Grenellit nga \u201cKennedy Center\u201d: Shpresoj t\u00eb mos marr\u00eb ndonj\u00eb pun\u00eb n\u00eb Ballkan\",\"datePublished\":\"2026-03-14T12:40:43+00:00\",\"mainEntityOfPage\":{\"@id\":\"https:\/\/www.press7.tv\/?p=26635\"},\"wordCount\":193,\"publisher\":{\"@id\":\"https:\/\/www.news33.tv\/#organization\"},\"image\":{\"@id\":\"https:\/\/www.press7.tv\/?p=26635#primaryimage\"},\"thumbnailUrl\":\"https:\/\/www.press7.tv\/wp-content\/uploads\/2026\/03\/IMG_7760.avif\",\"articleSection\":[\"Bot\u00eb\",\"Lajme\"],\"inLanguage\":\"en-US\"},{\"@type\":\"WebPage\",\"@id\":\"https:\/\/www.press7.tv\/?p=26635\",\"url\":\"https:\/\/www.press7.tv\/?p=26635\",\"name\":\"Daniel Serwer pas shkarkimit t\u00eb Grenellit nga \u201cKennedy Center\u201d: Shpresoj t\u00eb mos marr\u00eb ndonj\u00eb pun\u00eb n\u00eb Ballkan - press7.tv\",\"isPartOf\":{\"@id\":\"https:\/\/www.news33.tv\/#website\"},\"primaryImageOfPage\":{\"@id\":\"https:\/\/www.press7.tv\/?p=26635#primaryimage\"},\"image\":{\"@id\":\"https:\/\/www.press7.tv\/?p=26635#primaryimage\"},\"thumbnailUrl\":\"https:\/\/www.press7.tv\/wp-content\/uploads\/2026\/03\/IMG_7760.avif\",\"datePublished\":\"2026-03-14T12:40:43+00:00\",\"breadcrumb\":{\"@id\":\"https:\/\/www.press7.tv\/?p=26635#breadcrumb\"},\"inLanguage\":\"en-US\",\"potentialAction\":[{\"@type\":\"ReadAction\",\"target\":[\"https:\/\/www.press7.tv\/?p=26635\"]}]},{\"@type\":\"ImageObject\",\"inLanguage\":\"en-US\",\"@id\":\"https:\/\/www.press7.tv\/?p=26635#primaryimage\",\"url\":\"https:\/\/www.press7.tv\/wp-content\/uploads\/2026\/03\/IMG_7760.avif\",\"contentUrl\":\"https:\/\/www.press7.tv\/wp-content\/uploads\/2026\/03\/IMG_7760.avif\",\"width\":1023,\"height\":575},{\"@type\":\"BreadcrumbList\",\"@id\":\"https:\/\/www.press7.tv\/?p=26635#breadcrumb\",\"itemListElement\":[{\"@type\":\"ListItem\",\"position\":1,\"name\":\"Home\",\"item\":\"https:\/\/www.press7.tv\/\"},{\"@type\":\"ListItem\",\"position\":2,\"name\":\"Daniel Serwer pas shkarkimit t\u00eb Grenellit nga \u201cKennedy Center\u201d: Shpresoj t\u00eb mos marr\u00eb ndonj\u00eb pun\u00eb n\u00eb Ballkan\"}]},{\"@type\":\"WebSite\",\"@id\":\"https:\/\/www.news33.tv\/#website\",\"url\":\"https:\/\/www.news33.tv\/\",\"name\":\"News33.tv Media\",\"description\":\"Media\",\"publisher\":{\"@id\":\"https:\/\/www.news33.tv\/#organization\"},\"potentialAction\":[{\"@type\":\"SearchAction\",\"target\":{\"@type\":\"EntryPoint\",\"urlTemplate\":\"https:\/\/www.news33.tv\/?s={search_term_string}\"},\"query-input\":{\"@type\":\"PropertyValueSpecification\",\"valueRequired\":true,\"valueName\":\"search_term_string\"}}],\"inLanguage\":\"en-US\"},{\"@type\":\"Organization\",\"@id\":\"https:\/\/www.news33.tv\/#organization\",\"name\":\"News33.tv Media\",\"url\":\"https:\/\/www.news33.tv\/\",\"logo\":{\"@type\":\"ImageObject\",\"inLanguage\":\"en-US\",\"@id\":\"https:\/\/www.news33.tv\/#\/schema\/logo\/image\/\",\"url\":\"https:\/\/www.press7.tv\/wp-content\/uploads\/2024\/02\/logo-news33-black.png\",\"contentUrl\":\"https:\/\/www.press7.tv\/wp-content\/uploads\/2024\/02\/logo-news33-black.png\",\"width\":180,\"height\":37,\"caption\":\"News33.tv Media\"},\"image\":{\"@id\":\"https:\/\/www.news33.tv\/#\/schema\/logo\/image\/\"},\"sameAs\":[\"https:\/\/www.facebook.com\/press7.tv\"]},{\"@type\":\"Person\",\"@id\":\"https:\/\/www.news33.tv\/#\/schema\/person\/5a04a38a23ccdba82f9bd665cd8f9efa\",\"name\":\"gazetar2\",\"image\":{\"@type\":\"ImageObject\",\"inLanguage\":\"en-US\",\"@id\":\"https:\/\/www.news33.tv\/#\/schema\/person\/image\/\",\"url\":\"https:\/\/www.press7.tv\/wp-content\/litespeed\/avatar\/41975e402c3049d9ddb03adca8f7a883.jpg?ver=1777169572\",\"contentUrl\":\"https:\/\/www.press7.tv\/wp-content\/litespeed\/avatar\/41975e402c3049d9ddb03adca8f7a883.jpg?ver=1777169572\",\"caption\":\"gazetar2\"},\"url\":\"https:\/\/www.press7.tv\/?author=8\"}]}<\/script>\n<!-- \/ Yoast SEO plugin. -->","yoast_head_json":{"title":"Daniel Serwer pas shkarkimit t\u00eb Grenellit nga \u201cKennedy Center\u201d: Shpresoj t\u00eb mos marr\u00eb ndonj\u00eb pun\u00eb n\u00eb Ballkan - press7.tv","robots":{"index":"index","follow":"follow","max-snippet":"max-snippet:-1","max-image-preview":"max-image-preview:large","max-video-preview":"max-video-preview:-1"},"canonical":"https:\/\/www.press7.tv\/?p=26635","og_locale":"en_US","og_type":"article","og_title":"Daniel Serwer pas shkarkimit t\u00eb Grenellit nga \u201cKennedy Center\u201d: Shpresoj t\u00eb mos marr\u00eb ndonj\u00eb pun\u00eb n\u00eb Ballkan - press7.tv","og_description":"Analisti amerikan Daniel Serwer ka reaguar pas lajmit p\u00ebr dor\u00ebheqjen e Richard Grenell nga posti i drejtorit t\u00eb John F. Kennedy Center for the Performing Arts n\u00eb Uashington, duke shprehur shpres\u00ebn q\u00eb ai t\u00eb mos marr\u00eb ndonj\u00eb detyr\u00eb t\u00eb re n\u00eb Ballkan apo n\u00eb ndonj\u00eb rajon tjet\u00ebr t\u00eb bot\u00ebs. \u201cLajm i mir\u00eb, por shpresoj t\u00eb [&hellip;]","og_url":"https:\/\/www.press7.tv\/?p=26635","og_site_name":"press7.tv","article_publisher":"https:\/\/www.facebook.com\/press7.tv","article_published_time":"2026-03-14T12:40:43+00:00","og_image":[{"width":1023,"height":575,"url":"https:\/\/www.press7.tv\/wp-content\/uploads\/2026\/03\/IMG_7760.avif","type":"image\/jpeg"}],"author":"gazetar2","twitter_card":"summary_large_image","twitter_misc":{"Written by":"gazetar2","Est. reading time":"1 minute"},"schema":{"@context":"https:\/\/schema.org","@graph":[{"@type":"Article","@id":"https:\/\/www.press7.tv\/?p=26635#article","isPartOf":{"@id":"https:\/\/www.press7.tv\/?p=26635"},"author":{"name":"gazetar2","@id":"https:\/\/www.news33.tv\/#\/schema\/person\/5a04a38a23ccdba82f9bd665cd8f9efa"},"headline":"Daniel Serwer pas shkarkimit t\u00eb Grenellit nga \u201cKennedy Center\u201d: Shpresoj t\u00eb mos marr\u00eb ndonj\u00eb pun\u00eb n\u00eb Ballkan","datePublished":"2026-03-14T12:40:43+00:00","mainEntityOfPage":{"@id":"https:\/\/www.press7.tv\/?p=26635"},"wordCount":193,"publisher":{"@id":"https:\/\/www.news33.tv\/#organization"},"image":{"@id":"https:\/\/www.press7.tv\/?p=26635#primaryimage"},"thumbnailUrl":"https:\/\/www.press7.tv\/wp-content\/uploads\/2026\/03\/IMG_7760.avif","articleSection":["Bot\u00eb","Lajme"],"inLanguage":"en-US"},{"@type":"WebPage","@id":"https:\/\/www.press7.tv\/?p=26635","url":"https:\/\/www.press7.tv\/?p=26635","name":"Daniel Serwer pas shkarkimit t\u00eb Grenellit nga \u201cKennedy Center\u201d: Shpresoj t\u00eb mos marr\u00eb ndonj\u00eb pun\u00eb n\u00eb Ballkan - press7.tv","isPartOf":{"@id":"https:\/\/www.news33.tv\/#website"},"primaryImageOfPage":{"@id":"https:\/\/www.press7.tv\/?p=26635#primaryimage"},"image":{"@id":"https:\/\/www.press7.tv\/?p=26635#primaryimage"},"thumbnailUrl":"https:\/\/www.press7.tv\/wp-content\/uploads\/2026\/03\/IMG_7760.avif","datePublished":"2026-03-14T12:40:43+00:00","breadcrumb":{"@id":"https:\/\/www.press7.tv\/?p=26635#breadcrumb"},"inLanguage":"en-US","potentialAction":[{"@type":"ReadAction","target":["https:\/\/www.press7.tv\/?p=26635"]}]},{"@type":"ImageObject","inLanguage":"en-US","@id":"https:\/\/www.press7.tv\/?p=26635#primaryimage","url":"https:\/\/www.press7.tv\/wp-content\/uploads\/2026\/03\/IMG_7760.avif","contentUrl":"https:\/\/www.press7.tv\/wp-content\/uploads\/2026\/03\/IMG_7760.avif","width":1023,"height":575},{"@type":"BreadcrumbList","@id":"https:\/\/www.press7.tv\/?p=26635#breadcrumb","itemListElement":[{"@type":"ListItem","position":1,"name":"Home","item":"https:\/\/www.press7.tv\/"},{"@type":"ListItem","position":2,"name":"Daniel Serwer pas shkarkimit t\u00eb Grenellit nga \u201cKennedy Center\u201d: Shpresoj t\u00eb mos marr\u00eb ndonj\u00eb pun\u00eb n\u00eb Ballkan"}]},{"@type":"WebSite","@id":"https:\/\/www.news33.tv\/#website","url":"https:\/\/www.news33.tv\/","name":"News33.tv Media","description":"Media","publisher":{"@id":"https:\/\/www.news33.tv\/#organization"},"potentialAction":[{"@type":"SearchAction","target":{"@type":"EntryPoint","urlTemplate":"https:\/\/www.news33.tv\/?s={search_term_string}"},"query-input":{"@type":"PropertyValueSpecification","valueRequired":true,"valueName":"search_term_string"}}],"inLanguage":"en-US"},{"@type":"Organization","@id":"https:\/\/www.news33.tv\/#organization","name":"News33.tv Media","url":"https:\/\/www.news33.tv\/","logo":{"@type":"ImageObject","inLanguage":"en-US","@id":"https:\/\/www.news33.tv\/#\/schema\/logo\/image\/","url":"https:\/\/www.press7.tv\/wp-content\/uploads\/2024\/02\/logo-news33-black.png","contentUrl":"https:\/\/www.press7.tv\/wp-content\/uploads\/2024\/02\/logo-news33-black.png","width":180,"height":37,"caption":"News33.tv Media"},"image":{"@id":"https:\/\/www.news33.tv\/#\/schema\/logo\/image\/"},"sameAs":["https:\/\/www.facebook.com\/press7.tv"]},{"@type":"Person","@id":"https:\/\/www.news33.tv\/#\/schema\/person\/5a04a38a23ccdba82f9bd665cd8f9efa","name":"gazetar2","image":{"@type":"ImageObject","inLanguage":"en-US","@id":"https:\/\/www.news33.tv\/#\/schema\/person\/image\/","url":"https:\/\/www.press7.tv\/wp-content\/litespeed\/avatar\/41975e402c3049d9ddb03adca8f7a883.jpg?ver=1777169572","contentUrl":"https:\/\/www.press7.tv\/wp-content\/litespeed\/avatar\/41975e402c3049d9ddb03adca8f7a883.jpg?ver=1777169572","caption":"gazetar2"},"url":"https:\/\/www.press7.tv\/?author=8"}]}},"amp_enabled":true,"_links":{"self":[{"href":"https:\/\/www.press7.tv\/index.php?rest_route=\/wp\/v2\/posts\/26635","targetHints":{"allow":["GET"]}}],"collection":[{"href":"https:\/\/www.press7.tv\/index.php?rest_route=\/wp\/v2\/posts"}],"about":[{"href":"https:\/\/www.press7.tv\/index.php?rest_route=\/wp\/v2\/types\/post"}],"author":[{"embeddable":true,"href":"https:\/\/www.press7.tv\/index.php?rest_route=\/wp\/v2\/users\/8"}],"replies":[{"embeddable":true,"href":"https:\/\/www.press7.tv\/index.php?rest_route=%2Fwp%2Fv2%2Fcomments&post=26635"}],"version-history":[{"count":1,"href":"https:\/\/www.press7.tv\/index.php?rest_route=\/wp\/v2\/posts\/26635\/revisions"}],"predecessor-version":[{"id":26637,"href":"https:\/\/www.press7.tv\/index.php?rest_route=\/wp\/v2\/posts\/26635\/revisions\/26637"}],"wp:featuredmedia":[{"embeddable":true,"href":"https:\/\/www.press7.tv\/index.php?rest_route=\/wp\/v2\/media\/26636"}],"wp:attachment":[{"href":"https:\/\/www.press7.tv\/index.php?rest_route=%2Fwp%2Fv2%2Fmedia&parent=26635"}],"wp:term":[{"taxonomy":"category","embeddable":true,"href":"https:\/\/www.press7.tv\/index.php?rest_route=%2Fwp%2Fv2%2Fcategories&post=26635"},{"taxonomy":"post_tag","embeddable":true,"href":"https:\/\/www.press7.tv\/index.php?rest_route=%2Fwp%2Fv2%2Ftags&post=26635"}],"curies":[{"name":"wp","href":"https:\/\/api.w.org\/{rel}","templated":true}]}}