{"id":26627,"date":"2026-03-14T10:14:43","date_gmt":"2026-03-14T10:14:43","guid":{"rendered":"https:\/\/www.press7.tv\/?p=26627"},"modified":"2026-03-14T10:14:43","modified_gmt":"2026-03-14T10:14:43","slug":"marta-kos-akuzohet-se-ka-bashkepunuar-me-udbne-europarlamentarja-sllovene-e-lajmeron-kene","status":"publish","type":"post","link":"https:\/\/www.press7.tv\/?p=26627","title":{"rendered":"Marta Kos akuzohet se ka bashk\u00ebpunuar me UDB\u2019n\u00eb, europarlamentarja sllovene e lajm\u00ebron KE\u2019n\u00eb"},"content":{"rendered":"\n    <div class=\"xs_social_share_widget xs_share_url before_content \t\tmain_content  wslu-style-2 wslu-share-box-shaped wslu-fill-colored wslu-share-m-5 wslu-none wslu-share-vertical wslu-theme-font-no wslu-main_content\">\n\n\t\t\n        <ul>\n\t\t\t        <\/ul>\n    <\/div> \n<p>Komisionerja evropiane p\u00ebr zgjerim, Marta Kos, \u00ebsht\u00eb p\u00ebrballur s\u00ebrish me akuza se ka qen\u00eb bashk\u00ebpun\u00ebtore e policis\u00eb sekrete jugosllave, e njohur n\u00eb m\u00ebnyr\u00eb kolokviale si Udba.<\/p>\n<p>K\u00ebto pretendime dol\u00ebn pas promovimit m\u00eb 10 mars n\u00eb ambientet e Parlamentit Evropian t\u00eb librit \u201cKomesarka\u201d, t\u00eb autorit slloven Igor Omerza, n\u00eb t\u00eb cilin paraqiten dokumente q\u00eb sipas autorit provojn\u00eb se Marta Kos ka bashk\u00ebpunuar me policin\u00eb sekrete jugosllave.<\/p>\n<p>Promovimin e organizoi eurodeputetja sllovene Romana Tomc, an\u00ebtare e Partis\u00eb Popullore Evropiane, grupimi m\u00eb i madh politik n\u00eb Parlamentin Evropian. Menj\u00ebher\u00eb pas promovimit, Tomc i d\u00ebrgoi nj\u00eb let\u00ebr Komisionit Evropian, duke iu referuar p\u00ebrmbajtjes s\u00eb librit.<\/p>\n<p>\u201cN\u00eb dokumentet e reja sugjerohet se Marta Kos, si kandidate, ka g\u00ebnjyer para komitetit parlamentar t\u00eb Parlamentit Evropian, pasi deklaroi se kurr\u00eb nuk ka qen\u00eb bashk\u00ebpun\u00ebtore e policis\u00eb sekrete jugosllave\u201d, shkroi Tomc n\u00eb letr\u00ebn e publikuar n\u00eb rrjetet sociale.<\/p>\n<p>Ajo e pyeti Komisionin Evropian n\u00ebse \u00ebsht\u00eb n\u00eb dijeni t\u00eb pretendimeve t\u00eb reja, n\u00ebse ka nd\u00ebrmend t\u2019i verifikoj\u00eb dhe \u00e7far\u00eb masash planifikon t\u00eb marr\u00eb p\u00ebr t\u00eb parandaluar mund\u00ebsin\u00eb q\u00eb Marta Kos t\u00eb ket\u00eb g\u00ebnjyer gjat\u00eb d\u00ebgjimit n\u00eb Parlamentin Evropian, duke pasur parasysh se Komisioni \u00ebsht\u00eb i detyruar t\u00eb respektoj\u00eb standardet m\u00eb t\u00eb larta t\u00eb integritetit.<\/p>\n<p>Megjithat\u00eb, Guillaume Mercier, z\u00ebdh\u00ebn\u00ebs i Komisionit Evropian p\u00ebrgjegj\u00ebs p\u00ebr zgjerimin, mohoi se Komisioni ka marr\u00eb k\u00ebt\u00eb let\u00ebr.<\/p>\n<p>\u201cKomisionerja Kos ka kaluar nj\u00eb proces t\u00eb gjer\u00eb dhe t\u00eb detajuar verifikimi p\u00ebr t\u2019iu bashkuar Kolegjiumit. Parlamenti Evropian miratoi em\u00ebrimin e saj n\u00eb t\u00eb nj\u00ebjtin proces si p\u00ebr t\u00eb gjith\u00eb 27 komisioner\u00ebt. Komiteti p\u00ebr \u00c7\u00ebshtje Juridike i PE-s\u00eb shqyrtoi deklarat\u00ebn e saj t\u00eb interesave dhe nuk konstatoi konflikt interesi. Komisioni Evropian nuk ka komente t\u00eb tjera\u201d, tha Mercier.<\/p>\n<p>Drejtoria e Siguris\u00eb Shtet\u00ebrore (UDB, e njohur si Udba) u formua n\u00eb Jugosllavi menj\u00ebher\u00eb pas p\u00ebrfundimit t\u00eb Luft\u00ebs s\u00eb Dyt\u00eb Bot\u00ebrore n\u00eb vitin 1946, nd\u00ebrsa n\u00eb vitin 1966 u riem\u00ebrua n\u00eb Sh\u00ebrbimin e Siguris\u00eb Shtet\u00ebrore.<\/p>\n<p>Udba \u00ebsht\u00eb e njohur p\u00ebr rolin e saj n\u00eb p\u00ebrndjekjen e kund\u00ebrshtar\u00ebve politik\u00eb n\u00eb Jugosllavi pas Luft\u00ebs s\u00eb Dyt\u00eb Bot\u00ebrore, nd\u00ebrsa nj\u00eb pjes\u00eb e madhe e aktiviteteve t\u00eb saj n\u00eb dekadat pasuese ishte e fokusuar n\u00eb ndjekjen dhe eliminimin e personave n\u00eb diaspor\u00eb q\u00eb konsideroheshin si kund\u00ebr interesave t\u00eb Jugosllavis\u00eb.<\/p>\n<p>Akuzat se Marta Kos ka qen\u00eb bashk\u00ebpun\u00ebtore e policis\u00eb sekrete jugosllave u shfaq\u00ebn p\u00ebr her\u00eb t\u00eb par\u00eb n\u00eb vitin 2024 gjat\u00eb d\u00ebgjimit p\u00ebr konfirmimin e em\u00ebrimit t\u00eb saj si kandidate sllovene p\u00ebr komisionere evropiane. N\u00eb at\u00eb koh\u00eb, Kos i mohoi \u00e7do lidhje dhe i quajti pretendimet si dezinformata.<\/p>\n<p>Nj\u00eb z\u00ebdh\u00ebn\u00ebs i Partis\u00eb Popullore Evropiane konfirmoi p\u00ebr mediat se eurodeputetja Romana Tomc i kishte informuar n\u00eb detaje an\u00ebtar\u00ebt e grupimit p\u00ebr zbulimet m\u00eb t\u00eb fundit lidhur me komisioneren Marta Kos.<\/p>\n<p>\u201cGrupi do ta shqyrtoj\u00eb me kujdes situat\u00ebn. P\u00ebr momentin v\u00ebrejm\u00eb se komisionerja Kos nuk i ka mohuar k\u00ebto zbulime t\u00eb reja. Tani topi \u00ebsht\u00eb n\u00eb fush\u00ebn e saj\u201d, tha z\u00ebdh\u00ebn\u00ebsi i Partis\u00eb Popullore Evropiane n\u00eb Parlamentin Evropian.<\/p>\n<p>Eurodeputet\u00ebt kan\u00eb paralajm\u00ebruar se do ta pyesin Mart\u00ebn Kos p\u00ebr pretendimet e reja gjat\u00eb debatit p\u00ebr zgjerimin n\u00eb Komitetin p\u00ebr Pun\u00eb t\u00eb Jashtme t\u00eb Parlamentit Evropian (AFET), i planifikuar p\u00ebr t\u00eb h\u00ebn\u00ebn m\u00eb 16 mars. Megjithat\u00eb, Kos njoftoi t\u00eb premten komitetin AFET se nuk do t\u00eb mund t\u00eb marr\u00eb pjes\u00eb n\u00eb k\u00ebt\u00eb debat.<\/p>\n<p>\u201cHer\u00ebt a von\u00eb do t\u00eb duhet t\u00eb vij\u00eb n\u00eb AFET dhe nuk do ta ket\u00eb t\u00eb leht\u00eb\u201d, tha nj\u00eb zyrtar nga radh\u00ebt e Partis\u00eb Popullore Evropiane n\u00eb Parlamentin Evropian. \/rel<\/p>\n","protected":false},"excerpt":{"rendered":"<p>Komisionerja evropiane p\u00ebr zgjerim, Marta Kos, \u00ebsht\u00eb p\u00ebrballur s\u00ebrish me akuza se ka qen\u00eb bashk\u00ebpun\u00ebtore e policis\u00eb sekrete jugosllave, e njohur n\u00eb m\u00ebnyr\u00eb kolokviale si Udba. K\u00ebto pretendime dol\u00ebn pas promovimit m\u00eb 10 mars n\u00eb ambientet e Parlamentit Evropian t\u00eb librit \u201cKomesarka\u201d, t\u00eb autorit slloven Igor Omerza, n\u00eb t\u00eb cilin paraqiten dokumente q\u00eb sipas autorit [&hellip;]<\/p>\n","protected":false},"author":8,"featured_media":26628,"comment_status":"closed","ping_status":"closed","sticky":false,"template":"","format":"standard","meta":{"footnotes":""},"categories":[217,213],"tags":[],"class_list":["post-26627","post","type-post","status-publish","format-standard","has-post-thumbnail","hentry","category-bote","category-lajme"],"yoast_head":"<!-- This site is optimized with the Yoast SEO plugin v25.1 - https:\/\/yoast.com\/wordpress\/plugins\/seo\/ -->\n<title>Marta Kos akuzohet se ka bashk\u00ebpunuar me UDB\u2019n\u00eb, europarlamentarja sllovene e lajm\u00ebron KE\u2019n\u00eb - press7.tv<\/title>\n<meta name=\"robots\" content=\"index, follow, max-snippet:-1, max-image-preview:large, max-video-preview:-1\" \/>\n<link rel=\"canonical\" href=\"https:\/\/www.press7.tv\/?p=26627\" \/>\n<meta property=\"og:locale\" content=\"en_US\" \/>\n<meta property=\"og:type\" content=\"article\" \/>\n<meta property=\"og:title\" content=\"Marta Kos akuzohet se ka bashk\u00ebpunuar me UDB\u2019n\u00eb, europarlamentarja sllovene e lajm\u00ebron KE\u2019n\u00eb - press7.tv\" \/>\n<meta property=\"og:description\" content=\"Komisionerja evropiane p\u00ebr zgjerim, Marta Kos, \u00ebsht\u00eb p\u00ebrballur s\u00ebrish me akuza se ka qen\u00eb bashk\u00ebpun\u00ebtore e policis\u00eb sekrete jugosllave, e njohur n\u00eb m\u00ebnyr\u00eb kolokviale si Udba. K\u00ebto pretendime dol\u00ebn pas promovimit m\u00eb 10 mars n\u00eb ambientet e Parlamentit Evropian t\u00eb librit \u201cKomesarka\u201d, t\u00eb autorit slloven Igor Omerza, n\u00eb t\u00eb cilin paraqiten dokumente q\u00eb sipas autorit [&hellip;]\" \/>\n<meta property=\"og:url\" content=\"https:\/\/www.press7.tv\/?p=26627\" \/>\n<meta property=\"og:site_name\" content=\"press7.tv\" \/>\n<meta property=\"article:publisher\" content=\"https:\/\/www.facebook.com\/press7.tv\" \/>\n<meta property=\"article:published_time\" content=\"2026-03-14T10:14:43+00:00\" \/>\n<meta property=\"og:image\" content=\"https:\/\/www.press7.tv\/wp-content\/uploads\/2026\/03\/IMG_7753.avif\" \/>\n\t<meta property=\"og:image:width\" content=\"600\" \/>\n\t<meta property=\"og:image:height\" content=\"360\" \/>\n\t<meta property=\"og:image:type\" content=\"image\/jpeg\" \/>\n<meta name=\"author\" content=\"gazetar2\" \/>\n<meta name=\"twitter:card\" content=\"summary_large_image\" \/>\n<meta name=\"twitter:label1\" content=\"Written by\" \/>\n\t<meta name=\"twitter:data1\" content=\"gazetar2\" \/>\n\t<meta name=\"twitter:label2\" content=\"Est. reading time\" \/>\n\t<meta name=\"twitter:data2\" content=\"1 minute\" \/>\n<script type=\"application\/ld+json\" class=\"yoast-schema-graph\">{\"@context\":\"https:\/\/schema.org\",\"@graph\":[{\"@type\":\"Article\",\"@id\":\"https:\/\/www.press7.tv\/?p=26627#article\",\"isPartOf\":{\"@id\":\"https:\/\/www.press7.tv\/?p=26627\"},\"author\":{\"name\":\"gazetar2\",\"@id\":\"https:\/\/www.news33.tv\/#\/schema\/person\/5a04a38a23ccdba82f9bd665cd8f9efa\"},\"headline\":\"Marta Kos akuzohet se ka bashk\u00ebpunuar me UDB\u2019n\u00eb, europarlamentarja sllovene e lajm\u00ebron KE\u2019n\u00eb\",\"datePublished\":\"2026-03-14T10:14:43+00:00\",\"mainEntityOfPage\":{\"@id\":\"https:\/\/www.press7.tv\/?p=26627\"},\"wordCount\":659,\"publisher\":{\"@id\":\"https:\/\/www.news33.tv\/#organization\"},\"image\":{\"@id\":\"https:\/\/www.press7.tv\/?p=26627#primaryimage\"},\"thumbnailUrl\":\"https:\/\/www.press7.tv\/wp-content\/uploads\/2026\/03\/IMG_7753.avif\",\"articleSection\":[\"Bot\u00eb\",\"Lajme\"],\"inLanguage\":\"en-US\"},{\"@type\":\"WebPage\",\"@id\":\"https:\/\/www.press7.tv\/?p=26627\",\"url\":\"https:\/\/www.press7.tv\/?p=26627\",\"name\":\"Marta Kos akuzohet se ka bashk\u00ebpunuar me UDB\u2019n\u00eb, europarlamentarja sllovene e lajm\u00ebron KE\u2019n\u00eb - press7.tv\",\"isPartOf\":{\"@id\":\"https:\/\/www.news33.tv\/#website\"},\"primaryImageOfPage\":{\"@id\":\"https:\/\/www.press7.tv\/?p=26627#primaryimage\"},\"image\":{\"@id\":\"https:\/\/www.press7.tv\/?p=26627#primaryimage\"},\"thumbnailUrl\":\"https:\/\/www.press7.tv\/wp-content\/uploads\/2026\/03\/IMG_7753.avif\",\"datePublished\":\"2026-03-14T10:14:43+00:00\",\"breadcrumb\":{\"@id\":\"https:\/\/www.press7.tv\/?p=26627#breadcrumb\"},\"inLanguage\":\"en-US\",\"potentialAction\":[{\"@type\":\"ReadAction\",\"target\":[\"https:\/\/www.press7.tv\/?p=26627\"]}]},{\"@type\":\"ImageObject\",\"inLanguage\":\"en-US\",\"@id\":\"https:\/\/www.press7.tv\/?p=26627#primaryimage\",\"url\":\"https:\/\/www.press7.tv\/wp-content\/uploads\/2026\/03\/IMG_7753.avif\",\"contentUrl\":\"https:\/\/www.press7.tv\/wp-content\/uploads\/2026\/03\/IMG_7753.avif\",\"width\":600,\"height\":360},{\"@type\":\"BreadcrumbList\",\"@id\":\"https:\/\/www.press7.tv\/?p=26627#breadcrumb\",\"itemListElement\":[{\"@type\":\"ListItem\",\"position\":1,\"name\":\"Home\",\"item\":\"https:\/\/www.press7.tv\/\"},{\"@type\":\"ListItem\",\"position\":2,\"name\":\"Marta Kos akuzohet se ka bashk\u00ebpunuar me UDB\u2019n\u00eb, europarlamentarja sllovene e lajm\u00ebron KE\u2019n\u00eb\"}]},{\"@type\":\"WebSite\",\"@id\":\"https:\/\/www.news33.tv\/#website\",\"url\":\"https:\/\/www.news33.tv\/\",\"name\":\"News33.tv Media\",\"description\":\"Media\",\"publisher\":{\"@id\":\"https:\/\/www.news33.tv\/#organization\"},\"potentialAction\":[{\"@type\":\"SearchAction\",\"target\":{\"@type\":\"EntryPoint\",\"urlTemplate\":\"https:\/\/www.news33.tv\/?s={search_term_string}\"},\"query-input\":{\"@type\":\"PropertyValueSpecification\",\"valueRequired\":true,\"valueName\":\"search_term_string\"}}],\"inLanguage\":\"en-US\"},{\"@type\":\"Organization\",\"@id\":\"https:\/\/www.news33.tv\/#organization\",\"name\":\"News33.tv Media\",\"url\":\"https:\/\/www.news33.tv\/\",\"logo\":{\"@type\":\"ImageObject\",\"inLanguage\":\"en-US\",\"@id\":\"https:\/\/www.news33.tv\/#\/schema\/logo\/image\/\",\"url\":\"https:\/\/www.press7.tv\/wp-content\/uploads\/2024\/02\/logo-news33-black.png\",\"contentUrl\":\"https:\/\/www.press7.tv\/wp-content\/uploads\/2024\/02\/logo-news33-black.png\",\"width\":180,\"height\":37,\"caption\":\"News33.tv Media\"},\"image\":{\"@id\":\"https:\/\/www.news33.tv\/#\/schema\/logo\/image\/\"},\"sameAs\":[\"https:\/\/www.facebook.com\/press7.tv\"]},{\"@type\":\"Person\",\"@id\":\"https:\/\/www.news33.tv\/#\/schema\/person\/5a04a38a23ccdba82f9bd665cd8f9efa\",\"name\":\"gazetar2\",\"image\":{\"@type\":\"ImageObject\",\"inLanguage\":\"en-US\",\"@id\":\"https:\/\/www.news33.tv\/#\/schema\/person\/image\/\",\"url\":\"https:\/\/www.press7.tv\/wp-content\/litespeed\/avatar\/41975e402c3049d9ddb03adca8f7a883.jpg?ver=1777169572\",\"contentUrl\":\"https:\/\/www.press7.tv\/wp-content\/litespeed\/avatar\/41975e402c3049d9ddb03adca8f7a883.jpg?ver=1777169572\",\"caption\":\"gazetar2\"},\"url\":\"https:\/\/www.press7.tv\/?author=8\"}]}<\/script>\n<!-- \/ Yoast SEO plugin. -->","yoast_head_json":{"title":"Marta Kos akuzohet se ka bashk\u00ebpunuar me UDB\u2019n\u00eb, europarlamentarja sllovene e lajm\u00ebron KE\u2019n\u00eb - press7.tv","robots":{"index":"index","follow":"follow","max-snippet":"max-snippet:-1","max-image-preview":"max-image-preview:large","max-video-preview":"max-video-preview:-1"},"canonical":"https:\/\/www.press7.tv\/?p=26627","og_locale":"en_US","og_type":"article","og_title":"Marta Kos akuzohet se ka bashk\u00ebpunuar me UDB\u2019n\u00eb, europarlamentarja sllovene e lajm\u00ebron KE\u2019n\u00eb - press7.tv","og_description":"Komisionerja evropiane p\u00ebr zgjerim, Marta Kos, \u00ebsht\u00eb p\u00ebrballur s\u00ebrish me akuza se ka qen\u00eb bashk\u00ebpun\u00ebtore e policis\u00eb sekrete jugosllave, e njohur n\u00eb m\u00ebnyr\u00eb kolokviale si Udba. K\u00ebto pretendime dol\u00ebn pas promovimit m\u00eb 10 mars n\u00eb ambientet e Parlamentit Evropian t\u00eb librit \u201cKomesarka\u201d, t\u00eb autorit slloven Igor Omerza, n\u00eb t\u00eb cilin paraqiten dokumente q\u00eb sipas autorit [&hellip;]","og_url":"https:\/\/www.press7.tv\/?p=26627","og_site_name":"press7.tv","article_publisher":"https:\/\/www.facebook.com\/press7.tv","article_published_time":"2026-03-14T10:14:43+00:00","og_image":[{"width":600,"height":360,"url":"https:\/\/www.press7.tv\/wp-content\/uploads\/2026\/03\/IMG_7753.avif","type":"image\/jpeg"}],"author":"gazetar2","twitter_card":"summary_large_image","twitter_misc":{"Written by":"gazetar2","Est. reading time":"1 minute"},"schema":{"@context":"https:\/\/schema.org","@graph":[{"@type":"Article","@id":"https:\/\/www.press7.tv\/?p=26627#article","isPartOf":{"@id":"https:\/\/www.press7.tv\/?p=26627"},"author":{"name":"gazetar2","@id":"https:\/\/www.news33.tv\/#\/schema\/person\/5a04a38a23ccdba82f9bd665cd8f9efa"},"headline":"Marta Kos akuzohet se ka bashk\u00ebpunuar me UDB\u2019n\u00eb, europarlamentarja sllovene e lajm\u00ebron KE\u2019n\u00eb","datePublished":"2026-03-14T10:14:43+00:00","mainEntityOfPage":{"@id":"https:\/\/www.press7.tv\/?p=26627"},"wordCount":659,"publisher":{"@id":"https:\/\/www.news33.tv\/#organization"},"image":{"@id":"https:\/\/www.press7.tv\/?p=26627#primaryimage"},"thumbnailUrl":"https:\/\/www.press7.tv\/wp-content\/uploads\/2026\/03\/IMG_7753.avif","articleSection":["Bot\u00eb","Lajme"],"inLanguage":"en-US"},{"@type":"WebPage","@id":"https:\/\/www.press7.tv\/?p=26627","url":"https:\/\/www.press7.tv\/?p=26627","name":"Marta Kos akuzohet se ka bashk\u00ebpunuar me UDB\u2019n\u00eb, europarlamentarja sllovene e lajm\u00ebron KE\u2019n\u00eb - press7.tv","isPartOf":{"@id":"https:\/\/www.news33.tv\/#website"},"primaryImageOfPage":{"@id":"https:\/\/www.press7.tv\/?p=26627#primaryimage"},"image":{"@id":"https:\/\/www.press7.tv\/?p=26627#primaryimage"},"thumbnailUrl":"https:\/\/www.press7.tv\/wp-content\/uploads\/2026\/03\/IMG_7753.avif","datePublished":"2026-03-14T10:14:43+00:00","breadcrumb":{"@id":"https:\/\/www.press7.tv\/?p=26627#breadcrumb"},"inLanguage":"en-US","potentialAction":[{"@type":"ReadAction","target":["https:\/\/www.press7.tv\/?p=26627"]}]},{"@type":"ImageObject","inLanguage":"en-US","@id":"https:\/\/www.press7.tv\/?p=26627#primaryimage","url":"https:\/\/www.press7.tv\/wp-content\/uploads\/2026\/03\/IMG_7753.avif","contentUrl":"https:\/\/www.press7.tv\/wp-content\/uploads\/2026\/03\/IMG_7753.avif","width":600,"height":360},{"@type":"BreadcrumbList","@id":"https:\/\/www.press7.tv\/?p=26627#breadcrumb","itemListElement":[{"@type":"ListItem","position":1,"name":"Home","item":"https:\/\/www.press7.tv\/"},{"@type":"ListItem","position":2,"name":"Marta Kos akuzohet se ka bashk\u00ebpunuar me UDB\u2019n\u00eb, europarlamentarja sllovene e lajm\u00ebron KE\u2019n\u00eb"}]},{"@type":"WebSite","@id":"https:\/\/www.news33.tv\/#website","url":"https:\/\/www.news33.tv\/","name":"News33.tv Media","description":"Media","publisher":{"@id":"https:\/\/www.news33.tv\/#organization"},"potentialAction":[{"@type":"SearchAction","target":{"@type":"EntryPoint","urlTemplate":"https:\/\/www.news33.tv\/?s={search_term_string}"},"query-input":{"@type":"PropertyValueSpecification","valueRequired":true,"valueName":"search_term_string"}}],"inLanguage":"en-US"},{"@type":"Organization","@id":"https:\/\/www.news33.tv\/#organization","name":"News33.tv Media","url":"https:\/\/www.news33.tv\/","logo":{"@type":"ImageObject","inLanguage":"en-US","@id":"https:\/\/www.news33.tv\/#\/schema\/logo\/image\/","url":"https:\/\/www.press7.tv\/wp-content\/uploads\/2024\/02\/logo-news33-black.png","contentUrl":"https:\/\/www.press7.tv\/wp-content\/uploads\/2024\/02\/logo-news33-black.png","width":180,"height":37,"caption":"News33.tv Media"},"image":{"@id":"https:\/\/www.news33.tv\/#\/schema\/logo\/image\/"},"sameAs":["https:\/\/www.facebook.com\/press7.tv"]},{"@type":"Person","@id":"https:\/\/www.news33.tv\/#\/schema\/person\/5a04a38a23ccdba82f9bd665cd8f9efa","name":"gazetar2","image":{"@type":"ImageObject","inLanguage":"en-US","@id":"https:\/\/www.news33.tv\/#\/schema\/person\/image\/","url":"https:\/\/www.press7.tv\/wp-content\/litespeed\/avatar\/41975e402c3049d9ddb03adca8f7a883.jpg?ver=1777169572","contentUrl":"https:\/\/www.press7.tv\/wp-content\/litespeed\/avatar\/41975e402c3049d9ddb03adca8f7a883.jpg?ver=1777169572","caption":"gazetar2"},"url":"https:\/\/www.press7.tv\/?author=8"}]}},"amp_enabled":true,"_links":{"self":[{"href":"https:\/\/www.press7.tv\/index.php?rest_route=\/wp\/v2\/posts\/26627","targetHints":{"allow":["GET"]}}],"collection":[{"href":"https:\/\/www.press7.tv\/index.php?rest_route=\/wp\/v2\/posts"}],"about":[{"href":"https:\/\/www.press7.tv\/index.php?rest_route=\/wp\/v2\/types\/post"}],"author":[{"embeddable":true,"href":"https:\/\/www.press7.tv\/index.php?rest_route=\/wp\/v2\/users\/8"}],"replies":[{"embeddable":true,"href":"https:\/\/www.press7.tv\/index.php?rest_route=%2Fwp%2Fv2%2Fcomments&post=26627"}],"version-history":[{"count":1,"href":"https:\/\/www.press7.tv\/index.php?rest_route=\/wp\/v2\/posts\/26627\/revisions"}],"predecessor-version":[{"id":26629,"href":"https:\/\/www.press7.tv\/index.php?rest_route=\/wp\/v2\/posts\/26627\/revisions\/26629"}],"wp:featuredmedia":[{"embeddable":true,"href":"https:\/\/www.press7.tv\/index.php?rest_route=\/wp\/v2\/media\/26628"}],"wp:attachment":[{"href":"https:\/\/www.press7.tv\/index.php?rest_route=%2Fwp%2Fv2%2Fmedia&parent=26627"}],"wp:term":[{"taxonomy":"category","embeddable":true,"href":"https:\/\/www.press7.tv\/index.php?rest_route=%2Fwp%2Fv2%2Fcategories&post=26627"},{"taxonomy":"post_tag","embeddable":true,"href":"https:\/\/www.press7.tv\/index.php?rest_route=%2Fwp%2Fv2%2Ftags&post=26627"}],"curies":[{"name":"wp","href":"https:\/\/api.w.org\/{rel}","templated":true}]}}