{"id":26618,"date":"2026-03-13T20:30:10","date_gmt":"2026-03-13T20:30:10","guid":{"rendered":"https:\/\/www.press7.tv\/?p=26618"},"modified":"2026-03-13T20:30:10","modified_gmt":"2026-03-13T20:30:10","slug":"ejup-maqedonci-ne-bedex-2026-mbi-1-miliard-euro-per-modernizimin-e-ushtrise-se-kosoves","status":"publish","type":"post","link":"https:\/\/www.press7.tv\/?p=26618","title":{"rendered":"Ejup Maqedonci n\u00eb BEDEX 2026: Mbi 1 miliard euro p\u00ebr modernizimin e Ushtris\u00eb s\u00eb Kosov\u00ebs"},"content":{"rendered":"\n    <div class=\"xs_social_share_widget xs_share_url before_content \t\tmain_content  wslu-style-2 wslu-share-box-shaped wslu-fill-colored wslu-share-m-5 wslu-none wslu-share-vertical wslu-theme-font-no wslu-main_content\">\n\n\t\t\n        <ul>\n\t\t\t        <\/ul>\n    <\/div> \n<p>Ministri i Mbrojtjes, Ejup Maqedonci, ka deklaruar se Ministria e Mbrojtjes \u00ebsht\u00eb e p\u00ebrkushtuar p\u00ebr t\u00eb p\u00ebrshpejtuar modernizimin e kapaciteteve mbrojt\u00ebse dhe se gjat\u00eb kat\u00ebr viteve t\u00eb ardhshme jan\u00eb planifikuar investime mbi 1 miliard euro p\u00ebr avancimin e kapaciteteve luftarake, nd\u00ebrtimin e infrastruktur\u00ebs mbrojt\u00ebse dhe zhvillimin e industris\u00eb vendore.<\/p>\n<p>Maqedonci ka theksuar r\u00ebnd\u00ebsin\u00eb e panairit BEDEX 2026 n\u00eb Bruksel si nj\u00eb platform\u00eb p\u00ebr bashk\u00ebpunim dhe p\u00ebrforcim lidhjesh n\u00eb fush\u00ebn e mbrojtjes.<\/p>\n<p>\u201cGjat\u00eb k\u00ebtyre dy dit\u00ebve n\u00eb Bruksel n\u00eb margjina t\u00eb panairit takova Shefin e Mbrojtjes t\u00eb Forcave t\u00eb Armatosura t\u00eb Belgjik\u00ebs, Gjeneral Frederik Vansina, si dhe zhvillova takime me p\u00ebrfaq\u00ebsues t\u00eb kompanive t\u00eb industris\u00eb s\u00eb mbrojtjes p\u00ebr t\u00eb diskutuar mund\u00ebsit\u00eb e bashk\u00ebpunimit n\u00eb furnizimin e ushtris\u00eb s\u00eb Kosov\u00ebs me sisteme dhe pajisje moderne ushtarake, si dhe p\u00ebr t\u00eb eksploruar potencialin p\u00ebr bashk\u00ebprodhim dhe investime n\u00eb zhvillimin e industris\u00eb s\u00eb mbrojtjes n\u00eb vendin ton\u00eb\u201d, ka deklaruar ai.<\/p>\n<p>Ai ka theksuar se Kosova synon t\u00eb kontribuoj\u00eb \u201cn\u00eb forcimin e siguris\u00eb rajonale dhe euroatlantike, duke thelluar bashk\u00ebpunimin me partner\u00ebt dhe aleat\u00ebt nd\u00ebrkomb\u00ebtar\u00eb\u201d, duke n\u00ebnvizuar r\u00ebnd\u00ebsin\u00eb e zhvillimit t\u00eb kapaciteteve t\u00eb ushtris\u00eb p\u00ebr nj\u00eb t\u00eb ardhme m\u00eb t\u00eb sigurt p\u00ebr vendin dhe rajonin.<\/p>\n<p>Maqedonci ka vler\u00ebsuar se panaire si BEDEX 2026 ofrojn\u00eb mund\u00ebsi p\u00ebr nd\u00ebrtimin e partneriteteve afatgjata dhe p\u00ebr qasje n\u00eb teknologjit\u00eb m\u00eb t\u00eb avancuara, q\u00eb do t\u00eb forcojn\u00eb kapacitetet e ushtris\u00eb s\u00eb Kosov\u00ebs dhe do t\u00eb mb\u00ebshtesin zhvillimin e industris\u00eb vendore t\u00eb mbrojtjes.<\/p>\n","protected":false},"excerpt":{"rendered":"<p>Ministri i Mbrojtjes, Ejup Maqedonci, ka deklaruar se Ministria e Mbrojtjes \u00ebsht\u00eb e p\u00ebrkushtuar p\u00ebr t\u00eb p\u00ebrshpejtuar modernizimin e kapaciteteve mbrojt\u00ebse dhe se gjat\u00eb kat\u00ebr viteve t\u00eb ardhshme jan\u00eb planifikuar investime mbi 1 miliard euro p\u00ebr avancimin e kapaciteteve luftarake, nd\u00ebrtimin e infrastruktur\u00ebs mbrojt\u00ebse dhe zhvillimin e industris\u00eb vendore. Maqedonci ka theksuar r\u00ebnd\u00ebsin\u00eb e panairit [&hellip;]<\/p>\n","protected":false},"author":8,"featured_media":26619,"comment_status":"closed","ping_status":"closed","sticky":false,"template":"","format":"standard","meta":{"footnotes":""},"categories":[215,213],"tags":[],"class_list":["post-26618","post","type-post","status-publish","format-standard","has-post-thumbnail","hentry","category-kosove","category-lajme"],"yoast_head":"<!-- This site is optimized with the Yoast SEO plugin v25.1 - https:\/\/yoast.com\/wordpress\/plugins\/seo\/ -->\n<title>Ejup Maqedonci n\u00eb BEDEX 2026: Mbi 1 miliard euro p\u00ebr modernizimin e Ushtris\u00eb s\u00eb Kosov\u00ebs - press7.tv<\/title>\n<meta name=\"robots\" content=\"index, follow, max-snippet:-1, max-image-preview:large, max-video-preview:-1\" \/>\n<link rel=\"canonical\" href=\"https:\/\/www.press7.tv\/?p=26618\" \/>\n<meta property=\"og:locale\" content=\"en_US\" \/>\n<meta property=\"og:type\" content=\"article\" \/>\n<meta property=\"og:title\" content=\"Ejup Maqedonci n\u00eb BEDEX 2026: Mbi 1 miliard euro p\u00ebr modernizimin e Ushtris\u00eb s\u00eb Kosov\u00ebs - press7.tv\" \/>\n<meta property=\"og:description\" content=\"Ministri i Mbrojtjes, Ejup Maqedonci, ka deklaruar se Ministria e Mbrojtjes \u00ebsht\u00eb e p\u00ebrkushtuar p\u00ebr t\u00eb p\u00ebrshpejtuar modernizimin e kapaciteteve mbrojt\u00ebse dhe se gjat\u00eb kat\u00ebr viteve t\u00eb ardhshme jan\u00eb planifikuar investime mbi 1 miliard euro p\u00ebr avancimin e kapaciteteve luftarake, nd\u00ebrtimin e infrastruktur\u00ebs mbrojt\u00ebse dhe zhvillimin e industris\u00eb vendore. Maqedonci ka theksuar r\u00ebnd\u00ebsin\u00eb e panairit [&hellip;]\" \/>\n<meta property=\"og:url\" content=\"https:\/\/www.press7.tv\/?p=26618\" \/>\n<meta property=\"og:site_name\" content=\"press7.tv\" \/>\n<meta property=\"article:publisher\" content=\"https:\/\/www.facebook.com\/press7.tv\" \/>\n<meta property=\"article:published_time\" content=\"2026-03-13T20:30:10+00:00\" \/>\n<meta property=\"og:image\" content=\"https:\/\/www.press7.tv\/wp-content\/uploads\/2026\/03\/IMG_7743.avif\" \/>\n\t<meta property=\"og:image:width\" content=\"899\" \/>\n\t<meta property=\"og:image:height\" content=\"500\" \/>\n\t<meta property=\"og:image:type\" content=\"image\/jpeg\" \/>\n<meta name=\"author\" content=\"gazetar2\" \/>\n<meta name=\"twitter:card\" content=\"summary_large_image\" \/>\n<meta name=\"twitter:label1\" content=\"Written by\" \/>\n\t<meta name=\"twitter:data1\" content=\"gazetar2\" \/>\n<script type=\"application\/ld+json\" class=\"yoast-schema-graph\">{\"@context\":\"https:\/\/schema.org\",\"@graph\":[{\"@type\":\"Article\",\"@id\":\"https:\/\/www.press7.tv\/?p=26618#article\",\"isPartOf\":{\"@id\":\"https:\/\/www.press7.tv\/?p=26618\"},\"author\":{\"name\":\"gazetar2\",\"@id\":\"https:\/\/www.news33.tv\/#\/schema\/person\/5a04a38a23ccdba82f9bd665cd8f9efa\"},\"headline\":\"Ejup Maqedonci n\u00eb BEDEX 2026: Mbi 1 miliard euro p\u00ebr modernizimin e Ushtris\u00eb s\u00eb Kosov\u00ebs\",\"datePublished\":\"2026-03-13T20:30:10+00:00\",\"mainEntityOfPage\":{\"@id\":\"https:\/\/www.press7.tv\/?p=26618\"},\"wordCount\":287,\"publisher\":{\"@id\":\"https:\/\/www.news33.tv\/#organization\"},\"image\":{\"@id\":\"https:\/\/www.press7.tv\/?p=26618#primaryimage\"},\"thumbnailUrl\":\"https:\/\/www.press7.tv\/wp-content\/uploads\/2026\/03\/IMG_7743.avif\",\"articleSection\":[\"Kosov\u00eb\",\"Lajme\"],\"inLanguage\":\"en-US\"},{\"@type\":\"WebPage\",\"@id\":\"https:\/\/www.press7.tv\/?p=26618\",\"url\":\"https:\/\/www.press7.tv\/?p=26618\",\"name\":\"Ejup Maqedonci n\u00eb BEDEX 2026: Mbi 1 miliard euro p\u00ebr modernizimin e Ushtris\u00eb s\u00eb Kosov\u00ebs - press7.tv\",\"isPartOf\":{\"@id\":\"https:\/\/www.news33.tv\/#website\"},\"primaryImageOfPage\":{\"@id\":\"https:\/\/www.press7.tv\/?p=26618#primaryimage\"},\"image\":{\"@id\":\"https:\/\/www.press7.tv\/?p=26618#primaryimage\"},\"thumbnailUrl\":\"https:\/\/www.press7.tv\/wp-content\/uploads\/2026\/03\/IMG_7743.avif\",\"datePublished\":\"2026-03-13T20:30:10+00:00\",\"breadcrumb\":{\"@id\":\"https:\/\/www.press7.tv\/?p=26618#breadcrumb\"},\"inLanguage\":\"en-US\",\"potentialAction\":[{\"@type\":\"ReadAction\",\"target\":[\"https:\/\/www.press7.tv\/?p=26618\"]}]},{\"@type\":\"ImageObject\",\"inLanguage\":\"en-US\",\"@id\":\"https:\/\/www.press7.tv\/?p=26618#primaryimage\",\"url\":\"https:\/\/www.press7.tv\/wp-content\/uploads\/2026\/03\/IMG_7743.avif\",\"contentUrl\":\"https:\/\/www.press7.tv\/wp-content\/uploads\/2026\/03\/IMG_7743.avif\",\"width\":899,\"height\":500},{\"@type\":\"BreadcrumbList\",\"@id\":\"https:\/\/www.press7.tv\/?p=26618#breadcrumb\",\"itemListElement\":[{\"@type\":\"ListItem\",\"position\":1,\"name\":\"Home\",\"item\":\"https:\/\/www.press7.tv\/\"},{\"@type\":\"ListItem\",\"position\":2,\"name\":\"Ejup Maqedonci n\u00eb BEDEX 2026: Mbi 1 miliard euro p\u00ebr modernizimin e Ushtris\u00eb s\u00eb Kosov\u00ebs\"}]},{\"@type\":\"WebSite\",\"@id\":\"https:\/\/www.news33.tv\/#website\",\"url\":\"https:\/\/www.news33.tv\/\",\"name\":\"News33.tv Media\",\"description\":\"Media\",\"publisher\":{\"@id\":\"https:\/\/www.news33.tv\/#organization\"},\"potentialAction\":[{\"@type\":\"SearchAction\",\"target\":{\"@type\":\"EntryPoint\",\"urlTemplate\":\"https:\/\/www.news33.tv\/?s={search_term_string}\"},\"query-input\":{\"@type\":\"PropertyValueSpecification\",\"valueRequired\":true,\"valueName\":\"search_term_string\"}}],\"inLanguage\":\"en-US\"},{\"@type\":\"Organization\",\"@id\":\"https:\/\/www.news33.tv\/#organization\",\"name\":\"News33.tv Media\",\"url\":\"https:\/\/www.news33.tv\/\",\"logo\":{\"@type\":\"ImageObject\",\"inLanguage\":\"en-US\",\"@id\":\"https:\/\/www.news33.tv\/#\/schema\/logo\/image\/\",\"url\":\"https:\/\/www.press7.tv\/wp-content\/uploads\/2024\/02\/logo-news33-black.png\",\"contentUrl\":\"https:\/\/www.press7.tv\/wp-content\/uploads\/2024\/02\/logo-news33-black.png\",\"width\":180,\"height\":37,\"caption\":\"News33.tv Media\"},\"image\":{\"@id\":\"https:\/\/www.news33.tv\/#\/schema\/logo\/image\/\"},\"sameAs\":[\"https:\/\/www.facebook.com\/press7.tv\"]},{\"@type\":\"Person\",\"@id\":\"https:\/\/www.news33.tv\/#\/schema\/person\/5a04a38a23ccdba82f9bd665cd8f9efa\",\"name\":\"gazetar2\",\"image\":{\"@type\":\"ImageObject\",\"inLanguage\":\"en-US\",\"@id\":\"https:\/\/www.news33.tv\/#\/schema\/person\/image\/\",\"url\":\"https:\/\/www.press7.tv\/wp-content\/litespeed\/avatar\/41975e402c3049d9ddb03adca8f7a883.jpg?ver=1777169572\",\"contentUrl\":\"https:\/\/www.press7.tv\/wp-content\/litespeed\/avatar\/41975e402c3049d9ddb03adca8f7a883.jpg?ver=1777169572\",\"caption\":\"gazetar2\"},\"url\":\"https:\/\/www.press7.tv\/?author=8\"}]}<\/script>\n<!-- \/ Yoast SEO plugin. -->","yoast_head_json":{"title":"Ejup Maqedonci n\u00eb BEDEX 2026: Mbi 1 miliard euro p\u00ebr modernizimin e Ushtris\u00eb s\u00eb Kosov\u00ebs - press7.tv","robots":{"index":"index","follow":"follow","max-snippet":"max-snippet:-1","max-image-preview":"max-image-preview:large","max-video-preview":"max-video-preview:-1"},"canonical":"https:\/\/www.press7.tv\/?p=26618","og_locale":"en_US","og_type":"article","og_title":"Ejup Maqedonci n\u00eb BEDEX 2026: Mbi 1 miliard euro p\u00ebr modernizimin e Ushtris\u00eb s\u00eb Kosov\u00ebs - press7.tv","og_description":"Ministri i Mbrojtjes, Ejup Maqedonci, ka deklaruar se Ministria e Mbrojtjes \u00ebsht\u00eb e p\u00ebrkushtuar p\u00ebr t\u00eb p\u00ebrshpejtuar modernizimin e kapaciteteve mbrojt\u00ebse dhe se gjat\u00eb kat\u00ebr viteve t\u00eb ardhshme jan\u00eb planifikuar investime mbi 1 miliard euro p\u00ebr avancimin e kapaciteteve luftarake, nd\u00ebrtimin e infrastruktur\u00ebs mbrojt\u00ebse dhe zhvillimin e industris\u00eb vendore. Maqedonci ka theksuar r\u00ebnd\u00ebsin\u00eb e panairit [&hellip;]","og_url":"https:\/\/www.press7.tv\/?p=26618","og_site_name":"press7.tv","article_publisher":"https:\/\/www.facebook.com\/press7.tv","article_published_time":"2026-03-13T20:30:10+00:00","og_image":[{"width":899,"height":500,"url":"https:\/\/www.press7.tv\/wp-content\/uploads\/2026\/03\/IMG_7743.avif","type":"image\/jpeg"}],"author":"gazetar2","twitter_card":"summary_large_image","twitter_misc":{"Written by":"gazetar2"},"schema":{"@context":"https:\/\/schema.org","@graph":[{"@type":"Article","@id":"https:\/\/www.press7.tv\/?p=26618#article","isPartOf":{"@id":"https:\/\/www.press7.tv\/?p=26618"},"author":{"name":"gazetar2","@id":"https:\/\/www.news33.tv\/#\/schema\/person\/5a04a38a23ccdba82f9bd665cd8f9efa"},"headline":"Ejup Maqedonci n\u00eb BEDEX 2026: Mbi 1 miliard euro p\u00ebr modernizimin e Ushtris\u00eb s\u00eb Kosov\u00ebs","datePublished":"2026-03-13T20:30:10+00:00","mainEntityOfPage":{"@id":"https:\/\/www.press7.tv\/?p=26618"},"wordCount":287,"publisher":{"@id":"https:\/\/www.news33.tv\/#organization"},"image":{"@id":"https:\/\/www.press7.tv\/?p=26618#primaryimage"},"thumbnailUrl":"https:\/\/www.press7.tv\/wp-content\/uploads\/2026\/03\/IMG_7743.avif","articleSection":["Kosov\u00eb","Lajme"],"inLanguage":"en-US"},{"@type":"WebPage","@id":"https:\/\/www.press7.tv\/?p=26618","url":"https:\/\/www.press7.tv\/?p=26618","name":"Ejup Maqedonci n\u00eb BEDEX 2026: Mbi 1 miliard euro p\u00ebr modernizimin e Ushtris\u00eb s\u00eb Kosov\u00ebs - press7.tv","isPartOf":{"@id":"https:\/\/www.news33.tv\/#website"},"primaryImageOfPage":{"@id":"https:\/\/www.press7.tv\/?p=26618#primaryimage"},"image":{"@id":"https:\/\/www.press7.tv\/?p=26618#primaryimage"},"thumbnailUrl":"https:\/\/www.press7.tv\/wp-content\/uploads\/2026\/03\/IMG_7743.avif","datePublished":"2026-03-13T20:30:10+00:00","breadcrumb":{"@id":"https:\/\/www.press7.tv\/?p=26618#breadcrumb"},"inLanguage":"en-US","potentialAction":[{"@type":"ReadAction","target":["https:\/\/www.press7.tv\/?p=26618"]}]},{"@type":"ImageObject","inLanguage":"en-US","@id":"https:\/\/www.press7.tv\/?p=26618#primaryimage","url":"https:\/\/www.press7.tv\/wp-content\/uploads\/2026\/03\/IMG_7743.avif","contentUrl":"https:\/\/www.press7.tv\/wp-content\/uploads\/2026\/03\/IMG_7743.avif","width":899,"height":500},{"@type":"BreadcrumbList","@id":"https:\/\/www.press7.tv\/?p=26618#breadcrumb","itemListElement":[{"@type":"ListItem","position":1,"name":"Home","item":"https:\/\/www.press7.tv\/"},{"@type":"ListItem","position":2,"name":"Ejup Maqedonci n\u00eb BEDEX 2026: Mbi 1 miliard euro p\u00ebr modernizimin e Ushtris\u00eb s\u00eb Kosov\u00ebs"}]},{"@type":"WebSite","@id":"https:\/\/www.news33.tv\/#website","url":"https:\/\/www.news33.tv\/","name":"News33.tv Media","description":"Media","publisher":{"@id":"https:\/\/www.news33.tv\/#organization"},"potentialAction":[{"@type":"SearchAction","target":{"@type":"EntryPoint","urlTemplate":"https:\/\/www.news33.tv\/?s={search_term_string}"},"query-input":{"@type":"PropertyValueSpecification","valueRequired":true,"valueName":"search_term_string"}}],"inLanguage":"en-US"},{"@type":"Organization","@id":"https:\/\/www.news33.tv\/#organization","name":"News33.tv Media","url":"https:\/\/www.news33.tv\/","logo":{"@type":"ImageObject","inLanguage":"en-US","@id":"https:\/\/www.news33.tv\/#\/schema\/logo\/image\/","url":"https:\/\/www.press7.tv\/wp-content\/uploads\/2024\/02\/logo-news33-black.png","contentUrl":"https:\/\/www.press7.tv\/wp-content\/uploads\/2024\/02\/logo-news33-black.png","width":180,"height":37,"caption":"News33.tv Media"},"image":{"@id":"https:\/\/www.news33.tv\/#\/schema\/logo\/image\/"},"sameAs":["https:\/\/www.facebook.com\/press7.tv"]},{"@type":"Person","@id":"https:\/\/www.news33.tv\/#\/schema\/person\/5a04a38a23ccdba82f9bd665cd8f9efa","name":"gazetar2","image":{"@type":"ImageObject","inLanguage":"en-US","@id":"https:\/\/www.news33.tv\/#\/schema\/person\/image\/","url":"https:\/\/www.press7.tv\/wp-content\/litespeed\/avatar\/41975e402c3049d9ddb03adca8f7a883.jpg?ver=1777169572","contentUrl":"https:\/\/www.press7.tv\/wp-content\/litespeed\/avatar\/41975e402c3049d9ddb03adca8f7a883.jpg?ver=1777169572","caption":"gazetar2"},"url":"https:\/\/www.press7.tv\/?author=8"}]}},"amp_enabled":true,"_links":{"self":[{"href":"https:\/\/www.press7.tv\/index.php?rest_route=\/wp\/v2\/posts\/26618","targetHints":{"allow":["GET"]}}],"collection":[{"href":"https:\/\/www.press7.tv\/index.php?rest_route=\/wp\/v2\/posts"}],"about":[{"href":"https:\/\/www.press7.tv\/index.php?rest_route=\/wp\/v2\/types\/post"}],"author":[{"embeddable":true,"href":"https:\/\/www.press7.tv\/index.php?rest_route=\/wp\/v2\/users\/8"}],"replies":[{"embeddable":true,"href":"https:\/\/www.press7.tv\/index.php?rest_route=%2Fwp%2Fv2%2Fcomments&post=26618"}],"version-history":[{"count":1,"href":"https:\/\/www.press7.tv\/index.php?rest_route=\/wp\/v2\/posts\/26618\/revisions"}],"predecessor-version":[{"id":26620,"href":"https:\/\/www.press7.tv\/index.php?rest_route=\/wp\/v2\/posts\/26618\/revisions\/26620"}],"wp:featuredmedia":[{"embeddable":true,"href":"https:\/\/www.press7.tv\/index.php?rest_route=\/wp\/v2\/media\/26619"}],"wp:attachment":[{"href":"https:\/\/www.press7.tv\/index.php?rest_route=%2Fwp%2Fv2%2Fmedia&parent=26618"}],"wp:term":[{"taxonomy":"category","embeddable":true,"href":"https:\/\/www.press7.tv\/index.php?rest_route=%2Fwp%2Fv2%2Fcategories&post=26618"},{"taxonomy":"post_tag","embeddable":true,"href":"https:\/\/www.press7.tv\/index.php?rest_route=%2Fwp%2Fv2%2Ftags&post=26618"}],"curies":[{"name":"wp","href":"https:\/\/api.w.org\/{rel}","templated":true}]}}