{"id":26612,"date":"2026-03-13T16:37:54","date_gmt":"2026-03-13T16:37:54","guid":{"rendered":"https:\/\/www.press7.tv\/?p=26612"},"modified":"2026-03-13T16:37:54","modified_gmt":"2026-03-13T16:37:54","slug":"abdixhikun-i-pergjigjet-kurtit-takohemi-ne-diten-e-pare-pas-vendimi-te-gjykates-kushtetuese","status":"publish","type":"post","link":"https:\/\/www.press7.tv\/?p=26612","title":{"rendered":"Abdixhikun i p\u00ebrgjigjet Kurtit: Takohemi n\u00eb dit\u00ebn e par\u00eb pas vendimi t\u00eb Gjykat\u00ebs Kushtetuese!"},"content":{"rendered":"\n    <div class=\"xs_social_share_widget xs_share_url before_content \t\tmain_content  wslu-style-2 wslu-share-box-shaped wslu-fill-colored wslu-share-m-5 wslu-none wslu-share-vertical wslu-theme-font-no wslu-main_content\">\n\n\t\t\n        <ul>\n\t\t\t        <\/ul>\n    <\/div> \n<p>Lumir Abdixhiku i \u00ebsht\u00eb p\u00ebrgjigjur ftes\u00ebs s\u00eb Kurtit p\u00ebr takim.<\/p>\n<p>Kreu i LDK-s\u00eb ka th\u00ebn\u00eb se do t\u00eb takohet me Kurtin n\u00eb dit\u00ebn e par\u00eb pas verdiktit t\u00eb Gjykat\u00ebs Kushtetuese.<\/p>\n<p>\u201cKam fal\u00ebnderuar Kryetarin e L\u00ebvizjes Vet\u00ebvendosje z. Kurti p\u00ebr ftes\u00ebn p\u00ebr takim p\u00ebr \u00e7\u00ebshtjen e Presidentit.<br \/>\nE kam njoftuar se do t\u2019i p\u00ebrgjigjem pozitivisht k\u00ebsaj ftese n\u00eb dit\u00ebn e par\u00eb pas verdiktit t\u00eb Gjykat\u00ebs Kushtetuese.<br \/>\nDuke qen\u00eb se \u00e7\u00ebshtja e zgjedhjes s\u00eb Presidentit \u00ebsht\u00eb tashm\u00eb n\u00eb shqyrtim t\u00eb Gjykat\u00ebs Kushtetuese, duhet t\u00eb kuptojm\u00eb se koha jon\u00eb politike ndalon p\u00ebrkoh\u00ebsisht, nd\u00ebrsa koha e d\u00ebgjimit kushtetues merr fjal\u00ebn n\u00eb pavar\u00ebsin\u00eb e saj. Duke respektuar k\u00ebt\u00eb rend, pa procese t\u00eb tjera politike paralele, i b\u00ebjm\u00eb nder jo vet\u00ebm vetes, por edhe Republik\u00ebs dhe institucioneve q\u00eb jan\u00eb nd\u00ebrtuar me shum\u00eb mund.<br \/>\nVerdikti i Gjykat\u00ebs duhet pritur me respekt t\u00eb plot\u00eb institucional dhe me qet\u00ebsi politike. Nj\u00eb or\u00eb pas verdiktit, mund t\u00eb takohemi s\u00ebrish\u201d shkruan Abdixhiku n\u00eb njoftim.<\/p>\n","protected":false},"excerpt":{"rendered":"<p>Lumir Abdixhiku i \u00ebsht\u00eb p\u00ebrgjigjur ftes\u00ebs s\u00eb Kurtit p\u00ebr takim. Kreu i LDK-s\u00eb ka th\u00ebn\u00eb se do t\u00eb takohet me Kurtin n\u00eb dit\u00ebn e par\u00eb pas verdiktit t\u00eb Gjykat\u00ebs Kushtetuese. \u201cKam fal\u00ebnderuar Kryetarin e L\u00ebvizjes Vet\u00ebvendosje z. Kurti p\u00ebr ftes\u00ebn p\u00ebr takim p\u00ebr \u00e7\u00ebshtjen e Presidentit. E kam njoftuar se do t\u2019i p\u00ebrgjigjem pozitivisht k\u00ebsaj [&hellip;]<\/p>\n","protected":false},"author":8,"featured_media":26613,"comment_status":"closed","ping_status":"closed","sticky":false,"template":"","format":"standard","meta":{"footnotes":""},"categories":[215,213],"tags":[],"class_list":["post-26612","post","type-post","status-publish","format-standard","has-post-thumbnail","hentry","category-kosove","category-lajme"],"yoast_head":"<!-- This site is optimized with the Yoast SEO plugin v25.1 - https:\/\/yoast.com\/wordpress\/plugins\/seo\/ -->\n<title>Abdixhikun i p\u00ebrgjigjet Kurtit: Takohemi n\u00eb dit\u00ebn e par\u00eb pas vendimi t\u00eb Gjykat\u00ebs Kushtetuese! - press7.tv<\/title>\n<meta name=\"robots\" content=\"index, follow, max-snippet:-1, max-image-preview:large, max-video-preview:-1\" \/>\n<link rel=\"canonical\" href=\"https:\/\/www.press7.tv\/?p=26612\" \/>\n<meta property=\"og:locale\" content=\"en_US\" \/>\n<meta property=\"og:type\" content=\"article\" \/>\n<meta property=\"og:title\" content=\"Abdixhikun i p\u00ebrgjigjet Kurtit: Takohemi n\u00eb dit\u00ebn e par\u00eb pas vendimi t\u00eb Gjykat\u00ebs Kushtetuese! - press7.tv\" \/>\n<meta property=\"og:description\" content=\"Lumir Abdixhiku i \u00ebsht\u00eb p\u00ebrgjigjur ftes\u00ebs s\u00eb Kurtit p\u00ebr takim. Kreu i LDK-s\u00eb ka th\u00ebn\u00eb se do t\u00eb takohet me Kurtin n\u00eb dit\u00ebn e par\u00eb pas verdiktit t\u00eb Gjykat\u00ebs Kushtetuese. \u201cKam fal\u00ebnderuar Kryetarin e L\u00ebvizjes Vet\u00ebvendosje z. Kurti p\u00ebr ftes\u00ebn p\u00ebr takim p\u00ebr \u00e7\u00ebshtjen e Presidentit. E kam njoftuar se do t\u2019i p\u00ebrgjigjem pozitivisht k\u00ebsaj [&hellip;]\" \/>\n<meta property=\"og:url\" content=\"https:\/\/www.press7.tv\/?p=26612\" \/>\n<meta property=\"og:site_name\" content=\"press7.tv\" \/>\n<meta property=\"article:publisher\" content=\"https:\/\/www.facebook.com\/press7.tv\" \/>\n<meta property=\"article:published_time\" content=\"2026-03-13T16:37:54+00:00\" \/>\n<meta property=\"og:image\" content=\"https:\/\/www.press7.tv\/wp-content\/uploads\/2026\/03\/IMG_7738.avif\" \/>\n\t<meta property=\"og:image:width\" content=\"1447\" \/>\n\t<meta property=\"og:image:height\" content=\"925\" \/>\n\t<meta property=\"og:image:type\" content=\"image\/jpeg\" \/>\n<meta name=\"author\" content=\"gazetar2\" \/>\n<meta name=\"twitter:card\" content=\"summary_large_image\" \/>\n<meta name=\"twitter:label1\" content=\"Written by\" \/>\n\t<meta name=\"twitter:data1\" content=\"gazetar2\" \/>\n\t<meta name=\"twitter:label2\" content=\"Est. reading time\" \/>\n\t<meta name=\"twitter:data2\" content=\"1 minute\" \/>\n<script type=\"application\/ld+json\" class=\"yoast-schema-graph\">{\"@context\":\"https:\/\/schema.org\",\"@graph\":[{\"@type\":\"Article\",\"@id\":\"https:\/\/www.press7.tv\/?p=26612#article\",\"isPartOf\":{\"@id\":\"https:\/\/www.press7.tv\/?p=26612\"},\"author\":{\"name\":\"gazetar2\",\"@id\":\"https:\/\/www.news33.tv\/#\/schema\/person\/5a04a38a23ccdba82f9bd665cd8f9efa\"},\"headline\":\"Abdixhikun i p\u00ebrgjigjet Kurtit: Takohemi n\u00eb dit\u00ebn e par\u00eb pas vendimi t\u00eb Gjykat\u00ebs Kushtetuese!\",\"datePublished\":\"2026-03-13T16:37:54+00:00\",\"mainEntityOfPage\":{\"@id\":\"https:\/\/www.press7.tv\/?p=26612\"},\"wordCount\":203,\"publisher\":{\"@id\":\"https:\/\/www.news33.tv\/#organization\"},\"image\":{\"@id\":\"https:\/\/www.press7.tv\/?p=26612#primaryimage\"},\"thumbnailUrl\":\"https:\/\/www.press7.tv\/wp-content\/uploads\/2026\/03\/IMG_7738.avif\",\"articleSection\":[\"Kosov\u00eb\",\"Lajme\"],\"inLanguage\":\"en-US\"},{\"@type\":\"WebPage\",\"@id\":\"https:\/\/www.press7.tv\/?p=26612\",\"url\":\"https:\/\/www.press7.tv\/?p=26612\",\"name\":\"Abdixhikun i p\u00ebrgjigjet Kurtit: Takohemi n\u00eb dit\u00ebn e par\u00eb pas vendimi t\u00eb Gjykat\u00ebs Kushtetuese! - press7.tv\",\"isPartOf\":{\"@id\":\"https:\/\/www.news33.tv\/#website\"},\"primaryImageOfPage\":{\"@id\":\"https:\/\/www.press7.tv\/?p=26612#primaryimage\"},\"image\":{\"@id\":\"https:\/\/www.press7.tv\/?p=26612#primaryimage\"},\"thumbnailUrl\":\"https:\/\/www.press7.tv\/wp-content\/uploads\/2026\/03\/IMG_7738.avif\",\"datePublished\":\"2026-03-13T16:37:54+00:00\",\"breadcrumb\":{\"@id\":\"https:\/\/www.press7.tv\/?p=26612#breadcrumb\"},\"inLanguage\":\"en-US\",\"potentialAction\":[{\"@type\":\"ReadAction\",\"target\":[\"https:\/\/www.press7.tv\/?p=26612\"]}]},{\"@type\":\"ImageObject\",\"inLanguage\":\"en-US\",\"@id\":\"https:\/\/www.press7.tv\/?p=26612#primaryimage\",\"url\":\"https:\/\/www.press7.tv\/wp-content\/uploads\/2026\/03\/IMG_7738.avif\",\"contentUrl\":\"https:\/\/www.press7.tv\/wp-content\/uploads\/2026\/03\/IMG_7738.avif\",\"width\":1447,\"height\":925},{\"@type\":\"BreadcrumbList\",\"@id\":\"https:\/\/www.press7.tv\/?p=26612#breadcrumb\",\"itemListElement\":[{\"@type\":\"ListItem\",\"position\":1,\"name\":\"Home\",\"item\":\"https:\/\/www.press7.tv\/\"},{\"@type\":\"ListItem\",\"position\":2,\"name\":\"Abdixhikun i p\u00ebrgjigjet Kurtit: Takohemi n\u00eb dit\u00ebn e par\u00eb pas vendimi t\u00eb Gjykat\u00ebs Kushtetuese!\"}]},{\"@type\":\"WebSite\",\"@id\":\"https:\/\/www.news33.tv\/#website\",\"url\":\"https:\/\/www.news33.tv\/\",\"name\":\"News33.tv Media\",\"description\":\"Media\",\"publisher\":{\"@id\":\"https:\/\/www.news33.tv\/#organization\"},\"potentialAction\":[{\"@type\":\"SearchAction\",\"target\":{\"@type\":\"EntryPoint\",\"urlTemplate\":\"https:\/\/www.news33.tv\/?s={search_term_string}\"},\"query-input\":{\"@type\":\"PropertyValueSpecification\",\"valueRequired\":true,\"valueName\":\"search_term_string\"}}],\"inLanguage\":\"en-US\"},{\"@type\":\"Organization\",\"@id\":\"https:\/\/www.news33.tv\/#organization\",\"name\":\"News33.tv Media\",\"url\":\"https:\/\/www.news33.tv\/\",\"logo\":{\"@type\":\"ImageObject\",\"inLanguage\":\"en-US\",\"@id\":\"https:\/\/www.news33.tv\/#\/schema\/logo\/image\/\",\"url\":\"https:\/\/www.press7.tv\/wp-content\/uploads\/2024\/02\/logo-news33-black.png\",\"contentUrl\":\"https:\/\/www.press7.tv\/wp-content\/uploads\/2024\/02\/logo-news33-black.png\",\"width\":180,\"height\":37,\"caption\":\"News33.tv Media\"},\"image\":{\"@id\":\"https:\/\/www.news33.tv\/#\/schema\/logo\/image\/\"},\"sameAs\":[\"https:\/\/www.facebook.com\/press7.tv\"]},{\"@type\":\"Person\",\"@id\":\"https:\/\/www.news33.tv\/#\/schema\/person\/5a04a38a23ccdba82f9bd665cd8f9efa\",\"name\":\"gazetar2\",\"image\":{\"@type\":\"ImageObject\",\"inLanguage\":\"en-US\",\"@id\":\"https:\/\/www.news33.tv\/#\/schema\/person\/image\/\",\"url\":\"https:\/\/www.press7.tv\/wp-content\/litespeed\/avatar\/41975e402c3049d9ddb03adca8f7a883.jpg?ver=1777169572\",\"contentUrl\":\"https:\/\/www.press7.tv\/wp-content\/litespeed\/avatar\/41975e402c3049d9ddb03adca8f7a883.jpg?ver=1777169572\",\"caption\":\"gazetar2\"},\"url\":\"https:\/\/www.press7.tv\/?author=8\"}]}<\/script>\n<!-- \/ Yoast SEO plugin. -->","yoast_head_json":{"title":"Abdixhikun i p\u00ebrgjigjet Kurtit: Takohemi n\u00eb dit\u00ebn e par\u00eb pas vendimi t\u00eb Gjykat\u00ebs Kushtetuese! - press7.tv","robots":{"index":"index","follow":"follow","max-snippet":"max-snippet:-1","max-image-preview":"max-image-preview:large","max-video-preview":"max-video-preview:-1"},"canonical":"https:\/\/www.press7.tv\/?p=26612","og_locale":"en_US","og_type":"article","og_title":"Abdixhikun i p\u00ebrgjigjet Kurtit: Takohemi n\u00eb dit\u00ebn e par\u00eb pas vendimi t\u00eb Gjykat\u00ebs Kushtetuese! - press7.tv","og_description":"Lumir Abdixhiku i \u00ebsht\u00eb p\u00ebrgjigjur ftes\u00ebs s\u00eb Kurtit p\u00ebr takim. Kreu i LDK-s\u00eb ka th\u00ebn\u00eb se do t\u00eb takohet me Kurtin n\u00eb dit\u00ebn e par\u00eb pas verdiktit t\u00eb Gjykat\u00ebs Kushtetuese. \u201cKam fal\u00ebnderuar Kryetarin e L\u00ebvizjes Vet\u00ebvendosje z. Kurti p\u00ebr ftes\u00ebn p\u00ebr takim p\u00ebr \u00e7\u00ebshtjen e Presidentit. E kam njoftuar se do t\u2019i p\u00ebrgjigjem pozitivisht k\u00ebsaj [&hellip;]","og_url":"https:\/\/www.press7.tv\/?p=26612","og_site_name":"press7.tv","article_publisher":"https:\/\/www.facebook.com\/press7.tv","article_published_time":"2026-03-13T16:37:54+00:00","og_image":[{"width":1447,"height":925,"url":"https:\/\/www.press7.tv\/wp-content\/uploads\/2026\/03\/IMG_7738.avif","type":"image\/jpeg"}],"author":"gazetar2","twitter_card":"summary_large_image","twitter_misc":{"Written by":"gazetar2","Est. reading time":"1 minute"},"schema":{"@context":"https:\/\/schema.org","@graph":[{"@type":"Article","@id":"https:\/\/www.press7.tv\/?p=26612#article","isPartOf":{"@id":"https:\/\/www.press7.tv\/?p=26612"},"author":{"name":"gazetar2","@id":"https:\/\/www.news33.tv\/#\/schema\/person\/5a04a38a23ccdba82f9bd665cd8f9efa"},"headline":"Abdixhikun i p\u00ebrgjigjet Kurtit: Takohemi n\u00eb dit\u00ebn e par\u00eb pas vendimi t\u00eb Gjykat\u00ebs Kushtetuese!","datePublished":"2026-03-13T16:37:54+00:00","mainEntityOfPage":{"@id":"https:\/\/www.press7.tv\/?p=26612"},"wordCount":203,"publisher":{"@id":"https:\/\/www.news33.tv\/#organization"},"image":{"@id":"https:\/\/www.press7.tv\/?p=26612#primaryimage"},"thumbnailUrl":"https:\/\/www.press7.tv\/wp-content\/uploads\/2026\/03\/IMG_7738.avif","articleSection":["Kosov\u00eb","Lajme"],"inLanguage":"en-US"},{"@type":"WebPage","@id":"https:\/\/www.press7.tv\/?p=26612","url":"https:\/\/www.press7.tv\/?p=26612","name":"Abdixhikun i p\u00ebrgjigjet Kurtit: Takohemi n\u00eb dit\u00ebn e par\u00eb pas vendimi t\u00eb Gjykat\u00ebs Kushtetuese! - press7.tv","isPartOf":{"@id":"https:\/\/www.news33.tv\/#website"},"primaryImageOfPage":{"@id":"https:\/\/www.press7.tv\/?p=26612#primaryimage"},"image":{"@id":"https:\/\/www.press7.tv\/?p=26612#primaryimage"},"thumbnailUrl":"https:\/\/www.press7.tv\/wp-content\/uploads\/2026\/03\/IMG_7738.avif","datePublished":"2026-03-13T16:37:54+00:00","breadcrumb":{"@id":"https:\/\/www.press7.tv\/?p=26612#breadcrumb"},"inLanguage":"en-US","potentialAction":[{"@type":"ReadAction","target":["https:\/\/www.press7.tv\/?p=26612"]}]},{"@type":"ImageObject","inLanguage":"en-US","@id":"https:\/\/www.press7.tv\/?p=26612#primaryimage","url":"https:\/\/www.press7.tv\/wp-content\/uploads\/2026\/03\/IMG_7738.avif","contentUrl":"https:\/\/www.press7.tv\/wp-content\/uploads\/2026\/03\/IMG_7738.avif","width":1447,"height":925},{"@type":"BreadcrumbList","@id":"https:\/\/www.press7.tv\/?p=26612#breadcrumb","itemListElement":[{"@type":"ListItem","position":1,"name":"Home","item":"https:\/\/www.press7.tv\/"},{"@type":"ListItem","position":2,"name":"Abdixhikun i p\u00ebrgjigjet Kurtit: Takohemi n\u00eb dit\u00ebn e par\u00eb pas vendimi t\u00eb Gjykat\u00ebs Kushtetuese!"}]},{"@type":"WebSite","@id":"https:\/\/www.news33.tv\/#website","url":"https:\/\/www.news33.tv\/","name":"News33.tv Media","description":"Media","publisher":{"@id":"https:\/\/www.news33.tv\/#organization"},"potentialAction":[{"@type":"SearchAction","target":{"@type":"EntryPoint","urlTemplate":"https:\/\/www.news33.tv\/?s={search_term_string}"},"query-input":{"@type":"PropertyValueSpecification","valueRequired":true,"valueName":"search_term_string"}}],"inLanguage":"en-US"},{"@type":"Organization","@id":"https:\/\/www.news33.tv\/#organization","name":"News33.tv Media","url":"https:\/\/www.news33.tv\/","logo":{"@type":"ImageObject","inLanguage":"en-US","@id":"https:\/\/www.news33.tv\/#\/schema\/logo\/image\/","url":"https:\/\/www.press7.tv\/wp-content\/uploads\/2024\/02\/logo-news33-black.png","contentUrl":"https:\/\/www.press7.tv\/wp-content\/uploads\/2024\/02\/logo-news33-black.png","width":180,"height":37,"caption":"News33.tv Media"},"image":{"@id":"https:\/\/www.news33.tv\/#\/schema\/logo\/image\/"},"sameAs":["https:\/\/www.facebook.com\/press7.tv"]},{"@type":"Person","@id":"https:\/\/www.news33.tv\/#\/schema\/person\/5a04a38a23ccdba82f9bd665cd8f9efa","name":"gazetar2","image":{"@type":"ImageObject","inLanguage":"en-US","@id":"https:\/\/www.news33.tv\/#\/schema\/person\/image\/","url":"https:\/\/www.press7.tv\/wp-content\/litespeed\/avatar\/41975e402c3049d9ddb03adca8f7a883.jpg?ver=1777169572","contentUrl":"https:\/\/www.press7.tv\/wp-content\/litespeed\/avatar\/41975e402c3049d9ddb03adca8f7a883.jpg?ver=1777169572","caption":"gazetar2"},"url":"https:\/\/www.press7.tv\/?author=8"}]}},"amp_enabled":true,"_links":{"self":[{"href":"https:\/\/www.press7.tv\/index.php?rest_route=\/wp\/v2\/posts\/26612","targetHints":{"allow":["GET"]}}],"collection":[{"href":"https:\/\/www.press7.tv\/index.php?rest_route=\/wp\/v2\/posts"}],"about":[{"href":"https:\/\/www.press7.tv\/index.php?rest_route=\/wp\/v2\/types\/post"}],"author":[{"embeddable":true,"href":"https:\/\/www.press7.tv\/index.php?rest_route=\/wp\/v2\/users\/8"}],"replies":[{"embeddable":true,"href":"https:\/\/www.press7.tv\/index.php?rest_route=%2Fwp%2Fv2%2Fcomments&post=26612"}],"version-history":[{"count":1,"href":"https:\/\/www.press7.tv\/index.php?rest_route=\/wp\/v2\/posts\/26612\/revisions"}],"predecessor-version":[{"id":26614,"href":"https:\/\/www.press7.tv\/index.php?rest_route=\/wp\/v2\/posts\/26612\/revisions\/26614"}],"wp:featuredmedia":[{"embeddable":true,"href":"https:\/\/www.press7.tv\/index.php?rest_route=\/wp\/v2\/media\/26613"}],"wp:attachment":[{"href":"https:\/\/www.press7.tv\/index.php?rest_route=%2Fwp%2Fv2%2Fmedia&parent=26612"}],"wp:term":[{"taxonomy":"category","embeddable":true,"href":"https:\/\/www.press7.tv\/index.php?rest_route=%2Fwp%2Fv2%2Fcategories&post=26612"},{"taxonomy":"post_tag","embeddable":true,"href":"https:\/\/www.press7.tv\/index.php?rest_route=%2Fwp%2Fv2%2Ftags&post=26612"}],"curies":[{"name":"wp","href":"https:\/\/api.w.org\/{rel}","templated":true}]}}