{"id":26609,"date":"2026-03-13T13:42:26","date_gmt":"2026-03-13T13:42:26","guid":{"rendered":"https:\/\/www.press7.tv\/?p=26609"},"modified":"2026-03-13T13:42:26","modified_gmt":"2026-03-13T13:42:26","slug":"heqja-e-fusnotes-kurti-pranvera-po-vjen-me-heret-fusnota-u-shkri-si-fjolle-bore","status":"publish","type":"post","link":"https:\/\/www.press7.tv\/?p=26609","title":{"rendered":"Heqja e fusnot\u00ebs, Kurti: Pranvera po vjen m\u00eb her\u00ebt, fusnota u shkri si fjoll\u00eb bore"},"content":{"rendered":"\n    <div class=\"xs_social_share_widget xs_share_url before_content \t\tmain_content  wslu-style-2 wslu-share-box-shaped wslu-fill-colored wslu-share-m-5 wslu-none wslu-share-vertical wslu-theme-font-no wslu-main_content\">\n\n\t\t\n        <ul>\n\t\t\t        <\/ul>\n    <\/div> \n<p>Kryeministri i Kosov\u00ebs Albin Kurti ka folur lidhur me vendimin e  Komitetit Evropian t\u00eb Rajoneve p\u00ebr t\u00eb hequr fusnot\u00ebn krahas emrit t\u00eb vendit ton\u00eb, e njohur si \u201cKosovo*\u201d. Kurti tha se pranvera po vjen m\u00eb her\u00ebt, e fusnota po shkrihet si fjoll\u00eb bore.<\/p>\n<p>\u201cDuket q\u00eb sivjet panvera po vjen m\u00eb her\u00ebt dhe si\u00e7 u tha at\u00ebbot\u00eb q\u00eb fusnota do t\u00eb shkrihet si nj\u00eb fjoll\u00eb bore. Ndoshta \u00ebsht\u00eb gabuar viti dhe Qeveria, por kjo po ndodh. Natyrisht se kemi ende trash\u00ebgimi t\u00eb keqe nga ajo koh\u00eb dhe nuk do t\u00eb duhej t\u00eb entuziazmoheshim tep\u00ebr. Kemi trashegimi po e ritheksoj q\u00eb pengesat, sfidat dhe v\u00ebshtir\u00ebsit\u00eb q\u00eb i kan\u00eb pasur gjat\u00eb negociatave n\u00eb Bruksel vijn\u00eb prej trashegimis\u00eb s\u00eb mrapsht\u00eb, q\u00eb na kan\u00eb l\u00ebn\u00eb qeverit\u00eb parar\u00ebnd\u00ebse. Ne po punojm\u00eb me shum\u00eb zell, e durim q\u00eb ato t\u00eb eliminohen . N\u00eb Bruksel \u00ebsht\u00eb atmosefra pozitive q\u00eb Kosova t\u00eb b\u00ebj\u00eb hapa p\u00ebrpara. E dy hapat me t\u00eb r\u00ebnd\u00ebssish\u00ebm n\u00eb vijim \u00ebsht\u00eb pyet\u00ebsori prej Komisionit Evropian dhe statusi i vendit kandidat\u201d, tha Kurti.<\/p>\n","protected":false},"excerpt":{"rendered":"<p>Kryeministri i Kosov\u00ebs Albin Kurti ka folur lidhur me vendimin e Komitetit Evropian t\u00eb Rajoneve p\u00ebr t\u00eb hequr fusnot\u00ebn krahas emrit t\u00eb vendit ton\u00eb, e njohur si \u201cKosovo*\u201d. Kurti tha se pranvera po vjen m\u00eb her\u00ebt, e fusnota po shkrihet si fjoll\u00eb bore. \u201cDuket q\u00eb sivjet panvera po vjen m\u00eb her\u00ebt dhe si\u00e7 u tha [&hellip;]<\/p>\n","protected":false},"author":8,"featured_media":26610,"comment_status":"closed","ping_status":"closed","sticky":false,"template":"","format":"standard","meta":{"footnotes":""},"categories":[215,213],"tags":[],"class_list":["post-26609","post","type-post","status-publish","format-standard","has-post-thumbnail","hentry","category-kosove","category-lajme"],"yoast_head":"<!-- This site is optimized with the Yoast SEO plugin v25.1 - https:\/\/yoast.com\/wordpress\/plugins\/seo\/ -->\n<title>Heqja e fusnot\u00ebs, Kurti: Pranvera po vjen m\u00eb her\u00ebt, fusnota u shkri si fjoll\u00eb bore - press7.tv<\/title>\n<meta name=\"robots\" content=\"index, follow, max-snippet:-1, max-image-preview:large, max-video-preview:-1\" \/>\n<link rel=\"canonical\" href=\"https:\/\/www.press7.tv\/?p=26609\" \/>\n<meta property=\"og:locale\" content=\"en_US\" \/>\n<meta property=\"og:type\" content=\"article\" \/>\n<meta property=\"og:title\" content=\"Heqja e fusnot\u00ebs, Kurti: Pranvera po vjen m\u00eb her\u00ebt, fusnota u shkri si fjoll\u00eb bore - press7.tv\" \/>\n<meta property=\"og:description\" content=\"Kryeministri i Kosov\u00ebs Albin Kurti ka folur lidhur me vendimin e Komitetit Evropian t\u00eb Rajoneve p\u00ebr t\u00eb hequr fusnot\u00ebn krahas emrit t\u00eb vendit ton\u00eb, e njohur si \u201cKosovo*\u201d. Kurti tha se pranvera po vjen m\u00eb her\u00ebt, e fusnota po shkrihet si fjoll\u00eb bore. \u201cDuket q\u00eb sivjet panvera po vjen m\u00eb her\u00ebt dhe si\u00e7 u tha [&hellip;]\" \/>\n<meta property=\"og:url\" content=\"https:\/\/www.press7.tv\/?p=26609\" \/>\n<meta property=\"og:site_name\" content=\"press7.tv\" \/>\n<meta property=\"article:publisher\" content=\"https:\/\/www.facebook.com\/press7.tv\" \/>\n<meta property=\"article:published_time\" content=\"2026-03-13T13:42:26+00:00\" \/>\n<meta property=\"og:image\" content=\"https:\/\/www.press7.tv\/wp-content\/uploads\/2026\/03\/IMG_7732.avif\" \/>\n\t<meta property=\"og:image:width\" content=\"899\" \/>\n\t<meta property=\"og:image:height\" content=\"500\" \/>\n\t<meta property=\"og:image:type\" content=\"image\/png\" \/>\n<meta name=\"author\" content=\"gazetar2\" \/>\n<meta name=\"twitter:card\" content=\"summary_large_image\" \/>\n<meta name=\"twitter:label1\" content=\"Written by\" \/>\n\t<meta name=\"twitter:data1\" content=\"gazetar2\" \/>\n\t<meta name=\"twitter:label2\" content=\"Est. reading time\" \/>\n\t<meta name=\"twitter:data2\" content=\"1 minute\" \/>\n<script type=\"application\/ld+json\" class=\"yoast-schema-graph\">{\"@context\":\"https:\/\/schema.org\",\"@graph\":[{\"@type\":\"Article\",\"@id\":\"https:\/\/www.press7.tv\/?p=26609#article\",\"isPartOf\":{\"@id\":\"https:\/\/www.press7.tv\/?p=26609\"},\"author\":{\"name\":\"gazetar2\",\"@id\":\"https:\/\/www.news33.tv\/#\/schema\/person\/5a04a38a23ccdba82f9bd665cd8f9efa\"},\"headline\":\"Heqja e fusnot\u00ebs, Kurti: Pranvera po vjen m\u00eb her\u00ebt, fusnota u shkri si fjoll\u00eb bore\",\"datePublished\":\"2026-03-13T13:42:26+00:00\",\"mainEntityOfPage\":{\"@id\":\"https:\/\/www.press7.tv\/?p=26609\"},\"wordCount\":201,\"publisher\":{\"@id\":\"https:\/\/www.news33.tv\/#organization\"},\"image\":{\"@id\":\"https:\/\/www.press7.tv\/?p=26609#primaryimage\"},\"thumbnailUrl\":\"https:\/\/www.press7.tv\/wp-content\/uploads\/2026\/03\/IMG_7732.avif\",\"articleSection\":[\"Kosov\u00eb\",\"Lajme\"],\"inLanguage\":\"en-US\"},{\"@type\":\"WebPage\",\"@id\":\"https:\/\/www.press7.tv\/?p=26609\",\"url\":\"https:\/\/www.press7.tv\/?p=26609\",\"name\":\"Heqja e fusnot\u00ebs, Kurti: Pranvera po vjen m\u00eb her\u00ebt, fusnota u shkri si fjoll\u00eb bore - press7.tv\",\"isPartOf\":{\"@id\":\"https:\/\/www.news33.tv\/#website\"},\"primaryImageOfPage\":{\"@id\":\"https:\/\/www.press7.tv\/?p=26609#primaryimage\"},\"image\":{\"@id\":\"https:\/\/www.press7.tv\/?p=26609#primaryimage\"},\"thumbnailUrl\":\"https:\/\/www.press7.tv\/wp-content\/uploads\/2026\/03\/IMG_7732.avif\",\"datePublished\":\"2026-03-13T13:42:26+00:00\",\"breadcrumb\":{\"@id\":\"https:\/\/www.press7.tv\/?p=26609#breadcrumb\"},\"inLanguage\":\"en-US\",\"potentialAction\":[{\"@type\":\"ReadAction\",\"target\":[\"https:\/\/www.press7.tv\/?p=26609\"]}]},{\"@type\":\"ImageObject\",\"inLanguage\":\"en-US\",\"@id\":\"https:\/\/www.press7.tv\/?p=26609#primaryimage\",\"url\":\"https:\/\/www.press7.tv\/wp-content\/uploads\/2026\/03\/IMG_7732.avif\",\"contentUrl\":\"https:\/\/www.press7.tv\/wp-content\/uploads\/2026\/03\/IMG_7732.avif\",\"width\":899,\"height\":500},{\"@type\":\"BreadcrumbList\",\"@id\":\"https:\/\/www.press7.tv\/?p=26609#breadcrumb\",\"itemListElement\":[{\"@type\":\"ListItem\",\"position\":1,\"name\":\"Home\",\"item\":\"https:\/\/www.press7.tv\/\"},{\"@type\":\"ListItem\",\"position\":2,\"name\":\"Heqja e fusnot\u00ebs, Kurti: Pranvera po vjen m\u00eb her\u00ebt, fusnota u shkri si fjoll\u00eb bore\"}]},{\"@type\":\"WebSite\",\"@id\":\"https:\/\/www.news33.tv\/#website\",\"url\":\"https:\/\/www.news33.tv\/\",\"name\":\"News33.tv Media\",\"description\":\"Media\",\"publisher\":{\"@id\":\"https:\/\/www.news33.tv\/#organization\"},\"potentialAction\":[{\"@type\":\"SearchAction\",\"target\":{\"@type\":\"EntryPoint\",\"urlTemplate\":\"https:\/\/www.news33.tv\/?s={search_term_string}\"},\"query-input\":{\"@type\":\"PropertyValueSpecification\",\"valueRequired\":true,\"valueName\":\"search_term_string\"}}],\"inLanguage\":\"en-US\"},{\"@type\":\"Organization\",\"@id\":\"https:\/\/www.news33.tv\/#organization\",\"name\":\"News33.tv Media\",\"url\":\"https:\/\/www.news33.tv\/\",\"logo\":{\"@type\":\"ImageObject\",\"inLanguage\":\"en-US\",\"@id\":\"https:\/\/www.news33.tv\/#\/schema\/logo\/image\/\",\"url\":\"https:\/\/www.press7.tv\/wp-content\/uploads\/2024\/02\/logo-news33-black.png\",\"contentUrl\":\"https:\/\/www.press7.tv\/wp-content\/uploads\/2024\/02\/logo-news33-black.png\",\"width\":180,\"height\":37,\"caption\":\"News33.tv Media\"},\"image\":{\"@id\":\"https:\/\/www.news33.tv\/#\/schema\/logo\/image\/\"},\"sameAs\":[\"https:\/\/www.facebook.com\/press7.tv\"]},{\"@type\":\"Person\",\"@id\":\"https:\/\/www.news33.tv\/#\/schema\/person\/5a04a38a23ccdba82f9bd665cd8f9efa\",\"name\":\"gazetar2\",\"image\":{\"@type\":\"ImageObject\",\"inLanguage\":\"en-US\",\"@id\":\"https:\/\/www.news33.tv\/#\/schema\/person\/image\/\",\"url\":\"https:\/\/www.press7.tv\/wp-content\/litespeed\/avatar\/41975e402c3049d9ddb03adca8f7a883.jpg?ver=1777169572\",\"contentUrl\":\"https:\/\/www.press7.tv\/wp-content\/litespeed\/avatar\/41975e402c3049d9ddb03adca8f7a883.jpg?ver=1777169572\",\"caption\":\"gazetar2\"},\"url\":\"https:\/\/www.press7.tv\/?author=8\"}]}<\/script>\n<!-- \/ Yoast SEO plugin. -->","yoast_head_json":{"title":"Heqja e fusnot\u00ebs, Kurti: Pranvera po vjen m\u00eb her\u00ebt, fusnota u shkri si fjoll\u00eb bore - press7.tv","robots":{"index":"index","follow":"follow","max-snippet":"max-snippet:-1","max-image-preview":"max-image-preview:large","max-video-preview":"max-video-preview:-1"},"canonical":"https:\/\/www.press7.tv\/?p=26609","og_locale":"en_US","og_type":"article","og_title":"Heqja e fusnot\u00ebs, Kurti: Pranvera po vjen m\u00eb her\u00ebt, fusnota u shkri si fjoll\u00eb bore - press7.tv","og_description":"Kryeministri i Kosov\u00ebs Albin Kurti ka folur lidhur me vendimin e Komitetit Evropian t\u00eb Rajoneve p\u00ebr t\u00eb hequr fusnot\u00ebn krahas emrit t\u00eb vendit ton\u00eb, e njohur si \u201cKosovo*\u201d. Kurti tha se pranvera po vjen m\u00eb her\u00ebt, e fusnota po shkrihet si fjoll\u00eb bore. \u201cDuket q\u00eb sivjet panvera po vjen m\u00eb her\u00ebt dhe si\u00e7 u tha [&hellip;]","og_url":"https:\/\/www.press7.tv\/?p=26609","og_site_name":"press7.tv","article_publisher":"https:\/\/www.facebook.com\/press7.tv","article_published_time":"2026-03-13T13:42:26+00:00","og_image":[{"width":899,"height":500,"url":"https:\/\/www.press7.tv\/wp-content\/uploads\/2026\/03\/IMG_7732.avif","type":"image\/png"}],"author":"gazetar2","twitter_card":"summary_large_image","twitter_misc":{"Written by":"gazetar2","Est. reading time":"1 minute"},"schema":{"@context":"https:\/\/schema.org","@graph":[{"@type":"Article","@id":"https:\/\/www.press7.tv\/?p=26609#article","isPartOf":{"@id":"https:\/\/www.press7.tv\/?p=26609"},"author":{"name":"gazetar2","@id":"https:\/\/www.news33.tv\/#\/schema\/person\/5a04a38a23ccdba82f9bd665cd8f9efa"},"headline":"Heqja e fusnot\u00ebs, Kurti: Pranvera po vjen m\u00eb her\u00ebt, fusnota u shkri si fjoll\u00eb bore","datePublished":"2026-03-13T13:42:26+00:00","mainEntityOfPage":{"@id":"https:\/\/www.press7.tv\/?p=26609"},"wordCount":201,"publisher":{"@id":"https:\/\/www.news33.tv\/#organization"},"image":{"@id":"https:\/\/www.press7.tv\/?p=26609#primaryimage"},"thumbnailUrl":"https:\/\/www.press7.tv\/wp-content\/uploads\/2026\/03\/IMG_7732.avif","articleSection":["Kosov\u00eb","Lajme"],"inLanguage":"en-US"},{"@type":"WebPage","@id":"https:\/\/www.press7.tv\/?p=26609","url":"https:\/\/www.press7.tv\/?p=26609","name":"Heqja e fusnot\u00ebs, Kurti: Pranvera po vjen m\u00eb her\u00ebt, fusnota u shkri si fjoll\u00eb bore - press7.tv","isPartOf":{"@id":"https:\/\/www.news33.tv\/#website"},"primaryImageOfPage":{"@id":"https:\/\/www.press7.tv\/?p=26609#primaryimage"},"image":{"@id":"https:\/\/www.press7.tv\/?p=26609#primaryimage"},"thumbnailUrl":"https:\/\/www.press7.tv\/wp-content\/uploads\/2026\/03\/IMG_7732.avif","datePublished":"2026-03-13T13:42:26+00:00","breadcrumb":{"@id":"https:\/\/www.press7.tv\/?p=26609#breadcrumb"},"inLanguage":"en-US","potentialAction":[{"@type":"ReadAction","target":["https:\/\/www.press7.tv\/?p=26609"]}]},{"@type":"ImageObject","inLanguage":"en-US","@id":"https:\/\/www.press7.tv\/?p=26609#primaryimage","url":"https:\/\/www.press7.tv\/wp-content\/uploads\/2026\/03\/IMG_7732.avif","contentUrl":"https:\/\/www.press7.tv\/wp-content\/uploads\/2026\/03\/IMG_7732.avif","width":899,"height":500},{"@type":"BreadcrumbList","@id":"https:\/\/www.press7.tv\/?p=26609#breadcrumb","itemListElement":[{"@type":"ListItem","position":1,"name":"Home","item":"https:\/\/www.press7.tv\/"},{"@type":"ListItem","position":2,"name":"Heqja e fusnot\u00ebs, Kurti: Pranvera po vjen m\u00eb her\u00ebt, fusnota u shkri si fjoll\u00eb bore"}]},{"@type":"WebSite","@id":"https:\/\/www.news33.tv\/#website","url":"https:\/\/www.news33.tv\/","name":"News33.tv Media","description":"Media","publisher":{"@id":"https:\/\/www.news33.tv\/#organization"},"potentialAction":[{"@type":"SearchAction","target":{"@type":"EntryPoint","urlTemplate":"https:\/\/www.news33.tv\/?s={search_term_string}"},"query-input":{"@type":"PropertyValueSpecification","valueRequired":true,"valueName":"search_term_string"}}],"inLanguage":"en-US"},{"@type":"Organization","@id":"https:\/\/www.news33.tv\/#organization","name":"News33.tv Media","url":"https:\/\/www.news33.tv\/","logo":{"@type":"ImageObject","inLanguage":"en-US","@id":"https:\/\/www.news33.tv\/#\/schema\/logo\/image\/","url":"https:\/\/www.press7.tv\/wp-content\/uploads\/2024\/02\/logo-news33-black.png","contentUrl":"https:\/\/www.press7.tv\/wp-content\/uploads\/2024\/02\/logo-news33-black.png","width":180,"height":37,"caption":"News33.tv Media"},"image":{"@id":"https:\/\/www.news33.tv\/#\/schema\/logo\/image\/"},"sameAs":["https:\/\/www.facebook.com\/press7.tv"]},{"@type":"Person","@id":"https:\/\/www.news33.tv\/#\/schema\/person\/5a04a38a23ccdba82f9bd665cd8f9efa","name":"gazetar2","image":{"@type":"ImageObject","inLanguage":"en-US","@id":"https:\/\/www.news33.tv\/#\/schema\/person\/image\/","url":"https:\/\/www.press7.tv\/wp-content\/litespeed\/avatar\/41975e402c3049d9ddb03adca8f7a883.jpg?ver=1777169572","contentUrl":"https:\/\/www.press7.tv\/wp-content\/litespeed\/avatar\/41975e402c3049d9ddb03adca8f7a883.jpg?ver=1777169572","caption":"gazetar2"},"url":"https:\/\/www.press7.tv\/?author=8"}]}},"amp_enabled":true,"_links":{"self":[{"href":"https:\/\/www.press7.tv\/index.php?rest_route=\/wp\/v2\/posts\/26609","targetHints":{"allow":["GET"]}}],"collection":[{"href":"https:\/\/www.press7.tv\/index.php?rest_route=\/wp\/v2\/posts"}],"about":[{"href":"https:\/\/www.press7.tv\/index.php?rest_route=\/wp\/v2\/types\/post"}],"author":[{"embeddable":true,"href":"https:\/\/www.press7.tv\/index.php?rest_route=\/wp\/v2\/users\/8"}],"replies":[{"embeddable":true,"href":"https:\/\/www.press7.tv\/index.php?rest_route=%2Fwp%2Fv2%2Fcomments&post=26609"}],"version-history":[{"count":1,"href":"https:\/\/www.press7.tv\/index.php?rest_route=\/wp\/v2\/posts\/26609\/revisions"}],"predecessor-version":[{"id":26611,"href":"https:\/\/www.press7.tv\/index.php?rest_route=\/wp\/v2\/posts\/26609\/revisions\/26611"}],"wp:featuredmedia":[{"embeddable":true,"href":"https:\/\/www.press7.tv\/index.php?rest_route=\/wp\/v2\/media\/26610"}],"wp:attachment":[{"href":"https:\/\/www.press7.tv\/index.php?rest_route=%2Fwp%2Fv2%2Fmedia&parent=26609"}],"wp:term":[{"taxonomy":"category","embeddable":true,"href":"https:\/\/www.press7.tv\/index.php?rest_route=%2Fwp%2Fv2%2Fcategories&post=26609"},{"taxonomy":"post_tag","embeddable":true,"href":"https:\/\/www.press7.tv\/index.php?rest_route=%2Fwp%2Fv2%2Ftags&post=26609"}],"curies":[{"name":"wp","href":"https:\/\/api.w.org\/{rel}","templated":true}]}}