{"id":26599,"date":"2026-03-13T11:33:06","date_gmt":"2026-03-13T11:33:06","guid":{"rendered":"https:\/\/www.press7.tv\/?p=26599"},"modified":"2026-03-13T11:33:06","modified_gmt":"2026-03-13T11:33:06","slug":"maqedonci-per-blerjet-e-raketave-kineze-nga-serbia-shperfaqje-e-tendencave-hegjemoniste-ndaj-fqinjeve","status":"publish","type":"post","link":"https:\/\/www.press7.tv\/?p=26599","title":{"rendered":"Maqedonci p\u00ebr blerjet e raketave kineze nga Serbia: Shp\u00ebrfaqje e tendencave hegjemoniste ndaj fqinj\u00ebve"},"content":{"rendered":"\n    <div class=\"xs_social_share_widget xs_share_url before_content \t\tmain_content  wslu-style-2 wslu-share-box-shaped wslu-fill-colored wslu-share-m-5 wslu-none wslu-share-vertical wslu-theme-font-no wslu-main_content\">\n\n\t\t\n        <ul>\n\t\t\t        <\/ul>\n    <\/div> \n<p>Ministri i Mbrojtjes i Kosov\u00ebs, Ejup Maqedonci, i ka th\u00ebn\u00eb t\u00eb premten Radios Evropa e Lir\u00eb se pretendimet e autoriteteve serbe q\u00eb po armatosen p\u00ebr t\u2019u mbrojtur nga vendet fqinje nuk q\u00ebndrojn\u00eb dhe me blerjet e fundit t\u00eb arm\u00ebve kineze ato po shp\u00ebrfaqin tendencat e tyre hegjemoniste n\u00eb raport me k\u00ebto vende.<\/p>\n<p>Maqedonci i b\u00ebri k\u00ebto deklarata pasi presidenti i Serbis\u00eb, Aleksandar Vu\u00e7iq, b\u00ebri t\u00eb ditur nj\u00eb dit\u00eb m\u00eb par\u00eb se Serbia ka bler\u00eb raketa kineze \u201cshkat\u00ebrruese\u201d.<\/p>\n<p>B\u00ebhet fjal\u00eb p\u00ebr raketat balistike supersonike CM-400 nga Kina.<\/p>\n<p>\u201cBlerjet nga Rusia dhe Kina jan\u00eb b\u00ebr\u00eb q\u00eb disa vite dhe vazhdojn\u00eb t\u00eb b\u00ebhen, pra nuk lidhet me ndonj\u00eb k\u00ebrc\u00ebnim aktual p\u00ebr Serbin\u00eb\u2026asnj\u00eb shtet fqinj i Serbis\u00eb n\u00eb asnj\u00eb rast nuk ka shfaqur ndonj\u00eb q\u00ebllim agresiv apo sulmues n\u00eb raport me Serbin\u00eb\u201d, ka deklaruar Maqedonci, duke p\u00ebrmendur se \u00ebsht\u00eb Serbia ajo e cila shfaq pretendime territoriale ndaj Kosov\u00ebs.<\/p>\n<p>N\u00eb nj\u00eb intervist\u00eb p\u00ebr Radiotelevizionin e Serbis\u00eb, Vu\u00e7iqi ka th\u00ebn\u00eb se Serbia i ka integruar me sukses raketat e blera kineze n\u00eb aeroplan\u00ebt ushtarak\u00eb rus\u00eb MiG-29, q\u00eb ve\u00e7se i zot\u00ebron.<\/p>\n<p>\u201cNe kemi nj\u00eb num\u00ebr t\u00eb konsideruesh\u00ebm raketash dhe do t\u00eb kemi edhe m\u00eb shum\u00eb\u201d, tha Vu\u00e7iqi n\u00eb nj\u00eb intervist\u00eb p\u00ebr Radio Televizionin e Serbis\u00eb.<\/p>\n<p>Presidenti serb nuk tregoi se sa kushtuan raketat, por tha se ato \u201cjan\u00eb tmerr\u00ebsisht t\u00eb shtrenjta. Ne i mor\u00ebm me nj\u00eb zbritje t\u00eb vog\u00ebl\u201d.<\/p>\n<p>Ministri Maqedonci beson se blerjet e Serbis\u00eb nga Kina jan\u00eb vazhdim\u00ebsi e politik\u00ebs s\u00eb Vu\u00e7iqit.<\/p>\n<p>\u201cRepublika e Serbis\u00eb blerjet ushtarake kryesisht i realizon nga vendet joan\u00ebtare t\u00eb NATO-s. Kryesisht blerjet strategjike Serbia i ka realizuar nga Federata Ruse dhe Kina. Nga Kina, Ministria e Mbrojtjes s\u00eb Serbis\u00eb ka prokuruar sistemet raketore kund\u00ebrajrore FK3, HQ-17 dhe HQ-9, si dhe fluturake pa pilot dhe radar\u00eb t\u00eb ndrysh\u00ebm\u201d.<\/p>\n<p>Sipas t\u00eb dh\u00ebnave t\u00eb Institutit Nd\u00ebrkomb\u00ebtar p\u00ebr K\u00ebrkime t\u00eb Paqes (SIPRI) n\u00eb Stokholm, n\u00eb periudh\u00ebn 2020\u20132024, Serbia ka importuar m\u00eb s\u00eb shumti arm\u00eb nga Kina (57%), m\u00eb pas nga Rusia (20%) dhe nga Franca (7.4%).<\/p>\n<p>Ndaj k\u00ebsaj blerjeje t\u00eb Serbis\u00eb ka reaguar kryeministri i Kroacis\u00eb, Andrej Pllenkoviq, i cili paralajm\u00ebroi se p\u00ebr k\u00ebt\u00eb \u00e7\u00ebshtje do t\u00eb diskutoj\u00eb me aleanc\u00ebn e NATO-s.<\/p>\n<p>Duke reaguar ndaj deklarat\u00ebs s\u00eb Pllenkoviqit, Vu\u00e7iqi tha se \u201cZagrebi nuk do t\u00eb vendos\u00eb se \u00e7far\u00eb do t\u00eb ket\u00eb Serbia\u201d.<\/p>\n<p>Ai tha se Serbia \u201cpo p\u00ebrgatitet p\u00ebr mund\u00ebsin\u00eb e sulmit nga aleanca q\u00eb po formohet nga Prishtina, Tirana dhe Zagrebi\u201d.<\/p>\n<p>N\u00eb mars t\u00eb vitit 2025, Kroacia, Shqip\u00ebria dhe Kosova n\u00ebnshkruan nj\u00eb Deklarat\u00eb p\u00ebr bashk\u00ebpunim n\u00eb fush\u00ebn e mbrojtjes dhe siguris\u00eb, t\u00eb cil\u00ebn zyrtar\u00ebt serb\u00eb e cil\u00ebsuan si k\u00ebrc\u00ebnim p\u00ebr sigurin\u00eb e Serbis\u00eb.<\/p>\n","protected":false},"excerpt":{"rendered":"<p>Ministri i Mbrojtjes i Kosov\u00ebs, Ejup Maqedonci, i ka th\u00ebn\u00eb t\u00eb premten Radios Evropa e Lir\u00eb se pretendimet e autoriteteve serbe q\u00eb po armatosen p\u00ebr t\u2019u mbrojtur nga vendet fqinje nuk q\u00ebndrojn\u00eb dhe me blerjet e fundit t\u00eb arm\u00ebve kineze ato po shp\u00ebrfaqin tendencat e tyre hegjemoniste n\u00eb raport me k\u00ebto vende. Maqedonci i b\u00ebri [&hellip;]<\/p>\n","protected":false},"author":8,"featured_media":26601,"comment_status":"closed","ping_status":"closed","sticky":false,"template":"","format":"standard","meta":{"footnotes":""},"categories":[215,213],"tags":[],"class_list":["post-26599","post","type-post","status-publish","format-standard","has-post-thumbnail","hentry","category-kosove","category-lajme"],"yoast_head":"<!-- This site is optimized with the Yoast SEO plugin v25.1 - https:\/\/yoast.com\/wordpress\/plugins\/seo\/ -->\n<title>Maqedonci p\u00ebr blerjet e raketave kineze nga Serbia: Shp\u00ebrfaqje e tendencave hegjemoniste ndaj fqinj\u00ebve - press7.tv<\/title>\n<meta name=\"robots\" content=\"index, follow, max-snippet:-1, max-image-preview:large, max-video-preview:-1\" \/>\n<link rel=\"canonical\" href=\"https:\/\/www.press7.tv\/?p=26599\" \/>\n<meta property=\"og:locale\" content=\"en_US\" \/>\n<meta property=\"og:type\" content=\"article\" \/>\n<meta property=\"og:title\" content=\"Maqedonci p\u00ebr blerjet e raketave kineze nga Serbia: Shp\u00ebrfaqje e tendencave hegjemoniste ndaj fqinj\u00ebve - press7.tv\" \/>\n<meta property=\"og:description\" content=\"Ministri i Mbrojtjes i Kosov\u00ebs, Ejup Maqedonci, i ka th\u00ebn\u00eb t\u00eb premten Radios Evropa e Lir\u00eb se pretendimet e autoriteteve serbe q\u00eb po armatosen p\u00ebr t\u2019u mbrojtur nga vendet fqinje nuk q\u00ebndrojn\u00eb dhe me blerjet e fundit t\u00eb arm\u00ebve kineze ato po shp\u00ebrfaqin tendencat e tyre hegjemoniste n\u00eb raport me k\u00ebto vende. Maqedonci i b\u00ebri [&hellip;]\" \/>\n<meta property=\"og:url\" content=\"https:\/\/www.press7.tv\/?p=26599\" \/>\n<meta property=\"og:site_name\" content=\"press7.tv\" \/>\n<meta property=\"article:publisher\" content=\"https:\/\/www.facebook.com\/press7.tv\" \/>\n<meta property=\"article:published_time\" content=\"2026-03-13T11:33:06+00:00\" \/>\n<meta property=\"og:image\" content=\"https:\/\/www.press7.tv\/wp-content\/uploads\/2026\/03\/IMG_7721.avif\" \/>\n\t<meta property=\"og:image:width\" content=\"1086\" \/>\n\t<meta property=\"og:image:height\" content=\"712\" \/>\n\t<meta property=\"og:image:type\" content=\"image\/jpeg\" \/>\n<meta name=\"author\" content=\"gazetar2\" \/>\n<meta name=\"twitter:card\" content=\"summary_large_image\" \/>\n<meta name=\"twitter:label1\" content=\"Written by\" \/>\n\t<meta name=\"twitter:data1\" content=\"gazetar2\" \/>\n\t<meta name=\"twitter:label2\" content=\"Est. reading time\" \/>\n\t<meta name=\"twitter:data2\" content=\"1 minute\" \/>\n<script type=\"application\/ld+json\" class=\"yoast-schema-graph\">{\"@context\":\"https:\/\/schema.org\",\"@graph\":[{\"@type\":\"Article\",\"@id\":\"https:\/\/www.press7.tv\/?p=26599#article\",\"isPartOf\":{\"@id\":\"https:\/\/www.press7.tv\/?p=26599\"},\"author\":{\"name\":\"gazetar2\",\"@id\":\"https:\/\/www.news33.tv\/#\/schema\/person\/5a04a38a23ccdba82f9bd665cd8f9efa\"},\"headline\":\"Maqedonci p\u00ebr blerjet e raketave kineze nga Serbia: Shp\u00ebrfaqje e tendencave hegjemoniste ndaj fqinj\u00ebve\",\"datePublished\":\"2026-03-13T11:33:06+00:00\",\"mainEntityOfPage\":{\"@id\":\"https:\/\/www.press7.tv\/?p=26599\"},\"wordCount\":502,\"publisher\":{\"@id\":\"https:\/\/www.news33.tv\/#organization\"},\"image\":{\"@id\":\"https:\/\/www.press7.tv\/?p=26599#primaryimage\"},\"thumbnailUrl\":\"https:\/\/www.press7.tv\/wp-content\/uploads\/2026\/03\/IMG_7721.avif\",\"articleSection\":[\"Kosov\u00eb\",\"Lajme\"],\"inLanguage\":\"en-US\"},{\"@type\":\"WebPage\",\"@id\":\"https:\/\/www.press7.tv\/?p=26599\",\"url\":\"https:\/\/www.press7.tv\/?p=26599\",\"name\":\"Maqedonci p\u00ebr blerjet e raketave kineze nga Serbia: Shp\u00ebrfaqje e tendencave hegjemoniste ndaj fqinj\u00ebve - press7.tv\",\"isPartOf\":{\"@id\":\"https:\/\/www.news33.tv\/#website\"},\"primaryImageOfPage\":{\"@id\":\"https:\/\/www.press7.tv\/?p=26599#primaryimage\"},\"image\":{\"@id\":\"https:\/\/www.press7.tv\/?p=26599#primaryimage\"},\"thumbnailUrl\":\"https:\/\/www.press7.tv\/wp-content\/uploads\/2026\/03\/IMG_7721.avif\",\"datePublished\":\"2026-03-13T11:33:06+00:00\",\"breadcrumb\":{\"@id\":\"https:\/\/www.press7.tv\/?p=26599#breadcrumb\"},\"inLanguage\":\"en-US\",\"potentialAction\":[{\"@type\":\"ReadAction\",\"target\":[\"https:\/\/www.press7.tv\/?p=26599\"]}]},{\"@type\":\"ImageObject\",\"inLanguage\":\"en-US\",\"@id\":\"https:\/\/www.press7.tv\/?p=26599#primaryimage\",\"url\":\"https:\/\/www.press7.tv\/wp-content\/uploads\/2026\/03\/IMG_7721.avif\",\"contentUrl\":\"https:\/\/www.press7.tv\/wp-content\/uploads\/2026\/03\/IMG_7721.avif\",\"width\":1086,\"height\":712,\"caption\":\"Screenshot\"},{\"@type\":\"BreadcrumbList\",\"@id\":\"https:\/\/www.press7.tv\/?p=26599#breadcrumb\",\"itemListElement\":[{\"@type\":\"ListItem\",\"position\":1,\"name\":\"Home\",\"item\":\"https:\/\/www.press7.tv\/\"},{\"@type\":\"ListItem\",\"position\":2,\"name\":\"Maqedonci p\u00ebr blerjet e raketave kineze nga Serbia: Shp\u00ebrfaqje e tendencave hegjemoniste ndaj fqinj\u00ebve\"}]},{\"@type\":\"WebSite\",\"@id\":\"https:\/\/www.news33.tv\/#website\",\"url\":\"https:\/\/www.news33.tv\/\",\"name\":\"News33.tv Media\",\"description\":\"Media\",\"publisher\":{\"@id\":\"https:\/\/www.news33.tv\/#organization\"},\"potentialAction\":[{\"@type\":\"SearchAction\",\"target\":{\"@type\":\"EntryPoint\",\"urlTemplate\":\"https:\/\/www.news33.tv\/?s={search_term_string}\"},\"query-input\":{\"@type\":\"PropertyValueSpecification\",\"valueRequired\":true,\"valueName\":\"search_term_string\"}}],\"inLanguage\":\"en-US\"},{\"@type\":\"Organization\",\"@id\":\"https:\/\/www.news33.tv\/#organization\",\"name\":\"News33.tv Media\",\"url\":\"https:\/\/www.news33.tv\/\",\"logo\":{\"@type\":\"ImageObject\",\"inLanguage\":\"en-US\",\"@id\":\"https:\/\/www.news33.tv\/#\/schema\/logo\/image\/\",\"url\":\"https:\/\/www.press7.tv\/wp-content\/uploads\/2024\/02\/logo-news33-black.png\",\"contentUrl\":\"https:\/\/www.press7.tv\/wp-content\/uploads\/2024\/02\/logo-news33-black.png\",\"width\":180,\"height\":37,\"caption\":\"News33.tv Media\"},\"image\":{\"@id\":\"https:\/\/www.news33.tv\/#\/schema\/logo\/image\/\"},\"sameAs\":[\"https:\/\/www.facebook.com\/press7.tv\"]},{\"@type\":\"Person\",\"@id\":\"https:\/\/www.news33.tv\/#\/schema\/person\/5a04a38a23ccdba82f9bd665cd8f9efa\",\"name\":\"gazetar2\",\"image\":{\"@type\":\"ImageObject\",\"inLanguage\":\"en-US\",\"@id\":\"https:\/\/www.news33.tv\/#\/schema\/person\/image\/\",\"url\":\"https:\/\/www.press7.tv\/wp-content\/litespeed\/avatar\/41975e402c3049d9ddb03adca8f7a883.jpg?ver=1777169572\",\"contentUrl\":\"https:\/\/www.press7.tv\/wp-content\/litespeed\/avatar\/41975e402c3049d9ddb03adca8f7a883.jpg?ver=1777169572\",\"caption\":\"gazetar2\"},\"url\":\"https:\/\/www.press7.tv\/?author=8\"}]}<\/script>\n<!-- \/ Yoast SEO plugin. -->","yoast_head_json":{"title":"Maqedonci p\u00ebr blerjet e raketave kineze nga Serbia: Shp\u00ebrfaqje e tendencave hegjemoniste ndaj fqinj\u00ebve - press7.tv","robots":{"index":"index","follow":"follow","max-snippet":"max-snippet:-1","max-image-preview":"max-image-preview:large","max-video-preview":"max-video-preview:-1"},"canonical":"https:\/\/www.press7.tv\/?p=26599","og_locale":"en_US","og_type":"article","og_title":"Maqedonci p\u00ebr blerjet e raketave kineze nga Serbia: Shp\u00ebrfaqje e tendencave hegjemoniste ndaj fqinj\u00ebve - press7.tv","og_description":"Ministri i Mbrojtjes i Kosov\u00ebs, Ejup Maqedonci, i ka th\u00ebn\u00eb t\u00eb premten Radios Evropa e Lir\u00eb se pretendimet e autoriteteve serbe q\u00eb po armatosen p\u00ebr t\u2019u mbrojtur nga vendet fqinje nuk q\u00ebndrojn\u00eb dhe me blerjet e fundit t\u00eb arm\u00ebve kineze ato po shp\u00ebrfaqin tendencat e tyre hegjemoniste n\u00eb raport me k\u00ebto vende. Maqedonci i b\u00ebri [&hellip;]","og_url":"https:\/\/www.press7.tv\/?p=26599","og_site_name":"press7.tv","article_publisher":"https:\/\/www.facebook.com\/press7.tv","article_published_time":"2026-03-13T11:33:06+00:00","og_image":[{"width":1086,"height":712,"url":"https:\/\/www.press7.tv\/wp-content\/uploads\/2026\/03\/IMG_7721.avif","type":"image\/jpeg"}],"author":"gazetar2","twitter_card":"summary_large_image","twitter_misc":{"Written by":"gazetar2","Est. reading time":"1 minute"},"schema":{"@context":"https:\/\/schema.org","@graph":[{"@type":"Article","@id":"https:\/\/www.press7.tv\/?p=26599#article","isPartOf":{"@id":"https:\/\/www.press7.tv\/?p=26599"},"author":{"name":"gazetar2","@id":"https:\/\/www.news33.tv\/#\/schema\/person\/5a04a38a23ccdba82f9bd665cd8f9efa"},"headline":"Maqedonci p\u00ebr blerjet e raketave kineze nga Serbia: Shp\u00ebrfaqje e tendencave hegjemoniste ndaj fqinj\u00ebve","datePublished":"2026-03-13T11:33:06+00:00","mainEntityOfPage":{"@id":"https:\/\/www.press7.tv\/?p=26599"},"wordCount":502,"publisher":{"@id":"https:\/\/www.news33.tv\/#organization"},"image":{"@id":"https:\/\/www.press7.tv\/?p=26599#primaryimage"},"thumbnailUrl":"https:\/\/www.press7.tv\/wp-content\/uploads\/2026\/03\/IMG_7721.avif","articleSection":["Kosov\u00eb","Lajme"],"inLanguage":"en-US"},{"@type":"WebPage","@id":"https:\/\/www.press7.tv\/?p=26599","url":"https:\/\/www.press7.tv\/?p=26599","name":"Maqedonci p\u00ebr blerjet e raketave kineze nga Serbia: Shp\u00ebrfaqje e tendencave hegjemoniste ndaj fqinj\u00ebve - press7.tv","isPartOf":{"@id":"https:\/\/www.news33.tv\/#website"},"primaryImageOfPage":{"@id":"https:\/\/www.press7.tv\/?p=26599#primaryimage"},"image":{"@id":"https:\/\/www.press7.tv\/?p=26599#primaryimage"},"thumbnailUrl":"https:\/\/www.press7.tv\/wp-content\/uploads\/2026\/03\/IMG_7721.avif","datePublished":"2026-03-13T11:33:06+00:00","breadcrumb":{"@id":"https:\/\/www.press7.tv\/?p=26599#breadcrumb"},"inLanguage":"en-US","potentialAction":[{"@type":"ReadAction","target":["https:\/\/www.press7.tv\/?p=26599"]}]},{"@type":"ImageObject","inLanguage":"en-US","@id":"https:\/\/www.press7.tv\/?p=26599#primaryimage","url":"https:\/\/www.press7.tv\/wp-content\/uploads\/2026\/03\/IMG_7721.avif","contentUrl":"https:\/\/www.press7.tv\/wp-content\/uploads\/2026\/03\/IMG_7721.avif","width":1086,"height":712,"caption":"Screenshot"},{"@type":"BreadcrumbList","@id":"https:\/\/www.press7.tv\/?p=26599#breadcrumb","itemListElement":[{"@type":"ListItem","position":1,"name":"Home","item":"https:\/\/www.press7.tv\/"},{"@type":"ListItem","position":2,"name":"Maqedonci p\u00ebr blerjet e raketave kineze nga Serbia: Shp\u00ebrfaqje e tendencave hegjemoniste ndaj fqinj\u00ebve"}]},{"@type":"WebSite","@id":"https:\/\/www.news33.tv\/#website","url":"https:\/\/www.news33.tv\/","name":"News33.tv Media","description":"Media","publisher":{"@id":"https:\/\/www.news33.tv\/#organization"},"potentialAction":[{"@type":"SearchAction","target":{"@type":"EntryPoint","urlTemplate":"https:\/\/www.news33.tv\/?s={search_term_string}"},"query-input":{"@type":"PropertyValueSpecification","valueRequired":true,"valueName":"search_term_string"}}],"inLanguage":"en-US"},{"@type":"Organization","@id":"https:\/\/www.news33.tv\/#organization","name":"News33.tv Media","url":"https:\/\/www.news33.tv\/","logo":{"@type":"ImageObject","inLanguage":"en-US","@id":"https:\/\/www.news33.tv\/#\/schema\/logo\/image\/","url":"https:\/\/www.press7.tv\/wp-content\/uploads\/2024\/02\/logo-news33-black.png","contentUrl":"https:\/\/www.press7.tv\/wp-content\/uploads\/2024\/02\/logo-news33-black.png","width":180,"height":37,"caption":"News33.tv Media"},"image":{"@id":"https:\/\/www.news33.tv\/#\/schema\/logo\/image\/"},"sameAs":["https:\/\/www.facebook.com\/press7.tv"]},{"@type":"Person","@id":"https:\/\/www.news33.tv\/#\/schema\/person\/5a04a38a23ccdba82f9bd665cd8f9efa","name":"gazetar2","image":{"@type":"ImageObject","inLanguage":"en-US","@id":"https:\/\/www.news33.tv\/#\/schema\/person\/image\/","url":"https:\/\/www.press7.tv\/wp-content\/litespeed\/avatar\/41975e402c3049d9ddb03adca8f7a883.jpg?ver=1777169572","contentUrl":"https:\/\/www.press7.tv\/wp-content\/litespeed\/avatar\/41975e402c3049d9ddb03adca8f7a883.jpg?ver=1777169572","caption":"gazetar2"},"url":"https:\/\/www.press7.tv\/?author=8"}]}},"amp_enabled":true,"_links":{"self":[{"href":"https:\/\/www.press7.tv\/index.php?rest_route=\/wp\/v2\/posts\/26599","targetHints":{"allow":["GET"]}}],"collection":[{"href":"https:\/\/www.press7.tv\/index.php?rest_route=\/wp\/v2\/posts"}],"about":[{"href":"https:\/\/www.press7.tv\/index.php?rest_route=\/wp\/v2\/types\/post"}],"author":[{"embeddable":true,"href":"https:\/\/www.press7.tv\/index.php?rest_route=\/wp\/v2\/users\/8"}],"replies":[{"embeddable":true,"href":"https:\/\/www.press7.tv\/index.php?rest_route=%2Fwp%2Fv2%2Fcomments&post=26599"}],"version-history":[{"count":1,"href":"https:\/\/www.press7.tv\/index.php?rest_route=\/wp\/v2\/posts\/26599\/revisions"}],"predecessor-version":[{"id":26602,"href":"https:\/\/www.press7.tv\/index.php?rest_route=\/wp\/v2\/posts\/26599\/revisions\/26602"}],"wp:featuredmedia":[{"embeddable":true,"href":"https:\/\/www.press7.tv\/index.php?rest_route=\/wp\/v2\/media\/26601"}],"wp:attachment":[{"href":"https:\/\/www.press7.tv\/index.php?rest_route=%2Fwp%2Fv2%2Fmedia&parent=26599"}],"wp:term":[{"taxonomy":"category","embeddable":true,"href":"https:\/\/www.press7.tv\/index.php?rest_route=%2Fwp%2Fv2%2Fcategories&post=26599"},{"taxonomy":"post_tag","embeddable":true,"href":"https:\/\/www.press7.tv\/index.php?rest_route=%2Fwp%2Fv2%2Ftags&post=26599"}],"curies":[{"name":"wp","href":"https:\/\/api.w.org\/{rel}","templated":true}]}}